{"id":123223,"date":"2025-07-29T22:34:39","date_gmt":"2025-07-30T04:34:39","guid":{"rendered":"https:\/\/reporteroshoy.mx\/noticias\/?p=123223"},"modified":"2025-07-29T22:35:35","modified_gmt":"2025-07-30T04:35:35","slug":"inicia-segunda-generacion-del-programa-emprendo-contigo","status":"publish","type":"post","link":"https:\/\/reporteroshoy.mx\/noticias\/inicia-segunda-generacion-del-programa-emprendo-contigo\/","title":{"rendered":"Inicia segunda generaci\u00f3n del programa \u201cEmprendo Contigo\u201d"},"content":{"rendered":"<p style=\"text-align: justify;\">La presidenta municipal\u00a0<strong><a href=\"https:\/\/www.facebook.com\/CeciliaPatronL\">Cecilia Patr\u00f3n Laviada<\/a><\/strong> dio la bienvenida a la segunda generaci\u00f3n del programa \u201cEmprendo Contigo\u201d, en la que 130 talentos buscar\u00e1n la consolidaci\u00f3n de sus emprendimientos.<\/p>\n<p style=\"text-align: justify;\">Los emprendimientos admitidos iniciar\u00e1n su proceso intensivo de capacitaci\u00f3n y consolidaci\u00f3n de sus negocios a partir de este mes de agosto.<\/p>\n<p><img loading=\"lazy\" decoding=\"async\" class=\"alignnone size-full wp-image-123217\" src=\"https:\/\/reporteroshoy.mx\/noticias\/wp-content\/uploads\/2025\/07\/emprendo-contigo-3-scaled.jpg\" alt=\"\" width=\"768\" height=\"512\" \/><\/p>\n<p style=\"text-align: justify;\">\u201cSi M\u00e9rida es distinta y distinguible es porque es una ciudad donde todos participamos en equipo, y estamos convencidos de que van para adelante, que van para lo grande y ah\u00ed vamos a estar por acompa\u00f1arlos en esta nueva etapa para sus negocios y que sus sue\u00f1os se hagan realidad\u201d, comparti\u00f3 Cecilia Patr\u00f3n.<\/p>\n<p style=\"text-align: justify;\">El director de Prosperidad y Bienestar Econ\u00f3mico, Mauricio D\u00edaz Montalvo, inform\u00f3 que para esta segunda generaci\u00f3n se registraron 325 proyectos, despu\u00e9s del primer filtro quedaron 180, y de esos 180 solo 130 lograron entrar, superando por primera vez la meta de 100 emprendimientos de este modelo.<\/p>\n<p style=\"text-align: justify;\">Cabe destacar que entre los admitidos hay personas desde los 21 a los 66 a\u00f1os de edad, y 75 emprendimientos los encabezan mujeres.<\/p>\n<p><img loading=\"lazy\" decoding=\"async\" class=\"alignnone size-full wp-image-123218\" src=\"https:\/\/reporteroshoy.mx\/noticias\/wp-content\/uploads\/2025\/07\/emprendo-contigo-1-scaled.jpg\" alt=\"\" width=\"768\" height=\"512\" srcset=\"https:\/\/reporteroshoy.mx\/noticias\/wp-content\/uploads\/2025\/07\/emprendo-contigo-1-scaled.jpg 768w, https:\/\/reporteroshoy.mx\/noticias\/wp-content\/uploads\/2025\/07\/emprendo-contigo-1-1536x1023.jpg 1536w\" sizes=\"auto, (max-width: 768px) 100vw, 768px\" \/><\/p>\n<p style=\"text-align: justify;\">Los giros comerciales de las y los participantes: 47 de alimentos y bebidas; 18 de dise\u00f1o, textil y moda; 13 de hogar y decoraci\u00f3n; 16 de salud y belleza, y 36 de servicios.<\/p>\n<p style=\"text-align: justify;\">Este programa de fortalecimiento econ\u00f3mico tiene una duraci\u00f3n de 10 meses con acompa\u00f1amiento de mentores especializados, el cual se divide en cinco meses de capacitaci\u00f3n y cinco de seguimiento.<\/p>\n<p style=\"text-align: justify;\">Adem\u00e1s, tendr\u00e1n apertura a exposiciones, convenciones, bazares y eventos de networking para vincularse con posibles clientes o proveedores, as\u00ed como de pl\u00e1ticas con empresarios de alto nivel.<\/p>\n<p style=\"text-align: justify;\">Entre los beneficios de este programa intensivo los participantes podr\u00e1n hacer uso del Centro Municipal de Emprendedores durante todo el a\u00f1o, y podr\u00e1n aprovechar el taller de carpinter\u00eda y fotograf\u00eda, adem\u00e1s de los espacios de trabajo.<\/p>\n","protected":false},"excerpt":{"rendered":"<p>La segunda generaci\u00f3n del programa \u201cEmprendo Contigo\u201d con 130 talentos que buscar\u00e1n la consolidaci\u00f3n de sus emprendimientos. <\/p>\n","protected":false},"author":6,"featured_media":123217,"comment_status":"open","ping_status":"closed","sticky":false,"template":"","format":"standard","meta":{"footnotes":""},"categories":[24379],"tags":[24,9258,27625],"class_list":["post-123223","post","type-post","status-publish","format-standard","has-post-thumbnail","hentry","category-merida","tag-ayuntamiento-de-merida","tag-cecilia-patron-laviada","tag-emprendo-contigo"],"yoast_head":"<!-- This site is optimized with the Yoast SEO plugin v28.4 - https:\/\/yoast.com\/product\/yoast-seo-wordpress\/ -->\n<title>Inicia segunda generaci\u00f3n del programa \u201cEmprendo Contigo\u201d<\/title>\n<meta name=\"description\" content=\"La segunda generaci\u00f3n del programa \u201cEmprendo Contigo\u201d con 130 talentos que buscar\u00e1n la consolidaci\u00f3n de sus emprendimientos.\" \/>\n<meta name=\"robots\" content=\"index, follow, max-snippet:-1, max-image-preview:large, max-video-preview:-1\" \/>\n<link rel=\"canonical\" href=\"https:\/\/reporteroshoy.mx\/noticias\/inicia-segunda-generacion-del-programa-emprendo-contigo\/\" \/>\n<meta property=\"og:locale\" content=\"es_ES\" \/>\n<meta property=\"og:type\" content=\"article\" \/>\n<meta property=\"og:title\" content=\"Inicia segunda generaci\u00f3n del programa \u201cEmprendo Contigo\u201d\" \/>\n<meta property=\"og:description\" content=\"La segunda generaci\u00f3n del programa \u201cEmprendo Contigo\u201d con 130 talentos que buscar\u00e1n la consolidaci\u00f3n de sus emprendimientos.\" \/>\n<meta property=\"og:url\" content=\"https:\/\/reporteroshoy.mx\/noticias\/inicia-segunda-generacion-del-programa-emprendo-contigo\/\" \/>\n<meta property=\"og:site_name\" content=\"Reporteros Hoy | Noticias de Yucat\u00e1n\" \/>\n<meta property=\"article:publisher\" content=\"http:\/\/www.facebook.com\/reporteroshoymx\" \/>\n<meta property=\"article:published_time\" content=\"2025-07-30T04:34:39+00:00\" \/>\n<meta property=\"article:modified_time\" content=\"2025-07-30T04:35:35+00:00\" \/>\n<meta property=\"og:image\" content=\"https:\/\/reporteroshoy.mx\/noticias\/wp-content\/uploads\/2025\/07\/emprendo-contigo-3-scaled-e1753850014444.jpg\" \/>\n\t<meta property=\"og:image:width\" content=\"768\" \/>\n\t<meta property=\"og:image:height\" content=\"444\" \/>\n\t<meta property=\"og:image:type\" content=\"image\/jpeg\" \/>\n<meta name=\"author\" content=\"Reporteros Hoy GS\" \/>\n<meta name=\"twitter:card\" content=\"summary_large_image\" \/>\n<meta name=\"twitter:creator\" content=\"@reporteroshoy\" \/>\n<meta name=\"twitter:site\" content=\"@reporteroshoy\" \/>\n<meta name=\"twitter:label1\" content=\"Escrito por\" \/>\n\t<meta name=\"twitter:data1\" content=\"Reporteros Hoy GS\" \/>\n\t<meta name=\"twitter:label2\" content=\"Tiempo de lectura\" \/>\n\t<meta name=\"twitter:data2\" content=\"2 minutos\" \/>\n<script type=\"application\/ld+json\" class=\"yoast-schema-graph\">{\"@context\":\"https:\\\/\\\/schema.org\",\"@graph\":[{\"@type\":\"Article\",\"@id\":\"https:\\\/\\\/reporteroshoy.mx\\\/noticias\\\/inicia-segunda-generacion-del-programa-emprendo-contigo\\\/#article\",\"isPartOf\":{\"@id\":\"https:\\\/\\\/reporteroshoy.mx\\\/noticias\\\/inicia-segunda-generacion-del-programa-emprendo-contigo\\\/\"},\"author\":{\"name\":\"Reporteros Hoy GS\",\"@id\":\"https:\\\/\\\/reporteroshoy.mx\\\/noticias\\\/#\\\/schema\\\/person\\\/49ae631fc906b44554e4ba3866c505d7\"},\"headline\":\"Inicia segunda generaci\u00f3n del programa \u201cEmprendo Contigo\u201d\",\"datePublished\":\"2025-07-30T04:34:39+00:00\",\"dateModified\":\"2025-07-30T04:35:35+00:00\",\"mainEntityOfPage\":{\"@id\":\"https:\\\/\\\/reporteroshoy.mx\\\/noticias\\\/inicia-segunda-generacion-del-programa-emprendo-contigo\\\/\"},\"wordCount\":320,\"commentCount\":0,\"image\":{\"@id\":\"https:\\\/\\\/reporteroshoy.mx\\\/noticias\\\/inicia-segunda-generacion-del-programa-emprendo-contigo\\\/#primaryimage\"},\"thumbnailUrl\":\"https:\\\/\\\/reporteroshoy.mx\\\/noticias\\\/wp-content\\\/uploads\\\/2025\\\/07\\\/emprendo-contigo-3-scaled-e1753850014444.jpg\",\"keywords\":[\"ayuntamiento de merida\",\"Cecilia Patr\u00f3n Laviada\",\"Emprendo Contigo\"],\"articleSection\":[\"M\u00e9rida\"],\"inLanguage\":\"es\",\"potentialAction\":[{\"@type\":\"CommentAction\",\"name\":\"Comment\",\"target\":[\"https:\\\/\\\/reporteroshoy.mx\\\/noticias\\\/inicia-segunda-generacion-del-programa-emprendo-contigo\\\/#respond\"]}]},{\"@type\":\"WebPage\",\"@id\":\"https:\\\/\\\/reporteroshoy.mx\\\/noticias\\\/inicia-segunda-generacion-del-programa-emprendo-contigo\\\/\",\"url\":\"https:\\\/\\\/reporteroshoy.mx\\\/noticias\\\/inicia-segunda-generacion-del-programa-emprendo-contigo\\\/\",\"name\":\"Inicia segunda generaci\u00f3n del programa \u201cEmprendo Contigo\u201d\",\"isPartOf\":{\"@id\":\"https:\\\/\\\/reporteroshoy.mx\\\/noticias\\\/#website\"},\"primaryImageOfPage\":{\"@id\":\"https:\\\/\\\/reporteroshoy.mx\\\/noticias\\\/inicia-segunda-generacion-del-programa-emprendo-contigo\\\/#primaryimage\"},\"image\":{\"@id\":\"https:\\\/\\\/reporteroshoy.mx\\\/noticias\\\/inicia-segunda-generacion-del-programa-emprendo-contigo\\\/#primaryimage\"},\"thumbnailUrl\":\"https:\\\/\\\/reporteroshoy.mx\\\/noticias\\\/wp-content\\\/uploads\\\/2025\\\/07\\\/emprendo-contigo-3-scaled-e1753850014444.jpg\",\"datePublished\":\"2025-07-30T04:34:39+00:00\",\"dateModified\":\"2025-07-30T04:35:35+00:00\",\"author\":{\"@id\":\"https:\\\/\\\/reporteroshoy.mx\\\/noticias\\\/#\\\/schema\\\/person\\\/49ae631fc906b44554e4ba3866c505d7\"},\"description\":\"La segunda generaci\u00f3n del programa \u201cEmprendo Contigo\u201d con 130 talentos que buscar\u00e1n la consolidaci\u00f3n de sus emprendimientos.\",\"breadcrumb\":{\"@id\":\"https:\\\/\\\/reporteroshoy.mx\\\/noticias\\\/inicia-segunda-generacion-del-programa-emprendo-contigo\\\/#breadcrumb\"},\"inLanguage\":\"es\",\"potentialAction\":[{\"@type\":\"ReadAction\",\"target\":[\"https:\\\/\\\/reporteroshoy.mx\\\/noticias\\\/inicia-segunda-generacion-del-programa-emprendo-contigo\\\/\"]}]},{\"@type\":\"ImageObject\",\"inLanguage\":\"es\",\"@id\":\"https:\\\/\\\/reporteroshoy.mx\\\/noticias\\\/inicia-segunda-generacion-del-programa-emprendo-contigo\\\/#primaryimage\",\"url\":\"https:\\\/\\\/reporteroshoy.mx\\\/noticias\\\/wp-content\\\/uploads\\\/2025\\\/07\\\/emprendo-contigo-3-scaled-e1753850014444.jpg\",\"contentUrl\":\"https:\\\/\\\/reporteroshoy.mx\\\/noticias\\\/wp-content\\\/uploads\\\/2025\\\/07\\\/emprendo-contigo-3-scaled-e1753850014444.jpg\",\"width\":768,\"height\":444},{\"@type\":\"BreadcrumbList\",\"@id\":\"https:\\\/\\\/reporteroshoy.mx\\\/noticias\\\/inicia-segunda-generacion-del-programa-emprendo-contigo\\\/#breadcrumb\",\"itemListElement\":[{\"@type\":\"ListItem\",\"position\":1,\"name\":\"Portada\",\"item\":\"https:\\\/\\\/reporteroshoy.mx\\\/noticias\\\/\"},{\"@type\":\"ListItem\",\"position\":2,\"name\":\"Inicia segunda generaci\u00f3n del programa \u201cEmprendo Contigo\u201d\"}]},{\"@type\":\"WebSite\",\"@id\":\"https:\\\/\\\/reporteroshoy.mx\\\/noticias\\\/#website\",\"url\":\"https:\\\/\\\/reporteroshoy.mx\\\/noticias\\\/\",\"name\":\"Reporteros Hoy | Noticias de Yucat\u00e1n\",\"description\":\"Peri\u00f3dico digital con noticias diarias desde M\u00e9rida, Yucat\u00e1n para el mundo.\",\"potentialAction\":[{\"@type\":\"SearchAction\",\"target\":{\"@type\":\"EntryPoint\",\"urlTemplate\":\"https:\\\/\\\/reporteroshoy.mx\\\/noticias\\\/?s={search_term_string}\"},\"query-input\":{\"@type\":\"PropertyValueSpecification\",\"valueRequired\":true,\"valueName\":\"search_term_string\"}}],\"inLanguage\":\"es\"},{\"@type\":\"Person\",\"@id\":\"https:\\\/\\\/reporteroshoy.mx\\\/noticias\\\/#\\\/schema\\\/person\\\/49ae631fc906b44554e4ba3866c505d7\",\"name\":\"Reporteros Hoy GS\",\"image\":{\"@type\":\"ImageObject\",\"inLanguage\":\"es\",\"@id\":\"https:\\\/\\\/secure.gravatar.com\\\/avatar\\\/00d32adb620345c3db2cfc175917f65c584e1e338fdc49ad126aa1f9830eb6a9?s=96&d=mm&r=g\",\"url\":\"https:\\\/\\\/secure.gravatar.com\\\/avatar\\\/00d32adb620345c3db2cfc175917f65c584e1e338fdc49ad126aa1f9830eb6a9?s=96&d=mm&r=g\",\"contentUrl\":\"https:\\\/\\\/secure.gravatar.com\\\/avatar\\\/00d32adb620345c3db2cfc175917f65c584e1e338fdc49ad126aa1f9830eb6a9?s=96&d=mm&r=g\",\"caption\":\"Reporteros Hoy GS\"},\"url\":\"https:\\\/\\\/reporteroshoy.mx\\\/noticias\\\/author\\\/lupis\\\/\"}]}<\/script>\n<!-- \/ Yoast SEO plugin. -->","yoast_head_json":{"title":"Inicia segunda generaci\u00f3n del programa \u201cEmprendo Contigo\u201d","description":"La segunda generaci\u00f3n del programa \u201cEmprendo Contigo\u201d con 130 talentos que buscar\u00e1n la consolidaci\u00f3n de sus emprendimientos.","robots":{"index":"index","follow":"follow","max-snippet":"max-snippet:-1","max-image-preview":"max-image-preview:large","max-video-preview":"max-video-preview:-1"},"canonical":"https:\/\/reporteroshoy.mx\/noticias\/inicia-segunda-generacion-del-programa-emprendo-contigo\/","og_locale":"es_ES","og_type":"article","og_title":"Inicia segunda generaci\u00f3n del programa \u201cEmprendo Contigo\u201d","og_description":"La segunda generaci\u00f3n del programa \u201cEmprendo Contigo\u201d con 130 talentos que buscar\u00e1n la consolidaci\u00f3n de sus emprendimientos.","og_url":"https:\/\/reporteroshoy.mx\/noticias\/inicia-segunda-generacion-del-programa-emprendo-contigo\/","og_site_name":"Reporteros Hoy | Noticias de Yucat\u00e1n","article_publisher":"http:\/\/www.facebook.com\/reporteroshoymx","article_published_time":"2025-07-30T04:34:39+00:00","article_modified_time":"2025-07-30T04:35:35+00:00","og_image":[{"width":768,"height":444,"url":"https:\/\/reporteroshoy.mx\/noticias\/wp-content\/uploads\/2025\/07\/emprendo-contigo-3-scaled-e1753850014444.jpg","type":"image\/jpeg"}],"author":"Reporteros Hoy GS","twitter_card":"summary_large_image","twitter_creator":"@reporteroshoy","twitter_site":"@reporteroshoy","twitter_misc":{"Escrito por":"Reporteros Hoy GS","Tiempo de lectura":"2 minutos"},"schema":{"@context":"https:\/\/schema.org","@graph":[{"@type":"Article","@id":"https:\/\/reporteroshoy.mx\/noticias\/inicia-segunda-generacion-del-programa-emprendo-contigo\/#article","isPartOf":{"@id":"https:\/\/reporteroshoy.mx\/noticias\/inicia-segunda-generacion-del-programa-emprendo-contigo\/"},"author":{"name":"Reporteros Hoy GS","@id":"https:\/\/reporteroshoy.mx\/noticias\/#\/schema\/person\/49ae631fc906b44554e4ba3866c505d7"},"headline":"Inicia segunda generaci\u00f3n del programa \u201cEmprendo Contigo\u201d","datePublished":"2025-07-30T04:34:39+00:00","dateModified":"2025-07-30T04:35:35+00:00","mainEntityOfPage":{"@id":"https:\/\/reporteroshoy.mx\/noticias\/inicia-segunda-generacion-del-programa-emprendo-contigo\/"},"wordCount":320,"commentCount":0,"image":{"@id":"https:\/\/reporteroshoy.mx\/noticias\/inicia-segunda-generacion-del-programa-emprendo-contigo\/#primaryimage"},"thumbnailUrl":"https:\/\/reporteroshoy.mx\/noticias\/wp-content\/uploads\/2025\/07\/emprendo-contigo-3-scaled-e1753850014444.jpg","keywords":["ayuntamiento de merida","Cecilia Patr\u00f3n Laviada","Emprendo Contigo"],"articleSection":["M\u00e9rida"],"inLanguage":"es","potentialAction":[{"@type":"CommentAction","name":"Comment","target":["https:\/\/reporteroshoy.mx\/noticias\/inicia-segunda-generacion-del-programa-emprendo-contigo\/#respond"]}]},{"@type":"WebPage","@id":"https:\/\/reporteroshoy.mx\/noticias\/inicia-segunda-generacion-del-programa-emprendo-contigo\/","url":"https:\/\/reporteroshoy.mx\/noticias\/inicia-segunda-generacion-del-programa-emprendo-contigo\/","name":"Inicia segunda generaci\u00f3n del programa \u201cEmprendo Contigo\u201d","isPartOf":{"@id":"https:\/\/reporteroshoy.mx\/noticias\/#website"},"primaryImageOfPage":{"@id":"https:\/\/reporteroshoy.mx\/noticias\/inicia-segunda-generacion-del-programa-emprendo-contigo\/#primaryimage"},"image":{"@id":"https:\/\/reporteroshoy.mx\/noticias\/inicia-segunda-generacion-del-programa-emprendo-contigo\/#primaryimage"},"thumbnailUrl":"https:\/\/reporteroshoy.mx\/noticias\/wp-content\/uploads\/2025\/07\/emprendo-contigo-3-scaled-e1753850014444.jpg","datePublished":"2025-07-30T04:34:39+00:00","dateModified":"2025-07-30T04:35:35+00:00","author":{"@id":"https:\/\/reporteroshoy.mx\/noticias\/#\/schema\/person\/49ae631fc906b44554e4ba3866c505d7"},"description":"La segunda generaci\u00f3n del programa \u201cEmprendo Contigo\u201d con 130 talentos que buscar\u00e1n la consolidaci\u00f3n de sus emprendimientos.","breadcrumb":{"@id":"https:\/\/reporteroshoy.mx\/noticias\/inicia-segunda-generacion-del-programa-emprendo-contigo\/#breadcrumb"},"inLanguage":"es","potentialAction":[{"@type":"ReadAction","target":["https:\/\/reporteroshoy.mx\/noticias\/inicia-segunda-generacion-del-programa-emprendo-contigo\/"]}]},{"@type":"ImageObject","inLanguage":"es","@id":"https:\/\/reporteroshoy.mx\/noticias\/inicia-segunda-generacion-del-programa-emprendo-contigo\/#primaryimage","url":"https:\/\/reporteroshoy.mx\/noticias\/wp-content\/uploads\/2025\/07\/emprendo-contigo-3-scaled-e1753850014444.jpg","contentUrl":"https:\/\/reporteroshoy.mx\/noticias\/wp-content\/uploads\/2025\/07\/emprendo-contigo-3-scaled-e1753850014444.jpg","width":768,"height":444},{"@type":"BreadcrumbList","@id":"https:\/\/reporteroshoy.mx\/noticias\/inicia-segunda-generacion-del-programa-emprendo-contigo\/#breadcrumb","itemListElement":[{"@type":"ListItem","position":1,"name":"Portada","item":"https:\/\/reporteroshoy.mx\/noticias\/"},{"@type":"ListItem","position":2,"name":"Inicia segunda generaci\u00f3n del programa \u201cEmprendo Contigo\u201d"}]},{"@type":"WebSite","@id":"https:\/\/reporteroshoy.mx\/noticias\/#website","url":"https:\/\/reporteroshoy.mx\/noticias\/","name":"Reporteros Hoy | Noticias de Yucat\u00e1n","description":"Peri\u00f3dico digital con noticias diarias desde M\u00e9rida, Yucat\u00e1n para el mundo.","potentialAction":[{"@type":"SearchAction","target":{"@type":"EntryPoint","urlTemplate":"https:\/\/reporteroshoy.mx\/noticias\/?s={search_term_string}"},"query-input":{"@type":"PropertyValueSpecification","valueRequired":true,"valueName":"search_term_string"}}],"inLanguage":"es"},{"@type":"Person","@id":"https:\/\/reporteroshoy.mx\/noticias\/#\/schema\/person\/49ae631fc906b44554e4ba3866c505d7","name":"Reporteros Hoy GS","image":{"@type":"ImageObject","inLanguage":"es","@id":"https:\/\/secure.gravatar.com\/avatar\/00d32adb620345c3db2cfc175917f65c584e1e338fdc49ad126aa1f9830eb6a9?s=96&d=mm&r=g","url":"https:\/\/secure.gravatar.com\/avatar\/00d32adb620345c3db2cfc175917f65c584e1e338fdc49ad126aa1f9830eb6a9?s=96&d=mm&r=g","contentUrl":"https:\/\/secure.gravatar.com\/avatar\/00d32adb620345c3db2cfc175917f65c584e1e338fdc49ad126aa1f9830eb6a9?s=96&d=mm&r=g","caption":"Reporteros Hoy GS"},"url":"https:\/\/reporteroshoy.mx\/noticias\/author\/lupis\/"}]}},"_links":{"self":[{"href":"https:\/\/reporteroshoy.mx\/noticias\/wp-json\/wp\/v2\/posts\/123223","targetHints":{"allow":["GET"]}}],"collection":[{"href":"https:\/\/reporteroshoy.mx\/noticias\/wp-json\/wp\/v2\/posts"}],"about":[{"href":"https:\/\/reporteroshoy.mx\/noticias\/wp-json\/wp\/v2\/types\/post"}],"author":[{"embeddable":true,"href":"https:\/\/reporteroshoy.mx\/noticias\/wp-json\/wp\/v2\/users\/6"}],"replies":[{"embeddable":true,"href":"https:\/\/reporteroshoy.mx\/noticias\/wp-json\/wp\/v2\/comments?post=123223"}],"version-history":[{"count":0,"href":"https:\/\/reporteroshoy.mx\/noticias\/wp-json\/wp\/v2\/posts\/123223\/revisions"}],"wp:featuredmedia":[{"embeddable":true,"href":"https:\/\/reporteroshoy.mx\/noticias\/wp-json\/wp\/v2\/media\/123217"}],"wp:attachment":[{"href":"https:\/\/reporteroshoy.mx\/noticias\/wp-json\/wp\/v2\/media?parent=123223"}],"wp:term":[{"taxonomy":"category","embeddable":true,"href":"https:\/\/reporteroshoy.mx\/noticias\/wp-json\/wp\/v2\/categories?post=123223"},{"taxonomy":"post_tag","embeddable":true,"href":"https:\/\/reporteroshoy.mx\/noticias\/wp-json\/wp\/v2\/tags?post=123223"}],"curies":[{"name":"wp","href":"https:\/\/api.w.org\/{rel}","templated":true}]}}