{"id":123367,"date":"2025-08-04T20:03:22","date_gmt":"2025-08-05T02:03:22","guid":{"rendered":"https:\/\/reporteroshoy.mx\/noticias\/?p=123367"},"modified":"2025-08-04T20:03:22","modified_gmt":"2025-08-05T02:03:22","slug":"anuncian-centro-estatal-para-el-trastorno-del-espectro-autista","status":"publish","type":"post","link":"https:\/\/reporteroshoy.mx\/noticias\/anuncian-centro-estatal-para-el-trastorno-del-espectro-autista\/","title":{"rendered":"Anuncian Centro Estatal para el Trastorno del Espectro Autista"},"content":{"rendered":"<p style=\"text-align: justify;\">El Gobernador\u00a0<strong><a href=\"https:\/\/www.facebook.com\/huachodiazmena\">Joaqu\u00edn D\u00edaz Mena<\/a><\/strong> anunci\u00f3 la creaci\u00f3n del primer Centro Estatal para el Trastorno del Espectro Autista (Cetea) del sureste del pa\u00eds, el cual ofrecer\u00e1 terapias integrales y acompa\u00f1amiento familiar a ni\u00f1as y ni\u00f1os de entre dos y doce a\u00f1os.<\/p>\n<p style=\"text-align: justify;\">\u00a0Al encabezar la celebraci\u00f3n por el 46\u00b0 aniversario del Centro de Rehabilitaci\u00f3n y Educaci\u00f3n Especial (CREE), el mandatario estatal inform\u00f3 que ser\u00e1 el \u00fanico centro p\u00fablico especializado en su tipo en el sureste del pa\u00eds y que, en una primera etapa, brindar\u00e1 atenci\u00f3n con un enfoque integral, humano y centrado en el amor.<\/p>\n<p><img loading=\"lazy\" decoding=\"async\" class=\"alignnone wp-image-123368 size-full\" title=\"Anuncian Centro Estatal para el Trastorno del Espectro Autista\" src=\"https:\/\/reporteroshoy.mx\/noticias\/wp-content\/uploads\/2025\/08\/CREE-1-scaled.jpg\" alt=\"Anuncian Centro Estatal para el Trastorno del Espectro Autista\" width=\"768\" height=\"510\" srcset=\"https:\/\/reporteroshoy.mx\/noticias\/wp-content\/uploads\/2025\/08\/CREE-1-scaled.jpg 768w, https:\/\/reporteroshoy.mx\/noticias\/wp-content\/uploads\/2025\/08\/CREE-1-1536x1019.jpg 1536w, https:\/\/reporteroshoy.mx\/noticias\/wp-content\/uploads\/2025\/08\/CREE-1-2048x1359.jpg 2048w\" sizes=\"auto, (max-width: 768px) 100vw, 768px\" \/><\/p>\n<h3 style=\"text-align: justify;\"><strong>Inversi\u00f3n inicial para Centro Estatal para el Trastorno del Espectro Autista<\/strong><\/h3>\n<p style=\"text-align: justify;\">A\u00f1adi\u00f3 que este esfuerzo contar\u00e1 con una inversi\u00f3n inicial de diez millones de pesos por parte del Gobierno del Estado, adem\u00e1s de dos millones de pesos en equipamiento aportados por el Comando Norte de los Estados Unidos, lo que representa un total de doce millones de pesos.<\/p>\n<p style=\"text-align: justify;\">Como parte de esta transformaci\u00f3n, explic\u00f3 D\u00edaz Mena, se puso en marcha la nueva Unidad de Entrenamiento para la Independencia, que sustituye al antiguo espacio Lokomat. El modelo integral tiene como objetivo que cada persona pueda caminar, desplazarse y tomar decisiones con mayor autonom\u00eda.<\/p>\n<p><img loading=\"lazy\" decoding=\"async\" class=\"alignnone size-full wp-image-123369\" src=\"https:\/\/reporteroshoy.mx\/noticias\/wp-content\/uploads\/2025\/08\/CREE-2-scaled.jpg\" alt=\"\" width=\"768\" height=\"512\" srcset=\"https:\/\/reporteroshoy.mx\/noticias\/wp-content\/uploads\/2025\/08\/CREE-2-scaled.jpg 768w, https:\/\/reporteroshoy.mx\/noticias\/wp-content\/uploads\/2025\/08\/CREE-2-1536x1024.jpg 1536w, https:\/\/reporteroshoy.mx\/noticias\/wp-content\/uploads\/2025\/08\/CREE-2-2048x1365.jpg 2048w\" sizes=\"auto, (max-width: 768px) 100vw, 768px\" \/><\/p>\n<p style=\"text-align: justify;\">\u00a0Asimismo, se rehabilit\u00f3 la cancha de usos m\u00faltiples con el apoyo de la empresa COMEX; se fortaleci\u00f3 la unidad de transporte adaptado, y se entregaron materiales, equipos y una pasad\u00eda al Club del Adulto Mayor \u201cJuventud Dorada\u201d.<\/p>\n<p style=\"text-align: justify;\">Por su parte, la titular del DIF Nacional, Mar\u00eda del Roc\u00edo Garc\u00eda P\u00e9rez, reconoci\u00f3 el trabajo realizado en Yucat\u00e1n a favor de las personas en situaci\u00f3n de vulnerabilidad y afirm\u00f3 que la creaci\u00f3n del Cetea representa un paso importante que coloca al estado a la vanguardia en la atenci\u00f3n de grupos prioritarios.<\/p>\n<p style=\"text-align: justify;\"><strong>Te puede interesar:\u00a0<\/strong><strong><a href=\"https:\/\/reporteroshoy.mx\/noticias\/gobierno-ignora-llamados-urgentes-ante-brote-de-dengue\/\">Gobierno ignora llamados urgentes ante brote de dengue<\/a><\/strong><\/p>\n<p style=\"text-align: justify;\">\u201cEste nuevo impulso consolida a Yucat\u00e1n como referente nacional. Aqu\u00ed se demuestra que el trabajo coordinado y conjunto puede generar acciones m\u00e1s justas, m\u00e1s humanas y m\u00e1s cercanas para quienes m\u00e1s lo necesitan\u201d, destac\u00f3.<\/p>\n<p style=\"text-align: justify;\">\n","protected":false},"excerpt":{"rendered":"<p>Yucat\u00e1n contar\u00e1 con el primer Centro Estatal para el Autismo en el sureste, seg\u00fan dio a conocer el gobernador Joaqu\u00edn D\u00edaz Mena. <\/p>\n","protected":false},"author":6,"featured_media":123368,"comment_status":"open","ping_status":"closed","sticky":false,"template":"","format":"standard","meta":{"footnotes":""},"categories":[17],"tags":[2200,4849,21840,23],"class_list":["post-123367","post","type-post","status-publish","format-standard","has-post-thumbnail","hentry","category-yucatan","tag-autismo","tag-cree","tag-huacho-diaz-mena","tag-yucatan"],"yoast_head":"<!-- This site is optimized with the Yoast SEO plugin v28.3 - https:\/\/yoast.com\/product\/yoast-seo-wordpress\/ -->\n<title>Anuncian Centro Estatal para el Trastorno del Espectro Autista<\/title>\n<meta name=\"description\" content=\"Yucat\u00e1n contar\u00e1 con el primer Centro Estatal para el Autismo en el sureste, seg\u00fan dio a conocer el gobernador Joaqu\u00edn D\u00edaz Mena.\" \/>\n<meta name=\"robots\" content=\"index, follow, max-snippet:-1, max-image-preview:large, max-video-preview:-1\" \/>\n<link rel=\"canonical\" href=\"https:\/\/reporteroshoy.mx\/noticias\/anuncian-centro-estatal-para-el-trastorno-del-espectro-autista\/\" \/>\n<meta property=\"og:locale\" content=\"es_ES\" \/>\n<meta property=\"og:type\" content=\"article\" \/>\n<meta property=\"og:title\" content=\"Anuncian Centro Estatal para el Trastorno del Espectro Autista\" \/>\n<meta property=\"og:description\" content=\"Yucat\u00e1n contar\u00e1 con el primer Centro Estatal para el Autismo en el sureste, seg\u00fan dio a conocer el gobernador Joaqu\u00edn D\u00edaz Mena.\" \/>\n<meta property=\"og:url\" content=\"https:\/\/reporteroshoy.mx\/noticias\/anuncian-centro-estatal-para-el-trastorno-del-espectro-autista\/\" \/>\n<meta property=\"og:site_name\" content=\"Reporteros Hoy | Noticias de Yucat\u00e1n\" \/>\n<meta property=\"article:publisher\" content=\"http:\/\/www.facebook.com\/reporteroshoymx\" \/>\n<meta property=\"article:published_time\" content=\"2025-08-05T02:03:22+00:00\" \/>\n<meta property=\"og:image\" content=\"https:\/\/reporteroshoy.mx\/noticias\/wp-content\/uploads\/2025\/08\/CREE-1-scaled.jpg\" \/>\n\t<meta property=\"og:image:width\" content=\"768\" \/>\n\t<meta property=\"og:image:height\" content=\"510\" \/>\n\t<meta property=\"og:image:type\" content=\"image\/jpeg\" \/>\n<meta name=\"author\" content=\"Reporteros Hoy GS\" \/>\n<meta name=\"twitter:card\" content=\"summary_large_image\" \/>\n<meta name=\"twitter:creator\" content=\"@reporteroshoy\" \/>\n<meta name=\"twitter:site\" content=\"@reporteroshoy\" \/>\n<meta name=\"twitter:label1\" content=\"Escrito por\" \/>\n\t<meta name=\"twitter:data1\" content=\"Reporteros Hoy GS\" \/>\n\t<meta name=\"twitter:label2\" content=\"Tiempo de lectura\" \/>\n\t<meta name=\"twitter:data2\" content=\"3 minutos\" \/>\n<script type=\"application\/ld+json\" class=\"yoast-schema-graph\">{\"@context\":\"https:\\\/\\\/schema.org\",\"@graph\":[{\"@type\":\"Article\",\"@id\":\"https:\\\/\\\/reporteroshoy.mx\\\/noticias\\\/anuncian-centro-estatal-para-el-trastorno-del-espectro-autista\\\/#article\",\"isPartOf\":{\"@id\":\"https:\\\/\\\/reporteroshoy.mx\\\/noticias\\\/anuncian-centro-estatal-para-el-trastorno-del-espectro-autista\\\/\"},\"author\":{\"name\":\"Reporteros Hoy GS\",\"@id\":\"https:\\\/\\\/reporteroshoy.mx\\\/noticias\\\/#\\\/schema\\\/person\\\/49ae631fc906b44554e4ba3866c505d7\"},\"headline\":\"Anuncian Centro Estatal para el Trastorno del Espectro Autista\",\"datePublished\":\"2025-08-05T02:03:22+00:00\",\"mainEntityOfPage\":{\"@id\":\"https:\\\/\\\/reporteroshoy.mx\\\/noticias\\\/anuncian-centro-estatal-para-el-trastorno-del-espectro-autista\\\/\"},\"wordCount\":374,\"commentCount\":0,\"image\":{\"@id\":\"https:\\\/\\\/reporteroshoy.mx\\\/noticias\\\/anuncian-centro-estatal-para-el-trastorno-del-espectro-autista\\\/#primaryimage\"},\"thumbnailUrl\":\"https:\\\/\\\/reporteroshoy.mx\\\/noticias\\\/wp-content\\\/uploads\\\/2025\\\/08\\\/CREE-1-scaled.jpg\",\"keywords\":[\"Autismo\",\"cree\",\"Huacho D\u00edaz Mena\",\"Yucat\u00e1n\"],\"articleSection\":[\"Yucat\u00e1n\"],\"inLanguage\":\"es\",\"potentialAction\":[{\"@type\":\"CommentAction\",\"name\":\"Comment\",\"target\":[\"https:\\\/\\\/reporteroshoy.mx\\\/noticias\\\/anuncian-centro-estatal-para-el-trastorno-del-espectro-autista\\\/#respond\"]}]},{\"@type\":\"WebPage\",\"@id\":\"https:\\\/\\\/reporteroshoy.mx\\\/noticias\\\/anuncian-centro-estatal-para-el-trastorno-del-espectro-autista\\\/\",\"url\":\"https:\\\/\\\/reporteroshoy.mx\\\/noticias\\\/anuncian-centro-estatal-para-el-trastorno-del-espectro-autista\\\/\",\"name\":\"Anuncian Centro Estatal para el Trastorno del Espectro Autista\",\"isPartOf\":{\"@id\":\"https:\\\/\\\/reporteroshoy.mx\\\/noticias\\\/#website\"},\"primaryImageOfPage\":{\"@id\":\"https:\\\/\\\/reporteroshoy.mx\\\/noticias\\\/anuncian-centro-estatal-para-el-trastorno-del-espectro-autista\\\/#primaryimage\"},\"image\":{\"@id\":\"https:\\\/\\\/reporteroshoy.mx\\\/noticias\\\/anuncian-centro-estatal-para-el-trastorno-del-espectro-autista\\\/#primaryimage\"},\"thumbnailUrl\":\"https:\\\/\\\/reporteroshoy.mx\\\/noticias\\\/wp-content\\\/uploads\\\/2025\\\/08\\\/CREE-1-scaled.jpg\",\"datePublished\":\"2025-08-05T02:03:22+00:00\",\"author\":{\"@id\":\"https:\\\/\\\/reporteroshoy.mx\\\/noticias\\\/#\\\/schema\\\/person\\\/49ae631fc906b44554e4ba3866c505d7\"},\"description\":\"Yucat\u00e1n contar\u00e1 con el primer Centro Estatal para el Autismo en el sureste, seg\u00fan dio a conocer el gobernador Joaqu\u00edn D\u00edaz Mena.\",\"breadcrumb\":{\"@id\":\"https:\\\/\\\/reporteroshoy.mx\\\/noticias\\\/anuncian-centro-estatal-para-el-trastorno-del-espectro-autista\\\/#breadcrumb\"},\"inLanguage\":\"es\",\"potentialAction\":[{\"@type\":\"ReadAction\",\"target\":[\"https:\\\/\\\/reporteroshoy.mx\\\/noticias\\\/anuncian-centro-estatal-para-el-trastorno-del-espectro-autista\\\/\"]}]},{\"@type\":\"ImageObject\",\"inLanguage\":\"es\",\"@id\":\"https:\\\/\\\/reporteroshoy.mx\\\/noticias\\\/anuncian-centro-estatal-para-el-trastorno-del-espectro-autista\\\/#primaryimage\",\"url\":\"https:\\\/\\\/reporteroshoy.mx\\\/noticias\\\/wp-content\\\/uploads\\\/2025\\\/08\\\/CREE-1-scaled.jpg\",\"contentUrl\":\"https:\\\/\\\/reporteroshoy.mx\\\/noticias\\\/wp-content\\\/uploads\\\/2025\\\/08\\\/CREE-1-scaled.jpg\",\"width\":768,\"height\":510},{\"@type\":\"BreadcrumbList\",\"@id\":\"https:\\\/\\\/reporteroshoy.mx\\\/noticias\\\/anuncian-centro-estatal-para-el-trastorno-del-espectro-autista\\\/#breadcrumb\",\"itemListElement\":[{\"@type\":\"ListItem\",\"position\":1,\"name\":\"Portada\",\"item\":\"https:\\\/\\\/reporteroshoy.mx\\\/noticias\\\/\"},{\"@type\":\"ListItem\",\"position\":2,\"name\":\"Anuncian Centro Estatal para el Trastorno del Espectro Autista\"}]},{\"@type\":\"WebSite\",\"@id\":\"https:\\\/\\\/reporteroshoy.mx\\\/noticias\\\/#website\",\"url\":\"https:\\\/\\\/reporteroshoy.mx\\\/noticias\\\/\",\"name\":\"Reporteros Hoy | Noticias de Yucat\u00e1n\",\"description\":\"Peri\u00f3dico digital con noticias diarias desde M\u00e9rida, Yucat\u00e1n para el mundo.\",\"potentialAction\":[{\"@type\":\"SearchAction\",\"target\":{\"@type\":\"EntryPoint\",\"urlTemplate\":\"https:\\\/\\\/reporteroshoy.mx\\\/noticias\\\/?s={search_term_string}\"},\"query-input\":{\"@type\":\"PropertyValueSpecification\",\"valueRequired\":true,\"valueName\":\"search_term_string\"}}],\"inLanguage\":\"es\"},{\"@type\":\"Person\",\"@id\":\"https:\\\/\\\/reporteroshoy.mx\\\/noticias\\\/#\\\/schema\\\/person\\\/49ae631fc906b44554e4ba3866c505d7\",\"name\":\"Reporteros Hoy GS\",\"image\":{\"@type\":\"ImageObject\",\"inLanguage\":\"es\",\"@id\":\"https:\\\/\\\/secure.gravatar.com\\\/avatar\\\/00d32adb620345c3db2cfc175917f65c584e1e338fdc49ad126aa1f9830eb6a9?s=96&d=mm&r=g\",\"url\":\"https:\\\/\\\/secure.gravatar.com\\\/avatar\\\/00d32adb620345c3db2cfc175917f65c584e1e338fdc49ad126aa1f9830eb6a9?s=96&d=mm&r=g\",\"contentUrl\":\"https:\\\/\\\/secure.gravatar.com\\\/avatar\\\/00d32adb620345c3db2cfc175917f65c584e1e338fdc49ad126aa1f9830eb6a9?s=96&d=mm&r=g\",\"caption\":\"Reporteros Hoy GS\"},\"url\":\"https:\\\/\\\/reporteroshoy.mx\\\/noticias\\\/author\\\/lupis\\\/\"}]}<\/script>\n<!-- \/ Yoast SEO plugin. -->","yoast_head_json":{"title":"Anuncian Centro Estatal para el Trastorno del Espectro Autista","description":"Yucat\u00e1n contar\u00e1 con el primer Centro Estatal para el Autismo en el sureste, seg\u00fan dio a conocer el gobernador Joaqu\u00edn D\u00edaz Mena.","robots":{"index":"index","follow":"follow","max-snippet":"max-snippet:-1","max-image-preview":"max-image-preview:large","max-video-preview":"max-video-preview:-1"},"canonical":"https:\/\/reporteroshoy.mx\/noticias\/anuncian-centro-estatal-para-el-trastorno-del-espectro-autista\/","og_locale":"es_ES","og_type":"article","og_title":"Anuncian Centro Estatal para el Trastorno del Espectro Autista","og_description":"Yucat\u00e1n contar\u00e1 con el primer Centro Estatal para el Autismo en el sureste, seg\u00fan dio a conocer el gobernador Joaqu\u00edn D\u00edaz Mena.","og_url":"https:\/\/reporteroshoy.mx\/noticias\/anuncian-centro-estatal-para-el-trastorno-del-espectro-autista\/","og_site_name":"Reporteros Hoy | Noticias de Yucat\u00e1n","article_publisher":"http:\/\/www.facebook.com\/reporteroshoymx","article_published_time":"2025-08-05T02:03:22+00:00","og_image":[{"width":768,"height":510,"url":"https:\/\/reporteroshoy.mx\/noticias\/wp-content\/uploads\/2025\/08\/CREE-1-scaled.jpg","type":"image\/jpeg"}],"author":"Reporteros Hoy GS","twitter_card":"summary_large_image","twitter_creator":"@reporteroshoy","twitter_site":"@reporteroshoy","twitter_misc":{"Escrito por":"Reporteros Hoy GS","Tiempo de lectura":"3 minutos"},"schema":{"@context":"https:\/\/schema.org","@graph":[{"@type":"Article","@id":"https:\/\/reporteroshoy.mx\/noticias\/anuncian-centro-estatal-para-el-trastorno-del-espectro-autista\/#article","isPartOf":{"@id":"https:\/\/reporteroshoy.mx\/noticias\/anuncian-centro-estatal-para-el-trastorno-del-espectro-autista\/"},"author":{"name":"Reporteros Hoy GS","@id":"https:\/\/reporteroshoy.mx\/noticias\/#\/schema\/person\/49ae631fc906b44554e4ba3866c505d7"},"headline":"Anuncian Centro Estatal para el Trastorno del Espectro Autista","datePublished":"2025-08-05T02:03:22+00:00","mainEntityOfPage":{"@id":"https:\/\/reporteroshoy.mx\/noticias\/anuncian-centro-estatal-para-el-trastorno-del-espectro-autista\/"},"wordCount":374,"commentCount":0,"image":{"@id":"https:\/\/reporteroshoy.mx\/noticias\/anuncian-centro-estatal-para-el-trastorno-del-espectro-autista\/#primaryimage"},"thumbnailUrl":"https:\/\/reporteroshoy.mx\/noticias\/wp-content\/uploads\/2025\/08\/CREE-1-scaled.jpg","keywords":["Autismo","cree","Huacho D\u00edaz Mena","Yucat\u00e1n"],"articleSection":["Yucat\u00e1n"],"inLanguage":"es","potentialAction":[{"@type":"CommentAction","name":"Comment","target":["https:\/\/reporteroshoy.mx\/noticias\/anuncian-centro-estatal-para-el-trastorno-del-espectro-autista\/#respond"]}]},{"@type":"WebPage","@id":"https:\/\/reporteroshoy.mx\/noticias\/anuncian-centro-estatal-para-el-trastorno-del-espectro-autista\/","url":"https:\/\/reporteroshoy.mx\/noticias\/anuncian-centro-estatal-para-el-trastorno-del-espectro-autista\/","name":"Anuncian Centro Estatal para el Trastorno del Espectro Autista","isPartOf":{"@id":"https:\/\/reporteroshoy.mx\/noticias\/#website"},"primaryImageOfPage":{"@id":"https:\/\/reporteroshoy.mx\/noticias\/anuncian-centro-estatal-para-el-trastorno-del-espectro-autista\/#primaryimage"},"image":{"@id":"https:\/\/reporteroshoy.mx\/noticias\/anuncian-centro-estatal-para-el-trastorno-del-espectro-autista\/#primaryimage"},"thumbnailUrl":"https:\/\/reporteroshoy.mx\/noticias\/wp-content\/uploads\/2025\/08\/CREE-1-scaled.jpg","datePublished":"2025-08-05T02:03:22+00:00","author":{"@id":"https:\/\/reporteroshoy.mx\/noticias\/#\/schema\/person\/49ae631fc906b44554e4ba3866c505d7"},"description":"Yucat\u00e1n contar\u00e1 con el primer Centro Estatal para el Autismo en el sureste, seg\u00fan dio a conocer el gobernador Joaqu\u00edn D\u00edaz Mena.","breadcrumb":{"@id":"https:\/\/reporteroshoy.mx\/noticias\/anuncian-centro-estatal-para-el-trastorno-del-espectro-autista\/#breadcrumb"},"inLanguage":"es","potentialAction":[{"@type":"ReadAction","target":["https:\/\/reporteroshoy.mx\/noticias\/anuncian-centro-estatal-para-el-trastorno-del-espectro-autista\/"]}]},{"@type":"ImageObject","inLanguage":"es","@id":"https:\/\/reporteroshoy.mx\/noticias\/anuncian-centro-estatal-para-el-trastorno-del-espectro-autista\/#primaryimage","url":"https:\/\/reporteroshoy.mx\/noticias\/wp-content\/uploads\/2025\/08\/CREE-1-scaled.jpg","contentUrl":"https:\/\/reporteroshoy.mx\/noticias\/wp-content\/uploads\/2025\/08\/CREE-1-scaled.jpg","width":768,"height":510},{"@type":"BreadcrumbList","@id":"https:\/\/reporteroshoy.mx\/noticias\/anuncian-centro-estatal-para-el-trastorno-del-espectro-autista\/#breadcrumb","itemListElement":[{"@type":"ListItem","position":1,"name":"Portada","item":"https:\/\/reporteroshoy.mx\/noticias\/"},{"@type":"ListItem","position":2,"name":"Anuncian Centro Estatal para el Trastorno del Espectro Autista"}]},{"@type":"WebSite","@id":"https:\/\/reporteroshoy.mx\/noticias\/#website","url":"https:\/\/reporteroshoy.mx\/noticias\/","name":"Reporteros Hoy | Noticias de Yucat\u00e1n","description":"Peri\u00f3dico digital con noticias diarias desde M\u00e9rida, Yucat\u00e1n para el mundo.","potentialAction":[{"@type":"SearchAction","target":{"@type":"EntryPoint","urlTemplate":"https:\/\/reporteroshoy.mx\/noticias\/?s={search_term_string}"},"query-input":{"@type":"PropertyValueSpecification","valueRequired":true,"valueName":"search_term_string"}}],"inLanguage":"es"},{"@type":"Person","@id":"https:\/\/reporteroshoy.mx\/noticias\/#\/schema\/person\/49ae631fc906b44554e4ba3866c505d7","name":"Reporteros Hoy GS","image":{"@type":"ImageObject","inLanguage":"es","@id":"https:\/\/secure.gravatar.com\/avatar\/00d32adb620345c3db2cfc175917f65c584e1e338fdc49ad126aa1f9830eb6a9?s=96&d=mm&r=g","url":"https:\/\/secure.gravatar.com\/avatar\/00d32adb620345c3db2cfc175917f65c584e1e338fdc49ad126aa1f9830eb6a9?s=96&d=mm&r=g","contentUrl":"https:\/\/secure.gravatar.com\/avatar\/00d32adb620345c3db2cfc175917f65c584e1e338fdc49ad126aa1f9830eb6a9?s=96&d=mm&r=g","caption":"Reporteros Hoy GS"},"url":"https:\/\/reporteroshoy.mx\/noticias\/author\/lupis\/"}]}},"_links":{"self":[{"href":"https:\/\/reporteroshoy.mx\/noticias\/wp-json\/wp\/v2\/posts\/123367","targetHints":{"allow":["GET"]}}],"collection":[{"href":"https:\/\/reporteroshoy.mx\/noticias\/wp-json\/wp\/v2\/posts"}],"about":[{"href":"https:\/\/reporteroshoy.mx\/noticias\/wp-json\/wp\/v2\/types\/post"}],"author":[{"embeddable":true,"href":"https:\/\/reporteroshoy.mx\/noticias\/wp-json\/wp\/v2\/users\/6"}],"replies":[{"embeddable":true,"href":"https:\/\/reporteroshoy.mx\/noticias\/wp-json\/wp\/v2\/comments?post=123367"}],"version-history":[{"count":0,"href":"https:\/\/reporteroshoy.mx\/noticias\/wp-json\/wp\/v2\/posts\/123367\/revisions"}],"wp:featuredmedia":[{"embeddable":true,"href":"https:\/\/reporteroshoy.mx\/noticias\/wp-json\/wp\/v2\/media\/123368"}],"wp:attachment":[{"href":"https:\/\/reporteroshoy.mx\/noticias\/wp-json\/wp\/v2\/media?parent=123367"}],"wp:term":[{"taxonomy":"category","embeddable":true,"href":"https:\/\/reporteroshoy.mx\/noticias\/wp-json\/wp\/v2\/categories?post=123367"},{"taxonomy":"post_tag","embeddable":true,"href":"https:\/\/reporteroshoy.mx\/noticias\/wp-json\/wp\/v2\/tags?post=123367"}],"curies":[{"name":"wp","href":"https:\/\/api.w.org\/{rel}","templated":true}]}}