{"id":124152,"date":"2025-09-08T19:39:08","date_gmt":"2025-09-09T01:39:08","guid":{"rendered":"https:\/\/reporteroshoy.mx\/noticias\/?p=124152"},"modified":"2025-09-08T19:39:08","modified_gmt":"2025-09-09T01:39:08","slug":"protegeran-propiedad-intelectual-de-la-hamaca-yucateca","status":"publish","type":"post","link":"https:\/\/reporteroshoy.mx\/noticias\/protegeran-propiedad-intelectual-de-la-hamaca-yucateca\/","title":{"rendered":"Proteger\u00e1n propiedad intelectual de la hamaca yucateca"},"content":{"rendered":"<p style=\"text-align: justify;\">El Instituto Yucateco de Emprendedores (IYEM), en coordinaci\u00f3n con la Secretar\u00eda de la Cultura y las Artes (Sedeculta), impulsa la gesti\u00f3n para que la hamaca yucateca peninsular obtenga el reconocimiento como Indicaci\u00f3n Geogr\u00e1fica (IG) ante el Instituto Mexicano de la Propiedad Industrial (IMPI).<\/p>\n<p style=\"text-align: justify;\">Al respecto, el titular del IYEM, Salvador Vitelli Mac\u00edas, destac\u00f3 que el reconocimiento como Indicaci\u00f3n Geogr\u00e1fica es un sistema de propiedad intelectual que protege productos con cualidades o reputaci\u00f3n espec\u00edficas ligadas a su origen geogr\u00e1fico, lo cual permite diferenciarlo en el mercado, acceder a nuevos p\u00fablicos, y proteger la identidad cultural y econ\u00f3mica de las comunidades.<\/p>\n<p style=\"text-align: justify;\">Vitelli Mac\u00edas destac\u00f3 que este proyecto surge del esfuerzo conjunto de instituciones federales y estatales, la iniciativa privada y el sector acad\u00e9mico.<\/p>\n<p style=\"text-align: justify;\">Subray\u00f3 tambi\u00e9n la participaci\u00f3n especial de las personas artesanas de diversas comunidades, quienes han preservado por generaciones la t\u00e9cnica, la creatividad y los valores que distinguen a esta pieza emblem\u00e1tica de la identidad yucateca.<\/p>\n<p style=\"text-align: justify;\">Como parte del proceso, se realizaron tres mesas de trabajo en M\u00e9rida, Teabo y Tixm\u00e9huac, con la participaci\u00f3n de actores clave del sector artesanal, acad\u00e9mico e institucional, a fin de elaborar las Reglas de Uso que normar\u00e1n la Indicaci\u00f3n Geogr\u00e1fica.<\/p>\n<p style=\"text-align: justify;\">Asimismo, el IYEM present\u00f3 ante el IMPI un estudio t\u00e9cnico que respalda la solicitud de protecci\u00f3n, el cual actualmente se encuentra en proceso de revisi\u00f3n y mejora con base en las observaciones de dicha instancia.<\/p>\n<p style=\"text-align: justify;\">El reconocimiento de la Hamaca Yucateca Peninsular como IG sentar\u00eda un precedente en la preservaci\u00f3n de este patrimonio cultural intangible y en el fortalecimiento del desarrollo econ\u00f3mico del estado, la econom\u00eda creativa y el emprendimiento artesanal, adem\u00e1s de rendir homenaje al esfuerzo de generaciones y consolidarse como un motivo de orgullo para Yucat\u00e1n.<\/p>\n<p style=\"text-align: justify;\"><img loading=\"lazy\" decoding=\"async\" class=\"alignnone wp-image-124154 size-full\" src=\"https:\/\/reporteroshoy.mx\/noticias\/wp-content\/uploads\/2025\/09\/1186_1-scaled.avif\" alt=\"Proteger\u00e1n propiedad intelectual de la hamaca yucateca\" width=\"768\" height=\"512\" srcset=\"https:\/\/reporteroshoy.mx\/noticias\/wp-content\/uploads\/2025\/09\/1186_1-scaled.avif 768w, https:\/\/reporteroshoy.mx\/noticias\/wp-content\/uploads\/2025\/09\/1186_1-1536x1023.avif 1536w\" sizes=\"auto, (max-width: 768px) 100vw, 768px\" \/><\/p>\n","protected":false},"excerpt":{"rendered":"<p>La iniciativa busca preservar la tradici\u00f3n, t\u00e9cnica y creatividad de la hamaca yucateca, al mismo tiempo que visibiliza el talento de las artesanas y los artesanos que la elaboran.<\/p>\n","protected":false},"author":6,"featured_media":124154,"comment_status":"open","ping_status":"closed","sticky":false,"template":"","format":"standard","meta":{"footnotes":""},"categories":[17],"tags":[7085],"class_list":["post-124152","post","type-post","status-publish","format-standard","has-post-thumbnail","hentry","category-yucatan","tag-hamaca"],"yoast_head":"<!-- This site is optimized with the Yoast SEO plugin v28.4 - https:\/\/yoast.com\/product\/yoast-seo-wordpress\/ -->\n<title>Proteger\u00e1n propiedad intelectual de la hamaca yucateca<\/title>\n<meta name=\"description\" content=\"La iniciativa preserva la tradici\u00f3n de la hamaca yucateca y visibiliza el talento de artesanas y artesanos yucatecos.\" \/>\n<meta name=\"robots\" content=\"index, follow, max-snippet:-1, max-image-preview:large, max-video-preview:-1\" \/>\n<link rel=\"canonical\" href=\"https:\/\/reporteroshoy.mx\/noticias\/protegeran-propiedad-intelectual-de-la-hamaca-yucateca\/\" \/>\n<meta property=\"og:locale\" content=\"es_ES\" \/>\n<meta property=\"og:type\" content=\"article\" \/>\n<meta property=\"og:title\" content=\"Proteger\u00e1n propiedad intelectual de la hamaca yucateca\" \/>\n<meta property=\"og:description\" content=\"La iniciativa preserva la tradici\u00f3n de la hamaca yucateca y visibiliza el talento de artesanas y artesanos yucatecos.\" \/>\n<meta property=\"og:url\" content=\"https:\/\/reporteroshoy.mx\/noticias\/protegeran-propiedad-intelectual-de-la-hamaca-yucateca\/\" \/>\n<meta property=\"og:site_name\" content=\"Reporteros Hoy | Noticias de Yucat\u00e1n\" \/>\n<meta property=\"article:publisher\" content=\"http:\/\/www.facebook.com\/reporteroshoymx\" \/>\n<meta property=\"article:published_time\" content=\"2025-09-09T01:39:08+00:00\" \/>\n<meta property=\"og:image\" content=\"https:\/\/reporteroshoy.mx\/noticias\/wp-content\/uploads\/2025\/09\/1186_1-scaled.avif\" \/>\n\t<meta property=\"og:image:width\" content=\"768\" \/>\n\t<meta property=\"og:image:height\" content=\"512\" \/>\n\t<meta property=\"og:image:type\" content=\"image\/jpeg\" \/>\n<meta name=\"author\" content=\"Reporteros Hoy GS\" \/>\n<meta name=\"twitter:card\" content=\"summary_large_image\" \/>\n<meta name=\"twitter:creator\" content=\"@reporteroshoy\" \/>\n<meta name=\"twitter:site\" content=\"@reporteroshoy\" \/>\n<meta name=\"twitter:label1\" content=\"Escrito por\" \/>\n\t<meta name=\"twitter:data1\" content=\"Reporteros Hoy GS\" \/>\n\t<meta name=\"twitter:label2\" content=\"Tiempo de lectura\" \/>\n\t<meta name=\"twitter:data2\" content=\"2 minutos\" \/>\n<script type=\"application\/ld+json\" class=\"yoast-schema-graph\">{\"@context\":\"https:\\\/\\\/schema.org\",\"@graph\":[{\"@type\":\"Article\",\"@id\":\"https:\\\/\\\/reporteroshoy.mx\\\/noticias\\\/protegeran-propiedad-intelectual-de-la-hamaca-yucateca\\\/#article\",\"isPartOf\":{\"@id\":\"https:\\\/\\\/reporteroshoy.mx\\\/noticias\\\/protegeran-propiedad-intelectual-de-la-hamaca-yucateca\\\/\"},\"author\":{\"name\":\"Reporteros Hoy GS\",\"@id\":\"https:\\\/\\\/reporteroshoy.mx\\\/noticias\\\/#\\\/schema\\\/person\\\/49ae631fc906b44554e4ba3866c505d7\"},\"headline\":\"Proteger\u00e1n propiedad intelectual de la hamaca yucateca\",\"datePublished\":\"2025-09-09T01:39:08+00:00\",\"mainEntityOfPage\":{\"@id\":\"https:\\\/\\\/reporteroshoy.mx\\\/noticias\\\/protegeran-propiedad-intelectual-de-la-hamaca-yucateca\\\/\"},\"wordCount\":326,\"commentCount\":0,\"image\":{\"@id\":\"https:\\\/\\\/reporteroshoy.mx\\\/noticias\\\/protegeran-propiedad-intelectual-de-la-hamaca-yucateca\\\/#primaryimage\"},\"thumbnailUrl\":\"https:\\\/\\\/reporteroshoy.mx\\\/noticias\\\/wp-content\\\/uploads\\\/2025\\\/09\\\/1186_1-scaled.avif\",\"keywords\":[\"hamaca\"],\"articleSection\":[\"Yucat\u00e1n\"],\"inLanguage\":\"es\",\"potentialAction\":[{\"@type\":\"CommentAction\",\"name\":\"Comment\",\"target\":[\"https:\\\/\\\/reporteroshoy.mx\\\/noticias\\\/protegeran-propiedad-intelectual-de-la-hamaca-yucateca\\\/#respond\"]}]},{\"@type\":\"WebPage\",\"@id\":\"https:\\\/\\\/reporteroshoy.mx\\\/noticias\\\/protegeran-propiedad-intelectual-de-la-hamaca-yucateca\\\/\",\"url\":\"https:\\\/\\\/reporteroshoy.mx\\\/noticias\\\/protegeran-propiedad-intelectual-de-la-hamaca-yucateca\\\/\",\"name\":\"Proteger\u00e1n propiedad intelectual de la hamaca yucateca\",\"isPartOf\":{\"@id\":\"https:\\\/\\\/reporteroshoy.mx\\\/noticias\\\/#website\"},\"primaryImageOfPage\":{\"@id\":\"https:\\\/\\\/reporteroshoy.mx\\\/noticias\\\/protegeran-propiedad-intelectual-de-la-hamaca-yucateca\\\/#primaryimage\"},\"image\":{\"@id\":\"https:\\\/\\\/reporteroshoy.mx\\\/noticias\\\/protegeran-propiedad-intelectual-de-la-hamaca-yucateca\\\/#primaryimage\"},\"thumbnailUrl\":\"https:\\\/\\\/reporteroshoy.mx\\\/noticias\\\/wp-content\\\/uploads\\\/2025\\\/09\\\/1186_1-scaled.avif\",\"datePublished\":\"2025-09-09T01:39:08+00:00\",\"author\":{\"@id\":\"https:\\\/\\\/reporteroshoy.mx\\\/noticias\\\/#\\\/schema\\\/person\\\/49ae631fc906b44554e4ba3866c505d7\"},\"description\":\"La iniciativa preserva la tradici\u00f3n de la hamaca yucateca y visibiliza el talento de artesanas y artesanos yucatecos.\",\"breadcrumb\":{\"@id\":\"https:\\\/\\\/reporteroshoy.mx\\\/noticias\\\/protegeran-propiedad-intelectual-de-la-hamaca-yucateca\\\/#breadcrumb\"},\"inLanguage\":\"es\",\"potentialAction\":[{\"@type\":\"ReadAction\",\"target\":[\"https:\\\/\\\/reporteroshoy.mx\\\/noticias\\\/protegeran-propiedad-intelectual-de-la-hamaca-yucateca\\\/\"]}]},{\"@type\":\"ImageObject\",\"inLanguage\":\"es\",\"@id\":\"https:\\\/\\\/reporteroshoy.mx\\\/noticias\\\/protegeran-propiedad-intelectual-de-la-hamaca-yucateca\\\/#primaryimage\",\"url\":\"https:\\\/\\\/reporteroshoy.mx\\\/noticias\\\/wp-content\\\/uploads\\\/2025\\\/09\\\/1186_1-scaled.avif\",\"contentUrl\":\"https:\\\/\\\/reporteroshoy.mx\\\/noticias\\\/wp-content\\\/uploads\\\/2025\\\/09\\\/1186_1-scaled.avif\",\"width\":768,\"height\":512},{\"@type\":\"BreadcrumbList\",\"@id\":\"https:\\\/\\\/reporteroshoy.mx\\\/noticias\\\/protegeran-propiedad-intelectual-de-la-hamaca-yucateca\\\/#breadcrumb\",\"itemListElement\":[{\"@type\":\"ListItem\",\"position\":1,\"name\":\"Portada\",\"item\":\"https:\\\/\\\/reporteroshoy.mx\\\/noticias\\\/\"},{\"@type\":\"ListItem\",\"position\":2,\"name\":\"Proteger\u00e1n propiedad intelectual de la hamaca yucateca\"}]},{\"@type\":\"WebSite\",\"@id\":\"https:\\\/\\\/reporteroshoy.mx\\\/noticias\\\/#website\",\"url\":\"https:\\\/\\\/reporteroshoy.mx\\\/noticias\\\/\",\"name\":\"Reporteros Hoy | Noticias de Yucat\u00e1n\",\"description\":\"Peri\u00f3dico digital con noticias diarias desde M\u00e9rida, Yucat\u00e1n para el mundo.\",\"potentialAction\":[{\"@type\":\"SearchAction\",\"target\":{\"@type\":\"EntryPoint\",\"urlTemplate\":\"https:\\\/\\\/reporteroshoy.mx\\\/noticias\\\/?s={search_term_string}\"},\"query-input\":{\"@type\":\"PropertyValueSpecification\",\"valueRequired\":true,\"valueName\":\"search_term_string\"}}],\"inLanguage\":\"es\"},{\"@type\":\"Person\",\"@id\":\"https:\\\/\\\/reporteroshoy.mx\\\/noticias\\\/#\\\/schema\\\/person\\\/49ae631fc906b44554e4ba3866c505d7\",\"name\":\"Reporteros Hoy GS\",\"image\":{\"@type\":\"ImageObject\",\"inLanguage\":\"es\",\"@id\":\"https:\\\/\\\/secure.gravatar.com\\\/avatar\\\/00d32adb620345c3db2cfc175917f65c584e1e338fdc49ad126aa1f9830eb6a9?s=96&d=mm&r=g\",\"url\":\"https:\\\/\\\/secure.gravatar.com\\\/avatar\\\/00d32adb620345c3db2cfc175917f65c584e1e338fdc49ad126aa1f9830eb6a9?s=96&d=mm&r=g\",\"contentUrl\":\"https:\\\/\\\/secure.gravatar.com\\\/avatar\\\/00d32adb620345c3db2cfc175917f65c584e1e338fdc49ad126aa1f9830eb6a9?s=96&d=mm&r=g\",\"caption\":\"Reporteros Hoy GS\"},\"url\":\"https:\\\/\\\/reporteroshoy.mx\\\/noticias\\\/author\\\/lupis\\\/\"}]}<\/script>\n<!-- \/ Yoast SEO plugin. -->","yoast_head_json":{"title":"Proteger\u00e1n propiedad intelectual de la hamaca yucateca","description":"La iniciativa preserva la tradici\u00f3n de la hamaca yucateca y visibiliza el talento de artesanas y artesanos yucatecos.","robots":{"index":"index","follow":"follow","max-snippet":"max-snippet:-1","max-image-preview":"max-image-preview:large","max-video-preview":"max-video-preview:-1"},"canonical":"https:\/\/reporteroshoy.mx\/noticias\/protegeran-propiedad-intelectual-de-la-hamaca-yucateca\/","og_locale":"es_ES","og_type":"article","og_title":"Proteger\u00e1n propiedad intelectual de la hamaca yucateca","og_description":"La iniciativa preserva la tradici\u00f3n de la hamaca yucateca y visibiliza el talento de artesanas y artesanos yucatecos.","og_url":"https:\/\/reporteroshoy.mx\/noticias\/protegeran-propiedad-intelectual-de-la-hamaca-yucateca\/","og_site_name":"Reporteros Hoy | Noticias de Yucat\u00e1n","article_publisher":"http:\/\/www.facebook.com\/reporteroshoymx","article_published_time":"2025-09-09T01:39:08+00:00","og_image":[{"width":768,"height":512,"url":"https:\/\/reporteroshoy.mx\/noticias\/wp-content\/uploads\/2025\/09\/1186_1-scaled.avif","type":"image\/jpeg"}],"author":"Reporteros Hoy GS","twitter_card":"summary_large_image","twitter_creator":"@reporteroshoy","twitter_site":"@reporteroshoy","twitter_misc":{"Escrito por":"Reporteros Hoy GS","Tiempo de lectura":"2 minutos"},"schema":{"@context":"https:\/\/schema.org","@graph":[{"@type":"Article","@id":"https:\/\/reporteroshoy.mx\/noticias\/protegeran-propiedad-intelectual-de-la-hamaca-yucateca\/#article","isPartOf":{"@id":"https:\/\/reporteroshoy.mx\/noticias\/protegeran-propiedad-intelectual-de-la-hamaca-yucateca\/"},"author":{"name":"Reporteros Hoy GS","@id":"https:\/\/reporteroshoy.mx\/noticias\/#\/schema\/person\/49ae631fc906b44554e4ba3866c505d7"},"headline":"Proteger\u00e1n propiedad intelectual de la hamaca yucateca","datePublished":"2025-09-09T01:39:08+00:00","mainEntityOfPage":{"@id":"https:\/\/reporteroshoy.mx\/noticias\/protegeran-propiedad-intelectual-de-la-hamaca-yucateca\/"},"wordCount":326,"commentCount":0,"image":{"@id":"https:\/\/reporteroshoy.mx\/noticias\/protegeran-propiedad-intelectual-de-la-hamaca-yucateca\/#primaryimage"},"thumbnailUrl":"https:\/\/reporteroshoy.mx\/noticias\/wp-content\/uploads\/2025\/09\/1186_1-scaled.avif","keywords":["hamaca"],"articleSection":["Yucat\u00e1n"],"inLanguage":"es","potentialAction":[{"@type":"CommentAction","name":"Comment","target":["https:\/\/reporteroshoy.mx\/noticias\/protegeran-propiedad-intelectual-de-la-hamaca-yucateca\/#respond"]}]},{"@type":"WebPage","@id":"https:\/\/reporteroshoy.mx\/noticias\/protegeran-propiedad-intelectual-de-la-hamaca-yucateca\/","url":"https:\/\/reporteroshoy.mx\/noticias\/protegeran-propiedad-intelectual-de-la-hamaca-yucateca\/","name":"Proteger\u00e1n propiedad intelectual de la hamaca yucateca","isPartOf":{"@id":"https:\/\/reporteroshoy.mx\/noticias\/#website"},"primaryImageOfPage":{"@id":"https:\/\/reporteroshoy.mx\/noticias\/protegeran-propiedad-intelectual-de-la-hamaca-yucateca\/#primaryimage"},"image":{"@id":"https:\/\/reporteroshoy.mx\/noticias\/protegeran-propiedad-intelectual-de-la-hamaca-yucateca\/#primaryimage"},"thumbnailUrl":"https:\/\/reporteroshoy.mx\/noticias\/wp-content\/uploads\/2025\/09\/1186_1-scaled.avif","datePublished":"2025-09-09T01:39:08+00:00","author":{"@id":"https:\/\/reporteroshoy.mx\/noticias\/#\/schema\/person\/49ae631fc906b44554e4ba3866c505d7"},"description":"La iniciativa preserva la tradici\u00f3n de la hamaca yucateca y visibiliza el talento de artesanas y artesanos yucatecos.","breadcrumb":{"@id":"https:\/\/reporteroshoy.mx\/noticias\/protegeran-propiedad-intelectual-de-la-hamaca-yucateca\/#breadcrumb"},"inLanguage":"es","potentialAction":[{"@type":"ReadAction","target":["https:\/\/reporteroshoy.mx\/noticias\/protegeran-propiedad-intelectual-de-la-hamaca-yucateca\/"]}]},{"@type":"ImageObject","inLanguage":"es","@id":"https:\/\/reporteroshoy.mx\/noticias\/protegeran-propiedad-intelectual-de-la-hamaca-yucateca\/#primaryimage","url":"https:\/\/reporteroshoy.mx\/noticias\/wp-content\/uploads\/2025\/09\/1186_1-scaled.avif","contentUrl":"https:\/\/reporteroshoy.mx\/noticias\/wp-content\/uploads\/2025\/09\/1186_1-scaled.avif","width":768,"height":512},{"@type":"BreadcrumbList","@id":"https:\/\/reporteroshoy.mx\/noticias\/protegeran-propiedad-intelectual-de-la-hamaca-yucateca\/#breadcrumb","itemListElement":[{"@type":"ListItem","position":1,"name":"Portada","item":"https:\/\/reporteroshoy.mx\/noticias\/"},{"@type":"ListItem","position":2,"name":"Proteger\u00e1n propiedad intelectual de la hamaca yucateca"}]},{"@type":"WebSite","@id":"https:\/\/reporteroshoy.mx\/noticias\/#website","url":"https:\/\/reporteroshoy.mx\/noticias\/","name":"Reporteros Hoy | Noticias de Yucat\u00e1n","description":"Peri\u00f3dico digital con noticias diarias desde M\u00e9rida, Yucat\u00e1n para el mundo.","potentialAction":[{"@type":"SearchAction","target":{"@type":"EntryPoint","urlTemplate":"https:\/\/reporteroshoy.mx\/noticias\/?s={search_term_string}"},"query-input":{"@type":"PropertyValueSpecification","valueRequired":true,"valueName":"search_term_string"}}],"inLanguage":"es"},{"@type":"Person","@id":"https:\/\/reporteroshoy.mx\/noticias\/#\/schema\/person\/49ae631fc906b44554e4ba3866c505d7","name":"Reporteros Hoy GS","image":{"@type":"ImageObject","inLanguage":"es","@id":"https:\/\/secure.gravatar.com\/avatar\/00d32adb620345c3db2cfc175917f65c584e1e338fdc49ad126aa1f9830eb6a9?s=96&d=mm&r=g","url":"https:\/\/secure.gravatar.com\/avatar\/00d32adb620345c3db2cfc175917f65c584e1e338fdc49ad126aa1f9830eb6a9?s=96&d=mm&r=g","contentUrl":"https:\/\/secure.gravatar.com\/avatar\/00d32adb620345c3db2cfc175917f65c584e1e338fdc49ad126aa1f9830eb6a9?s=96&d=mm&r=g","caption":"Reporteros Hoy GS"},"url":"https:\/\/reporteroshoy.mx\/noticias\/author\/lupis\/"}]}},"_links":{"self":[{"href":"https:\/\/reporteroshoy.mx\/noticias\/wp-json\/wp\/v2\/posts\/124152","targetHints":{"allow":["GET"]}}],"collection":[{"href":"https:\/\/reporteroshoy.mx\/noticias\/wp-json\/wp\/v2\/posts"}],"about":[{"href":"https:\/\/reporteroshoy.mx\/noticias\/wp-json\/wp\/v2\/types\/post"}],"author":[{"embeddable":true,"href":"https:\/\/reporteroshoy.mx\/noticias\/wp-json\/wp\/v2\/users\/6"}],"replies":[{"embeddable":true,"href":"https:\/\/reporteroshoy.mx\/noticias\/wp-json\/wp\/v2\/comments?post=124152"}],"version-history":[{"count":0,"href":"https:\/\/reporteroshoy.mx\/noticias\/wp-json\/wp\/v2\/posts\/124152\/revisions"}],"wp:featuredmedia":[{"embeddable":true,"href":"https:\/\/reporteroshoy.mx\/noticias\/wp-json\/wp\/v2\/media\/124154"}],"wp:attachment":[{"href":"https:\/\/reporteroshoy.mx\/noticias\/wp-json\/wp\/v2\/media?parent=124152"}],"wp:term":[{"taxonomy":"category","embeddable":true,"href":"https:\/\/reporteroshoy.mx\/noticias\/wp-json\/wp\/v2\/categories?post=124152"},{"taxonomy":"post_tag","embeddable":true,"href":"https:\/\/reporteroshoy.mx\/noticias\/wp-json\/wp\/v2\/tags?post=124152"}],"curies":[{"name":"wp","href":"https:\/\/api.w.org\/{rel}","templated":true}]}}