{"id":124736,"date":"2025-09-29T20:23:11","date_gmt":"2025-09-30T02:23:11","guid":{"rendered":"https:\/\/reporteroshoy.mx\/noticias\/?p=124736"},"modified":"2025-09-29T20:23:11","modified_gmt":"2025-09-30T02:23:11","slug":"sus-padres-en-el-baile-y-ella-quedo-atorada-en-una-ventana","status":"publish","type":"post","link":"https:\/\/reporteroshoy.mx\/noticias\/sus-padres-en-el-baile-y-ella-quedo-atorada-en-una-ventana\/","title":{"rendered":"Sus padres en el baile y ella qued\u00f3 atorada en una ventana"},"content":{"rendered":"<p style=\"text-align: justify;\">Una menor de cuatro a\u00f1os perdi\u00f3 la vida durante la madrugada de este lunes en su domicilio en el municipio de Tixm\u00e9huac, luego de quedar atorada en una ventana, mientras Sus padres acudieron a un baile en el marco de la fiesta tradicional de San Miguel Arc\u00e1ngel.<\/p>\n<p style=\"text-align: justify;\">Elementos de la Polic\u00eda Estatal de Investigaci\u00f3n detuvieron a Gabriela B. y Jes\u00fas R., padres de la ni\u00f1a, por los presuntos delitos de incumplimiento en cuidados y homicidio. La menor, identificada como T.B., era embajadora infantil de la festividad local.<\/p>\n<p><img loading=\"lazy\" decoding=\"async\" class=\"alignnone wp-image-124737 size-full\" title=\"https:\/\/reporteroshoy.mx\/noticias\/?p=124736&amp;preview=true\" src=\"https:\/\/reporteroshoy.mx\/noticias\/wp-content\/uploads\/2025\/09\/TIXMEHUAC.avif\" alt=\"https:\/\/reporteroshoy.mx\/noticias\/?p=124736&amp;preview=true\" width=\"700\" height=\"453\" \/><\/p>\n<p style=\"text-align: justify;\">Los hechos ocurrieron en una vivienda ubicada en la calle 22 por 33 y 31 del municipio. La pareja sali\u00f3 de su casa y solicit\u00f3 a los abuelos, que viven cerca, vigilar a la ni\u00f1a mientras asist\u00edan al baile.<\/p>\n<p style=\"text-align: justify;\">La abuela no pudo atender la petici\u00f3n por problemas de salud. El abuelo asumi\u00f3 la vigilancia de la menor.<\/p>\n<p style=\"text-align: justify;\">Alrededor de las 2:00 de la ma\u00f1ana, el adulto mayor acudi\u00f3 al domicilio y encontr\u00f3 a la ni\u00f1a con los pies fuera de la ventana y la cabeza atorada entre los fierros.<\/p>\n<p style=\"text-align: justify;\">El hombre pidi\u00f3 ayuda a vecinos y avis\u00f3 a los padres. Minutos despu\u00e9s, la pareja traslad\u00f3 a la menor al hospital general de Tekax, donde m\u00e9dicos confirmaron su fallecimiento.<\/p>\n<p style=\"text-align: justify;\">La Polic\u00eda Estatal asegur\u00f3 el domicilio y el hospital para iniciar las diligencias correspondientes.<\/p>\n<p style=\"text-align: justify;\">Investigadores presumen que la menor despert\u00f3, busc\u00f3 a sus padres e intent\u00f3 salir por la ventana. Logr\u00f3 sacar los pies, pero no pudo liberar la cabeza, lo que provoc\u00f3 su muerte por asfixia.<\/p>\n<p><em><strong>ACOM\u00a0<\/strong><\/em><\/p>\n","protected":false},"excerpt":{"rendered":"<p>Una menor de cuatro a\u00f1os perdi\u00f3 la vida en su domicilio en el municipio de Tixm\u00e9huac, luego de quedar atorada en una ventana. <\/p>\n","protected":false},"author":5,"featured_media":124737,"comment_status":"open","ping_status":"closed","sticky":false,"template":"","format":"standard","meta":{"footnotes":""},"categories":[14,17],"tags":[7761,1355,27828],"class_list":["post-124736","post","type-post","status-publish","format-standard","has-post-thumbnail","hentry","category-policia","category-yucatan","tag-nina-fallecida","tag-tixmehuac","tag-ventana"],"yoast_head":"<!-- This site is optimized with the Yoast SEO plugin v28.4 - https:\/\/yoast.com\/product\/yoast-seo-wordpress\/ -->\n<title>Sus padres en el baile y ella qued\u00f3 atorada en una ventana<\/title>\n<meta name=\"description\" content=\"Una menor de cuatro a\u00f1os perdi\u00f3 la vida en su domicilio en el municipio de Tixm\u00e9huac, luego de quedar atorada en una ventana.\" \/>\n<meta name=\"robots\" content=\"index, follow, max-snippet:-1, max-image-preview:large, max-video-preview:-1\" \/>\n<link rel=\"canonical\" href=\"https:\/\/reporteroshoy.mx\/noticias\/sus-padres-en-el-baile-y-ella-quedo-atorada-en-una-ventana\/\" \/>\n<meta property=\"og:locale\" content=\"es_ES\" \/>\n<meta property=\"og:type\" content=\"article\" \/>\n<meta property=\"og:title\" content=\"Sus padres en el baile y ella qued\u00f3 atorada en una ventana\" \/>\n<meta property=\"og:description\" content=\"Una menor de cuatro a\u00f1os perdi\u00f3 la vida en su domicilio en el municipio de Tixm\u00e9huac, luego de quedar atorada en una ventana.\" \/>\n<meta property=\"og:url\" content=\"https:\/\/reporteroshoy.mx\/noticias\/sus-padres-en-el-baile-y-ella-quedo-atorada-en-una-ventana\/\" \/>\n<meta property=\"og:site_name\" content=\"Reporteros Hoy | Noticias de Yucat\u00e1n\" \/>\n<meta property=\"article:publisher\" content=\"http:\/\/www.facebook.com\/reporteroshoymx\" \/>\n<meta property=\"article:published_time\" content=\"2025-09-30T02:23:11+00:00\" \/>\n<meta property=\"og:image\" content=\"https:\/\/reporteroshoy.mx\/noticias\/wp-content\/uploads\/2025\/09\/TIXMEHUAC.avif\" \/>\n\t<meta property=\"og:image:width\" content=\"700\" \/>\n\t<meta property=\"og:image:height\" content=\"453\" \/>\n\t<meta property=\"og:image:type\" content=\"image\/jpeg\" \/>\n<meta name=\"author\" content=\"Reporteros Hoy IM\" \/>\n<meta name=\"twitter:card\" content=\"summary_large_image\" \/>\n<meta name=\"twitter:creator\" content=\"@reporteroshoy\" \/>\n<meta name=\"twitter:site\" content=\"@reporteroshoy\" \/>\n<meta name=\"twitter:label1\" content=\"Escrito por\" \/>\n\t<meta name=\"twitter:data1\" content=\"Reporteros Hoy IM\" \/>\n\t<meta name=\"twitter:label2\" content=\"Tiempo de lectura\" \/>\n\t<meta name=\"twitter:data2\" content=\"2 minutos\" \/>\n<script type=\"application\/ld+json\" class=\"yoast-schema-graph\">{\"@context\":\"https:\\\/\\\/schema.org\",\"@graph\":[{\"@type\":\"Article\",\"@id\":\"https:\\\/\\\/reporteroshoy.mx\\\/noticias\\\/sus-padres-en-el-baile-y-ella-quedo-atorada-en-una-ventana\\\/#article\",\"isPartOf\":{\"@id\":\"https:\\\/\\\/reporteroshoy.mx\\\/noticias\\\/sus-padres-en-el-baile-y-ella-quedo-atorada-en-una-ventana\\\/\"},\"author\":{\"name\":\"Reporteros Hoy IM\",\"@id\":\"https:\\\/\\\/reporteroshoy.mx\\\/noticias\\\/#\\\/schema\\\/person\\\/948520f0d88b01be2e5266bc4acbbc15\"},\"headline\":\"Sus padres en el baile y ella qued\u00f3 atorada en una ventana\",\"datePublished\":\"2025-09-30T02:23:11+00:00\",\"mainEntityOfPage\":{\"@id\":\"https:\\\/\\\/reporteroshoy.mx\\\/noticias\\\/sus-padres-en-el-baile-y-ella-quedo-atorada-en-una-ventana\\\/\"},\"wordCount\":278,\"commentCount\":0,\"image\":{\"@id\":\"https:\\\/\\\/reporteroshoy.mx\\\/noticias\\\/sus-padres-en-el-baile-y-ella-quedo-atorada-en-una-ventana\\\/#primaryimage\"},\"thumbnailUrl\":\"https:\\\/\\\/reporteroshoy.mx\\\/noticias\\\/wp-content\\\/uploads\\\/2025\\\/09\\\/TIXMEHUAC.avif\",\"keywords\":[\"Ni\u00f1a fallecida\",\"Tixm\u00e9huac\",\"Ventana\"],\"articleSection\":[\"Polic\u00eda\",\"Yucat\u00e1n\"],\"inLanguage\":\"es\",\"potentialAction\":[{\"@type\":\"CommentAction\",\"name\":\"Comment\",\"target\":[\"https:\\\/\\\/reporteroshoy.mx\\\/noticias\\\/sus-padres-en-el-baile-y-ella-quedo-atorada-en-una-ventana\\\/#respond\"]}]},{\"@type\":\"WebPage\",\"@id\":\"https:\\\/\\\/reporteroshoy.mx\\\/noticias\\\/sus-padres-en-el-baile-y-ella-quedo-atorada-en-una-ventana\\\/\",\"url\":\"https:\\\/\\\/reporteroshoy.mx\\\/noticias\\\/sus-padres-en-el-baile-y-ella-quedo-atorada-en-una-ventana\\\/\",\"name\":\"Sus padres en el baile y ella qued\u00f3 atorada en una ventana\",\"isPartOf\":{\"@id\":\"https:\\\/\\\/reporteroshoy.mx\\\/noticias\\\/#website\"},\"primaryImageOfPage\":{\"@id\":\"https:\\\/\\\/reporteroshoy.mx\\\/noticias\\\/sus-padres-en-el-baile-y-ella-quedo-atorada-en-una-ventana\\\/#primaryimage\"},\"image\":{\"@id\":\"https:\\\/\\\/reporteroshoy.mx\\\/noticias\\\/sus-padres-en-el-baile-y-ella-quedo-atorada-en-una-ventana\\\/#primaryimage\"},\"thumbnailUrl\":\"https:\\\/\\\/reporteroshoy.mx\\\/noticias\\\/wp-content\\\/uploads\\\/2025\\\/09\\\/TIXMEHUAC.avif\",\"datePublished\":\"2025-09-30T02:23:11+00:00\",\"author\":{\"@id\":\"https:\\\/\\\/reporteroshoy.mx\\\/noticias\\\/#\\\/schema\\\/person\\\/948520f0d88b01be2e5266bc4acbbc15\"},\"description\":\"Una menor de cuatro a\u00f1os perdi\u00f3 la vida en su domicilio en el municipio de Tixm\u00e9huac, luego de quedar atorada en una ventana.\",\"breadcrumb\":{\"@id\":\"https:\\\/\\\/reporteroshoy.mx\\\/noticias\\\/sus-padres-en-el-baile-y-ella-quedo-atorada-en-una-ventana\\\/#breadcrumb\"},\"inLanguage\":\"es\",\"potentialAction\":[{\"@type\":\"ReadAction\",\"target\":[\"https:\\\/\\\/reporteroshoy.mx\\\/noticias\\\/sus-padres-en-el-baile-y-ella-quedo-atorada-en-una-ventana\\\/\"]}]},{\"@type\":\"ImageObject\",\"inLanguage\":\"es\",\"@id\":\"https:\\\/\\\/reporteroshoy.mx\\\/noticias\\\/sus-padres-en-el-baile-y-ella-quedo-atorada-en-una-ventana\\\/#primaryimage\",\"url\":\"https:\\\/\\\/reporteroshoy.mx\\\/noticias\\\/wp-content\\\/uploads\\\/2025\\\/09\\\/TIXMEHUAC.avif\",\"contentUrl\":\"https:\\\/\\\/reporteroshoy.mx\\\/noticias\\\/wp-content\\\/uploads\\\/2025\\\/09\\\/TIXMEHUAC.avif\",\"width\":700,\"height\":453},{\"@type\":\"BreadcrumbList\",\"@id\":\"https:\\\/\\\/reporteroshoy.mx\\\/noticias\\\/sus-padres-en-el-baile-y-ella-quedo-atorada-en-una-ventana\\\/#breadcrumb\",\"itemListElement\":[{\"@type\":\"ListItem\",\"position\":1,\"name\":\"Portada\",\"item\":\"https:\\\/\\\/reporteroshoy.mx\\\/noticias\\\/\"},{\"@type\":\"ListItem\",\"position\":2,\"name\":\"Sus padres en el baile y ella qued\u00f3 atorada en una ventana\"}]},{\"@type\":\"WebSite\",\"@id\":\"https:\\\/\\\/reporteroshoy.mx\\\/noticias\\\/#website\",\"url\":\"https:\\\/\\\/reporteroshoy.mx\\\/noticias\\\/\",\"name\":\"Reporteros Hoy | Noticias de Yucat\u00e1n\",\"description\":\"Peri\u00f3dico digital con noticias diarias desde M\u00e9rida, Yucat\u00e1n para el mundo.\",\"potentialAction\":[{\"@type\":\"SearchAction\",\"target\":{\"@type\":\"EntryPoint\",\"urlTemplate\":\"https:\\\/\\\/reporteroshoy.mx\\\/noticias\\\/?s={search_term_string}\"},\"query-input\":{\"@type\":\"PropertyValueSpecification\",\"valueRequired\":true,\"valueName\":\"search_term_string\"}}],\"inLanguage\":\"es\"},{\"@type\":\"Person\",\"@id\":\"https:\\\/\\\/reporteroshoy.mx\\\/noticias\\\/#\\\/schema\\\/person\\\/948520f0d88b01be2e5266bc4acbbc15\",\"name\":\"Reporteros Hoy IM\",\"image\":{\"@type\":\"ImageObject\",\"inLanguage\":\"es\",\"@id\":\"https:\\\/\\\/secure.gravatar.com\\\/avatar\\\/d843030b96552826ac048bdfe26f2895604b800ed0c880ee55765a74d95dfc65?s=96&d=mm&r=g\",\"url\":\"https:\\\/\\\/secure.gravatar.com\\\/avatar\\\/d843030b96552826ac048bdfe26f2895604b800ed0c880ee55765a74d95dfc65?s=96&d=mm&r=g\",\"contentUrl\":\"https:\\\/\\\/secure.gravatar.com\\\/avatar\\\/d843030b96552826ac048bdfe26f2895604b800ed0c880ee55765a74d95dfc65?s=96&d=mm&r=g\",\"caption\":\"Reporteros Hoy IM\"},\"url\":\"https:\\\/\\\/reporteroshoy.mx\\\/noticias\\\/author\\\/israel\\\/\"}]}<\/script>\n<!-- \/ Yoast SEO plugin. -->","yoast_head_json":{"title":"Sus padres en el baile y ella qued\u00f3 atorada en una ventana","description":"Una menor de cuatro a\u00f1os perdi\u00f3 la vida en su domicilio en el municipio de Tixm\u00e9huac, luego de quedar atorada en una ventana.","robots":{"index":"index","follow":"follow","max-snippet":"max-snippet:-1","max-image-preview":"max-image-preview:large","max-video-preview":"max-video-preview:-1"},"canonical":"https:\/\/reporteroshoy.mx\/noticias\/sus-padres-en-el-baile-y-ella-quedo-atorada-en-una-ventana\/","og_locale":"es_ES","og_type":"article","og_title":"Sus padres en el baile y ella qued\u00f3 atorada en una ventana","og_description":"Una menor de cuatro a\u00f1os perdi\u00f3 la vida en su domicilio en el municipio de Tixm\u00e9huac, luego de quedar atorada en una ventana.","og_url":"https:\/\/reporteroshoy.mx\/noticias\/sus-padres-en-el-baile-y-ella-quedo-atorada-en-una-ventana\/","og_site_name":"Reporteros Hoy | Noticias de Yucat\u00e1n","article_publisher":"http:\/\/www.facebook.com\/reporteroshoymx","article_published_time":"2025-09-30T02:23:11+00:00","og_image":[{"width":700,"height":453,"url":"https:\/\/reporteroshoy.mx\/noticias\/wp-content\/uploads\/2025\/09\/TIXMEHUAC.avif","type":"image\/jpeg"}],"author":"Reporteros Hoy IM","twitter_card":"summary_large_image","twitter_creator":"@reporteroshoy","twitter_site":"@reporteroshoy","twitter_misc":{"Escrito por":"Reporteros Hoy IM","Tiempo de lectura":"2 minutos"},"schema":{"@context":"https:\/\/schema.org","@graph":[{"@type":"Article","@id":"https:\/\/reporteroshoy.mx\/noticias\/sus-padres-en-el-baile-y-ella-quedo-atorada-en-una-ventana\/#article","isPartOf":{"@id":"https:\/\/reporteroshoy.mx\/noticias\/sus-padres-en-el-baile-y-ella-quedo-atorada-en-una-ventana\/"},"author":{"name":"Reporteros Hoy IM","@id":"https:\/\/reporteroshoy.mx\/noticias\/#\/schema\/person\/948520f0d88b01be2e5266bc4acbbc15"},"headline":"Sus padres en el baile y ella qued\u00f3 atorada en una ventana","datePublished":"2025-09-30T02:23:11+00:00","mainEntityOfPage":{"@id":"https:\/\/reporteroshoy.mx\/noticias\/sus-padres-en-el-baile-y-ella-quedo-atorada-en-una-ventana\/"},"wordCount":278,"commentCount":0,"image":{"@id":"https:\/\/reporteroshoy.mx\/noticias\/sus-padres-en-el-baile-y-ella-quedo-atorada-en-una-ventana\/#primaryimage"},"thumbnailUrl":"https:\/\/reporteroshoy.mx\/noticias\/wp-content\/uploads\/2025\/09\/TIXMEHUAC.avif","keywords":["Ni\u00f1a fallecida","Tixm\u00e9huac","Ventana"],"articleSection":["Polic\u00eda","Yucat\u00e1n"],"inLanguage":"es","potentialAction":[{"@type":"CommentAction","name":"Comment","target":["https:\/\/reporteroshoy.mx\/noticias\/sus-padres-en-el-baile-y-ella-quedo-atorada-en-una-ventana\/#respond"]}]},{"@type":"WebPage","@id":"https:\/\/reporteroshoy.mx\/noticias\/sus-padres-en-el-baile-y-ella-quedo-atorada-en-una-ventana\/","url":"https:\/\/reporteroshoy.mx\/noticias\/sus-padres-en-el-baile-y-ella-quedo-atorada-en-una-ventana\/","name":"Sus padres en el baile y ella qued\u00f3 atorada en una ventana","isPartOf":{"@id":"https:\/\/reporteroshoy.mx\/noticias\/#website"},"primaryImageOfPage":{"@id":"https:\/\/reporteroshoy.mx\/noticias\/sus-padres-en-el-baile-y-ella-quedo-atorada-en-una-ventana\/#primaryimage"},"image":{"@id":"https:\/\/reporteroshoy.mx\/noticias\/sus-padres-en-el-baile-y-ella-quedo-atorada-en-una-ventana\/#primaryimage"},"thumbnailUrl":"https:\/\/reporteroshoy.mx\/noticias\/wp-content\/uploads\/2025\/09\/TIXMEHUAC.avif","datePublished":"2025-09-30T02:23:11+00:00","author":{"@id":"https:\/\/reporteroshoy.mx\/noticias\/#\/schema\/person\/948520f0d88b01be2e5266bc4acbbc15"},"description":"Una menor de cuatro a\u00f1os perdi\u00f3 la vida en su domicilio en el municipio de Tixm\u00e9huac, luego de quedar atorada en una ventana.","breadcrumb":{"@id":"https:\/\/reporteroshoy.mx\/noticias\/sus-padres-en-el-baile-y-ella-quedo-atorada-en-una-ventana\/#breadcrumb"},"inLanguage":"es","potentialAction":[{"@type":"ReadAction","target":["https:\/\/reporteroshoy.mx\/noticias\/sus-padres-en-el-baile-y-ella-quedo-atorada-en-una-ventana\/"]}]},{"@type":"ImageObject","inLanguage":"es","@id":"https:\/\/reporteroshoy.mx\/noticias\/sus-padres-en-el-baile-y-ella-quedo-atorada-en-una-ventana\/#primaryimage","url":"https:\/\/reporteroshoy.mx\/noticias\/wp-content\/uploads\/2025\/09\/TIXMEHUAC.avif","contentUrl":"https:\/\/reporteroshoy.mx\/noticias\/wp-content\/uploads\/2025\/09\/TIXMEHUAC.avif","width":700,"height":453},{"@type":"BreadcrumbList","@id":"https:\/\/reporteroshoy.mx\/noticias\/sus-padres-en-el-baile-y-ella-quedo-atorada-en-una-ventana\/#breadcrumb","itemListElement":[{"@type":"ListItem","position":1,"name":"Portada","item":"https:\/\/reporteroshoy.mx\/noticias\/"},{"@type":"ListItem","position":2,"name":"Sus padres en el baile y ella qued\u00f3 atorada en una ventana"}]},{"@type":"WebSite","@id":"https:\/\/reporteroshoy.mx\/noticias\/#website","url":"https:\/\/reporteroshoy.mx\/noticias\/","name":"Reporteros Hoy | Noticias de Yucat\u00e1n","description":"Peri\u00f3dico digital con noticias diarias desde M\u00e9rida, Yucat\u00e1n para el mundo.","potentialAction":[{"@type":"SearchAction","target":{"@type":"EntryPoint","urlTemplate":"https:\/\/reporteroshoy.mx\/noticias\/?s={search_term_string}"},"query-input":{"@type":"PropertyValueSpecification","valueRequired":true,"valueName":"search_term_string"}}],"inLanguage":"es"},{"@type":"Person","@id":"https:\/\/reporteroshoy.mx\/noticias\/#\/schema\/person\/948520f0d88b01be2e5266bc4acbbc15","name":"Reporteros Hoy IM","image":{"@type":"ImageObject","inLanguage":"es","@id":"https:\/\/secure.gravatar.com\/avatar\/d843030b96552826ac048bdfe26f2895604b800ed0c880ee55765a74d95dfc65?s=96&d=mm&r=g","url":"https:\/\/secure.gravatar.com\/avatar\/d843030b96552826ac048bdfe26f2895604b800ed0c880ee55765a74d95dfc65?s=96&d=mm&r=g","contentUrl":"https:\/\/secure.gravatar.com\/avatar\/d843030b96552826ac048bdfe26f2895604b800ed0c880ee55765a74d95dfc65?s=96&d=mm&r=g","caption":"Reporteros Hoy IM"},"url":"https:\/\/reporteroshoy.mx\/noticias\/author\/israel\/"}]}},"_links":{"self":[{"href":"https:\/\/reporteroshoy.mx\/noticias\/wp-json\/wp\/v2\/posts\/124736","targetHints":{"allow":["GET"]}}],"collection":[{"href":"https:\/\/reporteroshoy.mx\/noticias\/wp-json\/wp\/v2\/posts"}],"about":[{"href":"https:\/\/reporteroshoy.mx\/noticias\/wp-json\/wp\/v2\/types\/post"}],"author":[{"embeddable":true,"href":"https:\/\/reporteroshoy.mx\/noticias\/wp-json\/wp\/v2\/users\/5"}],"replies":[{"embeddable":true,"href":"https:\/\/reporteroshoy.mx\/noticias\/wp-json\/wp\/v2\/comments?post=124736"}],"version-history":[{"count":0,"href":"https:\/\/reporteroshoy.mx\/noticias\/wp-json\/wp\/v2\/posts\/124736\/revisions"}],"wp:featuredmedia":[{"embeddable":true,"href":"https:\/\/reporteroshoy.mx\/noticias\/wp-json\/wp\/v2\/media\/124737"}],"wp:attachment":[{"href":"https:\/\/reporteroshoy.mx\/noticias\/wp-json\/wp\/v2\/media?parent=124736"}],"wp:term":[{"taxonomy":"category","embeddable":true,"href":"https:\/\/reporteroshoy.mx\/noticias\/wp-json\/wp\/v2\/categories?post=124736"},{"taxonomy":"post_tag","embeddable":true,"href":"https:\/\/reporteroshoy.mx\/noticias\/wp-json\/wp\/v2\/tags?post=124736"}],"curies":[{"name":"wp","href":"https:\/\/api.w.org\/{rel}","templated":true}]}}