{"id":125264,"date":"2025-10-17T15:00:51","date_gmt":"2025-10-17T21:00:51","guid":{"rendered":"https:\/\/reporteroshoy.mx\/noticias\/?p=125264"},"modified":"2025-10-18T09:38:26","modified_gmt":"2025-10-18T15:38:26","slug":"entregan-poyos-del-programa-de-gestion-social","status":"publish","type":"post","link":"https:\/\/reporteroshoy.mx\/noticias\/entregan-poyos-del-programa-de-gestion-social\/","title":{"rendered":"Entregan poyos del Programa de Gesti\u00f3n Social"},"content":{"rendered":"<p style=\"text-align: justify;\">La presidenta municipal de M\u00e9rida, Cecilia Patr\u00f3n Laviada, encabez\u00f3 la entrega de apoyos del Programa de Gesti\u00f3n Social en las comisar\u00edas de San Jos\u00e9 Tzal y Xmatkuil.<\/p>\n<p style=\"text-align: justify;\">\u201cNadie es m\u00e1s importante, sobre todo desde el \u00e1mbito humano y la prosperidad con justicia social\u201d, expres\u00f3 al entregar diversos apoyos a familias del sur de la ciudad.<\/p>\n<p><img loading=\"lazy\" decoding=\"async\" class=\"alignnone wp-image-125265 size-full\" title=\"Entregan poyos del Programa de Gesti\u00f3n Social \" src=\"https:\/\/reporteroshoy.mx\/noticias\/wp-content\/uploads\/2025\/10\/cecilia-atencion-scaled.avif\" alt=\"Entregan poyos del Programa de Gesti\u00f3n Social \" width=\"768\" height=\"512\" srcset=\"https:\/\/reporteroshoy.mx\/noticias\/wp-content\/uploads\/2025\/10\/cecilia-atencion-scaled.avif 768w, https:\/\/reporteroshoy.mx\/noticias\/wp-content\/uploads\/2025\/10\/cecilia-atencion-1536x1023.avif 1536w\" sizes=\"auto, (max-width: 768px) 100vw, 768px\" \/><\/p>\n<p style=\"text-align: justify;\">Durante su visita a San Jos\u00e9 Tzal, la alcaldesa entreg\u00f3 una desbrozadora a la se\u00f1ora Rosalba P\u00e9rez Tuyub, quien padece insuficiencia renal y card\u00edaca, y a su esposo Felipe, de 38 a\u00f1os, quien sostiene a sus hijos de 15 y 10 a\u00f1os con trabajos de herrer\u00eda, desyerbe y limpieza de terrenos.<\/p>\n<p style=\"text-align: justify;\">El apoyo permitir\u00e1 que la familia ampl\u00ede sus oportunidades de ingreso y cuente con una herramienta de trabajo digno y necesario para el sustento familiar.<\/p>\n<h3 style=\"text-align: justify;\"><strong>M\u00e1s gesti\u00f3n social\u00a0<\/strong><\/h3>\n<p style=\"text-align: justify;\">M\u00e1s tarde, en la comisar\u00eda de Xmatkuil, la mun\u00edcipe visit\u00f3 a Mar\u00eda de los \u00c1ngeles Sol\u00eds, vecina de 66 a\u00f1os de edad, quien solicit\u00f3 durante un Mi\u00e9rcoles Ciudadano el apoyo de un triciclo para continuar con su labor de venta de tamales.<\/p>\n<p style=\"text-align: justify;\">Viuda y sin pensi\u00f3n, do\u00f1a Mar\u00eda ahora podr\u00e1 desplazarse por colonias cercanas para ofrecer sus productos, con una inversi\u00f3n municipal cercana a los 3 mil 994 pesos que representan recursos destinados a una mejor calidad de vida y que servir\u00e1 para la beneficiaria tener una forma de seguir desarroll\u00e1ndose plenamente en su labor diaria.<\/p>\n<p style=\"text-align: justify;\">\n","protected":false},"excerpt":{"rendered":"<p>Las pol\u00edticas de gesti\u00f3n social del Ayuntamiento de M\u00e9rida atendieron a personas de las comisar\u00edas de San Jos\u00e9 Tzal y Xmatkuil.<\/p>\n","protected":false},"author":5,"featured_media":125265,"comment_status":"open","ping_status":"closed","sticky":false,"template":"","format":"standard","meta":{"footnotes":""},"categories":[24379],"tags":[436,27909,51],"class_list":["post-125264","post","type-post","status-publish","format-standard","has-post-thumbnail","hentry","category-merida","tag-comisarias","tag-gestion-social","tag-merida"],"yoast_head":"<!-- This site is optimized with the Yoast SEO plugin v28.3 - https:\/\/yoast.com\/product\/yoast-seo-wordpress\/ -->\n<title>Entregan poyos del Programa de Gesti\u00f3n Social<\/title>\n<meta name=\"description\" content=\"Las pol\u00edticas de gesti\u00f3n social del Ayuntamiento de M\u00e9rida atendieron a personas de las comisar\u00edas de San Jos\u00e9 Tzal y Xmatkuil.\" \/>\n<meta name=\"robots\" content=\"index, follow, max-snippet:-1, max-image-preview:large, max-video-preview:-1\" \/>\n<link rel=\"canonical\" href=\"https:\/\/reporteroshoy.mx\/noticias\/entregan-poyos-del-programa-de-gestion-social\/\" \/>\n<meta property=\"og:locale\" content=\"es_ES\" \/>\n<meta property=\"og:type\" content=\"article\" \/>\n<meta property=\"og:title\" content=\"Entregan poyos del Programa de Gesti\u00f3n Social\" \/>\n<meta property=\"og:description\" content=\"Las pol\u00edticas de gesti\u00f3n social del Ayuntamiento de M\u00e9rida atendieron a personas de las comisar\u00edas de San Jos\u00e9 Tzal y Xmatkuil.\" \/>\n<meta property=\"og:url\" content=\"https:\/\/reporteroshoy.mx\/noticias\/entregan-poyos-del-programa-de-gestion-social\/\" \/>\n<meta property=\"og:site_name\" content=\"Reporteros Hoy | Noticias de Yucat\u00e1n\" \/>\n<meta property=\"article:publisher\" content=\"http:\/\/www.facebook.com\/reporteroshoymx\" \/>\n<meta property=\"article:published_time\" content=\"2025-10-17T21:00:51+00:00\" \/>\n<meta property=\"article:modified_time\" content=\"2025-10-18T15:38:26+00:00\" \/>\n<meta property=\"og:image\" content=\"https:\/\/reporteroshoy.mx\/noticias\/wp-content\/uploads\/2025\/10\/cecilia-atencion-scaled.avif\" \/>\n\t<meta property=\"og:image:width\" content=\"768\" \/>\n\t<meta property=\"og:image:height\" content=\"512\" \/>\n\t<meta property=\"og:image:type\" content=\"image\/jpeg\" \/>\n<meta name=\"author\" content=\"Reporteros Hoy IM\" \/>\n<meta name=\"twitter:card\" content=\"summary_large_image\" \/>\n<meta name=\"twitter:creator\" content=\"@reporteroshoy\" \/>\n<meta name=\"twitter:site\" content=\"@reporteroshoy\" \/>\n<meta name=\"twitter:label1\" content=\"Escrito por\" \/>\n\t<meta name=\"twitter:data1\" content=\"Reporteros Hoy IM\" \/>\n\t<meta name=\"twitter:label2\" content=\"Tiempo de lectura\" \/>\n\t<meta name=\"twitter:data2\" content=\"2 minutos\" \/>\n<script type=\"application\/ld+json\" class=\"yoast-schema-graph\">{\"@context\":\"https:\\\/\\\/schema.org\",\"@graph\":[{\"@type\":\"Article\",\"@id\":\"https:\\\/\\\/reporteroshoy.mx\\\/noticias\\\/entregan-poyos-del-programa-de-gestion-social\\\/#article\",\"isPartOf\":{\"@id\":\"https:\\\/\\\/reporteroshoy.mx\\\/noticias\\\/entregan-poyos-del-programa-de-gestion-social\\\/\"},\"author\":{\"name\":\"Reporteros Hoy IM\",\"@id\":\"https:\\\/\\\/reporteroshoy.mx\\\/noticias\\\/#\\\/schema\\\/person\\\/948520f0d88b01be2e5266bc4acbbc15\"},\"headline\":\"Entregan poyos del Programa de Gesti\u00f3n Social\",\"datePublished\":\"2025-10-17T21:00:51+00:00\",\"dateModified\":\"2025-10-18T15:38:26+00:00\",\"mainEntityOfPage\":{\"@id\":\"https:\\\/\\\/reporteroshoy.mx\\\/noticias\\\/entregan-poyos-del-programa-de-gestion-social\\\/\"},\"wordCount\":258,\"commentCount\":0,\"image\":{\"@id\":\"https:\\\/\\\/reporteroshoy.mx\\\/noticias\\\/entregan-poyos-del-programa-de-gestion-social\\\/#primaryimage\"},\"thumbnailUrl\":\"https:\\\/\\\/reporteroshoy.mx\\\/noticias\\\/wp-content\\\/uploads\\\/2025\\\/10\\\/cecilia-atencion-scaled.avif\",\"keywords\":[\"Comisar\u00edas\",\"gesti\u00f3n social\",\"M\u00e9rida\"],\"articleSection\":[\"M\u00e9rida\"],\"inLanguage\":\"es\",\"potentialAction\":[{\"@type\":\"CommentAction\",\"name\":\"Comment\",\"target\":[\"https:\\\/\\\/reporteroshoy.mx\\\/noticias\\\/entregan-poyos-del-programa-de-gestion-social\\\/#respond\"]}]},{\"@type\":\"WebPage\",\"@id\":\"https:\\\/\\\/reporteroshoy.mx\\\/noticias\\\/entregan-poyos-del-programa-de-gestion-social\\\/\",\"url\":\"https:\\\/\\\/reporteroshoy.mx\\\/noticias\\\/entregan-poyos-del-programa-de-gestion-social\\\/\",\"name\":\"Entregan poyos del Programa de Gesti\u00f3n Social\",\"isPartOf\":{\"@id\":\"https:\\\/\\\/reporteroshoy.mx\\\/noticias\\\/#website\"},\"primaryImageOfPage\":{\"@id\":\"https:\\\/\\\/reporteroshoy.mx\\\/noticias\\\/entregan-poyos-del-programa-de-gestion-social\\\/#primaryimage\"},\"image\":{\"@id\":\"https:\\\/\\\/reporteroshoy.mx\\\/noticias\\\/entregan-poyos-del-programa-de-gestion-social\\\/#primaryimage\"},\"thumbnailUrl\":\"https:\\\/\\\/reporteroshoy.mx\\\/noticias\\\/wp-content\\\/uploads\\\/2025\\\/10\\\/cecilia-atencion-scaled.avif\",\"datePublished\":\"2025-10-17T21:00:51+00:00\",\"dateModified\":\"2025-10-18T15:38:26+00:00\",\"author\":{\"@id\":\"https:\\\/\\\/reporteroshoy.mx\\\/noticias\\\/#\\\/schema\\\/person\\\/948520f0d88b01be2e5266bc4acbbc15\"},\"description\":\"Las pol\u00edticas de gesti\u00f3n social del Ayuntamiento de M\u00e9rida atendieron a personas de las comisar\u00edas de San Jos\u00e9 Tzal y Xmatkuil.\",\"breadcrumb\":{\"@id\":\"https:\\\/\\\/reporteroshoy.mx\\\/noticias\\\/entregan-poyos-del-programa-de-gestion-social\\\/#breadcrumb\"},\"inLanguage\":\"es\",\"potentialAction\":[{\"@type\":\"ReadAction\",\"target\":[\"https:\\\/\\\/reporteroshoy.mx\\\/noticias\\\/entregan-poyos-del-programa-de-gestion-social\\\/\"]}]},{\"@type\":\"ImageObject\",\"inLanguage\":\"es\",\"@id\":\"https:\\\/\\\/reporteroshoy.mx\\\/noticias\\\/entregan-poyos-del-programa-de-gestion-social\\\/#primaryimage\",\"url\":\"https:\\\/\\\/reporteroshoy.mx\\\/noticias\\\/wp-content\\\/uploads\\\/2025\\\/10\\\/cecilia-atencion-scaled.avif\",\"contentUrl\":\"https:\\\/\\\/reporteroshoy.mx\\\/noticias\\\/wp-content\\\/uploads\\\/2025\\\/10\\\/cecilia-atencion-scaled.avif\",\"width\":768,\"height\":512},{\"@type\":\"BreadcrumbList\",\"@id\":\"https:\\\/\\\/reporteroshoy.mx\\\/noticias\\\/entregan-poyos-del-programa-de-gestion-social\\\/#breadcrumb\",\"itemListElement\":[{\"@type\":\"ListItem\",\"position\":1,\"name\":\"Portada\",\"item\":\"https:\\\/\\\/reporteroshoy.mx\\\/noticias\\\/\"},{\"@type\":\"ListItem\",\"position\":2,\"name\":\"Entregan poyos del Programa de Gesti\u00f3n Social\"}]},{\"@type\":\"WebSite\",\"@id\":\"https:\\\/\\\/reporteroshoy.mx\\\/noticias\\\/#website\",\"url\":\"https:\\\/\\\/reporteroshoy.mx\\\/noticias\\\/\",\"name\":\"Reporteros Hoy | Noticias de Yucat\u00e1n\",\"description\":\"Peri\u00f3dico digital con noticias diarias desde M\u00e9rida, Yucat\u00e1n para el mundo.\",\"potentialAction\":[{\"@type\":\"SearchAction\",\"target\":{\"@type\":\"EntryPoint\",\"urlTemplate\":\"https:\\\/\\\/reporteroshoy.mx\\\/noticias\\\/?s={search_term_string}\"},\"query-input\":{\"@type\":\"PropertyValueSpecification\",\"valueRequired\":true,\"valueName\":\"search_term_string\"}}],\"inLanguage\":\"es\"},{\"@type\":\"Person\",\"@id\":\"https:\\\/\\\/reporteroshoy.mx\\\/noticias\\\/#\\\/schema\\\/person\\\/948520f0d88b01be2e5266bc4acbbc15\",\"name\":\"Reporteros Hoy IM\",\"image\":{\"@type\":\"ImageObject\",\"inLanguage\":\"es\",\"@id\":\"https:\\\/\\\/secure.gravatar.com\\\/avatar\\\/d843030b96552826ac048bdfe26f2895604b800ed0c880ee55765a74d95dfc65?s=96&d=mm&r=g\",\"url\":\"https:\\\/\\\/secure.gravatar.com\\\/avatar\\\/d843030b96552826ac048bdfe26f2895604b800ed0c880ee55765a74d95dfc65?s=96&d=mm&r=g\",\"contentUrl\":\"https:\\\/\\\/secure.gravatar.com\\\/avatar\\\/d843030b96552826ac048bdfe26f2895604b800ed0c880ee55765a74d95dfc65?s=96&d=mm&r=g\",\"caption\":\"Reporteros Hoy IM\"},\"url\":\"https:\\\/\\\/reporteroshoy.mx\\\/noticias\\\/author\\\/israel\\\/\"}]}<\/script>\n<!-- \/ Yoast SEO plugin. -->","yoast_head_json":{"title":"Entregan poyos del Programa de Gesti\u00f3n Social","description":"Las pol\u00edticas de gesti\u00f3n social del Ayuntamiento de M\u00e9rida atendieron a personas de las comisar\u00edas de San Jos\u00e9 Tzal y Xmatkuil.","robots":{"index":"index","follow":"follow","max-snippet":"max-snippet:-1","max-image-preview":"max-image-preview:large","max-video-preview":"max-video-preview:-1"},"canonical":"https:\/\/reporteroshoy.mx\/noticias\/entregan-poyos-del-programa-de-gestion-social\/","og_locale":"es_ES","og_type":"article","og_title":"Entregan poyos del Programa de Gesti\u00f3n Social","og_description":"Las pol\u00edticas de gesti\u00f3n social del Ayuntamiento de M\u00e9rida atendieron a personas de las comisar\u00edas de San Jos\u00e9 Tzal y Xmatkuil.","og_url":"https:\/\/reporteroshoy.mx\/noticias\/entregan-poyos-del-programa-de-gestion-social\/","og_site_name":"Reporteros Hoy | Noticias de Yucat\u00e1n","article_publisher":"http:\/\/www.facebook.com\/reporteroshoymx","article_published_time":"2025-10-17T21:00:51+00:00","article_modified_time":"2025-10-18T15:38:26+00:00","og_image":[{"width":768,"height":512,"url":"https:\/\/reporteroshoy.mx\/noticias\/wp-content\/uploads\/2025\/10\/cecilia-atencion-scaled.avif","type":"image\/jpeg"}],"author":"Reporteros Hoy IM","twitter_card":"summary_large_image","twitter_creator":"@reporteroshoy","twitter_site":"@reporteroshoy","twitter_misc":{"Escrito por":"Reporteros Hoy IM","Tiempo de lectura":"2 minutos"},"schema":{"@context":"https:\/\/schema.org","@graph":[{"@type":"Article","@id":"https:\/\/reporteroshoy.mx\/noticias\/entregan-poyos-del-programa-de-gestion-social\/#article","isPartOf":{"@id":"https:\/\/reporteroshoy.mx\/noticias\/entregan-poyos-del-programa-de-gestion-social\/"},"author":{"name":"Reporteros Hoy IM","@id":"https:\/\/reporteroshoy.mx\/noticias\/#\/schema\/person\/948520f0d88b01be2e5266bc4acbbc15"},"headline":"Entregan poyos del Programa de Gesti\u00f3n Social","datePublished":"2025-10-17T21:00:51+00:00","dateModified":"2025-10-18T15:38:26+00:00","mainEntityOfPage":{"@id":"https:\/\/reporteroshoy.mx\/noticias\/entregan-poyos-del-programa-de-gestion-social\/"},"wordCount":258,"commentCount":0,"image":{"@id":"https:\/\/reporteroshoy.mx\/noticias\/entregan-poyos-del-programa-de-gestion-social\/#primaryimage"},"thumbnailUrl":"https:\/\/reporteroshoy.mx\/noticias\/wp-content\/uploads\/2025\/10\/cecilia-atencion-scaled.avif","keywords":["Comisar\u00edas","gesti\u00f3n social","M\u00e9rida"],"articleSection":["M\u00e9rida"],"inLanguage":"es","potentialAction":[{"@type":"CommentAction","name":"Comment","target":["https:\/\/reporteroshoy.mx\/noticias\/entregan-poyos-del-programa-de-gestion-social\/#respond"]}]},{"@type":"WebPage","@id":"https:\/\/reporteroshoy.mx\/noticias\/entregan-poyos-del-programa-de-gestion-social\/","url":"https:\/\/reporteroshoy.mx\/noticias\/entregan-poyos-del-programa-de-gestion-social\/","name":"Entregan poyos del Programa de Gesti\u00f3n Social","isPartOf":{"@id":"https:\/\/reporteroshoy.mx\/noticias\/#website"},"primaryImageOfPage":{"@id":"https:\/\/reporteroshoy.mx\/noticias\/entregan-poyos-del-programa-de-gestion-social\/#primaryimage"},"image":{"@id":"https:\/\/reporteroshoy.mx\/noticias\/entregan-poyos-del-programa-de-gestion-social\/#primaryimage"},"thumbnailUrl":"https:\/\/reporteroshoy.mx\/noticias\/wp-content\/uploads\/2025\/10\/cecilia-atencion-scaled.avif","datePublished":"2025-10-17T21:00:51+00:00","dateModified":"2025-10-18T15:38:26+00:00","author":{"@id":"https:\/\/reporteroshoy.mx\/noticias\/#\/schema\/person\/948520f0d88b01be2e5266bc4acbbc15"},"description":"Las pol\u00edticas de gesti\u00f3n social del Ayuntamiento de M\u00e9rida atendieron a personas de las comisar\u00edas de San Jos\u00e9 Tzal y Xmatkuil.","breadcrumb":{"@id":"https:\/\/reporteroshoy.mx\/noticias\/entregan-poyos-del-programa-de-gestion-social\/#breadcrumb"},"inLanguage":"es","potentialAction":[{"@type":"ReadAction","target":["https:\/\/reporteroshoy.mx\/noticias\/entregan-poyos-del-programa-de-gestion-social\/"]}]},{"@type":"ImageObject","inLanguage":"es","@id":"https:\/\/reporteroshoy.mx\/noticias\/entregan-poyos-del-programa-de-gestion-social\/#primaryimage","url":"https:\/\/reporteroshoy.mx\/noticias\/wp-content\/uploads\/2025\/10\/cecilia-atencion-scaled.avif","contentUrl":"https:\/\/reporteroshoy.mx\/noticias\/wp-content\/uploads\/2025\/10\/cecilia-atencion-scaled.avif","width":768,"height":512},{"@type":"BreadcrumbList","@id":"https:\/\/reporteroshoy.mx\/noticias\/entregan-poyos-del-programa-de-gestion-social\/#breadcrumb","itemListElement":[{"@type":"ListItem","position":1,"name":"Portada","item":"https:\/\/reporteroshoy.mx\/noticias\/"},{"@type":"ListItem","position":2,"name":"Entregan poyos del Programa de Gesti\u00f3n Social"}]},{"@type":"WebSite","@id":"https:\/\/reporteroshoy.mx\/noticias\/#website","url":"https:\/\/reporteroshoy.mx\/noticias\/","name":"Reporteros Hoy | Noticias de Yucat\u00e1n","description":"Peri\u00f3dico digital con noticias diarias desde M\u00e9rida, Yucat\u00e1n para el mundo.","potentialAction":[{"@type":"SearchAction","target":{"@type":"EntryPoint","urlTemplate":"https:\/\/reporteroshoy.mx\/noticias\/?s={search_term_string}"},"query-input":{"@type":"PropertyValueSpecification","valueRequired":true,"valueName":"search_term_string"}}],"inLanguage":"es"},{"@type":"Person","@id":"https:\/\/reporteroshoy.mx\/noticias\/#\/schema\/person\/948520f0d88b01be2e5266bc4acbbc15","name":"Reporteros Hoy IM","image":{"@type":"ImageObject","inLanguage":"es","@id":"https:\/\/secure.gravatar.com\/avatar\/d843030b96552826ac048bdfe26f2895604b800ed0c880ee55765a74d95dfc65?s=96&d=mm&r=g","url":"https:\/\/secure.gravatar.com\/avatar\/d843030b96552826ac048bdfe26f2895604b800ed0c880ee55765a74d95dfc65?s=96&d=mm&r=g","contentUrl":"https:\/\/secure.gravatar.com\/avatar\/d843030b96552826ac048bdfe26f2895604b800ed0c880ee55765a74d95dfc65?s=96&d=mm&r=g","caption":"Reporteros Hoy IM"},"url":"https:\/\/reporteroshoy.mx\/noticias\/author\/israel\/"}]}},"_links":{"self":[{"href":"https:\/\/reporteroshoy.mx\/noticias\/wp-json\/wp\/v2\/posts\/125264","targetHints":{"allow":["GET"]}}],"collection":[{"href":"https:\/\/reporteroshoy.mx\/noticias\/wp-json\/wp\/v2\/posts"}],"about":[{"href":"https:\/\/reporteroshoy.mx\/noticias\/wp-json\/wp\/v2\/types\/post"}],"author":[{"embeddable":true,"href":"https:\/\/reporteroshoy.mx\/noticias\/wp-json\/wp\/v2\/users\/5"}],"replies":[{"embeddable":true,"href":"https:\/\/reporteroshoy.mx\/noticias\/wp-json\/wp\/v2\/comments?post=125264"}],"version-history":[{"count":0,"href":"https:\/\/reporteroshoy.mx\/noticias\/wp-json\/wp\/v2\/posts\/125264\/revisions"}],"wp:featuredmedia":[{"embeddable":true,"href":"https:\/\/reporteroshoy.mx\/noticias\/wp-json\/wp\/v2\/media\/125265"}],"wp:attachment":[{"href":"https:\/\/reporteroshoy.mx\/noticias\/wp-json\/wp\/v2\/media?parent=125264"}],"wp:term":[{"taxonomy":"category","embeddable":true,"href":"https:\/\/reporteroshoy.mx\/noticias\/wp-json\/wp\/v2\/categories?post=125264"},{"taxonomy":"post_tag","embeddable":true,"href":"https:\/\/reporteroshoy.mx\/noticias\/wp-json\/wp\/v2\/tags?post=125264"}],"curies":[{"name":"wp","href":"https:\/\/api.w.org\/{rel}","templated":true}]}}