{"id":126109,"date":"2025-11-25T13:57:52","date_gmt":"2025-11-25T19:57:52","guid":{"rendered":"https:\/\/reporteroshoy.mx\/noticias\/?p=126109"},"modified":"2025-11-25T13:57:52","modified_gmt":"2025-11-25T19:57:52","slug":"exigen-destitucion-inmediata-de-funcionario","status":"publish","type":"post","link":"https:\/\/reporteroshoy.mx\/noticias\/exigen-destitucion-inmediata-de-funcionario\/","title":{"rendered":"Exigen destituci\u00f3n inmediata de funcionario"},"content":{"rendered":"<p style=\"text-align: justify;\" data-olk-copy-source=\"MailCompose\">La Agenda de las Mujeres por la Igualdad Sustantiva en Yucat\u00e1n (Amisy) otorg\u00f3 un plazo de 10 d\u00edas al gobernador, Joaqu\u00edn D\u00edaz Mena, para suspender de sus funciones al director del Instituto del Deporte del Estado (Inderm), Roger Aguilar Arroyo, a quien acusan de incumplir la Ley 3 de 3 contra la violencia hacia las mujeres.<\/p>\n<p style=\"text-align: justify;\">La agrupaci\u00f3n advirti\u00f3 que, si no se realiza la separaci\u00f3n del cargo, interpondr\u00e1n una denuncia penal por este caso.<\/p>\n<p style=\"text-align: justify;\">\u201cLas y los yucatecos tenemos el derecho de ser gobernados por personas que busquen en el ejercicio de su responsabilidad la erradicaci\u00f3n de la violencia en todas sus formas y manifestaciones\u201d, se\u00f1al\u00f3 la presidenta de Amisy, Mar\u00eda Eugenia N\u00fa\u00f1ez Zapata.<\/p>\n<p><img loading=\"lazy\" decoding=\"async\" class=\"wp-image-126110 aligncenter\" src=\"https:\/\/reporteroshoy.mx\/noticias\/wp-content\/uploads\/2025\/11\/Amisy-scaled.avif\" alt=\"\" width=\"600\" height=\"338\" srcset=\"https:\/\/reporteroshoy.mx\/noticias\/wp-content\/uploads\/2025\/11\/Amisy-scaled.avif 768w, https:\/\/reporteroshoy.mx\/noticias\/wp-content\/uploads\/2025\/11\/Amisy-1536x864.avif 1536w\" sizes=\"auto, (max-width: 600px) 100vw, 600px\" \/><\/p>\n<p style=\"text-align: justify;\">La activista acudi\u00f3 este medio d\u00eda al Palacio de Gobierno a entregar una petici\u00f3n formal al Ejecutivo en la que se enuncia su petici\u00f3n para el cese de dicho funcionario, al tiempo que record\u00f3 que la sociedad civil ha impulsado la adecuaci\u00f3n del marco normativo para prevenir y sancionar la violencia de g\u00e9nero en el estado.<\/p>\n<p style=\"text-align: justify;\">N\u00fa\u00f1ez Zapata calific\u00f3 como inadmisible que un funcionario con antecedentes de violencia pueda ocupar un cargo p\u00fablico.<\/p>\n<p style=\"text-align: justify;\">Agreg\u00f3 que el gobierno estatal est\u00e1 obligado a garantizar perfiles id\u00f3neos en su administraci\u00f3n.<\/p>\n<p style=\"text-align: justify;\">Record\u00f3 que Aguilar Arroyo fue denunciado por hostigamiento por las exregidoras de Motul, Yaleni Guadalupe Santos Pech y Olga Abraham Mart\u00ednez, cuando \u00e9l era alcalde de ese municipio.<\/p>\n<p style=\"text-align: justify;\">Tambi\u00e9n se\u00f1al\u00f3 que existen registros p\u00fablicos de conductas mis\u00f3ginas y discriminatorias en redes sociales.<\/p>\n<p style=\"text-align: justify;\">\u201cPor ese motivo, es inaceptable, ileg\u00edtimo e ilegal que una persona como Roger Rafael Aguilar Arroyo se desempe\u00f1e actualmente como funcionario de la administraci\u00f3n p\u00fablica estatal\u201d, expres\u00f3.<\/p>\n<p style=\"text-align: justify;\">La organizaci\u00f3n insisti\u00f3 en que la Ley 3 de 3 contra la violencia proh\u00edbe la incorporaci\u00f3n al servicio p\u00fablico de personas con antecedentes de violencia familiar, delitos sexuales o violencia institucional.<\/p>\n<p style=\"text-align: justify;\">Exhort\u00f3 al gobernador a actuar conforme a la ley y separar del cargo al titular del Inderm.<\/p>\n<p style=\"text-align: justify;\">\u201cPor respeto a la ley exigimos el cese inmediato del violentador Roger Rafael Aguilar Arroyo, cumpliendo con el principio \u00e9tico y jur\u00eddico de la ley: ning\u00fan agresor al poder\u201d, sentenci\u00f3.<\/p>\n","protected":false},"excerpt":{"rendered":"<p>La Agenda Amisy exigi\u00f3 al gobernador suspender al titular del Inderm por posibles antecedentes de violencia y conductas inapropiadas.<\/p>\n","protected":false},"author":9,"featured_media":126110,"comment_status":"open","ping_status":"closed","sticky":false,"template":"","format":"standard","meta":{"footnotes":""},"categories":[17],"tags":[15431,28047],"class_list":["post-126109","post","type-post","status-publish","format-standard","has-post-thumbnail","hentry","category-yucatan","tag-amisy","tag-violencias"],"yoast_head":"<!-- This site is optimized with the Yoast SEO plugin v28.3 - https:\/\/yoast.com\/product\/yoast-seo-wordpress\/ -->\n<title>Exigen destituci\u00f3n inmediata de funcionario<\/title>\n<meta name=\"description\" content=\"La Agenda Amisy exigi\u00f3 al gobernador suspender al titular del Inderm por posibles antecedentes de violencia y conductas inapropiadas.\" \/>\n<meta name=\"robots\" content=\"index, follow, max-snippet:-1, max-image-preview:large, max-video-preview:-1\" \/>\n<link rel=\"canonical\" href=\"https:\/\/reporteroshoy.mx\/noticias\/exigen-destitucion-inmediata-de-funcionario\/\" \/>\n<meta property=\"og:locale\" content=\"es_ES\" \/>\n<meta property=\"og:type\" content=\"article\" \/>\n<meta property=\"og:title\" content=\"Exigen destituci\u00f3n inmediata de funcionario\" \/>\n<meta property=\"og:description\" content=\"La Agenda Amisy exigi\u00f3 al gobernador suspender al titular del Inderm por posibles antecedentes de violencia y conductas inapropiadas.\" \/>\n<meta property=\"og:url\" content=\"https:\/\/reporteroshoy.mx\/noticias\/exigen-destitucion-inmediata-de-funcionario\/\" \/>\n<meta property=\"og:site_name\" content=\"Reporteros Hoy | Noticias de Yucat\u00e1n\" \/>\n<meta property=\"article:publisher\" content=\"http:\/\/www.facebook.com\/reporteroshoymx\" \/>\n<meta property=\"article:published_time\" content=\"2025-11-25T19:57:52+00:00\" \/>\n<meta property=\"og:image\" content=\"https:\/\/reporteroshoy.mx\/noticias\/wp-content\/uploads\/2025\/11\/Amisy-scaled.avif\" \/>\n\t<meta property=\"og:image:width\" content=\"768\" \/>\n\t<meta property=\"og:image:height\" content=\"432\" \/>\n\t<meta property=\"og:image:type\" content=\"image\/jpeg\" \/>\n<meta name=\"author\" content=\"Reporteros Hoy WP\" \/>\n<meta name=\"twitter:card\" content=\"summary_large_image\" \/>\n<meta name=\"twitter:creator\" content=\"@reporteroshoy\" \/>\n<meta name=\"twitter:site\" content=\"@reporteroshoy\" \/>\n<meta name=\"twitter:label1\" content=\"Escrito por\" \/>\n\t<meta name=\"twitter:data1\" content=\"Reporteros Hoy WP\" \/>\n\t<meta name=\"twitter:label2\" content=\"Tiempo de lectura\" \/>\n\t<meta name=\"twitter:data2\" content=\"3 minutos\" \/>\n<script type=\"application\/ld+json\" class=\"yoast-schema-graph\">{\"@context\":\"https:\\\/\\\/schema.org\",\"@graph\":[{\"@type\":\"Article\",\"@id\":\"https:\\\/\\\/reporteroshoy.mx\\\/noticias\\\/exigen-destitucion-inmediata-de-funcionario\\\/#article\",\"isPartOf\":{\"@id\":\"https:\\\/\\\/reporteroshoy.mx\\\/noticias\\\/exigen-destitucion-inmediata-de-funcionario\\\/\"},\"author\":{\"name\":\"Reporteros Hoy WP\",\"@id\":\"https:\\\/\\\/reporteroshoy.mx\\\/noticias\\\/#\\\/schema\\\/person\\\/c977527e57c958a62c5cefe8fe47876e\"},\"headline\":\"Exigen destituci\u00f3n inmediata de funcionario\",\"datePublished\":\"2025-11-25T19:57:52+00:00\",\"mainEntityOfPage\":{\"@id\":\"https:\\\/\\\/reporteroshoy.mx\\\/noticias\\\/exigen-destitucion-inmediata-de-funcionario\\\/\"},\"wordCount\":385,\"commentCount\":0,\"image\":{\"@id\":\"https:\\\/\\\/reporteroshoy.mx\\\/noticias\\\/exigen-destitucion-inmediata-de-funcionario\\\/#primaryimage\"},\"thumbnailUrl\":\"https:\\\/\\\/reporteroshoy.mx\\\/noticias\\\/wp-content\\\/uploads\\\/2025\\\/11\\\/Amisy-scaled.avif\",\"keywords\":[\"Amisy\",\"Violencias\"],\"articleSection\":[\"Yucat\u00e1n\"],\"inLanguage\":\"es\",\"potentialAction\":[{\"@type\":\"CommentAction\",\"name\":\"Comment\",\"target\":[\"https:\\\/\\\/reporteroshoy.mx\\\/noticias\\\/exigen-destitucion-inmediata-de-funcionario\\\/#respond\"]}]},{\"@type\":\"WebPage\",\"@id\":\"https:\\\/\\\/reporteroshoy.mx\\\/noticias\\\/exigen-destitucion-inmediata-de-funcionario\\\/\",\"url\":\"https:\\\/\\\/reporteroshoy.mx\\\/noticias\\\/exigen-destitucion-inmediata-de-funcionario\\\/\",\"name\":\"Exigen destituci\u00f3n inmediata de funcionario\",\"isPartOf\":{\"@id\":\"https:\\\/\\\/reporteroshoy.mx\\\/noticias\\\/#website\"},\"primaryImageOfPage\":{\"@id\":\"https:\\\/\\\/reporteroshoy.mx\\\/noticias\\\/exigen-destitucion-inmediata-de-funcionario\\\/#primaryimage\"},\"image\":{\"@id\":\"https:\\\/\\\/reporteroshoy.mx\\\/noticias\\\/exigen-destitucion-inmediata-de-funcionario\\\/#primaryimage\"},\"thumbnailUrl\":\"https:\\\/\\\/reporteroshoy.mx\\\/noticias\\\/wp-content\\\/uploads\\\/2025\\\/11\\\/Amisy-scaled.avif\",\"datePublished\":\"2025-11-25T19:57:52+00:00\",\"author\":{\"@id\":\"https:\\\/\\\/reporteroshoy.mx\\\/noticias\\\/#\\\/schema\\\/person\\\/c977527e57c958a62c5cefe8fe47876e\"},\"description\":\"La Agenda Amisy exigi\u00f3 al gobernador suspender al titular del Inderm por posibles antecedentes de violencia y conductas inapropiadas.\",\"breadcrumb\":{\"@id\":\"https:\\\/\\\/reporteroshoy.mx\\\/noticias\\\/exigen-destitucion-inmediata-de-funcionario\\\/#breadcrumb\"},\"inLanguage\":\"es\",\"potentialAction\":[{\"@type\":\"ReadAction\",\"target\":[\"https:\\\/\\\/reporteroshoy.mx\\\/noticias\\\/exigen-destitucion-inmediata-de-funcionario\\\/\"]}]},{\"@type\":\"ImageObject\",\"inLanguage\":\"es\",\"@id\":\"https:\\\/\\\/reporteroshoy.mx\\\/noticias\\\/exigen-destitucion-inmediata-de-funcionario\\\/#primaryimage\",\"url\":\"https:\\\/\\\/reporteroshoy.mx\\\/noticias\\\/wp-content\\\/uploads\\\/2025\\\/11\\\/Amisy-scaled.avif\",\"contentUrl\":\"https:\\\/\\\/reporteroshoy.mx\\\/noticias\\\/wp-content\\\/uploads\\\/2025\\\/11\\\/Amisy-scaled.avif\",\"width\":768,\"height\":432,\"caption\":\"Exigen destituci\u00f3n inmediata de funcionario\"},{\"@type\":\"BreadcrumbList\",\"@id\":\"https:\\\/\\\/reporteroshoy.mx\\\/noticias\\\/exigen-destitucion-inmediata-de-funcionario\\\/#breadcrumb\",\"itemListElement\":[{\"@type\":\"ListItem\",\"position\":1,\"name\":\"Portada\",\"item\":\"https:\\\/\\\/reporteroshoy.mx\\\/noticias\\\/\"},{\"@type\":\"ListItem\",\"position\":2,\"name\":\"Exigen destituci\u00f3n inmediata de funcionario\"}]},{\"@type\":\"WebSite\",\"@id\":\"https:\\\/\\\/reporteroshoy.mx\\\/noticias\\\/#website\",\"url\":\"https:\\\/\\\/reporteroshoy.mx\\\/noticias\\\/\",\"name\":\"Reporteros Hoy | Noticias de Yucat\u00e1n\",\"description\":\"Peri\u00f3dico digital con noticias diarias desde M\u00e9rida, Yucat\u00e1n para el mundo.\",\"potentialAction\":[{\"@type\":\"SearchAction\",\"target\":{\"@type\":\"EntryPoint\",\"urlTemplate\":\"https:\\\/\\\/reporteroshoy.mx\\\/noticias\\\/?s={search_term_string}\"},\"query-input\":{\"@type\":\"PropertyValueSpecification\",\"valueRequired\":true,\"valueName\":\"search_term_string\"}}],\"inLanguage\":\"es\"},{\"@type\":\"Person\",\"@id\":\"https:\\\/\\\/reporteroshoy.mx\\\/noticias\\\/#\\\/schema\\\/person\\\/c977527e57c958a62c5cefe8fe47876e\",\"name\":\"Reporteros Hoy WP\",\"image\":{\"@type\":\"ImageObject\",\"inLanguage\":\"es\",\"@id\":\"https:\\\/\\\/secure.gravatar.com\\\/avatar\\\/fd2917f79a7dae30f8ac9ddc2f35e1756bb59e25e01d1cd09deaa64df7b2f73e?s=96&d=mm&r=g\",\"url\":\"https:\\\/\\\/secure.gravatar.com\\\/avatar\\\/fd2917f79a7dae30f8ac9ddc2f35e1756bb59e25e01d1cd09deaa64df7b2f73e?s=96&d=mm&r=g\",\"contentUrl\":\"https:\\\/\\\/secure.gravatar.com\\\/avatar\\\/fd2917f79a7dae30f8ac9ddc2f35e1756bb59e25e01d1cd09deaa64df7b2f73e?s=96&d=mm&r=g\",\"caption\":\"Reporteros Hoy WP\"},\"url\":\"https:\\\/\\\/reporteroshoy.mx\\\/noticias\\\/author\\\/walfer\\\/\"}]}<\/script>\n<!-- \/ Yoast SEO plugin. -->","yoast_head_json":{"title":"Exigen destituci\u00f3n inmediata de funcionario","description":"La Agenda Amisy exigi\u00f3 al gobernador suspender al titular del Inderm por posibles antecedentes de violencia y conductas inapropiadas.","robots":{"index":"index","follow":"follow","max-snippet":"max-snippet:-1","max-image-preview":"max-image-preview:large","max-video-preview":"max-video-preview:-1"},"canonical":"https:\/\/reporteroshoy.mx\/noticias\/exigen-destitucion-inmediata-de-funcionario\/","og_locale":"es_ES","og_type":"article","og_title":"Exigen destituci\u00f3n inmediata de funcionario","og_description":"La Agenda Amisy exigi\u00f3 al gobernador suspender al titular del Inderm por posibles antecedentes de violencia y conductas inapropiadas.","og_url":"https:\/\/reporteroshoy.mx\/noticias\/exigen-destitucion-inmediata-de-funcionario\/","og_site_name":"Reporteros Hoy | Noticias de Yucat\u00e1n","article_publisher":"http:\/\/www.facebook.com\/reporteroshoymx","article_published_time":"2025-11-25T19:57:52+00:00","og_image":[{"width":768,"height":432,"url":"https:\/\/reporteroshoy.mx\/noticias\/wp-content\/uploads\/2025\/11\/Amisy-scaled.avif","type":"image\/jpeg"}],"author":"Reporteros Hoy WP","twitter_card":"summary_large_image","twitter_creator":"@reporteroshoy","twitter_site":"@reporteroshoy","twitter_misc":{"Escrito por":"Reporteros Hoy WP","Tiempo de lectura":"3 minutos"},"schema":{"@context":"https:\/\/schema.org","@graph":[{"@type":"Article","@id":"https:\/\/reporteroshoy.mx\/noticias\/exigen-destitucion-inmediata-de-funcionario\/#article","isPartOf":{"@id":"https:\/\/reporteroshoy.mx\/noticias\/exigen-destitucion-inmediata-de-funcionario\/"},"author":{"name":"Reporteros Hoy WP","@id":"https:\/\/reporteroshoy.mx\/noticias\/#\/schema\/person\/c977527e57c958a62c5cefe8fe47876e"},"headline":"Exigen destituci\u00f3n inmediata de funcionario","datePublished":"2025-11-25T19:57:52+00:00","mainEntityOfPage":{"@id":"https:\/\/reporteroshoy.mx\/noticias\/exigen-destitucion-inmediata-de-funcionario\/"},"wordCount":385,"commentCount":0,"image":{"@id":"https:\/\/reporteroshoy.mx\/noticias\/exigen-destitucion-inmediata-de-funcionario\/#primaryimage"},"thumbnailUrl":"https:\/\/reporteroshoy.mx\/noticias\/wp-content\/uploads\/2025\/11\/Amisy-scaled.avif","keywords":["Amisy","Violencias"],"articleSection":["Yucat\u00e1n"],"inLanguage":"es","potentialAction":[{"@type":"CommentAction","name":"Comment","target":["https:\/\/reporteroshoy.mx\/noticias\/exigen-destitucion-inmediata-de-funcionario\/#respond"]}]},{"@type":"WebPage","@id":"https:\/\/reporteroshoy.mx\/noticias\/exigen-destitucion-inmediata-de-funcionario\/","url":"https:\/\/reporteroshoy.mx\/noticias\/exigen-destitucion-inmediata-de-funcionario\/","name":"Exigen destituci\u00f3n inmediata de funcionario","isPartOf":{"@id":"https:\/\/reporteroshoy.mx\/noticias\/#website"},"primaryImageOfPage":{"@id":"https:\/\/reporteroshoy.mx\/noticias\/exigen-destitucion-inmediata-de-funcionario\/#primaryimage"},"image":{"@id":"https:\/\/reporteroshoy.mx\/noticias\/exigen-destitucion-inmediata-de-funcionario\/#primaryimage"},"thumbnailUrl":"https:\/\/reporteroshoy.mx\/noticias\/wp-content\/uploads\/2025\/11\/Amisy-scaled.avif","datePublished":"2025-11-25T19:57:52+00:00","author":{"@id":"https:\/\/reporteroshoy.mx\/noticias\/#\/schema\/person\/c977527e57c958a62c5cefe8fe47876e"},"description":"La Agenda Amisy exigi\u00f3 al gobernador suspender al titular del Inderm por posibles antecedentes de violencia y conductas inapropiadas.","breadcrumb":{"@id":"https:\/\/reporteroshoy.mx\/noticias\/exigen-destitucion-inmediata-de-funcionario\/#breadcrumb"},"inLanguage":"es","potentialAction":[{"@type":"ReadAction","target":["https:\/\/reporteroshoy.mx\/noticias\/exigen-destitucion-inmediata-de-funcionario\/"]}]},{"@type":"ImageObject","inLanguage":"es","@id":"https:\/\/reporteroshoy.mx\/noticias\/exigen-destitucion-inmediata-de-funcionario\/#primaryimage","url":"https:\/\/reporteroshoy.mx\/noticias\/wp-content\/uploads\/2025\/11\/Amisy-scaled.avif","contentUrl":"https:\/\/reporteroshoy.mx\/noticias\/wp-content\/uploads\/2025\/11\/Amisy-scaled.avif","width":768,"height":432,"caption":"Exigen destituci\u00f3n inmediata de funcionario"},{"@type":"BreadcrumbList","@id":"https:\/\/reporteroshoy.mx\/noticias\/exigen-destitucion-inmediata-de-funcionario\/#breadcrumb","itemListElement":[{"@type":"ListItem","position":1,"name":"Portada","item":"https:\/\/reporteroshoy.mx\/noticias\/"},{"@type":"ListItem","position":2,"name":"Exigen destituci\u00f3n inmediata de funcionario"}]},{"@type":"WebSite","@id":"https:\/\/reporteroshoy.mx\/noticias\/#website","url":"https:\/\/reporteroshoy.mx\/noticias\/","name":"Reporteros Hoy | Noticias de Yucat\u00e1n","description":"Peri\u00f3dico digital con noticias diarias desde M\u00e9rida, Yucat\u00e1n para el mundo.","potentialAction":[{"@type":"SearchAction","target":{"@type":"EntryPoint","urlTemplate":"https:\/\/reporteroshoy.mx\/noticias\/?s={search_term_string}"},"query-input":{"@type":"PropertyValueSpecification","valueRequired":true,"valueName":"search_term_string"}}],"inLanguage":"es"},{"@type":"Person","@id":"https:\/\/reporteroshoy.mx\/noticias\/#\/schema\/person\/c977527e57c958a62c5cefe8fe47876e","name":"Reporteros Hoy WP","image":{"@type":"ImageObject","inLanguage":"es","@id":"https:\/\/secure.gravatar.com\/avatar\/fd2917f79a7dae30f8ac9ddc2f35e1756bb59e25e01d1cd09deaa64df7b2f73e?s=96&d=mm&r=g","url":"https:\/\/secure.gravatar.com\/avatar\/fd2917f79a7dae30f8ac9ddc2f35e1756bb59e25e01d1cd09deaa64df7b2f73e?s=96&d=mm&r=g","contentUrl":"https:\/\/secure.gravatar.com\/avatar\/fd2917f79a7dae30f8ac9ddc2f35e1756bb59e25e01d1cd09deaa64df7b2f73e?s=96&d=mm&r=g","caption":"Reporteros Hoy WP"},"url":"https:\/\/reporteroshoy.mx\/noticias\/author\/walfer\/"}]}},"_links":{"self":[{"href":"https:\/\/reporteroshoy.mx\/noticias\/wp-json\/wp\/v2\/posts\/126109","targetHints":{"allow":["GET"]}}],"collection":[{"href":"https:\/\/reporteroshoy.mx\/noticias\/wp-json\/wp\/v2\/posts"}],"about":[{"href":"https:\/\/reporteroshoy.mx\/noticias\/wp-json\/wp\/v2\/types\/post"}],"author":[{"embeddable":true,"href":"https:\/\/reporteroshoy.mx\/noticias\/wp-json\/wp\/v2\/users\/9"}],"replies":[{"embeddable":true,"href":"https:\/\/reporteroshoy.mx\/noticias\/wp-json\/wp\/v2\/comments?post=126109"}],"version-history":[{"count":0,"href":"https:\/\/reporteroshoy.mx\/noticias\/wp-json\/wp\/v2\/posts\/126109\/revisions"}],"wp:featuredmedia":[{"embeddable":true,"href":"https:\/\/reporteroshoy.mx\/noticias\/wp-json\/wp\/v2\/media\/126110"}],"wp:attachment":[{"href":"https:\/\/reporteroshoy.mx\/noticias\/wp-json\/wp\/v2\/media?parent=126109"}],"wp:term":[{"taxonomy":"category","embeddable":true,"href":"https:\/\/reporteroshoy.mx\/noticias\/wp-json\/wp\/v2\/categories?post=126109"},{"taxonomy":"post_tag","embeddable":true,"href":"https:\/\/reporteroshoy.mx\/noticias\/wp-json\/wp\/v2\/tags?post=126109"}],"curies":[{"name":"wp","href":"https:\/\/api.w.org\/{rel}","templated":true}]}}