{"id":126125,"date":"2025-11-26T10:29:47","date_gmt":"2025-11-26T16:29:47","guid":{"rendered":"https:\/\/reporteroshoy.mx\/noticias\/?p=126125"},"modified":"2025-11-26T10:29:47","modified_gmt":"2025-11-26T16:29:47","slug":"informalidad-laboral-en-yucatan-supera-media-nacional","status":"publish","type":"post","link":"https:\/\/reporteroshoy.mx\/noticias\/informalidad-laboral-en-yucatan-supera-media-nacional\/","title":{"rendered":"Informalidad laboral en Yucat\u00e1n supera media nacional"},"content":{"rendered":"<p style=\"text-align: justify;\">La informalidad se ha mantenido pr\u00e1cticamente estable durante el \u00faltimo a\u00f1o, con una reducci\u00f3n marginal de 0.5 puntos porcentuales respecto al primer trimestre de 2024 Yucat\u00e1n cerr\u00f3 el tercer trimestre de este a\u00f1o con la segunda tasa de desocupaci\u00f3n m\u00e1s baja a nivel nacional con apenas 1.5%, solo por debajo de Guerrero.<\/p>\n<p style=\"text-align: justify;\">Sin embargo, el estado enfrenta un problema: 58.8% de sus trabajadores se encuentran en la informalidad laboral, superando la media nacional de 55.4%, seg\u00fan la Encuesta Nacional de Ocupaci\u00f3n y Empleo (ENOE) publicada por el INEGI este 26 de noviembre.<\/p>\n<p style=\"text-align: justify;\">El dato representa una reducci\u00f3n marginal respecto al primer trimestre de 2024, cuando la informalidad alcanz\u00f3 59.3%, evidenciando la persistencia del fen\u00f3meno como problema que se mantiene pr\u00e1cticamente sin variaci\u00f3n significativa.<\/p>\n<p style=\"text-align: justify;\">Esta paradoja laboral yucateca \u2014alta ocupaci\u00f3n pero baja calidad del empleo\u2014 revela que si bien pr\u00e1cticamente todos los que buscan trabajo lo encuentran, una proporci\u00f3n considerable lo hace sin prestaciones, seguridad social o contratos formales. Del total de 1.25 millones de personas ocupadas en la entidad, 735,000 trabajan en estas condiciones de vulnerabilidad laboral.<\/p>\n<p><img loading=\"lazy\" decoding=\"async\" class=\"wp-image-80377 aligncenter\" src=\"https:\/\/reporteroshoy.mx\/noticias\/wp-content\/uploads\/2022\/02\/Desempleo.jpg\" alt=\"\" width=\"600\" height=\"338\" \/><\/p>\n<p style=\"text-align: justify;\">La cifra de desempleo yucateco contrasta con la media nacional de 2.9%. Del total de la poblaci\u00f3n econ\u00f3micamente activa estatal \u2014que alcanz\u00f3 los 1.27 millones de personas\u2014 \u00fanicamente 19,585 se encontraban sin empleo pero busc\u00e1ndolo activamente.<\/p>\n<h4 style=\"text-align: justify;\"><strong>Liderazgo regional en participaci\u00f3n laboral<\/strong><\/h4>\n<p style=\"text-align: justify;\">Con una tasa de participaci\u00f3n econ\u00f3mica de 66.3%, Yucat\u00e1n ocupa el tercer lugar nacional, superando ampliamente el promedio del pa\u00eds (59.5%). Esto significa que dos de cada tres yucatecos en edad de trabajar est\u00e1n empleados o buscan activamente empleo, una proporci\u00f3n que solo es superada por Baja California Sur (67.5%) y Colima (67.0%).<\/p>\n<p style=\"text-align: justify;\">La tasa de ocupaci\u00f3n del estado se ubic\u00f3 en 98.5%, la segunda m\u00e1s alta del territorio mexicano, indicando que pr\u00e1cticamente la totalidad de la poblaci\u00f3n econ\u00f3micamente activa yucateca tiene un empleo.<\/p>\n<h4 style=\"text-align: justify;\"><strong>Estructura del empleo y condiciones laborales<\/strong><\/h4>\n<p style=\"text-align: justify;\">El an\u00e1lisis sectorial revela que 65.9% de los ocupados en Yucat\u00e1n son trabajadores asalariados, ligeramente por encima del promedio nacional de 65.7%.<\/p>\n<p style=\"text-align: justify;\">Sin embargo, la entidad mantiene niveles elevados en materia de informalidad laboral: 58.8% de los trabajadores se encuentran en esta condici\u00f3n, superando la media nacional de 55.4%.<\/p>\n<p style=\"text-align: justify;\">La tasa de subocupaci\u00f3n \u2014personas que necesitan y est\u00e1n disponibles para trabajar m\u00e1s horas\u2014 se ubic\u00f3 en 6.4%, por debajo del promedio nacional de 7.2%. Mientras tanto, 33.5% de los ocupados yucatecos se encuentran en condiciones cr\u00edticas de ocupaci\u00f3n, considerando ingresos y horas trabajadas, cifra que se mantiene cerca del promedio nacional de 33.6%.<\/p>\n<h4 style=\"text-align: justify;\"><strong>Contexto regional y perspectivas<\/strong><\/h4>\n<p style=\"text-align: justify;\">En el panorama del sureste mexicano, Yucat\u00e1n se distingue de sus vecinos. Mientras Quintana Roo registr\u00f3 una tasa de desocupaci\u00f3n de 3.1% y Campeche de 2.9%, Yucat\u00e1n mantiene niveles menores. La brecha es a\u00fan m\u00e1s pronunciada con Chiapas (2.5%) y Tabasco (4.8%), este \u00faltimo con la tasa de desempleo m\u00e1s alta del pa\u00eds.<\/p>\n","protected":false},"excerpt":{"rendered":"<p>Yucat\u00e1n registra m\u00ednima tasa de desempleo, pero mantiene un alto nivel de informalidad que afecta derechos laborales esenciales.<\/p>\n","protected":false},"author":9,"featured_media":80377,"comment_status":"open","ping_status":"closed","sticky":false,"template":"","format":"standard","meta":{"footnotes":""},"categories":[17],"tags":[3152,28051],"class_list":["post-126125","post","type-post","status-publish","format-standard","has-post-thumbnail","hentry","category-yucatan","tag-desempleo","tag-informalidad-laboral"],"yoast_head":"<!-- This site is optimized with the Yoast SEO plugin v28.4 - https:\/\/yoast.com\/product\/yoast-seo-wordpress\/ -->\n<title>Informalidad laboral en Yucat\u00e1n supera media nacional<\/title>\n<meta name=\"description\" content=\"Yucat\u00e1n registra m\u00ednima tasa de desempleo, pero mantiene un alto nivel de informalidad que afecta derechos laborales esenciales.\" \/>\n<meta name=\"robots\" content=\"index, follow, max-snippet:-1, max-image-preview:large, max-video-preview:-1\" \/>\n<link rel=\"canonical\" href=\"https:\/\/reporteroshoy.mx\/noticias\/informalidad-laboral-en-yucatan-supera-media-nacional\/\" \/>\n<meta property=\"og:locale\" content=\"es_ES\" \/>\n<meta property=\"og:type\" content=\"article\" \/>\n<meta property=\"og:title\" content=\"Informalidad laboral en Yucat\u00e1n supera media nacional\" \/>\n<meta property=\"og:description\" content=\"Yucat\u00e1n registra m\u00ednima tasa de desempleo, pero mantiene un alto nivel de informalidad que afecta derechos laborales esenciales.\" \/>\n<meta property=\"og:url\" content=\"https:\/\/reporteroshoy.mx\/noticias\/informalidad-laboral-en-yucatan-supera-media-nacional\/\" \/>\n<meta property=\"og:site_name\" content=\"Reporteros Hoy | Noticias de Yucat\u00e1n\" \/>\n<meta property=\"article:publisher\" content=\"http:\/\/www.facebook.com\/reporteroshoymx\" \/>\n<meta property=\"article:published_time\" content=\"2025-11-26T16:29:47+00:00\" \/>\n<meta property=\"og:image\" content=\"https:\/\/reporteroshoy.mx\/noticias\/wp-content\/uploads\/2022\/02\/Desempleo.jpg\" \/>\n\t<meta property=\"og:image:width\" content=\"768\" \/>\n\t<meta property=\"og:image:height\" content=\"432\" \/>\n\t<meta property=\"og:image:type\" content=\"image\/jpeg\" \/>\n<meta name=\"author\" content=\"Reporteros Hoy WP\" \/>\n<meta name=\"twitter:card\" content=\"summary_large_image\" \/>\n<meta name=\"twitter:creator\" content=\"@reporteroshoy\" \/>\n<meta name=\"twitter:site\" content=\"@reporteroshoy\" \/>\n<meta name=\"twitter:label1\" content=\"Escrito por\" \/>\n\t<meta name=\"twitter:data1\" content=\"Reporteros Hoy WP\" \/>\n\t<meta name=\"twitter:label2\" content=\"Tiempo de lectura\" \/>\n\t<meta name=\"twitter:data2\" content=\"3 minutos\" \/>\n<script type=\"application\/ld+json\" class=\"yoast-schema-graph\">{\"@context\":\"https:\\\/\\\/schema.org\",\"@graph\":[{\"@type\":\"Article\",\"@id\":\"https:\\\/\\\/reporteroshoy.mx\\\/noticias\\\/informalidad-laboral-en-yucatan-supera-media-nacional\\\/#article\",\"isPartOf\":{\"@id\":\"https:\\\/\\\/reporteroshoy.mx\\\/noticias\\\/informalidad-laboral-en-yucatan-supera-media-nacional\\\/\"},\"author\":{\"name\":\"Reporteros Hoy WP\",\"@id\":\"https:\\\/\\\/reporteroshoy.mx\\\/noticias\\\/#\\\/schema\\\/person\\\/c977527e57c958a62c5cefe8fe47876e\"},\"headline\":\"Informalidad laboral en Yucat\u00e1n supera media nacional\",\"datePublished\":\"2025-11-26T16:29:47+00:00\",\"mainEntityOfPage\":{\"@id\":\"https:\\\/\\\/reporteroshoy.mx\\\/noticias\\\/informalidad-laboral-en-yucatan-supera-media-nacional\\\/\"},\"wordCount\":492,\"commentCount\":0,\"image\":{\"@id\":\"https:\\\/\\\/reporteroshoy.mx\\\/noticias\\\/informalidad-laboral-en-yucatan-supera-media-nacional\\\/#primaryimage\"},\"thumbnailUrl\":\"https:\\\/\\\/reporteroshoy.mx\\\/noticias\\\/wp-content\\\/uploads\\\/2022\\\/02\\\/Desempleo.jpg\",\"keywords\":[\"Desempleo\",\"Informalidad laboral\"],\"articleSection\":[\"Yucat\u00e1n\"],\"inLanguage\":\"es\",\"potentialAction\":[{\"@type\":\"CommentAction\",\"name\":\"Comment\",\"target\":[\"https:\\\/\\\/reporteroshoy.mx\\\/noticias\\\/informalidad-laboral-en-yucatan-supera-media-nacional\\\/#respond\"]}]},{\"@type\":\"WebPage\",\"@id\":\"https:\\\/\\\/reporteroshoy.mx\\\/noticias\\\/informalidad-laboral-en-yucatan-supera-media-nacional\\\/\",\"url\":\"https:\\\/\\\/reporteroshoy.mx\\\/noticias\\\/informalidad-laboral-en-yucatan-supera-media-nacional\\\/\",\"name\":\"Informalidad laboral en Yucat\u00e1n supera media nacional\",\"isPartOf\":{\"@id\":\"https:\\\/\\\/reporteroshoy.mx\\\/noticias\\\/#website\"},\"primaryImageOfPage\":{\"@id\":\"https:\\\/\\\/reporteroshoy.mx\\\/noticias\\\/informalidad-laboral-en-yucatan-supera-media-nacional\\\/#primaryimage\"},\"image\":{\"@id\":\"https:\\\/\\\/reporteroshoy.mx\\\/noticias\\\/informalidad-laboral-en-yucatan-supera-media-nacional\\\/#primaryimage\"},\"thumbnailUrl\":\"https:\\\/\\\/reporteroshoy.mx\\\/noticias\\\/wp-content\\\/uploads\\\/2022\\\/02\\\/Desempleo.jpg\",\"datePublished\":\"2025-11-26T16:29:47+00:00\",\"author\":{\"@id\":\"https:\\\/\\\/reporteroshoy.mx\\\/noticias\\\/#\\\/schema\\\/person\\\/c977527e57c958a62c5cefe8fe47876e\"},\"description\":\"Yucat\u00e1n registra m\u00ednima tasa de desempleo, pero mantiene un alto nivel de informalidad que afecta derechos laborales esenciales.\",\"breadcrumb\":{\"@id\":\"https:\\\/\\\/reporteroshoy.mx\\\/noticias\\\/informalidad-laboral-en-yucatan-supera-media-nacional\\\/#breadcrumb\"},\"inLanguage\":\"es\",\"potentialAction\":[{\"@type\":\"ReadAction\",\"target\":[\"https:\\\/\\\/reporteroshoy.mx\\\/noticias\\\/informalidad-laboral-en-yucatan-supera-media-nacional\\\/\"]}]},{\"@type\":\"ImageObject\",\"inLanguage\":\"es\",\"@id\":\"https:\\\/\\\/reporteroshoy.mx\\\/noticias\\\/informalidad-laboral-en-yucatan-supera-media-nacional\\\/#primaryimage\",\"url\":\"https:\\\/\\\/reporteroshoy.mx\\\/noticias\\\/wp-content\\\/uploads\\\/2022\\\/02\\\/Desempleo.jpg\",\"contentUrl\":\"https:\\\/\\\/reporteroshoy.mx\\\/noticias\\\/wp-content\\\/uploads\\\/2022\\\/02\\\/Desempleo.jpg\",\"width\":768,\"height\":432,\"caption\":\"Informalidad laboral en Yucat\u00e1n supera media nacional\"},{\"@type\":\"BreadcrumbList\",\"@id\":\"https:\\\/\\\/reporteroshoy.mx\\\/noticias\\\/informalidad-laboral-en-yucatan-supera-media-nacional\\\/#breadcrumb\",\"itemListElement\":[{\"@type\":\"ListItem\",\"position\":1,\"name\":\"Portada\",\"item\":\"https:\\\/\\\/reporteroshoy.mx\\\/noticias\\\/\"},{\"@type\":\"ListItem\",\"position\":2,\"name\":\"Informalidad laboral en Yucat\u00e1n supera media nacional\"}]},{\"@type\":\"WebSite\",\"@id\":\"https:\\\/\\\/reporteroshoy.mx\\\/noticias\\\/#website\",\"url\":\"https:\\\/\\\/reporteroshoy.mx\\\/noticias\\\/\",\"name\":\"Reporteros Hoy | Noticias de Yucat\u00e1n\",\"description\":\"Peri\u00f3dico digital con noticias diarias desde M\u00e9rida, Yucat\u00e1n para el mundo.\",\"potentialAction\":[{\"@type\":\"SearchAction\",\"target\":{\"@type\":\"EntryPoint\",\"urlTemplate\":\"https:\\\/\\\/reporteroshoy.mx\\\/noticias\\\/?s={search_term_string}\"},\"query-input\":{\"@type\":\"PropertyValueSpecification\",\"valueRequired\":true,\"valueName\":\"search_term_string\"}}],\"inLanguage\":\"es\"},{\"@type\":\"Person\",\"@id\":\"https:\\\/\\\/reporteroshoy.mx\\\/noticias\\\/#\\\/schema\\\/person\\\/c977527e57c958a62c5cefe8fe47876e\",\"name\":\"Reporteros Hoy WP\",\"image\":{\"@type\":\"ImageObject\",\"inLanguage\":\"es\",\"@id\":\"https:\\\/\\\/secure.gravatar.com\\\/avatar\\\/fd2917f79a7dae30f8ac9ddc2f35e1756bb59e25e01d1cd09deaa64df7b2f73e?s=96&d=mm&r=g\",\"url\":\"https:\\\/\\\/secure.gravatar.com\\\/avatar\\\/fd2917f79a7dae30f8ac9ddc2f35e1756bb59e25e01d1cd09deaa64df7b2f73e?s=96&d=mm&r=g\",\"contentUrl\":\"https:\\\/\\\/secure.gravatar.com\\\/avatar\\\/fd2917f79a7dae30f8ac9ddc2f35e1756bb59e25e01d1cd09deaa64df7b2f73e?s=96&d=mm&r=g\",\"caption\":\"Reporteros Hoy WP\"},\"url\":\"https:\\\/\\\/reporteroshoy.mx\\\/noticias\\\/author\\\/walfer\\\/\"}]}<\/script>\n<!-- \/ Yoast SEO plugin. -->","yoast_head_json":{"title":"Informalidad laboral en Yucat\u00e1n supera media nacional","description":"Yucat\u00e1n registra m\u00ednima tasa de desempleo, pero mantiene un alto nivel de informalidad que afecta derechos laborales esenciales.","robots":{"index":"index","follow":"follow","max-snippet":"max-snippet:-1","max-image-preview":"max-image-preview:large","max-video-preview":"max-video-preview:-1"},"canonical":"https:\/\/reporteroshoy.mx\/noticias\/informalidad-laboral-en-yucatan-supera-media-nacional\/","og_locale":"es_ES","og_type":"article","og_title":"Informalidad laboral en Yucat\u00e1n supera media nacional","og_description":"Yucat\u00e1n registra m\u00ednima tasa de desempleo, pero mantiene un alto nivel de informalidad que afecta derechos laborales esenciales.","og_url":"https:\/\/reporteroshoy.mx\/noticias\/informalidad-laboral-en-yucatan-supera-media-nacional\/","og_site_name":"Reporteros Hoy | Noticias de Yucat\u00e1n","article_publisher":"http:\/\/www.facebook.com\/reporteroshoymx","article_published_time":"2025-11-26T16:29:47+00:00","og_image":[{"width":768,"height":432,"url":"https:\/\/reporteroshoy.mx\/noticias\/wp-content\/uploads\/2022\/02\/Desempleo.jpg","type":"image\/jpeg"}],"author":"Reporteros Hoy WP","twitter_card":"summary_large_image","twitter_creator":"@reporteroshoy","twitter_site":"@reporteroshoy","twitter_misc":{"Escrito por":"Reporteros Hoy WP","Tiempo de lectura":"3 minutos"},"schema":{"@context":"https:\/\/schema.org","@graph":[{"@type":"Article","@id":"https:\/\/reporteroshoy.mx\/noticias\/informalidad-laboral-en-yucatan-supera-media-nacional\/#article","isPartOf":{"@id":"https:\/\/reporteroshoy.mx\/noticias\/informalidad-laboral-en-yucatan-supera-media-nacional\/"},"author":{"name":"Reporteros Hoy WP","@id":"https:\/\/reporteroshoy.mx\/noticias\/#\/schema\/person\/c977527e57c958a62c5cefe8fe47876e"},"headline":"Informalidad laboral en Yucat\u00e1n supera media nacional","datePublished":"2025-11-26T16:29:47+00:00","mainEntityOfPage":{"@id":"https:\/\/reporteroshoy.mx\/noticias\/informalidad-laboral-en-yucatan-supera-media-nacional\/"},"wordCount":492,"commentCount":0,"image":{"@id":"https:\/\/reporteroshoy.mx\/noticias\/informalidad-laboral-en-yucatan-supera-media-nacional\/#primaryimage"},"thumbnailUrl":"https:\/\/reporteroshoy.mx\/noticias\/wp-content\/uploads\/2022\/02\/Desempleo.jpg","keywords":["Desempleo","Informalidad laboral"],"articleSection":["Yucat\u00e1n"],"inLanguage":"es","potentialAction":[{"@type":"CommentAction","name":"Comment","target":["https:\/\/reporteroshoy.mx\/noticias\/informalidad-laboral-en-yucatan-supera-media-nacional\/#respond"]}]},{"@type":"WebPage","@id":"https:\/\/reporteroshoy.mx\/noticias\/informalidad-laboral-en-yucatan-supera-media-nacional\/","url":"https:\/\/reporteroshoy.mx\/noticias\/informalidad-laboral-en-yucatan-supera-media-nacional\/","name":"Informalidad laboral en Yucat\u00e1n supera media nacional","isPartOf":{"@id":"https:\/\/reporteroshoy.mx\/noticias\/#website"},"primaryImageOfPage":{"@id":"https:\/\/reporteroshoy.mx\/noticias\/informalidad-laboral-en-yucatan-supera-media-nacional\/#primaryimage"},"image":{"@id":"https:\/\/reporteroshoy.mx\/noticias\/informalidad-laboral-en-yucatan-supera-media-nacional\/#primaryimage"},"thumbnailUrl":"https:\/\/reporteroshoy.mx\/noticias\/wp-content\/uploads\/2022\/02\/Desempleo.jpg","datePublished":"2025-11-26T16:29:47+00:00","author":{"@id":"https:\/\/reporteroshoy.mx\/noticias\/#\/schema\/person\/c977527e57c958a62c5cefe8fe47876e"},"description":"Yucat\u00e1n registra m\u00ednima tasa de desempleo, pero mantiene un alto nivel de informalidad que afecta derechos laborales esenciales.","breadcrumb":{"@id":"https:\/\/reporteroshoy.mx\/noticias\/informalidad-laboral-en-yucatan-supera-media-nacional\/#breadcrumb"},"inLanguage":"es","potentialAction":[{"@type":"ReadAction","target":["https:\/\/reporteroshoy.mx\/noticias\/informalidad-laboral-en-yucatan-supera-media-nacional\/"]}]},{"@type":"ImageObject","inLanguage":"es","@id":"https:\/\/reporteroshoy.mx\/noticias\/informalidad-laboral-en-yucatan-supera-media-nacional\/#primaryimage","url":"https:\/\/reporteroshoy.mx\/noticias\/wp-content\/uploads\/2022\/02\/Desempleo.jpg","contentUrl":"https:\/\/reporteroshoy.mx\/noticias\/wp-content\/uploads\/2022\/02\/Desempleo.jpg","width":768,"height":432,"caption":"Informalidad laboral en Yucat\u00e1n supera media nacional"},{"@type":"BreadcrumbList","@id":"https:\/\/reporteroshoy.mx\/noticias\/informalidad-laboral-en-yucatan-supera-media-nacional\/#breadcrumb","itemListElement":[{"@type":"ListItem","position":1,"name":"Portada","item":"https:\/\/reporteroshoy.mx\/noticias\/"},{"@type":"ListItem","position":2,"name":"Informalidad laboral en Yucat\u00e1n supera media nacional"}]},{"@type":"WebSite","@id":"https:\/\/reporteroshoy.mx\/noticias\/#website","url":"https:\/\/reporteroshoy.mx\/noticias\/","name":"Reporteros Hoy | Noticias de Yucat\u00e1n","description":"Peri\u00f3dico digital con noticias diarias desde M\u00e9rida, Yucat\u00e1n para el mundo.","potentialAction":[{"@type":"SearchAction","target":{"@type":"EntryPoint","urlTemplate":"https:\/\/reporteroshoy.mx\/noticias\/?s={search_term_string}"},"query-input":{"@type":"PropertyValueSpecification","valueRequired":true,"valueName":"search_term_string"}}],"inLanguage":"es"},{"@type":"Person","@id":"https:\/\/reporteroshoy.mx\/noticias\/#\/schema\/person\/c977527e57c958a62c5cefe8fe47876e","name":"Reporteros Hoy WP","image":{"@type":"ImageObject","inLanguage":"es","@id":"https:\/\/secure.gravatar.com\/avatar\/fd2917f79a7dae30f8ac9ddc2f35e1756bb59e25e01d1cd09deaa64df7b2f73e?s=96&d=mm&r=g","url":"https:\/\/secure.gravatar.com\/avatar\/fd2917f79a7dae30f8ac9ddc2f35e1756bb59e25e01d1cd09deaa64df7b2f73e?s=96&d=mm&r=g","contentUrl":"https:\/\/secure.gravatar.com\/avatar\/fd2917f79a7dae30f8ac9ddc2f35e1756bb59e25e01d1cd09deaa64df7b2f73e?s=96&d=mm&r=g","caption":"Reporteros Hoy WP"},"url":"https:\/\/reporteroshoy.mx\/noticias\/author\/walfer\/"}]}},"_links":{"self":[{"href":"https:\/\/reporteroshoy.mx\/noticias\/wp-json\/wp\/v2\/posts\/126125","targetHints":{"allow":["GET"]}}],"collection":[{"href":"https:\/\/reporteroshoy.mx\/noticias\/wp-json\/wp\/v2\/posts"}],"about":[{"href":"https:\/\/reporteroshoy.mx\/noticias\/wp-json\/wp\/v2\/types\/post"}],"author":[{"embeddable":true,"href":"https:\/\/reporteroshoy.mx\/noticias\/wp-json\/wp\/v2\/users\/9"}],"replies":[{"embeddable":true,"href":"https:\/\/reporteroshoy.mx\/noticias\/wp-json\/wp\/v2\/comments?post=126125"}],"version-history":[{"count":0,"href":"https:\/\/reporteroshoy.mx\/noticias\/wp-json\/wp\/v2\/posts\/126125\/revisions"}],"wp:featuredmedia":[{"embeddable":true,"href":"https:\/\/reporteroshoy.mx\/noticias\/wp-json\/wp\/v2\/media\/80377"}],"wp:attachment":[{"href":"https:\/\/reporteroshoy.mx\/noticias\/wp-json\/wp\/v2\/media?parent=126125"}],"wp:term":[{"taxonomy":"category","embeddable":true,"href":"https:\/\/reporteroshoy.mx\/noticias\/wp-json\/wp\/v2\/categories?post=126125"},{"taxonomy":"post_tag","embeddable":true,"href":"https:\/\/reporteroshoy.mx\/noticias\/wp-json\/wp\/v2\/tags?post=126125"}],"curies":[{"name":"wp","href":"https:\/\/api.w.org\/{rel}","templated":true}]}}