{"id":126285,"date":"2025-12-02T21:40:23","date_gmt":"2025-12-03T03:40:23","guid":{"rendered":"https:\/\/reporteroshoy.mx\/noticias\/?p=126285"},"modified":"2025-12-02T21:40:23","modified_gmt":"2025-12-03T03:40:23","slug":"inicio-la-semana-de-la-economia-digital-2025-en-yucatan","status":"publish","type":"post","link":"https:\/\/reporteroshoy.mx\/noticias\/inicio-la-semana-de-la-economia-digital-2025-en-yucatan\/","title":{"rendered":"Inici\u00f3 la Semana de la Econom\u00eda Digital 2025 en Yucat\u00e1n"},"content":{"rendered":"<p style=\"text-align: justify;\">La Secretar\u00eda de Econom\u00eda y Trabajo del Estado de Yucat\u00e1n (SETY) puso en marcha la Semana de la Econom\u00eda Digital 2025, espacio estrat\u00e9gico destinado a impulsar la adopci\u00f3n de herramientas digitales en empresas de los sectores comercio, servicios, industria y restaurantes, a trav\u00e9s de la Estrategia de Transformaci\u00f3n Digital para Empresas.<\/p>\n<p style=\"text-align: justify;\">\u00a0En el evento, que se desarrolla este 2 y 3 de diciembre en el Centro Internacional de Congresos de Yucat\u00e1n en conjunto con la C\u00e1mara Nacional de la Industria de Transformaci\u00f3n (Canacintra), participan empresarias, empresarios, especialistas y aliados del ecosistema tecnol\u00f3gico y digital.<\/p>\n<p><img loading=\"lazy\" decoding=\"async\" class=\"alignnone wp-image-126286 size-full\" title=\"Inici\u00f3 la Semana de la Econom\u00eda Digital 2025 en Yucat\u00e1n\" src=\"https:\/\/reporteroshoy.mx\/noticias\/wp-content\/uploads\/2025\/12\/Semana-de-la-Economia-Digital-2-scaled.avif\" alt=\"\" width=\"768\" height=\"389\" srcset=\"https:\/\/reporteroshoy.mx\/noticias\/wp-content\/uploads\/2025\/12\/Semana-de-la-Economia-Digital-2-scaled.avif 768w, https:\/\/reporteroshoy.mx\/noticias\/wp-content\/uploads\/2025\/12\/Semana-de-la-Economia-Digital-2-1536x777.avif 1536w, https:\/\/reporteroshoy.mx\/noticias\/wp-content\/uploads\/2025\/12\/Semana-de-la-Economia-Digital-2-2048x1036.avif 2048w\" sizes=\"auto, (max-width: 768px) 100vw, 768px\" \/><\/p>\n<p style=\"text-align: justify;\">\u00a0Durante la inauguraci\u00f3n, se llev\u00f3 a cabo la entrega de 200 kits de herramientas digitales a las empresas beneficiarias de la primera generaci\u00f3n de la Estrategia de Transformaci\u00f3n Digital para Empresas, con el objetivo de optimizar sus procesos, mejorar su gesti\u00f3n operativa, incrementar sus ventas y elevar su competitividad mediante el uso de soluciones tecnol\u00f3gicas innovadoras.<\/p>\n<p style=\"text-align: justify;\">\u00a0La Semana de la Econom\u00eda Digital 2025 contar\u00e1 con la participaci\u00f3n de empresas y organizaciones Transformadoras Digitales, as\u00ed como con un programa acad\u00e9mico integrado por m\u00e1s de 30 ponentes a lo largo de dos d\u00edas, que incluye 15 conferencias, cinco talleres y cinco mesas panel, impartidos por empresas de talla internacional como Google, Microsoft, Canva, Grupo Meta, Mercado Libre y Nacional Soft, entre otras.<\/p>\n<p><img loading=\"lazy\" decoding=\"async\" class=\"alignnone wp-image-126287 size-full\" title=\"Inici\u00f3 la Semana de la Econom\u00eda Digital 2025 en Yucat\u00e1n\" src=\"https:\/\/reporteroshoy.mx\/noticias\/wp-content\/uploads\/2025\/12\/Semana-de-la-Economia-Digital-1-scaled.avif\" alt=\"\" width=\"768\" height=\"494\" srcset=\"https:\/\/reporteroshoy.mx\/noticias\/wp-content\/uploads\/2025\/12\/Semana-de-la-Economia-Digital-1-scaled.avif 768w, https:\/\/reporteroshoy.mx\/noticias\/wp-content\/uploads\/2025\/12\/Semana-de-la-Economia-Digital-1-1536x989.avif 1536w\" sizes=\"auto, (max-width: 768px) 100vw, 768px\" \/><\/p>\n<p style=\"text-align: justify;\">\u00a0En su intervenci\u00f3n, el secretario de Econom\u00eda y Trabajo, Ermilo Barrera Novelo, reconoci\u00f3 a las 500 empresas que participaron a lo largo de esta primera generaci\u00f3n de Transformaci\u00f3n Digital.<\/p>\n<p style=\"text-align: justify;\">\u00a0\u201cSeguiremos trabajando para incorporar nuevas empresas en cada generaci\u00f3n y, al final de esta administraci\u00f3n estatal, concluir con al menos 2,500 empresas digitalmente transformadas. Para lograr salir adelante como econom\u00eda se requiere una estrategia clara y trabajar en unidad y armon\u00eda, sumando a todos los sectores productivos con el gobierno\u201d, se\u00f1al\u00f3 el titular de la SETY.<\/p>\n","protected":false},"excerpt":{"rendered":"<p>La Secretar\u00eda de Econom\u00eda y Trabajo (SETY) entreg\u00f3 200 kits de herramientas digitales para fortalecer la competitividad empresarial.<\/p>\n","protected":false},"author":2,"featured_media":126287,"comment_status":"open","ping_status":"closed","sticky":false,"template":"","format":"standard","meta":{"footnotes":""},"categories":[5],"tags":[18319,26666,23],"class_list":["post-126285","post","type-post","status-publish","format-standard","has-post-thumbnail","hentry","category-empresas","tag-economia-digital","tag-ermilo-barrera-novelo","tag-yucatan"],"yoast_head":"<!-- This site is optimized with the Yoast SEO plugin v28.4 - https:\/\/yoast.com\/product\/yoast-seo-wordpress\/ -->\n<title>Inici\u00f3 la Semana de la Econom\u00eda Digital 2025 en Yucat\u00e1n<\/title>\n<meta name=\"description\" content=\"La Secretar\u00eda de Econom\u00eda y Trabajo (SETY) entreg\u00f3 200 kits de herramientas digitales para fortalecer la competitividad empresarial.\" \/>\n<meta name=\"robots\" content=\"index, follow, max-snippet:-1, max-image-preview:large, max-video-preview:-1\" \/>\n<link rel=\"canonical\" href=\"https:\/\/reporteroshoy.mx\/noticias\/inicio-la-semana-de-la-economia-digital-2025-en-yucatan\/\" \/>\n<meta property=\"og:locale\" content=\"es_ES\" \/>\n<meta property=\"og:type\" content=\"article\" \/>\n<meta property=\"og:title\" content=\"Inici\u00f3 la Semana de la Econom\u00eda Digital 2025 en Yucat\u00e1n\" \/>\n<meta property=\"og:description\" content=\"La Secretar\u00eda de Econom\u00eda y Trabajo (SETY) entreg\u00f3 200 kits de herramientas digitales para fortalecer la competitividad empresarial.\" \/>\n<meta property=\"og:url\" content=\"https:\/\/reporteroshoy.mx\/noticias\/inicio-la-semana-de-la-economia-digital-2025-en-yucatan\/\" \/>\n<meta property=\"og:site_name\" content=\"Reporteros Hoy | Noticias de Yucat\u00e1n\" \/>\n<meta property=\"article:publisher\" content=\"http:\/\/www.facebook.com\/reporteroshoymx\" \/>\n<meta property=\"article:published_time\" content=\"2025-12-03T03:40:23+00:00\" \/>\n<meta property=\"og:image\" content=\"https:\/\/reporteroshoy.mx\/noticias\/wp-content\/uploads\/2025\/12\/Semana-de-la-Economia-Digital-1-scaled.avif\" \/>\n\t<meta property=\"og:image:width\" content=\"768\" \/>\n\t<meta property=\"og:image:height\" content=\"494\" \/>\n\t<meta property=\"og:image:type\" content=\"image\/jpeg\" \/>\n<meta name=\"author\" content=\"Reporteros Hoy HY\" \/>\n<meta name=\"twitter:card\" content=\"summary_large_image\" \/>\n<meta name=\"twitter:creator\" content=\"@reporteroshoy\" \/>\n<meta name=\"twitter:site\" content=\"@reporteroshoy\" \/>\n<meta name=\"twitter:label1\" content=\"Escrito por\" \/>\n\t<meta name=\"twitter:data1\" content=\"Reporteros Hoy HY\" \/>\n\t<meta name=\"twitter:label2\" content=\"Tiempo de lectura\" \/>\n\t<meta name=\"twitter:data2\" content=\"2 minutos\" \/>\n<script type=\"application\/ld+json\" class=\"yoast-schema-graph\">{\"@context\":\"https:\\\/\\\/schema.org\",\"@graph\":[{\"@type\":\"Article\",\"@id\":\"https:\\\/\\\/reporteroshoy.mx\\\/noticias\\\/inicio-la-semana-de-la-economia-digital-2025-en-yucatan\\\/#article\",\"isPartOf\":{\"@id\":\"https:\\\/\\\/reporteroshoy.mx\\\/noticias\\\/inicio-la-semana-de-la-economia-digital-2025-en-yucatan\\\/\"},\"author\":{\"name\":\"Reporteros Hoy HY\",\"@id\":\"https:\\\/\\\/reporteroshoy.mx\\\/noticias\\\/#\\\/schema\\\/person\\\/d32189074678a9d41498d4248e29aac3\"},\"headline\":\"Inici\u00f3 la Semana de la Econom\u00eda Digital 2025 en Yucat\u00e1n\",\"datePublished\":\"2025-12-03T03:40:23+00:00\",\"mainEntityOfPage\":{\"@id\":\"https:\\\/\\\/reporteroshoy.mx\\\/noticias\\\/inicio-la-semana-de-la-economia-digital-2025-en-yucatan\\\/\"},\"wordCount\":332,\"commentCount\":0,\"image\":{\"@id\":\"https:\\\/\\\/reporteroshoy.mx\\\/noticias\\\/inicio-la-semana-de-la-economia-digital-2025-en-yucatan\\\/#primaryimage\"},\"thumbnailUrl\":\"https:\\\/\\\/reporteroshoy.mx\\\/noticias\\\/wp-content\\\/uploads\\\/2025\\\/12\\\/Semana-de-la-Economia-Digital-1-scaled.avif\",\"keywords\":[\"Econom\u00eda Digital\",\"Ermilo Barrera Novelo\",\"Yucat\u00e1n\"],\"articleSection\":[\"Empresas\"],\"inLanguage\":\"es\",\"potentialAction\":[{\"@type\":\"CommentAction\",\"name\":\"Comment\",\"target\":[\"https:\\\/\\\/reporteroshoy.mx\\\/noticias\\\/inicio-la-semana-de-la-economia-digital-2025-en-yucatan\\\/#respond\"]}]},{\"@type\":\"WebPage\",\"@id\":\"https:\\\/\\\/reporteroshoy.mx\\\/noticias\\\/inicio-la-semana-de-la-economia-digital-2025-en-yucatan\\\/\",\"url\":\"https:\\\/\\\/reporteroshoy.mx\\\/noticias\\\/inicio-la-semana-de-la-economia-digital-2025-en-yucatan\\\/\",\"name\":\"Inici\u00f3 la Semana de la Econom\u00eda Digital 2025 en Yucat\u00e1n\",\"isPartOf\":{\"@id\":\"https:\\\/\\\/reporteroshoy.mx\\\/noticias\\\/#website\"},\"primaryImageOfPage\":{\"@id\":\"https:\\\/\\\/reporteroshoy.mx\\\/noticias\\\/inicio-la-semana-de-la-economia-digital-2025-en-yucatan\\\/#primaryimage\"},\"image\":{\"@id\":\"https:\\\/\\\/reporteroshoy.mx\\\/noticias\\\/inicio-la-semana-de-la-economia-digital-2025-en-yucatan\\\/#primaryimage\"},\"thumbnailUrl\":\"https:\\\/\\\/reporteroshoy.mx\\\/noticias\\\/wp-content\\\/uploads\\\/2025\\\/12\\\/Semana-de-la-Economia-Digital-1-scaled.avif\",\"datePublished\":\"2025-12-03T03:40:23+00:00\",\"author\":{\"@id\":\"https:\\\/\\\/reporteroshoy.mx\\\/noticias\\\/#\\\/schema\\\/person\\\/d32189074678a9d41498d4248e29aac3\"},\"description\":\"La Secretar\u00eda de Econom\u00eda y Trabajo (SETY) entreg\u00f3 200 kits de herramientas digitales para fortalecer la competitividad empresarial.\",\"breadcrumb\":{\"@id\":\"https:\\\/\\\/reporteroshoy.mx\\\/noticias\\\/inicio-la-semana-de-la-economia-digital-2025-en-yucatan\\\/#breadcrumb\"},\"inLanguage\":\"es\",\"potentialAction\":[{\"@type\":\"ReadAction\",\"target\":[\"https:\\\/\\\/reporteroshoy.mx\\\/noticias\\\/inicio-la-semana-de-la-economia-digital-2025-en-yucatan\\\/\"]}]},{\"@type\":\"ImageObject\",\"inLanguage\":\"es\",\"@id\":\"https:\\\/\\\/reporteroshoy.mx\\\/noticias\\\/inicio-la-semana-de-la-economia-digital-2025-en-yucatan\\\/#primaryimage\",\"url\":\"https:\\\/\\\/reporteroshoy.mx\\\/noticias\\\/wp-content\\\/uploads\\\/2025\\\/12\\\/Semana-de-la-Economia-Digital-1-scaled.avif\",\"contentUrl\":\"https:\\\/\\\/reporteroshoy.mx\\\/noticias\\\/wp-content\\\/uploads\\\/2025\\\/12\\\/Semana-de-la-Economia-Digital-1-scaled.avif\",\"width\":768,\"height\":494},{\"@type\":\"BreadcrumbList\",\"@id\":\"https:\\\/\\\/reporteroshoy.mx\\\/noticias\\\/inicio-la-semana-de-la-economia-digital-2025-en-yucatan\\\/#breadcrumb\",\"itemListElement\":[{\"@type\":\"ListItem\",\"position\":1,\"name\":\"Portada\",\"item\":\"https:\\\/\\\/reporteroshoy.mx\\\/noticias\\\/\"},{\"@type\":\"ListItem\",\"position\":2,\"name\":\"Inici\u00f3 la Semana de la Econom\u00eda Digital 2025 en Yucat\u00e1n\"}]},{\"@type\":\"WebSite\",\"@id\":\"https:\\\/\\\/reporteroshoy.mx\\\/noticias\\\/#website\",\"url\":\"https:\\\/\\\/reporteroshoy.mx\\\/noticias\\\/\",\"name\":\"Reporteros Hoy | Noticias de Yucat\u00e1n\",\"description\":\"Peri\u00f3dico digital con noticias diarias desde M\u00e9rida, Yucat\u00e1n para el mundo.\",\"potentialAction\":[{\"@type\":\"SearchAction\",\"target\":{\"@type\":\"EntryPoint\",\"urlTemplate\":\"https:\\\/\\\/reporteroshoy.mx\\\/noticias\\\/?s={search_term_string}\"},\"query-input\":{\"@type\":\"PropertyValueSpecification\",\"valueRequired\":true,\"valueName\":\"search_term_string\"}}],\"inLanguage\":\"es\"},{\"@type\":\"Person\",\"@id\":\"https:\\\/\\\/reporteroshoy.mx\\\/noticias\\\/#\\\/schema\\\/person\\\/d32189074678a9d41498d4248e29aac3\",\"name\":\"Reporteros Hoy HY\",\"image\":{\"@type\":\"ImageObject\",\"inLanguage\":\"es\",\"@id\":\"https:\\\/\\\/secure.gravatar.com\\\/avatar\\\/c539a82770f256437b35bda44650bb50f5fd4b7017f8b29672ed9f27a43cec47?s=96&d=mm&r=g\",\"url\":\"https:\\\/\\\/secure.gravatar.com\\\/avatar\\\/c539a82770f256437b35bda44650bb50f5fd4b7017f8b29672ed9f27a43cec47?s=96&d=mm&r=g\",\"contentUrl\":\"https:\\\/\\\/secure.gravatar.com\\\/avatar\\\/c539a82770f256437b35bda44650bb50f5fd4b7017f8b29672ed9f27a43cec47?s=96&d=mm&r=g\",\"caption\":\"Reporteros Hoy HY\"},\"url\":\"https:\\\/\\\/reporteroshoy.mx\\\/noticias\\\/author\\\/thelmo\\\/\"}]}<\/script>\n<!-- \/ Yoast SEO plugin. -->","yoast_head_json":{"title":"Inici\u00f3 la Semana de la Econom\u00eda Digital 2025 en Yucat\u00e1n","description":"La Secretar\u00eda de Econom\u00eda y Trabajo (SETY) entreg\u00f3 200 kits de herramientas digitales para fortalecer la competitividad empresarial.","robots":{"index":"index","follow":"follow","max-snippet":"max-snippet:-1","max-image-preview":"max-image-preview:large","max-video-preview":"max-video-preview:-1"},"canonical":"https:\/\/reporteroshoy.mx\/noticias\/inicio-la-semana-de-la-economia-digital-2025-en-yucatan\/","og_locale":"es_ES","og_type":"article","og_title":"Inici\u00f3 la Semana de la Econom\u00eda Digital 2025 en Yucat\u00e1n","og_description":"La Secretar\u00eda de Econom\u00eda y Trabajo (SETY) entreg\u00f3 200 kits de herramientas digitales para fortalecer la competitividad empresarial.","og_url":"https:\/\/reporteroshoy.mx\/noticias\/inicio-la-semana-de-la-economia-digital-2025-en-yucatan\/","og_site_name":"Reporteros Hoy | Noticias de Yucat\u00e1n","article_publisher":"http:\/\/www.facebook.com\/reporteroshoymx","article_published_time":"2025-12-03T03:40:23+00:00","og_image":[{"width":768,"height":494,"url":"https:\/\/reporteroshoy.mx\/noticias\/wp-content\/uploads\/2025\/12\/Semana-de-la-Economia-Digital-1-scaled.avif","type":"image\/jpeg"}],"author":"Reporteros Hoy HY","twitter_card":"summary_large_image","twitter_creator":"@reporteroshoy","twitter_site":"@reporteroshoy","twitter_misc":{"Escrito por":"Reporteros Hoy HY","Tiempo de lectura":"2 minutos"},"schema":{"@context":"https:\/\/schema.org","@graph":[{"@type":"Article","@id":"https:\/\/reporteroshoy.mx\/noticias\/inicio-la-semana-de-la-economia-digital-2025-en-yucatan\/#article","isPartOf":{"@id":"https:\/\/reporteroshoy.mx\/noticias\/inicio-la-semana-de-la-economia-digital-2025-en-yucatan\/"},"author":{"name":"Reporteros Hoy HY","@id":"https:\/\/reporteroshoy.mx\/noticias\/#\/schema\/person\/d32189074678a9d41498d4248e29aac3"},"headline":"Inici\u00f3 la Semana de la Econom\u00eda Digital 2025 en Yucat\u00e1n","datePublished":"2025-12-03T03:40:23+00:00","mainEntityOfPage":{"@id":"https:\/\/reporteroshoy.mx\/noticias\/inicio-la-semana-de-la-economia-digital-2025-en-yucatan\/"},"wordCount":332,"commentCount":0,"image":{"@id":"https:\/\/reporteroshoy.mx\/noticias\/inicio-la-semana-de-la-economia-digital-2025-en-yucatan\/#primaryimage"},"thumbnailUrl":"https:\/\/reporteroshoy.mx\/noticias\/wp-content\/uploads\/2025\/12\/Semana-de-la-Economia-Digital-1-scaled.avif","keywords":["Econom\u00eda Digital","Ermilo Barrera Novelo","Yucat\u00e1n"],"articleSection":["Empresas"],"inLanguage":"es","potentialAction":[{"@type":"CommentAction","name":"Comment","target":["https:\/\/reporteroshoy.mx\/noticias\/inicio-la-semana-de-la-economia-digital-2025-en-yucatan\/#respond"]}]},{"@type":"WebPage","@id":"https:\/\/reporteroshoy.mx\/noticias\/inicio-la-semana-de-la-economia-digital-2025-en-yucatan\/","url":"https:\/\/reporteroshoy.mx\/noticias\/inicio-la-semana-de-la-economia-digital-2025-en-yucatan\/","name":"Inici\u00f3 la Semana de la Econom\u00eda Digital 2025 en Yucat\u00e1n","isPartOf":{"@id":"https:\/\/reporteroshoy.mx\/noticias\/#website"},"primaryImageOfPage":{"@id":"https:\/\/reporteroshoy.mx\/noticias\/inicio-la-semana-de-la-economia-digital-2025-en-yucatan\/#primaryimage"},"image":{"@id":"https:\/\/reporteroshoy.mx\/noticias\/inicio-la-semana-de-la-economia-digital-2025-en-yucatan\/#primaryimage"},"thumbnailUrl":"https:\/\/reporteroshoy.mx\/noticias\/wp-content\/uploads\/2025\/12\/Semana-de-la-Economia-Digital-1-scaled.avif","datePublished":"2025-12-03T03:40:23+00:00","author":{"@id":"https:\/\/reporteroshoy.mx\/noticias\/#\/schema\/person\/d32189074678a9d41498d4248e29aac3"},"description":"La Secretar\u00eda de Econom\u00eda y Trabajo (SETY) entreg\u00f3 200 kits de herramientas digitales para fortalecer la competitividad empresarial.","breadcrumb":{"@id":"https:\/\/reporteroshoy.mx\/noticias\/inicio-la-semana-de-la-economia-digital-2025-en-yucatan\/#breadcrumb"},"inLanguage":"es","potentialAction":[{"@type":"ReadAction","target":["https:\/\/reporteroshoy.mx\/noticias\/inicio-la-semana-de-la-economia-digital-2025-en-yucatan\/"]}]},{"@type":"ImageObject","inLanguage":"es","@id":"https:\/\/reporteroshoy.mx\/noticias\/inicio-la-semana-de-la-economia-digital-2025-en-yucatan\/#primaryimage","url":"https:\/\/reporteroshoy.mx\/noticias\/wp-content\/uploads\/2025\/12\/Semana-de-la-Economia-Digital-1-scaled.avif","contentUrl":"https:\/\/reporteroshoy.mx\/noticias\/wp-content\/uploads\/2025\/12\/Semana-de-la-Economia-Digital-1-scaled.avif","width":768,"height":494},{"@type":"BreadcrumbList","@id":"https:\/\/reporteroshoy.mx\/noticias\/inicio-la-semana-de-la-economia-digital-2025-en-yucatan\/#breadcrumb","itemListElement":[{"@type":"ListItem","position":1,"name":"Portada","item":"https:\/\/reporteroshoy.mx\/noticias\/"},{"@type":"ListItem","position":2,"name":"Inici\u00f3 la Semana de la Econom\u00eda Digital 2025 en Yucat\u00e1n"}]},{"@type":"WebSite","@id":"https:\/\/reporteroshoy.mx\/noticias\/#website","url":"https:\/\/reporteroshoy.mx\/noticias\/","name":"Reporteros Hoy | Noticias de Yucat\u00e1n","description":"Peri\u00f3dico digital con noticias diarias desde M\u00e9rida, Yucat\u00e1n para el mundo.","potentialAction":[{"@type":"SearchAction","target":{"@type":"EntryPoint","urlTemplate":"https:\/\/reporteroshoy.mx\/noticias\/?s={search_term_string}"},"query-input":{"@type":"PropertyValueSpecification","valueRequired":true,"valueName":"search_term_string"}}],"inLanguage":"es"},{"@type":"Person","@id":"https:\/\/reporteroshoy.mx\/noticias\/#\/schema\/person\/d32189074678a9d41498d4248e29aac3","name":"Reporteros Hoy HY","image":{"@type":"ImageObject","inLanguage":"es","@id":"https:\/\/secure.gravatar.com\/avatar\/c539a82770f256437b35bda44650bb50f5fd4b7017f8b29672ed9f27a43cec47?s=96&d=mm&r=g","url":"https:\/\/secure.gravatar.com\/avatar\/c539a82770f256437b35bda44650bb50f5fd4b7017f8b29672ed9f27a43cec47?s=96&d=mm&r=g","contentUrl":"https:\/\/secure.gravatar.com\/avatar\/c539a82770f256437b35bda44650bb50f5fd4b7017f8b29672ed9f27a43cec47?s=96&d=mm&r=g","caption":"Reporteros Hoy HY"},"url":"https:\/\/reporteroshoy.mx\/noticias\/author\/thelmo\/"}]}},"_links":{"self":[{"href":"https:\/\/reporteroshoy.mx\/noticias\/wp-json\/wp\/v2\/posts\/126285","targetHints":{"allow":["GET"]}}],"collection":[{"href":"https:\/\/reporteroshoy.mx\/noticias\/wp-json\/wp\/v2\/posts"}],"about":[{"href":"https:\/\/reporteroshoy.mx\/noticias\/wp-json\/wp\/v2\/types\/post"}],"author":[{"embeddable":true,"href":"https:\/\/reporteroshoy.mx\/noticias\/wp-json\/wp\/v2\/users\/2"}],"replies":[{"embeddable":true,"href":"https:\/\/reporteroshoy.mx\/noticias\/wp-json\/wp\/v2\/comments?post=126285"}],"version-history":[{"count":0,"href":"https:\/\/reporteroshoy.mx\/noticias\/wp-json\/wp\/v2\/posts\/126285\/revisions"}],"wp:featuredmedia":[{"embeddable":true,"href":"https:\/\/reporteroshoy.mx\/noticias\/wp-json\/wp\/v2\/media\/126287"}],"wp:attachment":[{"href":"https:\/\/reporteroshoy.mx\/noticias\/wp-json\/wp\/v2\/media?parent=126285"}],"wp:term":[{"taxonomy":"category","embeddable":true,"href":"https:\/\/reporteroshoy.mx\/noticias\/wp-json\/wp\/v2\/categories?post=126285"},{"taxonomy":"post_tag","embeddable":true,"href":"https:\/\/reporteroshoy.mx\/noticias\/wp-json\/wp\/v2\/tags?post=126285"}],"curies":[{"name":"wp","href":"https:\/\/api.w.org\/{rel}","templated":true}]}}