{"id":126612,"date":"2025-12-20T18:19:52","date_gmt":"2025-12-21T00:19:52","guid":{"rendered":"https:\/\/reporteroshoy.mx\/noticias\/?p=126612"},"modified":"2025-12-20T18:24:07","modified_gmt":"2025-12-21T00:24:07","slug":"caen-tres-acusados-de-vender-pintura-chafa-en-tizimin","status":"publish","type":"post","link":"https:\/\/reporteroshoy.mx\/noticias\/caen-tres-acusados-de-vender-pintura-chafa-en-tizimin\/","title":{"rendered":"Caen tres acusados de vender pintura \u00abchafa\u00bb en Tizim\u00edn"},"content":{"rendered":"<p style=\"text-align: justify;\" data-start=\"0\" data-end=\"221\">Tras recibir reportes ciudadanos sobre la venta de pintura de aparente baja calidad en distintas colonias de Tizim\u00edn, elementos policiacos aseguraron a tres personas que ofrec\u00edan el producto de manera irregular.<\/p>\n<p style=\"text-align: justify;\" data-start=\"223\" data-end=\"611\">La intervenci\u00f3n se realiz\u00f3 en la calle 33 A, entre 68 y 70, donde los agentes ubicaron una camioneta blanca en la que se transportaban decenas de botes de pintura.<\/p>\n<p style=\"text-align: justify;\" data-start=\"223\" data-end=\"611\">De acuerdo con la informaci\u00f3n recabada, los individuos llevaban varios d\u00edas recorriendo sectores habitacionales, entre ellos la colonia Santa Rosa de Lima, ofertando el material a precios inferiores a los del mercado formal.<\/p>\n<p style=\"text-align: justify;\" data-start=\"223\" data-end=\"611\"><img loading=\"lazy\" decoding=\"async\" class=\"wp-image-126614 aligncenter\" src=\"https:\/\/reporteroshoy.mx\/noticias\/wp-content\/uploads\/2025\/12\/DETENIDOS-PINTURA-1-scaled.avif\" alt=\"detenidos pintura Tizim\u00edn\" width=\"605\" height=\"373\" srcset=\"https:\/\/reporteroshoy.mx\/noticias\/wp-content\/uploads\/2025\/12\/DETENIDOS-PINTURA-1-scaled.avif 768w, https:\/\/reporteroshoy.mx\/noticias\/wp-content\/uploads\/2025\/12\/DETENIDOS-PINTURA-1-356x220.avif 356w\" sizes=\"auto, (max-width: 605px) 100vw, 605px\" \/>Al ser interceptados, los vendedores reaccionaron de forma agresiva verbalmente contra los oficiales. Durante la inspecci\u00f3n, los agentes solicitaron a los involucrados acreditar la procedencia de 52 botes de pintura; sin embargo, no presentaron documentaci\u00f3n que respaldara su legal origen.<\/p>\n<p style=\"text-align: justify;\" data-start=\"905\" data-end=\"1108\">Ante esta situaci\u00f3n, las personas aseguradas fueron trasladadas al cuartel Morelos junto con el veh\u00edculo, quedando a disposici\u00f3n de las autoridades correspondientes para el deslinde de responsabilidades.<\/p>\n<p data-start=\"1110\" data-end=\"1291\" data-is-last-node=\"\" data-is-only-node=\"\"><img loading=\"lazy\" decoding=\"async\" class=\"wp-image-126613 aligncenter\" src=\"https:\/\/reporteroshoy.mx\/noticias\/wp-content\/uploads\/2025\/12\/DETENIDOS-PINTURA-2.avif\" alt=\"detenidos pintura Tizim\u00edn\" width=\"615\" height=\"579\" \/><\/p>\n<p style=\"text-align: justify;\" data-start=\"1110\" data-end=\"1291\" data-is-last-node=\"\" data-is-only-node=\"\">Las autoridades exhortaron a quienes hayan adquirido este producto y se consideren afectadas a acudir ante la Fiscal\u00eda General del Estado para presentar la denuncia correspondiente.<\/p>\n","protected":false},"excerpt":{"rendered":"<p>Al ser interceptados, los vendedores que ofrec\u00edan el material a mucho menor precio que el mercado formal, reaccionaron de forma agresiva verbalmente contra los oficiales. <\/p>\n","protected":false},"author":2,"featured_media":126614,"comment_status":"open","ping_status":"closed","sticky":false,"template":"","format":"standard","meta":{"footnotes":""},"categories":[11],"tags":[394,109,23],"class_list":["post-126612","post","type-post","status-publish","format-standard","has-post-thumbnail","hentry","category-municipios-de-yucatan","tag-detenidos-en-tizimin","tag-tizimin","tag-yucatan"],"yoast_head":"<!-- This site is optimized with the Yoast SEO plugin v28.4 - https:\/\/yoast.com\/product\/yoast-seo-wordpress\/ -->\n<title>Caen tres acusados de vender pintura &quot;chafa&quot; en Tizim\u00edn<\/title>\n<meta name=\"description\" content=\"Al ser interceptados, los vendedores que ofrec\u00edan el material a mucho menor precio que el mercado formal, reaccionaron de forma agresiva verbalmente contra los oficiales.\" \/>\n<meta name=\"robots\" content=\"index, follow, max-snippet:-1, max-image-preview:large, max-video-preview:-1\" \/>\n<link rel=\"canonical\" href=\"https:\/\/reporteroshoy.mx\/noticias\/caen-tres-acusados-de-vender-pintura-chafa-en-tizimin\/\" \/>\n<meta property=\"og:locale\" content=\"es_ES\" \/>\n<meta property=\"og:type\" content=\"article\" \/>\n<meta property=\"og:title\" content=\"Caen tres acusados de vender pintura &quot;chafa&quot; en Tizim\u00edn\" \/>\n<meta property=\"og:description\" content=\"Al ser interceptados, los vendedores que ofrec\u00edan el material a mucho menor precio que el mercado formal, reaccionaron de forma agresiva verbalmente contra los oficiales.\" \/>\n<meta property=\"og:url\" content=\"https:\/\/reporteroshoy.mx\/noticias\/caen-tres-acusados-de-vender-pintura-chafa-en-tizimin\/\" \/>\n<meta property=\"og:site_name\" content=\"Reporteros Hoy | Noticias de Yucat\u00e1n\" \/>\n<meta property=\"article:publisher\" content=\"http:\/\/www.facebook.com\/reporteroshoymx\" \/>\n<meta property=\"article:published_time\" content=\"2025-12-21T00:19:52+00:00\" \/>\n<meta property=\"article:modified_time\" content=\"2025-12-21T00:24:07+00:00\" \/>\n<meta property=\"og:image\" content=\"https:\/\/reporteroshoy.mx\/noticias\/wp-content\/uploads\/2025\/12\/DETENIDOS-PINTURA-1-scaled.avif\" \/>\n\t<meta property=\"og:image:width\" content=\"768\" \/>\n\t<meta property=\"og:image:height\" content=\"473\" \/>\n\t<meta property=\"og:image:type\" content=\"image\/jpeg\" \/>\n<meta name=\"author\" content=\"Reporteros Hoy HY\" \/>\n<meta name=\"twitter:card\" content=\"summary_large_image\" \/>\n<meta name=\"twitter:creator\" content=\"@reporteroshoy\" \/>\n<meta name=\"twitter:site\" content=\"@reporteroshoy\" \/>\n<meta name=\"twitter:label1\" content=\"Escrito por\" \/>\n\t<meta name=\"twitter:data1\" content=\"Reporteros Hoy HY\" \/>\n\t<meta name=\"twitter:label2\" content=\"Tiempo de lectura\" \/>\n\t<meta name=\"twitter:data2\" content=\"2 minutos\" \/>\n<script type=\"application\/ld+json\" class=\"yoast-schema-graph\">{\"@context\":\"https:\\\/\\\/schema.org\",\"@graph\":[{\"@type\":\"Article\",\"@id\":\"https:\\\/\\\/reporteroshoy.mx\\\/noticias\\\/caen-tres-acusados-de-vender-pintura-chafa-en-tizimin\\\/#article\",\"isPartOf\":{\"@id\":\"https:\\\/\\\/reporteroshoy.mx\\\/noticias\\\/caen-tres-acusados-de-vender-pintura-chafa-en-tizimin\\\/\"},\"author\":{\"name\":\"Reporteros Hoy HY\",\"@id\":\"https:\\\/\\\/reporteroshoy.mx\\\/noticias\\\/#\\\/schema\\\/person\\\/d32189074678a9d41498d4248e29aac3\"},\"headline\":\"Caen tres acusados de vender pintura \u00abchafa\u00bb en Tizim\u00edn\",\"datePublished\":\"2025-12-21T00:19:52+00:00\",\"dateModified\":\"2025-12-21T00:24:07+00:00\",\"mainEntityOfPage\":{\"@id\":\"https:\\\/\\\/reporteroshoy.mx\\\/noticias\\\/caen-tres-acusados-de-vender-pintura-chafa-en-tizimin\\\/\"},\"wordCount\":204,\"commentCount\":0,\"image\":{\"@id\":\"https:\\\/\\\/reporteroshoy.mx\\\/noticias\\\/caen-tres-acusados-de-vender-pintura-chafa-en-tizimin\\\/#primaryimage\"},\"thumbnailUrl\":\"https:\\\/\\\/reporteroshoy.mx\\\/noticias\\\/wp-content\\\/uploads\\\/2025\\\/12\\\/DETENIDOS-PINTURA-1-scaled.avif\",\"keywords\":[\"detenidos en tizimin\",\"Tizim\u00edn\",\"Yucat\u00e1n\"],\"articleSection\":[\"Municipios\"],\"inLanguage\":\"es\",\"potentialAction\":[{\"@type\":\"CommentAction\",\"name\":\"Comment\",\"target\":[\"https:\\\/\\\/reporteroshoy.mx\\\/noticias\\\/caen-tres-acusados-de-vender-pintura-chafa-en-tizimin\\\/#respond\"]}]},{\"@type\":\"WebPage\",\"@id\":\"https:\\\/\\\/reporteroshoy.mx\\\/noticias\\\/caen-tres-acusados-de-vender-pintura-chafa-en-tizimin\\\/\",\"url\":\"https:\\\/\\\/reporteroshoy.mx\\\/noticias\\\/caen-tres-acusados-de-vender-pintura-chafa-en-tizimin\\\/\",\"name\":\"Caen tres acusados de vender pintura \\\"chafa\\\" en Tizim\u00edn\",\"isPartOf\":{\"@id\":\"https:\\\/\\\/reporteroshoy.mx\\\/noticias\\\/#website\"},\"primaryImageOfPage\":{\"@id\":\"https:\\\/\\\/reporteroshoy.mx\\\/noticias\\\/caen-tres-acusados-de-vender-pintura-chafa-en-tizimin\\\/#primaryimage\"},\"image\":{\"@id\":\"https:\\\/\\\/reporteroshoy.mx\\\/noticias\\\/caen-tres-acusados-de-vender-pintura-chafa-en-tizimin\\\/#primaryimage\"},\"thumbnailUrl\":\"https:\\\/\\\/reporteroshoy.mx\\\/noticias\\\/wp-content\\\/uploads\\\/2025\\\/12\\\/DETENIDOS-PINTURA-1-scaled.avif\",\"datePublished\":\"2025-12-21T00:19:52+00:00\",\"dateModified\":\"2025-12-21T00:24:07+00:00\",\"author\":{\"@id\":\"https:\\\/\\\/reporteroshoy.mx\\\/noticias\\\/#\\\/schema\\\/person\\\/d32189074678a9d41498d4248e29aac3\"},\"description\":\"Al ser interceptados, los vendedores que ofrec\u00edan el material a mucho menor precio que el mercado formal, reaccionaron de forma agresiva verbalmente contra los oficiales.\",\"breadcrumb\":{\"@id\":\"https:\\\/\\\/reporteroshoy.mx\\\/noticias\\\/caen-tres-acusados-de-vender-pintura-chafa-en-tizimin\\\/#breadcrumb\"},\"inLanguage\":\"es\",\"potentialAction\":[{\"@type\":\"ReadAction\",\"target\":[\"https:\\\/\\\/reporteroshoy.mx\\\/noticias\\\/caen-tres-acusados-de-vender-pintura-chafa-en-tizimin\\\/\"]}]},{\"@type\":\"ImageObject\",\"inLanguage\":\"es\",\"@id\":\"https:\\\/\\\/reporteroshoy.mx\\\/noticias\\\/caen-tres-acusados-de-vender-pintura-chafa-en-tizimin\\\/#primaryimage\",\"url\":\"https:\\\/\\\/reporteroshoy.mx\\\/noticias\\\/wp-content\\\/uploads\\\/2025\\\/12\\\/DETENIDOS-PINTURA-1-scaled.avif\",\"contentUrl\":\"https:\\\/\\\/reporteroshoy.mx\\\/noticias\\\/wp-content\\\/uploads\\\/2025\\\/12\\\/DETENIDOS-PINTURA-1-scaled.avif\",\"width\":768,\"height\":473,\"caption\":\"detenidos pintura Tizim\u00edn\"},{\"@type\":\"BreadcrumbList\",\"@id\":\"https:\\\/\\\/reporteroshoy.mx\\\/noticias\\\/caen-tres-acusados-de-vender-pintura-chafa-en-tizimin\\\/#breadcrumb\",\"itemListElement\":[{\"@type\":\"ListItem\",\"position\":1,\"name\":\"Portada\",\"item\":\"https:\\\/\\\/reporteroshoy.mx\\\/noticias\\\/\"},{\"@type\":\"ListItem\",\"position\":2,\"name\":\"Caen tres acusados de vender pintura \u00abchafa\u00bb en Tizim\u00edn\"}]},{\"@type\":\"WebSite\",\"@id\":\"https:\\\/\\\/reporteroshoy.mx\\\/noticias\\\/#website\",\"url\":\"https:\\\/\\\/reporteroshoy.mx\\\/noticias\\\/\",\"name\":\"Reporteros Hoy | Noticias de Yucat\u00e1n\",\"description\":\"Peri\u00f3dico digital con noticias diarias desde M\u00e9rida, Yucat\u00e1n para el mundo.\",\"potentialAction\":[{\"@type\":\"SearchAction\",\"target\":{\"@type\":\"EntryPoint\",\"urlTemplate\":\"https:\\\/\\\/reporteroshoy.mx\\\/noticias\\\/?s={search_term_string}\"},\"query-input\":{\"@type\":\"PropertyValueSpecification\",\"valueRequired\":true,\"valueName\":\"search_term_string\"}}],\"inLanguage\":\"es\"},{\"@type\":\"Person\",\"@id\":\"https:\\\/\\\/reporteroshoy.mx\\\/noticias\\\/#\\\/schema\\\/person\\\/d32189074678a9d41498d4248e29aac3\",\"name\":\"Reporteros Hoy HY\",\"image\":{\"@type\":\"ImageObject\",\"inLanguage\":\"es\",\"@id\":\"https:\\\/\\\/secure.gravatar.com\\\/avatar\\\/c539a82770f256437b35bda44650bb50f5fd4b7017f8b29672ed9f27a43cec47?s=96&d=mm&r=g\",\"url\":\"https:\\\/\\\/secure.gravatar.com\\\/avatar\\\/c539a82770f256437b35bda44650bb50f5fd4b7017f8b29672ed9f27a43cec47?s=96&d=mm&r=g\",\"contentUrl\":\"https:\\\/\\\/secure.gravatar.com\\\/avatar\\\/c539a82770f256437b35bda44650bb50f5fd4b7017f8b29672ed9f27a43cec47?s=96&d=mm&r=g\",\"caption\":\"Reporteros Hoy HY\"},\"url\":\"https:\\\/\\\/reporteroshoy.mx\\\/noticias\\\/author\\\/thelmo\\\/\"}]}<\/script>\n<!-- \/ Yoast SEO plugin. -->","yoast_head_json":{"title":"Caen tres acusados de vender pintura \"chafa\" en Tizim\u00edn","description":"Al ser interceptados, los vendedores que ofrec\u00edan el material a mucho menor precio que el mercado formal, reaccionaron de forma agresiva verbalmente contra los oficiales.","robots":{"index":"index","follow":"follow","max-snippet":"max-snippet:-1","max-image-preview":"max-image-preview:large","max-video-preview":"max-video-preview:-1"},"canonical":"https:\/\/reporteroshoy.mx\/noticias\/caen-tres-acusados-de-vender-pintura-chafa-en-tizimin\/","og_locale":"es_ES","og_type":"article","og_title":"Caen tres acusados de vender pintura \"chafa\" en Tizim\u00edn","og_description":"Al ser interceptados, los vendedores que ofrec\u00edan el material a mucho menor precio que el mercado formal, reaccionaron de forma agresiva verbalmente contra los oficiales.","og_url":"https:\/\/reporteroshoy.mx\/noticias\/caen-tres-acusados-de-vender-pintura-chafa-en-tizimin\/","og_site_name":"Reporteros Hoy | Noticias de Yucat\u00e1n","article_publisher":"http:\/\/www.facebook.com\/reporteroshoymx","article_published_time":"2025-12-21T00:19:52+00:00","article_modified_time":"2025-12-21T00:24:07+00:00","og_image":[{"width":768,"height":473,"url":"https:\/\/reporteroshoy.mx\/noticias\/wp-content\/uploads\/2025\/12\/DETENIDOS-PINTURA-1-scaled.avif","type":"image\/jpeg"}],"author":"Reporteros Hoy HY","twitter_card":"summary_large_image","twitter_creator":"@reporteroshoy","twitter_site":"@reporteroshoy","twitter_misc":{"Escrito por":"Reporteros Hoy HY","Tiempo de lectura":"2 minutos"},"schema":{"@context":"https:\/\/schema.org","@graph":[{"@type":"Article","@id":"https:\/\/reporteroshoy.mx\/noticias\/caen-tres-acusados-de-vender-pintura-chafa-en-tizimin\/#article","isPartOf":{"@id":"https:\/\/reporteroshoy.mx\/noticias\/caen-tres-acusados-de-vender-pintura-chafa-en-tizimin\/"},"author":{"name":"Reporteros Hoy HY","@id":"https:\/\/reporteroshoy.mx\/noticias\/#\/schema\/person\/d32189074678a9d41498d4248e29aac3"},"headline":"Caen tres acusados de vender pintura \u00abchafa\u00bb en Tizim\u00edn","datePublished":"2025-12-21T00:19:52+00:00","dateModified":"2025-12-21T00:24:07+00:00","mainEntityOfPage":{"@id":"https:\/\/reporteroshoy.mx\/noticias\/caen-tres-acusados-de-vender-pintura-chafa-en-tizimin\/"},"wordCount":204,"commentCount":0,"image":{"@id":"https:\/\/reporteroshoy.mx\/noticias\/caen-tres-acusados-de-vender-pintura-chafa-en-tizimin\/#primaryimage"},"thumbnailUrl":"https:\/\/reporteroshoy.mx\/noticias\/wp-content\/uploads\/2025\/12\/DETENIDOS-PINTURA-1-scaled.avif","keywords":["detenidos en tizimin","Tizim\u00edn","Yucat\u00e1n"],"articleSection":["Municipios"],"inLanguage":"es","potentialAction":[{"@type":"CommentAction","name":"Comment","target":["https:\/\/reporteroshoy.mx\/noticias\/caen-tres-acusados-de-vender-pintura-chafa-en-tizimin\/#respond"]}]},{"@type":"WebPage","@id":"https:\/\/reporteroshoy.mx\/noticias\/caen-tres-acusados-de-vender-pintura-chafa-en-tizimin\/","url":"https:\/\/reporteroshoy.mx\/noticias\/caen-tres-acusados-de-vender-pintura-chafa-en-tizimin\/","name":"Caen tres acusados de vender pintura \"chafa\" en Tizim\u00edn","isPartOf":{"@id":"https:\/\/reporteroshoy.mx\/noticias\/#website"},"primaryImageOfPage":{"@id":"https:\/\/reporteroshoy.mx\/noticias\/caen-tres-acusados-de-vender-pintura-chafa-en-tizimin\/#primaryimage"},"image":{"@id":"https:\/\/reporteroshoy.mx\/noticias\/caen-tres-acusados-de-vender-pintura-chafa-en-tizimin\/#primaryimage"},"thumbnailUrl":"https:\/\/reporteroshoy.mx\/noticias\/wp-content\/uploads\/2025\/12\/DETENIDOS-PINTURA-1-scaled.avif","datePublished":"2025-12-21T00:19:52+00:00","dateModified":"2025-12-21T00:24:07+00:00","author":{"@id":"https:\/\/reporteroshoy.mx\/noticias\/#\/schema\/person\/d32189074678a9d41498d4248e29aac3"},"description":"Al ser interceptados, los vendedores que ofrec\u00edan el material a mucho menor precio que el mercado formal, reaccionaron de forma agresiva verbalmente contra los oficiales.","breadcrumb":{"@id":"https:\/\/reporteroshoy.mx\/noticias\/caen-tres-acusados-de-vender-pintura-chafa-en-tizimin\/#breadcrumb"},"inLanguage":"es","potentialAction":[{"@type":"ReadAction","target":["https:\/\/reporteroshoy.mx\/noticias\/caen-tres-acusados-de-vender-pintura-chafa-en-tizimin\/"]}]},{"@type":"ImageObject","inLanguage":"es","@id":"https:\/\/reporteroshoy.mx\/noticias\/caen-tres-acusados-de-vender-pintura-chafa-en-tizimin\/#primaryimage","url":"https:\/\/reporteroshoy.mx\/noticias\/wp-content\/uploads\/2025\/12\/DETENIDOS-PINTURA-1-scaled.avif","contentUrl":"https:\/\/reporteroshoy.mx\/noticias\/wp-content\/uploads\/2025\/12\/DETENIDOS-PINTURA-1-scaled.avif","width":768,"height":473,"caption":"detenidos pintura Tizim\u00edn"},{"@type":"BreadcrumbList","@id":"https:\/\/reporteroshoy.mx\/noticias\/caen-tres-acusados-de-vender-pintura-chafa-en-tizimin\/#breadcrumb","itemListElement":[{"@type":"ListItem","position":1,"name":"Portada","item":"https:\/\/reporteroshoy.mx\/noticias\/"},{"@type":"ListItem","position":2,"name":"Caen tres acusados de vender pintura \u00abchafa\u00bb en Tizim\u00edn"}]},{"@type":"WebSite","@id":"https:\/\/reporteroshoy.mx\/noticias\/#website","url":"https:\/\/reporteroshoy.mx\/noticias\/","name":"Reporteros Hoy | Noticias de Yucat\u00e1n","description":"Peri\u00f3dico digital con noticias diarias desde M\u00e9rida, Yucat\u00e1n para el mundo.","potentialAction":[{"@type":"SearchAction","target":{"@type":"EntryPoint","urlTemplate":"https:\/\/reporteroshoy.mx\/noticias\/?s={search_term_string}"},"query-input":{"@type":"PropertyValueSpecification","valueRequired":true,"valueName":"search_term_string"}}],"inLanguage":"es"},{"@type":"Person","@id":"https:\/\/reporteroshoy.mx\/noticias\/#\/schema\/person\/d32189074678a9d41498d4248e29aac3","name":"Reporteros Hoy HY","image":{"@type":"ImageObject","inLanguage":"es","@id":"https:\/\/secure.gravatar.com\/avatar\/c539a82770f256437b35bda44650bb50f5fd4b7017f8b29672ed9f27a43cec47?s=96&d=mm&r=g","url":"https:\/\/secure.gravatar.com\/avatar\/c539a82770f256437b35bda44650bb50f5fd4b7017f8b29672ed9f27a43cec47?s=96&d=mm&r=g","contentUrl":"https:\/\/secure.gravatar.com\/avatar\/c539a82770f256437b35bda44650bb50f5fd4b7017f8b29672ed9f27a43cec47?s=96&d=mm&r=g","caption":"Reporteros Hoy HY"},"url":"https:\/\/reporteroshoy.mx\/noticias\/author\/thelmo\/"}]}},"_links":{"self":[{"href":"https:\/\/reporteroshoy.mx\/noticias\/wp-json\/wp\/v2\/posts\/126612","targetHints":{"allow":["GET"]}}],"collection":[{"href":"https:\/\/reporteroshoy.mx\/noticias\/wp-json\/wp\/v2\/posts"}],"about":[{"href":"https:\/\/reporteroshoy.mx\/noticias\/wp-json\/wp\/v2\/types\/post"}],"author":[{"embeddable":true,"href":"https:\/\/reporteroshoy.mx\/noticias\/wp-json\/wp\/v2\/users\/2"}],"replies":[{"embeddable":true,"href":"https:\/\/reporteroshoy.mx\/noticias\/wp-json\/wp\/v2\/comments?post=126612"}],"version-history":[{"count":0,"href":"https:\/\/reporteroshoy.mx\/noticias\/wp-json\/wp\/v2\/posts\/126612\/revisions"}],"wp:featuredmedia":[{"embeddable":true,"href":"https:\/\/reporteroshoy.mx\/noticias\/wp-json\/wp\/v2\/media\/126614"}],"wp:attachment":[{"href":"https:\/\/reporteroshoy.mx\/noticias\/wp-json\/wp\/v2\/media?parent=126612"}],"wp:term":[{"taxonomy":"category","embeddable":true,"href":"https:\/\/reporteroshoy.mx\/noticias\/wp-json\/wp\/v2\/categories?post=126612"},{"taxonomy":"post_tag","embeddable":true,"href":"https:\/\/reporteroshoy.mx\/noticias\/wp-json\/wp\/v2\/tags?post=126612"}],"curies":[{"name":"wp","href":"https:\/\/api.w.org\/{rel}","templated":true}]}}