{"id":126909,"date":"2026-01-09T11:20:47","date_gmt":"2026-01-09T17:20:47","guid":{"rendered":"https:\/\/reporteroshoy.mx\/noticias\/?p=126909"},"modified":"2026-01-09T11:20:47","modified_gmt":"2026-01-09T17:20:47","slug":"cuantiosos-danos-por-fuerte-choque-al-sur-de-merida","status":"publish","type":"post","link":"https:\/\/reporteroshoy.mx\/noticias\/cuantiosos-danos-por-fuerte-choque-al-sur-de-merida\/","title":{"rendered":"Cuantiosos da\u00f1os por fuerte choque al sur de M\u00e9rida"},"content":{"rendered":"<p style=\"text-align: justify;\" data-start=\"219\" data-end=\"622\">Un aparatoso accidente de tr\u00e1nsito se registr\u00f3 la ma\u00f1ana de este viernes en el cruce de las calles 51 y 4 de la colonia Salvador Alvarado Sur, al sur de la ciudad de M\u00e9rida, donde se vieron involucrados un veh\u00edculo de lujo y un autom\u00f3vil compacto. El percance gener\u00f3 movilizaci\u00f3n de cuerpos de emergencia y elementos de la Secretar\u00eda de Seguridad P\u00fablica (SSP).<\/p>\n<p style=\"text-align: justify;\" data-start=\"624\" data-end=\"959\">En el choque estuvieron involucrados un autom\u00f3vil Mercedes-Benz y un Nissan Versa. La fuerza del impacto provoc\u00f3 da\u00f1os considerables en ambas unidades, por lo que fue necesaria la intervenci\u00f3n inmediata de las autoridades para asegurar la zona, brindar apoyo a los conductores y evitar riesgos a otros automovilistas que circulaban por el \u00e1rea.<\/p>\n<p data-start=\"624\" data-end=\"959\"><img loading=\"lazy\" decoding=\"async\" class=\"aligncenter wp-image-126910\" src=\"https:\/\/reporteroshoy.mx\/noticias\/wp-content\/uploads\/2026\/01\/Fuerte-choque1-scaled.avif\" alt=\"Cuantiosos da\u00f1os por fuerte choque al sur de M\u00e9rida\" width=\"600\" height=\"338\" srcset=\"https:\/\/reporteroshoy.mx\/noticias\/wp-content\/uploads\/2026\/01\/Fuerte-choque1-scaled.avif 768w, https:\/\/reporteroshoy.mx\/noticias\/wp-content\/uploads\/2026\/01\/Fuerte-choque1-1536x864.avif 1536w, https:\/\/reporteroshoy.mx\/noticias\/wp-content\/uploads\/2026\/01\/Fuerte-choque1-2048x1152.avif 2048w\" sizes=\"auto, (max-width: 600px) 100vw, 600px\" \/><\/p>\n<p style=\"text-align: justify;\" data-start=\"961\" data-end=\"1316\">De acuerdo con informaci\u00f3n recabada en el lugar, se estableci\u00f3 que el conductor del Nissan Versa no contaba con un seguro vigente contra siniestros, situaci\u00f3n que complica su panorama legal y econ\u00f3mico ante los da\u00f1os ocasionados al veh\u00edculo de alta gama. No obstante, se se\u00f1al\u00f3 que el Versa circulaba con preferencia sobre la v\u00eda al momento del impacto.<\/p>\n<p style=\"text-align: justify;\" data-start=\"1318\" data-end=\"1609\" data-is-last-node=\"\" data-is-only-node=\"\">Peritos de tr\u00e1nsito de la SSP permanecieron en el sitio realizando las diligencias correspondientes para determinar cu\u00e1l de los conductores ignor\u00f3 la se\u00f1al de alto. Las autoridades ser\u00e1n las encargadas de deslindar responsabilidades y garantizar la reparaci\u00f3n de los da\u00f1os conforme a la ley.<\/p>\n<p data-start=\"1318\" data-end=\"1609\" data-is-last-node=\"\" data-is-only-node=\"\"><strong>ACOM<\/strong><\/p>\n","protected":false},"excerpt":{"rendered":"<p>Un fuerte accidente vial entre un Mercedes-Benz y un Nissan Versa dej\u00f3 cuantiosos da\u00f1os materiales en el sur de M\u00e9rida.<\/p>\n","protected":false},"author":9,"featured_media":126911,"comment_status":"open","ping_status":"closed","sticky":false,"template":"","format":"standard","meta":{"footnotes":""},"categories":[24379],"tags":[437,13485],"class_list":["post-126909","post","type-post","status-publish","format-standard","has-post-thumbnail","hentry","category-merida","tag-choque","tag-salvador-alvarado-sur"],"yoast_head":"<!-- This site is optimized with the Yoast SEO plugin v28.3 - https:\/\/yoast.com\/product\/yoast-seo-wordpress\/ -->\n<title>Cuantiosos da\u00f1os por fuerte choque al sur de M\u00e9rida<\/title>\n<meta name=\"description\" content=\"Un fuerte accidente vial entre un Mercedes-Benz y un Nissan Versa dej\u00f3 cuantiosos da\u00f1os materiales en el sur de M\u00e9rida.\" \/>\n<meta name=\"robots\" content=\"index, follow, max-snippet:-1, max-image-preview:large, max-video-preview:-1\" \/>\n<link rel=\"canonical\" href=\"https:\/\/reporteroshoy.mx\/noticias\/cuantiosos-danos-por-fuerte-choque-al-sur-de-merida\/\" \/>\n<meta property=\"og:locale\" content=\"es_ES\" \/>\n<meta property=\"og:type\" content=\"article\" \/>\n<meta property=\"og:title\" content=\"Cuantiosos da\u00f1os por fuerte choque al sur de M\u00e9rida\" \/>\n<meta property=\"og:description\" content=\"Un fuerte accidente vial entre un Mercedes-Benz y un Nissan Versa dej\u00f3 cuantiosos da\u00f1os materiales en el sur de M\u00e9rida.\" \/>\n<meta property=\"og:url\" content=\"https:\/\/reporteroshoy.mx\/noticias\/cuantiosos-danos-por-fuerte-choque-al-sur-de-merida\/\" \/>\n<meta property=\"og:site_name\" content=\"Reporteros Hoy | Noticias de Yucat\u00e1n\" \/>\n<meta property=\"article:publisher\" content=\"http:\/\/www.facebook.com\/reporteroshoymx\" \/>\n<meta property=\"article:published_time\" content=\"2026-01-09T17:20:47+00:00\" \/>\n<meta property=\"og:image\" content=\"https:\/\/reporteroshoy.mx\/noticias\/wp-content\/uploads\/2026\/01\/Fuerte-choque-scaled.avif\" \/>\n\t<meta property=\"og:image:width\" content=\"768\" \/>\n\t<meta property=\"og:image:height\" content=\"432\" \/>\n\t<meta property=\"og:image:type\" content=\"image\/jpeg\" \/>\n<meta name=\"author\" content=\"Reporteros Hoy WP\" \/>\n<meta name=\"twitter:card\" content=\"summary_large_image\" \/>\n<meta name=\"twitter:creator\" content=\"@reporteroshoy\" \/>\n<meta name=\"twitter:site\" content=\"@reporteroshoy\" \/>\n<meta name=\"twitter:label1\" content=\"Escrito por\" \/>\n\t<meta name=\"twitter:data1\" content=\"Reporteros Hoy WP\" \/>\n\t<meta name=\"twitter:label2\" content=\"Tiempo de lectura\" \/>\n\t<meta name=\"twitter:data2\" content=\"2 minutos\" \/>\n<script type=\"application\/ld+json\" class=\"yoast-schema-graph\">{\"@context\":\"https:\\\/\\\/schema.org\",\"@graph\":[{\"@type\":\"Article\",\"@id\":\"https:\\\/\\\/reporteroshoy.mx\\\/noticias\\\/cuantiosos-danos-por-fuerte-choque-al-sur-de-merida\\\/#article\",\"isPartOf\":{\"@id\":\"https:\\\/\\\/reporteroshoy.mx\\\/noticias\\\/cuantiosos-danos-por-fuerte-choque-al-sur-de-merida\\\/\"},\"author\":{\"name\":\"Reporteros Hoy WP\",\"@id\":\"https:\\\/\\\/reporteroshoy.mx\\\/noticias\\\/#\\\/schema\\\/person\\\/c977527e57c958a62c5cefe8fe47876e\"},\"headline\":\"Cuantiosos da\u00f1os por fuerte choque al sur de M\u00e9rida\",\"datePublished\":\"2026-01-09T17:20:47+00:00\",\"mainEntityOfPage\":{\"@id\":\"https:\\\/\\\/reporteroshoy.mx\\\/noticias\\\/cuantiosos-danos-por-fuerte-choque-al-sur-de-merida\\\/\"},\"wordCount\":252,\"commentCount\":0,\"image\":{\"@id\":\"https:\\\/\\\/reporteroshoy.mx\\\/noticias\\\/cuantiosos-danos-por-fuerte-choque-al-sur-de-merida\\\/#primaryimage\"},\"thumbnailUrl\":\"https:\\\/\\\/reporteroshoy.mx\\\/noticias\\\/wp-content\\\/uploads\\\/2026\\\/01\\\/Fuerte-choque-scaled.avif\",\"keywords\":[\"Choque\",\"Salvador Alvarado Sur\"],\"articleSection\":[\"M\u00e9rida\"],\"inLanguage\":\"es\",\"potentialAction\":[{\"@type\":\"CommentAction\",\"name\":\"Comment\",\"target\":[\"https:\\\/\\\/reporteroshoy.mx\\\/noticias\\\/cuantiosos-danos-por-fuerte-choque-al-sur-de-merida\\\/#respond\"]}]},{\"@type\":\"WebPage\",\"@id\":\"https:\\\/\\\/reporteroshoy.mx\\\/noticias\\\/cuantiosos-danos-por-fuerte-choque-al-sur-de-merida\\\/\",\"url\":\"https:\\\/\\\/reporteroshoy.mx\\\/noticias\\\/cuantiosos-danos-por-fuerte-choque-al-sur-de-merida\\\/\",\"name\":\"Cuantiosos da\u00f1os por fuerte choque al sur de M\u00e9rida\",\"isPartOf\":{\"@id\":\"https:\\\/\\\/reporteroshoy.mx\\\/noticias\\\/#website\"},\"primaryImageOfPage\":{\"@id\":\"https:\\\/\\\/reporteroshoy.mx\\\/noticias\\\/cuantiosos-danos-por-fuerte-choque-al-sur-de-merida\\\/#primaryimage\"},\"image\":{\"@id\":\"https:\\\/\\\/reporteroshoy.mx\\\/noticias\\\/cuantiosos-danos-por-fuerte-choque-al-sur-de-merida\\\/#primaryimage\"},\"thumbnailUrl\":\"https:\\\/\\\/reporteroshoy.mx\\\/noticias\\\/wp-content\\\/uploads\\\/2026\\\/01\\\/Fuerte-choque-scaled.avif\",\"datePublished\":\"2026-01-09T17:20:47+00:00\",\"author\":{\"@id\":\"https:\\\/\\\/reporteroshoy.mx\\\/noticias\\\/#\\\/schema\\\/person\\\/c977527e57c958a62c5cefe8fe47876e\"},\"description\":\"Un fuerte accidente vial entre un Mercedes-Benz y un Nissan Versa dej\u00f3 cuantiosos da\u00f1os materiales en el sur de M\u00e9rida.\",\"breadcrumb\":{\"@id\":\"https:\\\/\\\/reporteroshoy.mx\\\/noticias\\\/cuantiosos-danos-por-fuerte-choque-al-sur-de-merida\\\/#breadcrumb\"},\"inLanguage\":\"es\",\"potentialAction\":[{\"@type\":\"ReadAction\",\"target\":[\"https:\\\/\\\/reporteroshoy.mx\\\/noticias\\\/cuantiosos-danos-por-fuerte-choque-al-sur-de-merida\\\/\"]}]},{\"@type\":\"ImageObject\",\"inLanguage\":\"es\",\"@id\":\"https:\\\/\\\/reporteroshoy.mx\\\/noticias\\\/cuantiosos-danos-por-fuerte-choque-al-sur-de-merida\\\/#primaryimage\",\"url\":\"https:\\\/\\\/reporteroshoy.mx\\\/noticias\\\/wp-content\\\/uploads\\\/2026\\\/01\\\/Fuerte-choque-scaled.avif\",\"contentUrl\":\"https:\\\/\\\/reporteroshoy.mx\\\/noticias\\\/wp-content\\\/uploads\\\/2026\\\/01\\\/Fuerte-choque-scaled.avif\",\"width\":768,\"height\":432,\"caption\":\"Cuantiosos da\u00f1os por fuerte choque al sur de M\u00e9rida\"},{\"@type\":\"BreadcrumbList\",\"@id\":\"https:\\\/\\\/reporteroshoy.mx\\\/noticias\\\/cuantiosos-danos-por-fuerte-choque-al-sur-de-merida\\\/#breadcrumb\",\"itemListElement\":[{\"@type\":\"ListItem\",\"position\":1,\"name\":\"Portada\",\"item\":\"https:\\\/\\\/reporteroshoy.mx\\\/noticias\\\/\"},{\"@type\":\"ListItem\",\"position\":2,\"name\":\"Cuantiosos da\u00f1os por fuerte choque al sur de M\u00e9rida\"}]},{\"@type\":\"WebSite\",\"@id\":\"https:\\\/\\\/reporteroshoy.mx\\\/noticias\\\/#website\",\"url\":\"https:\\\/\\\/reporteroshoy.mx\\\/noticias\\\/\",\"name\":\"Reporteros Hoy | Noticias de Yucat\u00e1n\",\"description\":\"Peri\u00f3dico digital con noticias diarias desde M\u00e9rida, Yucat\u00e1n para el mundo.\",\"potentialAction\":[{\"@type\":\"SearchAction\",\"target\":{\"@type\":\"EntryPoint\",\"urlTemplate\":\"https:\\\/\\\/reporteroshoy.mx\\\/noticias\\\/?s={search_term_string}\"},\"query-input\":{\"@type\":\"PropertyValueSpecification\",\"valueRequired\":true,\"valueName\":\"search_term_string\"}}],\"inLanguage\":\"es\"},{\"@type\":\"Person\",\"@id\":\"https:\\\/\\\/reporteroshoy.mx\\\/noticias\\\/#\\\/schema\\\/person\\\/c977527e57c958a62c5cefe8fe47876e\",\"name\":\"Reporteros Hoy WP\",\"image\":{\"@type\":\"ImageObject\",\"inLanguage\":\"es\",\"@id\":\"https:\\\/\\\/secure.gravatar.com\\\/avatar\\\/fd2917f79a7dae30f8ac9ddc2f35e1756bb59e25e01d1cd09deaa64df7b2f73e?s=96&d=mm&r=g\",\"url\":\"https:\\\/\\\/secure.gravatar.com\\\/avatar\\\/fd2917f79a7dae30f8ac9ddc2f35e1756bb59e25e01d1cd09deaa64df7b2f73e?s=96&d=mm&r=g\",\"contentUrl\":\"https:\\\/\\\/secure.gravatar.com\\\/avatar\\\/fd2917f79a7dae30f8ac9ddc2f35e1756bb59e25e01d1cd09deaa64df7b2f73e?s=96&d=mm&r=g\",\"caption\":\"Reporteros Hoy WP\"},\"url\":\"https:\\\/\\\/reporteroshoy.mx\\\/noticias\\\/author\\\/walfer\\\/\"}]}<\/script>\n<!-- \/ Yoast SEO plugin. -->","yoast_head_json":{"title":"Cuantiosos da\u00f1os por fuerte choque al sur de M\u00e9rida","description":"Un fuerte accidente vial entre un Mercedes-Benz y un Nissan Versa dej\u00f3 cuantiosos da\u00f1os materiales en el sur de M\u00e9rida.","robots":{"index":"index","follow":"follow","max-snippet":"max-snippet:-1","max-image-preview":"max-image-preview:large","max-video-preview":"max-video-preview:-1"},"canonical":"https:\/\/reporteroshoy.mx\/noticias\/cuantiosos-danos-por-fuerte-choque-al-sur-de-merida\/","og_locale":"es_ES","og_type":"article","og_title":"Cuantiosos da\u00f1os por fuerte choque al sur de M\u00e9rida","og_description":"Un fuerte accidente vial entre un Mercedes-Benz y un Nissan Versa dej\u00f3 cuantiosos da\u00f1os materiales en el sur de M\u00e9rida.","og_url":"https:\/\/reporteroshoy.mx\/noticias\/cuantiosos-danos-por-fuerte-choque-al-sur-de-merida\/","og_site_name":"Reporteros Hoy | Noticias de Yucat\u00e1n","article_publisher":"http:\/\/www.facebook.com\/reporteroshoymx","article_published_time":"2026-01-09T17:20:47+00:00","og_image":[{"width":768,"height":432,"url":"https:\/\/reporteroshoy.mx\/noticias\/wp-content\/uploads\/2026\/01\/Fuerte-choque-scaled.avif","type":"image\/jpeg"}],"author":"Reporteros Hoy WP","twitter_card":"summary_large_image","twitter_creator":"@reporteroshoy","twitter_site":"@reporteroshoy","twitter_misc":{"Escrito por":"Reporteros Hoy WP","Tiempo de lectura":"2 minutos"},"schema":{"@context":"https:\/\/schema.org","@graph":[{"@type":"Article","@id":"https:\/\/reporteroshoy.mx\/noticias\/cuantiosos-danos-por-fuerte-choque-al-sur-de-merida\/#article","isPartOf":{"@id":"https:\/\/reporteroshoy.mx\/noticias\/cuantiosos-danos-por-fuerte-choque-al-sur-de-merida\/"},"author":{"name":"Reporteros Hoy WP","@id":"https:\/\/reporteroshoy.mx\/noticias\/#\/schema\/person\/c977527e57c958a62c5cefe8fe47876e"},"headline":"Cuantiosos da\u00f1os por fuerte choque al sur de M\u00e9rida","datePublished":"2026-01-09T17:20:47+00:00","mainEntityOfPage":{"@id":"https:\/\/reporteroshoy.mx\/noticias\/cuantiosos-danos-por-fuerte-choque-al-sur-de-merida\/"},"wordCount":252,"commentCount":0,"image":{"@id":"https:\/\/reporteroshoy.mx\/noticias\/cuantiosos-danos-por-fuerte-choque-al-sur-de-merida\/#primaryimage"},"thumbnailUrl":"https:\/\/reporteroshoy.mx\/noticias\/wp-content\/uploads\/2026\/01\/Fuerte-choque-scaled.avif","keywords":["Choque","Salvador Alvarado Sur"],"articleSection":["M\u00e9rida"],"inLanguage":"es","potentialAction":[{"@type":"CommentAction","name":"Comment","target":["https:\/\/reporteroshoy.mx\/noticias\/cuantiosos-danos-por-fuerte-choque-al-sur-de-merida\/#respond"]}]},{"@type":"WebPage","@id":"https:\/\/reporteroshoy.mx\/noticias\/cuantiosos-danos-por-fuerte-choque-al-sur-de-merida\/","url":"https:\/\/reporteroshoy.mx\/noticias\/cuantiosos-danos-por-fuerte-choque-al-sur-de-merida\/","name":"Cuantiosos da\u00f1os por fuerte choque al sur de M\u00e9rida","isPartOf":{"@id":"https:\/\/reporteroshoy.mx\/noticias\/#website"},"primaryImageOfPage":{"@id":"https:\/\/reporteroshoy.mx\/noticias\/cuantiosos-danos-por-fuerte-choque-al-sur-de-merida\/#primaryimage"},"image":{"@id":"https:\/\/reporteroshoy.mx\/noticias\/cuantiosos-danos-por-fuerte-choque-al-sur-de-merida\/#primaryimage"},"thumbnailUrl":"https:\/\/reporteroshoy.mx\/noticias\/wp-content\/uploads\/2026\/01\/Fuerte-choque-scaled.avif","datePublished":"2026-01-09T17:20:47+00:00","author":{"@id":"https:\/\/reporteroshoy.mx\/noticias\/#\/schema\/person\/c977527e57c958a62c5cefe8fe47876e"},"description":"Un fuerte accidente vial entre un Mercedes-Benz y un Nissan Versa dej\u00f3 cuantiosos da\u00f1os materiales en el sur de M\u00e9rida.","breadcrumb":{"@id":"https:\/\/reporteroshoy.mx\/noticias\/cuantiosos-danos-por-fuerte-choque-al-sur-de-merida\/#breadcrumb"},"inLanguage":"es","potentialAction":[{"@type":"ReadAction","target":["https:\/\/reporteroshoy.mx\/noticias\/cuantiosos-danos-por-fuerte-choque-al-sur-de-merida\/"]}]},{"@type":"ImageObject","inLanguage":"es","@id":"https:\/\/reporteroshoy.mx\/noticias\/cuantiosos-danos-por-fuerte-choque-al-sur-de-merida\/#primaryimage","url":"https:\/\/reporteroshoy.mx\/noticias\/wp-content\/uploads\/2026\/01\/Fuerte-choque-scaled.avif","contentUrl":"https:\/\/reporteroshoy.mx\/noticias\/wp-content\/uploads\/2026\/01\/Fuerte-choque-scaled.avif","width":768,"height":432,"caption":"Cuantiosos da\u00f1os por fuerte choque al sur de M\u00e9rida"},{"@type":"BreadcrumbList","@id":"https:\/\/reporteroshoy.mx\/noticias\/cuantiosos-danos-por-fuerte-choque-al-sur-de-merida\/#breadcrumb","itemListElement":[{"@type":"ListItem","position":1,"name":"Portada","item":"https:\/\/reporteroshoy.mx\/noticias\/"},{"@type":"ListItem","position":2,"name":"Cuantiosos da\u00f1os por fuerte choque al sur de M\u00e9rida"}]},{"@type":"WebSite","@id":"https:\/\/reporteroshoy.mx\/noticias\/#website","url":"https:\/\/reporteroshoy.mx\/noticias\/","name":"Reporteros Hoy | Noticias de Yucat\u00e1n","description":"Peri\u00f3dico digital con noticias diarias desde M\u00e9rida, Yucat\u00e1n para el mundo.","potentialAction":[{"@type":"SearchAction","target":{"@type":"EntryPoint","urlTemplate":"https:\/\/reporteroshoy.mx\/noticias\/?s={search_term_string}"},"query-input":{"@type":"PropertyValueSpecification","valueRequired":true,"valueName":"search_term_string"}}],"inLanguage":"es"},{"@type":"Person","@id":"https:\/\/reporteroshoy.mx\/noticias\/#\/schema\/person\/c977527e57c958a62c5cefe8fe47876e","name":"Reporteros Hoy WP","image":{"@type":"ImageObject","inLanguage":"es","@id":"https:\/\/secure.gravatar.com\/avatar\/fd2917f79a7dae30f8ac9ddc2f35e1756bb59e25e01d1cd09deaa64df7b2f73e?s=96&d=mm&r=g","url":"https:\/\/secure.gravatar.com\/avatar\/fd2917f79a7dae30f8ac9ddc2f35e1756bb59e25e01d1cd09deaa64df7b2f73e?s=96&d=mm&r=g","contentUrl":"https:\/\/secure.gravatar.com\/avatar\/fd2917f79a7dae30f8ac9ddc2f35e1756bb59e25e01d1cd09deaa64df7b2f73e?s=96&d=mm&r=g","caption":"Reporteros Hoy WP"},"url":"https:\/\/reporteroshoy.mx\/noticias\/author\/walfer\/"}]}},"_links":{"self":[{"href":"https:\/\/reporteroshoy.mx\/noticias\/wp-json\/wp\/v2\/posts\/126909","targetHints":{"allow":["GET"]}}],"collection":[{"href":"https:\/\/reporteroshoy.mx\/noticias\/wp-json\/wp\/v2\/posts"}],"about":[{"href":"https:\/\/reporteroshoy.mx\/noticias\/wp-json\/wp\/v2\/types\/post"}],"author":[{"embeddable":true,"href":"https:\/\/reporteroshoy.mx\/noticias\/wp-json\/wp\/v2\/users\/9"}],"replies":[{"embeddable":true,"href":"https:\/\/reporteroshoy.mx\/noticias\/wp-json\/wp\/v2\/comments?post=126909"}],"version-history":[{"count":0,"href":"https:\/\/reporteroshoy.mx\/noticias\/wp-json\/wp\/v2\/posts\/126909\/revisions"}],"wp:featuredmedia":[{"embeddable":true,"href":"https:\/\/reporteroshoy.mx\/noticias\/wp-json\/wp\/v2\/media\/126911"}],"wp:attachment":[{"href":"https:\/\/reporteroshoy.mx\/noticias\/wp-json\/wp\/v2\/media?parent=126909"}],"wp:term":[{"taxonomy":"category","embeddable":true,"href":"https:\/\/reporteroshoy.mx\/noticias\/wp-json\/wp\/v2\/categories?post=126909"},{"taxonomy":"post_tag","embeddable":true,"href":"https:\/\/reporteroshoy.mx\/noticias\/wp-json\/wp\/v2\/tags?post=126909"}],"curies":[{"name":"wp","href":"https:\/\/api.w.org\/{rel}","templated":true}]}}