{"id":127350,"date":"2026-02-09T13:54:17","date_gmt":"2026-02-09T19:54:17","guid":{"rendered":"https:\/\/reporteroshoy.mx\/noticias\/?p=127350"},"modified":"2026-02-09T13:54:17","modified_gmt":"2026-02-09T19:54:17","slug":"planta-de-tratamiento-de-merida-lista-para-nueva-era-de-reciclaje","status":"publish","type":"post","link":"https:\/\/reporteroshoy.mx\/noticias\/planta-de-tratamiento-de-merida-lista-para-nueva-era-de-reciclaje\/","title":{"rendered":"Planta de tratamiento de M\u00e9rida lista para nueva era de reciclaje"},"content":{"rendered":"<p style=\"text-align: justify;\" data-olk-copy-source=\"MailCompose\">En enero de 2026 entr\u00f3 en vigor en M\u00e9xico, la Ley General de Econom\u00eda Circular, un nuevo modelo para el tratamiento de la basura, donde la separaci\u00f3n y el reciclaje se priorizan como primer eslab\u00f3n para aprovechamiento de la basura.<\/p>\n<p style=\"text-align: justify;\">En Servicios Ambientales Urbanos estamos preparados para acompa\u00f1ar a M\u00e9rida en esta nueva era y hemos fortalecido nuestra infraestructura con una nueva planta de separaci\u00f3n de residuos s\u00f3lidos urbanos, con tecnolog\u00eda probada en M\u00e9xico, que permite el reciclaje y reutilizaci\u00f3n de materiales como pl\u00e1sticos, cartones, vidrios, aluminio, entre otros, generados en hogares y empresas de M\u00e9rida.<\/p>\n<p><img loading=\"lazy\" decoding=\"async\" class=\"aligncenter wp-image-127351\" src=\"https:\/\/reporteroshoy.mx\/noticias\/wp-content\/uploads\/2026\/02\/Reciclaje-scaled.avif\" alt=\"Planta de tratamiento de M\u00e9rida lista para nueva era de reciclaje\" width=\"600\" height=\"450\" \/><\/p>\n<p style=\"text-align: justify;\">De igual forma, como resultado de alianzas estrat\u00e9gicas, adem\u00e1s contamos con maquinaria capaz de transformar toneladas de basura en Combustibles Derivados de Residuos (CDR), ampliando as\u00ed las alternativas posibles con los desechos.<\/p>\n<p style=\"text-align: justify;\">El director de Servicios Ambientales Urbanos, Ing. Ram\u00f3n Ugalde Bellido, expres\u00f3 \u201cde esta forma, en M\u00e9rida, se da cumplimiento a los objetivos de la Ley General de Econom\u00eda Circular y la basura se convierte en un recurso \u00fatil y renovable\u201d.<\/p>\n<p><img loading=\"lazy\" decoding=\"async\" class=\"aligncenter wp-image-127352\" src=\"https:\/\/reporteroshoy.mx\/noticias\/wp-content\/uploads\/2026\/02\/Reciclaje1-scaled.avif\" alt=\"Planta de tratamiento de M\u00e9rida lista para nueva era de reciclaje\" width=\"597\" height=\"448\" srcset=\"https:\/\/reporteroshoy.mx\/noticias\/wp-content\/uploads\/2026\/02\/Reciclaje1-scaled.avif 768w, https:\/\/reporteroshoy.mx\/noticias\/wp-content\/uploads\/2026\/02\/Reciclaje1-1536x1152.avif 1536w\" sizes=\"auto, (max-width: 597px) 100vw, 597px\" \/><\/p>\n<p style=\"text-align: justify;\">Por parte de Servicios Ambientales Urbanos, la capacidad t\u00e9cnica, la infraestructura y la disposici\u00f3n para operar est\u00e1n listas.<\/p>\n<p style=\"text-align: justify;\">Optimizar el destino de la basura que genera nuestra ciudad ya es posible y lo lograremos en conjunto ciudadan\u00eda, empresas y gobierno, para avanzar juntos por M\u00e9rida, nuestra salud y las generaciones que vienen.<\/p>\n","protected":false},"excerpt":{"rendered":"<p>Con la Ley de Econom\u00eda Circular, Servicios Ambientales Urbanos fortalece planta en M\u00e9rida para separar, reciclar y reutilizar residuos.<\/p>\n","protected":false},"author":9,"featured_media":127351,"comment_status":"open","ping_status":"closed","sticky":false,"template":"","format":"standard","meta":{"footnotes":""},"categories":[5],"tags":[24692,8383],"class_list":["post-127350","post","type-post","status-publish","format-standard","has-post-thumbnail","hentry","category-empresas","tag-planta-de-tratamiento","tag-reciclaje"],"yoast_head":"<!-- This site is optimized with the Yoast SEO plugin v28.4 - https:\/\/yoast.com\/product\/yoast-seo-wordpress\/ -->\n<title>Planta de tratamiento de M\u00e9rida lista para nueva era de reciclaje<\/title>\n<meta name=\"description\" content=\"Con la Ley de Econom\u00eda Circular, Servicios Ambientales Urbanos fortalece planta en M\u00e9rida para separar, reciclar y reutilizar residuos.\" \/>\n<meta name=\"robots\" content=\"index, follow, max-snippet:-1, max-image-preview:large, max-video-preview:-1\" \/>\n<link rel=\"canonical\" href=\"https:\/\/reporteroshoy.mx\/noticias\/planta-de-tratamiento-de-merida-lista-para-nueva-era-de-reciclaje\/\" \/>\n<meta property=\"og:locale\" content=\"es_ES\" \/>\n<meta property=\"og:type\" content=\"article\" \/>\n<meta property=\"og:title\" content=\"Planta de tratamiento de M\u00e9rida lista para nueva era de reciclaje\" \/>\n<meta property=\"og:description\" content=\"Con la Ley de Econom\u00eda Circular, Servicios Ambientales Urbanos fortalece planta en M\u00e9rida para separar, reciclar y reutilizar residuos.\" \/>\n<meta property=\"og:url\" content=\"https:\/\/reporteroshoy.mx\/noticias\/planta-de-tratamiento-de-merida-lista-para-nueva-era-de-reciclaje\/\" \/>\n<meta property=\"og:site_name\" content=\"Reporteros Hoy | Noticias de Yucat\u00e1n\" \/>\n<meta property=\"article:publisher\" content=\"http:\/\/www.facebook.com\/reporteroshoymx\" \/>\n<meta property=\"article:published_time\" content=\"2026-02-09T19:54:17+00:00\" \/>\n<meta property=\"og:image\" content=\"https:\/\/reporteroshoy.mx\/noticias\/wp-content\/uploads\/2026\/02\/Reciclaje-scaled.avif\" \/>\n\t<meta property=\"og:image:width\" content=\"768\" \/>\n\t<meta property=\"og:image:height\" content=\"576\" \/>\n\t<meta property=\"og:image:type\" content=\"image\/jpeg\" \/>\n<meta name=\"author\" content=\"Reporteros Hoy WP\" \/>\n<meta name=\"twitter:card\" content=\"summary_large_image\" \/>\n<meta name=\"twitter:creator\" content=\"@reporteroshoy\" \/>\n<meta name=\"twitter:site\" content=\"@reporteroshoy\" \/>\n<meta name=\"twitter:label1\" content=\"Escrito por\" \/>\n\t<meta name=\"twitter:data1\" content=\"Reporteros Hoy WP\" \/>\n\t<meta name=\"twitter:label2\" content=\"Tiempo de lectura\" \/>\n\t<meta name=\"twitter:data2\" content=\"2 minutos\" \/>\n<script type=\"application\/ld+json\" class=\"yoast-schema-graph\">{\"@context\":\"https:\\\/\\\/schema.org\",\"@graph\":[{\"@type\":\"Article\",\"@id\":\"https:\\\/\\\/reporteroshoy.mx\\\/noticias\\\/planta-de-tratamiento-de-merida-lista-para-nueva-era-de-reciclaje\\\/#article\",\"isPartOf\":{\"@id\":\"https:\\\/\\\/reporteroshoy.mx\\\/noticias\\\/planta-de-tratamiento-de-merida-lista-para-nueva-era-de-reciclaje\\\/\"},\"author\":{\"name\":\"Reporteros Hoy WP\",\"@id\":\"https:\\\/\\\/reporteroshoy.mx\\\/noticias\\\/#\\\/schema\\\/person\\\/c977527e57c958a62c5cefe8fe47876e\"},\"headline\":\"Planta de tratamiento de M\u00e9rida lista para nueva era de reciclaje\",\"datePublished\":\"2026-02-09T19:54:17+00:00\",\"mainEntityOfPage\":{\"@id\":\"https:\\\/\\\/reporteroshoy.mx\\\/noticias\\\/planta-de-tratamiento-de-merida-lista-para-nueva-era-de-reciclaje\\\/\"},\"wordCount\":254,\"commentCount\":0,\"image\":{\"@id\":\"https:\\\/\\\/reporteroshoy.mx\\\/noticias\\\/planta-de-tratamiento-de-merida-lista-para-nueva-era-de-reciclaje\\\/#primaryimage\"},\"thumbnailUrl\":\"https:\\\/\\\/reporteroshoy.mx\\\/noticias\\\/wp-content\\\/uploads\\\/2026\\\/02\\\/Reciclaje-scaled.avif\",\"keywords\":[\"Planta de Tratamiento\",\"reciclaje\"],\"articleSection\":[\"Empresas\"],\"inLanguage\":\"es\",\"potentialAction\":[{\"@type\":\"CommentAction\",\"name\":\"Comment\",\"target\":[\"https:\\\/\\\/reporteroshoy.mx\\\/noticias\\\/planta-de-tratamiento-de-merida-lista-para-nueva-era-de-reciclaje\\\/#respond\"]}]},{\"@type\":\"WebPage\",\"@id\":\"https:\\\/\\\/reporteroshoy.mx\\\/noticias\\\/planta-de-tratamiento-de-merida-lista-para-nueva-era-de-reciclaje\\\/\",\"url\":\"https:\\\/\\\/reporteroshoy.mx\\\/noticias\\\/planta-de-tratamiento-de-merida-lista-para-nueva-era-de-reciclaje\\\/\",\"name\":\"Planta de tratamiento de M\u00e9rida lista para nueva era de reciclaje\",\"isPartOf\":{\"@id\":\"https:\\\/\\\/reporteroshoy.mx\\\/noticias\\\/#website\"},\"primaryImageOfPage\":{\"@id\":\"https:\\\/\\\/reporteroshoy.mx\\\/noticias\\\/planta-de-tratamiento-de-merida-lista-para-nueva-era-de-reciclaje\\\/#primaryimage\"},\"image\":{\"@id\":\"https:\\\/\\\/reporteroshoy.mx\\\/noticias\\\/planta-de-tratamiento-de-merida-lista-para-nueva-era-de-reciclaje\\\/#primaryimage\"},\"thumbnailUrl\":\"https:\\\/\\\/reporteroshoy.mx\\\/noticias\\\/wp-content\\\/uploads\\\/2026\\\/02\\\/Reciclaje-scaled.avif\",\"datePublished\":\"2026-02-09T19:54:17+00:00\",\"author\":{\"@id\":\"https:\\\/\\\/reporteroshoy.mx\\\/noticias\\\/#\\\/schema\\\/person\\\/c977527e57c958a62c5cefe8fe47876e\"},\"description\":\"Con la Ley de Econom\u00eda Circular, Servicios Ambientales Urbanos fortalece planta en M\u00e9rida para separar, reciclar y reutilizar residuos.\",\"breadcrumb\":{\"@id\":\"https:\\\/\\\/reporteroshoy.mx\\\/noticias\\\/planta-de-tratamiento-de-merida-lista-para-nueva-era-de-reciclaje\\\/#breadcrumb\"},\"inLanguage\":\"es\",\"potentialAction\":[{\"@type\":\"ReadAction\",\"target\":[\"https:\\\/\\\/reporteroshoy.mx\\\/noticias\\\/planta-de-tratamiento-de-merida-lista-para-nueva-era-de-reciclaje\\\/\"]}]},{\"@type\":\"ImageObject\",\"inLanguage\":\"es\",\"@id\":\"https:\\\/\\\/reporteroshoy.mx\\\/noticias\\\/planta-de-tratamiento-de-merida-lista-para-nueva-era-de-reciclaje\\\/#primaryimage\",\"url\":\"https:\\\/\\\/reporteroshoy.mx\\\/noticias\\\/wp-content\\\/uploads\\\/2026\\\/02\\\/Reciclaje-scaled.avif\",\"contentUrl\":\"https:\\\/\\\/reporteroshoy.mx\\\/noticias\\\/wp-content\\\/uploads\\\/2026\\\/02\\\/Reciclaje-scaled.avif\",\"width\":768,\"height\":576,\"caption\":\"Planta de tratamiento de M\u00e9rida lista para nueva era de reciclaje\"},{\"@type\":\"BreadcrumbList\",\"@id\":\"https:\\\/\\\/reporteroshoy.mx\\\/noticias\\\/planta-de-tratamiento-de-merida-lista-para-nueva-era-de-reciclaje\\\/#breadcrumb\",\"itemListElement\":[{\"@type\":\"ListItem\",\"position\":1,\"name\":\"Portada\",\"item\":\"https:\\\/\\\/reporteroshoy.mx\\\/noticias\\\/\"},{\"@type\":\"ListItem\",\"position\":2,\"name\":\"Planta de tratamiento de M\u00e9rida lista para nueva era de reciclaje\"}]},{\"@type\":\"WebSite\",\"@id\":\"https:\\\/\\\/reporteroshoy.mx\\\/noticias\\\/#website\",\"url\":\"https:\\\/\\\/reporteroshoy.mx\\\/noticias\\\/\",\"name\":\"Reporteros Hoy | Noticias de Yucat\u00e1n\",\"description\":\"Peri\u00f3dico digital con noticias diarias desde M\u00e9rida, Yucat\u00e1n para el mundo.\",\"potentialAction\":[{\"@type\":\"SearchAction\",\"target\":{\"@type\":\"EntryPoint\",\"urlTemplate\":\"https:\\\/\\\/reporteroshoy.mx\\\/noticias\\\/?s={search_term_string}\"},\"query-input\":{\"@type\":\"PropertyValueSpecification\",\"valueRequired\":true,\"valueName\":\"search_term_string\"}}],\"inLanguage\":\"es\"},{\"@type\":\"Person\",\"@id\":\"https:\\\/\\\/reporteroshoy.mx\\\/noticias\\\/#\\\/schema\\\/person\\\/c977527e57c958a62c5cefe8fe47876e\",\"name\":\"Reporteros Hoy WP\",\"image\":{\"@type\":\"ImageObject\",\"inLanguage\":\"es\",\"@id\":\"https:\\\/\\\/secure.gravatar.com\\\/avatar\\\/fd2917f79a7dae30f8ac9ddc2f35e1756bb59e25e01d1cd09deaa64df7b2f73e?s=96&d=mm&r=g\",\"url\":\"https:\\\/\\\/secure.gravatar.com\\\/avatar\\\/fd2917f79a7dae30f8ac9ddc2f35e1756bb59e25e01d1cd09deaa64df7b2f73e?s=96&d=mm&r=g\",\"contentUrl\":\"https:\\\/\\\/secure.gravatar.com\\\/avatar\\\/fd2917f79a7dae30f8ac9ddc2f35e1756bb59e25e01d1cd09deaa64df7b2f73e?s=96&d=mm&r=g\",\"caption\":\"Reporteros Hoy WP\"},\"url\":\"https:\\\/\\\/reporteroshoy.mx\\\/noticias\\\/author\\\/walfer\\\/\"}]}<\/script>\n<!-- \/ Yoast SEO plugin. -->","yoast_head_json":{"title":"Planta de tratamiento de M\u00e9rida lista para nueva era de reciclaje","description":"Con la Ley de Econom\u00eda Circular, Servicios Ambientales Urbanos fortalece planta en M\u00e9rida para separar, reciclar y reutilizar residuos.","robots":{"index":"index","follow":"follow","max-snippet":"max-snippet:-1","max-image-preview":"max-image-preview:large","max-video-preview":"max-video-preview:-1"},"canonical":"https:\/\/reporteroshoy.mx\/noticias\/planta-de-tratamiento-de-merida-lista-para-nueva-era-de-reciclaje\/","og_locale":"es_ES","og_type":"article","og_title":"Planta de tratamiento de M\u00e9rida lista para nueva era de reciclaje","og_description":"Con la Ley de Econom\u00eda Circular, Servicios Ambientales Urbanos fortalece planta en M\u00e9rida para separar, reciclar y reutilizar residuos.","og_url":"https:\/\/reporteroshoy.mx\/noticias\/planta-de-tratamiento-de-merida-lista-para-nueva-era-de-reciclaje\/","og_site_name":"Reporteros Hoy | Noticias de Yucat\u00e1n","article_publisher":"http:\/\/www.facebook.com\/reporteroshoymx","article_published_time":"2026-02-09T19:54:17+00:00","og_image":[{"width":768,"height":576,"url":"https:\/\/reporteroshoy.mx\/noticias\/wp-content\/uploads\/2026\/02\/Reciclaje-scaled.avif","type":"image\/jpeg"}],"author":"Reporteros Hoy WP","twitter_card":"summary_large_image","twitter_creator":"@reporteroshoy","twitter_site":"@reporteroshoy","twitter_misc":{"Escrito por":"Reporteros Hoy WP","Tiempo de lectura":"2 minutos"},"schema":{"@context":"https:\/\/schema.org","@graph":[{"@type":"Article","@id":"https:\/\/reporteroshoy.mx\/noticias\/planta-de-tratamiento-de-merida-lista-para-nueva-era-de-reciclaje\/#article","isPartOf":{"@id":"https:\/\/reporteroshoy.mx\/noticias\/planta-de-tratamiento-de-merida-lista-para-nueva-era-de-reciclaje\/"},"author":{"name":"Reporteros Hoy WP","@id":"https:\/\/reporteroshoy.mx\/noticias\/#\/schema\/person\/c977527e57c958a62c5cefe8fe47876e"},"headline":"Planta de tratamiento de M\u00e9rida lista para nueva era de reciclaje","datePublished":"2026-02-09T19:54:17+00:00","mainEntityOfPage":{"@id":"https:\/\/reporteroshoy.mx\/noticias\/planta-de-tratamiento-de-merida-lista-para-nueva-era-de-reciclaje\/"},"wordCount":254,"commentCount":0,"image":{"@id":"https:\/\/reporteroshoy.mx\/noticias\/planta-de-tratamiento-de-merida-lista-para-nueva-era-de-reciclaje\/#primaryimage"},"thumbnailUrl":"https:\/\/reporteroshoy.mx\/noticias\/wp-content\/uploads\/2026\/02\/Reciclaje-scaled.avif","keywords":["Planta de Tratamiento","reciclaje"],"articleSection":["Empresas"],"inLanguage":"es","potentialAction":[{"@type":"CommentAction","name":"Comment","target":["https:\/\/reporteroshoy.mx\/noticias\/planta-de-tratamiento-de-merida-lista-para-nueva-era-de-reciclaje\/#respond"]}]},{"@type":"WebPage","@id":"https:\/\/reporteroshoy.mx\/noticias\/planta-de-tratamiento-de-merida-lista-para-nueva-era-de-reciclaje\/","url":"https:\/\/reporteroshoy.mx\/noticias\/planta-de-tratamiento-de-merida-lista-para-nueva-era-de-reciclaje\/","name":"Planta de tratamiento de M\u00e9rida lista para nueva era de reciclaje","isPartOf":{"@id":"https:\/\/reporteroshoy.mx\/noticias\/#website"},"primaryImageOfPage":{"@id":"https:\/\/reporteroshoy.mx\/noticias\/planta-de-tratamiento-de-merida-lista-para-nueva-era-de-reciclaje\/#primaryimage"},"image":{"@id":"https:\/\/reporteroshoy.mx\/noticias\/planta-de-tratamiento-de-merida-lista-para-nueva-era-de-reciclaje\/#primaryimage"},"thumbnailUrl":"https:\/\/reporteroshoy.mx\/noticias\/wp-content\/uploads\/2026\/02\/Reciclaje-scaled.avif","datePublished":"2026-02-09T19:54:17+00:00","author":{"@id":"https:\/\/reporteroshoy.mx\/noticias\/#\/schema\/person\/c977527e57c958a62c5cefe8fe47876e"},"description":"Con la Ley de Econom\u00eda Circular, Servicios Ambientales Urbanos fortalece planta en M\u00e9rida para separar, reciclar y reutilizar residuos.","breadcrumb":{"@id":"https:\/\/reporteroshoy.mx\/noticias\/planta-de-tratamiento-de-merida-lista-para-nueva-era-de-reciclaje\/#breadcrumb"},"inLanguage":"es","potentialAction":[{"@type":"ReadAction","target":["https:\/\/reporteroshoy.mx\/noticias\/planta-de-tratamiento-de-merida-lista-para-nueva-era-de-reciclaje\/"]}]},{"@type":"ImageObject","inLanguage":"es","@id":"https:\/\/reporteroshoy.mx\/noticias\/planta-de-tratamiento-de-merida-lista-para-nueva-era-de-reciclaje\/#primaryimage","url":"https:\/\/reporteroshoy.mx\/noticias\/wp-content\/uploads\/2026\/02\/Reciclaje-scaled.avif","contentUrl":"https:\/\/reporteroshoy.mx\/noticias\/wp-content\/uploads\/2026\/02\/Reciclaje-scaled.avif","width":768,"height":576,"caption":"Planta de tratamiento de M\u00e9rida lista para nueva era de reciclaje"},{"@type":"BreadcrumbList","@id":"https:\/\/reporteroshoy.mx\/noticias\/planta-de-tratamiento-de-merida-lista-para-nueva-era-de-reciclaje\/#breadcrumb","itemListElement":[{"@type":"ListItem","position":1,"name":"Portada","item":"https:\/\/reporteroshoy.mx\/noticias\/"},{"@type":"ListItem","position":2,"name":"Planta de tratamiento de M\u00e9rida lista para nueva era de reciclaje"}]},{"@type":"WebSite","@id":"https:\/\/reporteroshoy.mx\/noticias\/#website","url":"https:\/\/reporteroshoy.mx\/noticias\/","name":"Reporteros Hoy | Noticias de Yucat\u00e1n","description":"Peri\u00f3dico digital con noticias diarias desde M\u00e9rida, Yucat\u00e1n para el mundo.","potentialAction":[{"@type":"SearchAction","target":{"@type":"EntryPoint","urlTemplate":"https:\/\/reporteroshoy.mx\/noticias\/?s={search_term_string}"},"query-input":{"@type":"PropertyValueSpecification","valueRequired":true,"valueName":"search_term_string"}}],"inLanguage":"es"},{"@type":"Person","@id":"https:\/\/reporteroshoy.mx\/noticias\/#\/schema\/person\/c977527e57c958a62c5cefe8fe47876e","name":"Reporteros Hoy WP","image":{"@type":"ImageObject","inLanguage":"es","@id":"https:\/\/secure.gravatar.com\/avatar\/fd2917f79a7dae30f8ac9ddc2f35e1756bb59e25e01d1cd09deaa64df7b2f73e?s=96&d=mm&r=g","url":"https:\/\/secure.gravatar.com\/avatar\/fd2917f79a7dae30f8ac9ddc2f35e1756bb59e25e01d1cd09deaa64df7b2f73e?s=96&d=mm&r=g","contentUrl":"https:\/\/secure.gravatar.com\/avatar\/fd2917f79a7dae30f8ac9ddc2f35e1756bb59e25e01d1cd09deaa64df7b2f73e?s=96&d=mm&r=g","caption":"Reporteros Hoy WP"},"url":"https:\/\/reporteroshoy.mx\/noticias\/author\/walfer\/"}]}},"_links":{"self":[{"href":"https:\/\/reporteroshoy.mx\/noticias\/wp-json\/wp\/v2\/posts\/127350","targetHints":{"allow":["GET"]}}],"collection":[{"href":"https:\/\/reporteroshoy.mx\/noticias\/wp-json\/wp\/v2\/posts"}],"about":[{"href":"https:\/\/reporteroshoy.mx\/noticias\/wp-json\/wp\/v2\/types\/post"}],"author":[{"embeddable":true,"href":"https:\/\/reporteroshoy.mx\/noticias\/wp-json\/wp\/v2\/users\/9"}],"replies":[{"embeddable":true,"href":"https:\/\/reporteroshoy.mx\/noticias\/wp-json\/wp\/v2\/comments?post=127350"}],"version-history":[{"count":0,"href":"https:\/\/reporteroshoy.mx\/noticias\/wp-json\/wp\/v2\/posts\/127350\/revisions"}],"wp:featuredmedia":[{"embeddable":true,"href":"https:\/\/reporteroshoy.mx\/noticias\/wp-json\/wp\/v2\/media\/127351"}],"wp:attachment":[{"href":"https:\/\/reporteroshoy.mx\/noticias\/wp-json\/wp\/v2\/media?parent=127350"}],"wp:term":[{"taxonomy":"category","embeddable":true,"href":"https:\/\/reporteroshoy.mx\/noticias\/wp-json\/wp\/v2\/categories?post=127350"},{"taxonomy":"post_tag","embeddable":true,"href":"https:\/\/reporteroshoy.mx\/noticias\/wp-json\/wp\/v2\/tags?post=127350"}],"curies":[{"name":"wp","href":"https:\/\/api.w.org\/{rel}","templated":true}]}}