{"id":131305,"date":"2026-08-20T13:06:45","date_gmt":"2026-08-20T19:06:45","guid":{"rendered":"https:\/\/reporteroshoy.mx\/noticias\/?p=131305"},"modified":"2026-08-20T13:06:45","modified_gmt":"2026-08-20T19:06:45","slug":"rescatan-gatito-negrito-presunto-gusano-barrenador","status":"publish","type":"post","link":"https:\/\/reporteroshoy.mx\/noticias\/rescatan-gatito-negrito-presunto-gusano-barrenador\/","title":{"rendered":"Rescatan a gatito con presunta miasis; llevaba tres d\u00edas sin atenci\u00f3n veterinaria"},"content":{"rendered":"<p class=\"PDq2pG_selectionAnchorContainer\" style=\"text-align: justify;\" data-start=\"211\" data-end=\"361\">Un gatito conocido como <strong data-start=\"235\" data-end=\"248\">\u201cNegrito\u201d<\/strong> fue rescatado luego de permanecer durante tres d\u00edas en condiciones delicadas y sin recibir atenci\u00f3n veterinaria.<\/p>\n<p style=\"text-align: justify;\" data-start=\"363\" data-end=\"544\">De acuerdo con una denuncia compartida por <strong data-start=\"406\" data-end=\"437\">Huellitas de Franco y Fabio<\/strong>, el felino presenta un diagn\u00f3stico de <span style=\"color: #0000ff;\"><a style=\"color: #0000ff;\" href=\"https:\/\/reporteroshoy.mx\/noticias\/refuerzan-brigada-contra-el-gusano-barrenador\/\"><strong data-start=\"476\" data-end=\"497\">gusano barrenador<\/strong><\/a><\/span>, adem\u00e1s de fiebre y evidentes signos de dolor.<\/p>\n<h2 style=\"text-align: justify;\" data-section-id=\"1ys7b9h\" data-start=\"546\" data-end=\"583\">\ud835\udde5\ud835\uddd8\ud835\udde6\ud835\uddd6\ud835\uddd4\ud835\udde7\ud835\uddd4\ud835\udde1 \ud835\uddd4 \ud835\udde1\ud835\uddd8\ud835\uddda\ud835\udde5\ud835\udddc\ud835\udde7\ud835\udde2<\/h2>\n<p style=\"text-align: justify;\" data-start=\"585\" data-end=\"730\">La asociaci\u00f3n civil se\u00f1al\u00f3 que, aunque no suele dedicarse al rescate de gatos, decidi\u00f3 intervenir debido al sufrimiento que presentaba el animal.<\/p>\n<p style=\"text-align: justify;\" data-start=\"732\" data-end=\"893\">Gracias al apoyo de una ciudadana, \u201cNegrito\u201d pudo ser recogido y trasladado para recibir <strong data-start=\"821\" data-end=\"845\">atenci\u00f3n veterinaria<\/strong>, con lo que comenz\u00f3 su proceso de recuperaci\u00f3n.<\/p>\n<p data-start=\"732\" data-end=\"893\"><img loading=\"lazy\" decoding=\"async\" class=\"size-full wp-image-131307 aligncenter\" src=\"https:\/\/reporteroshoy.mx\/noticias\/wp-content\/uploads\/2026\/08\/Gatito-miasis-scaled.avif\" alt=\"\" width=\"768\" height=\"630\" \/><\/p>\n<h2 style=\"text-align: justify;\" data-section-id=\"qvck47\" data-start=\"895\" data-end=\"956\">\ud835\udde3\ud835\udddc\ud835\uddd7\ud835\uddd8\ud835\udde1 \ud835\uddd4\ud835\udde3\ud835\udde2\ud835\uddec\ud835\udde2 \ud835\udde3\ud835\uddd4\ud835\udde5\ud835\uddd4 \ud835\udde6\ud835\udde8 \ud835\udde7\ud835\udde5\ud835\uddd4\ud835\udde7\ud835\uddd4\ud835\udde0\ud835\udddc\ud835\uddd8\ud835\udde1\ud835\udde7\ud835\udde2<\/h2>\n<p style=\"text-align: justify;\" data-start=\"958\" data-end=\"1099\">Ahora, la asociaci\u00f3n solicit\u00f3 el apoyo de la comunidad para cubrir los <strong data-start=\"1029\" data-end=\"1058\">gastos m\u00e9dicos del gatito<\/strong> y continuar con su atenci\u00f3n veterinaria.<\/p>\n<p style=\"text-align: justify;\" data-start=\"1101\" data-end=\"1186\">Las personas que deseen realizar una aportaci\u00f3n pueden utilizar los siguientes datos:<\/p>\n<p style=\"text-align: justify;\" data-start=\"1188\" data-end=\"1251\"><strong data-start=\"1188\" data-end=\"1202\">Santander:<\/strong> 5579 0701 5999 5011<br data-start=\"1222\" data-end=\"1225\" \/><strong data-start=\"1225\" data-end=\"1238\">Concepto:<\/strong> Negrito Gato<\/p>\n<p style=\"text-align: justify;\" data-start=\"1253\" data-end=\"1372\">La asociaci\u00f3n indic\u00f3 que <strong data-start=\"1278\" data-end=\"1323\">cada aportaci\u00f3n puede hacer la diferencia<\/strong> para que \u201cNegrito\u201d contin\u00fae con su recuperaci\u00f3n.<\/p>\n","protected":false},"excerpt":{"rendered":"<p>Rescatan a \u201cNegrito\u201d, un gatito con presunto gusano barrenador que llevaba tres d\u00edas sin atenci\u00f3n veterinaria y requiere apoyo para sus gastos m\u00e9dicos.<\/p>\n","protected":false},"author":9,"featured_media":131307,"comment_status":"open","ping_status":"closed","sticky":false,"template":"","format":"standard","meta":{"footnotes":""},"categories":[24379],"tags":[29156,27126,29157,27732,29155,28831],"class_list":["post-131305","post","type-post","status-publish","format-standard","has-post-thumbnail","hentry","category-merida","tag-gatos-en-yucatan","tag-gusano-barrenador","tag-huellitas-de-franco-y-fabio","tag-miasis","tag-negrito-gato","tag-rescate-animal"],"yoast_head":"<!-- This site is optimized with the Yoast SEO plugin v28.4 - https:\/\/yoast.com\/product\/yoast-seo-wordpress\/ -->\n<title>Rescatan a gatito con presunta miasis; llevaba tres d\u00edas sin atenci\u00f3n veterinaria<\/title>\n<meta name=\"description\" content=\"Rescatan a \u201cNegrito\u201d, un gatito con presunto gusano barrenador que llevaba tres d\u00edas sin atenci\u00f3n veterinaria y requiere apoyo para sus gastos m\u00e9dicos.\" \/>\n<meta name=\"robots\" content=\"index, follow, max-snippet:-1, max-image-preview:large, max-video-preview:-1\" \/>\n<link rel=\"canonical\" href=\"https:\/\/reporteroshoy.mx\/noticias\/rescatan-gatito-negrito-presunto-gusano-barrenador\/\" \/>\n<meta property=\"og:locale\" content=\"es_ES\" \/>\n<meta property=\"og:type\" content=\"article\" \/>\n<meta property=\"og:title\" content=\"Rescatan a gatito con presunta miasis; llevaba tres d\u00edas sin atenci\u00f3n veterinaria\" \/>\n<meta property=\"og:description\" content=\"Rescatan a \u201cNegrito\u201d, un gatito con presunto gusano barrenador que llevaba tres d\u00edas sin atenci\u00f3n veterinaria y requiere apoyo para sus gastos m\u00e9dicos.\" \/>\n<meta property=\"og:url\" content=\"https:\/\/reporteroshoy.mx\/noticias\/rescatan-gatito-negrito-presunto-gusano-barrenador\/\" \/>\n<meta property=\"og:site_name\" content=\"Reporteros Hoy | Noticias de Yucat\u00e1n\" \/>\n<meta property=\"article:publisher\" content=\"http:\/\/www.facebook.com\/reporteroshoymx\" \/>\n<meta property=\"article:published_time\" content=\"2026-08-20T19:06:45+00:00\" \/>\n<meta property=\"og:image\" content=\"https:\/\/reporteroshoy.mx\/noticias\/wp-content\/uploads\/2026\/08\/Gatito-miasis-scaled.avif\" \/>\n\t<meta property=\"og:image:width\" content=\"768\" \/>\n\t<meta property=\"og:image:height\" content=\"630\" \/>\n\t<meta property=\"og:image:type\" content=\"image\/jpeg\" \/>\n<meta name=\"author\" content=\"Reporteros Hoy WP\" \/>\n<meta name=\"twitter:card\" content=\"summary_large_image\" \/>\n<meta name=\"twitter:creator\" content=\"@reporteroshoy\" \/>\n<meta name=\"twitter:site\" content=\"@reporteroshoy\" \/>\n<meta name=\"twitter:label1\" content=\"Escrito por\" \/>\n\t<meta name=\"twitter:data1\" content=\"Reporteros Hoy WP\" \/>\n\t<meta name=\"twitter:label2\" content=\"Tiempo de lectura\" \/>\n\t<meta name=\"twitter:data2\" content=\"2 minutos\" \/>\n<script type=\"application\/ld+json\" class=\"yoast-schema-graph\">{\"@context\":\"https:\\\/\\\/schema.org\",\"@graph\":[{\"@type\":\"Article\",\"@id\":\"https:\\\/\\\/reporteroshoy.mx\\\/noticias\\\/rescatan-gatito-negrito-presunto-gusano-barrenador\\\/#article\",\"isPartOf\":{\"@id\":\"https:\\\/\\\/reporteroshoy.mx\\\/noticias\\\/rescatan-gatito-negrito-presunto-gusano-barrenador\\\/\"},\"author\":{\"name\":\"Reporteros Hoy WP\",\"@id\":\"https:\\\/\\\/reporteroshoy.mx\\\/noticias\\\/#\\\/schema\\\/person\\\/c977527e57c958a62c5cefe8fe47876e\"},\"headline\":\"Rescatan a gatito con presunta miasis; llevaba tres d\u00edas sin atenci\u00f3n veterinaria\",\"datePublished\":\"2026-08-20T19:06:45+00:00\",\"mainEntityOfPage\":{\"@id\":\"https:\\\/\\\/reporteroshoy.mx\\\/noticias\\\/rescatan-gatito-negrito-presunto-gusano-barrenador\\\/\"},\"wordCount\":180,\"commentCount\":0,\"image\":{\"@id\":\"https:\\\/\\\/reporteroshoy.mx\\\/noticias\\\/rescatan-gatito-negrito-presunto-gusano-barrenador\\\/#primaryimage\"},\"thumbnailUrl\":\"https:\\\/\\\/reporteroshoy.mx\\\/noticias\\\/wp-content\\\/uploads\\\/2026\\\/08\\\/Gatito-miasis-scaled.avif\",\"keywords\":[\"gatos en Yucat\u00e1n\",\"gusano barrenador\",\"Huellitas de Franco y Fabio\",\"Miasis\",\"Negrito gato\",\"rescate animal\"],\"articleSection\":[\"M\u00e9rida\"],\"inLanguage\":\"es\",\"potentialAction\":[{\"@type\":\"CommentAction\",\"name\":\"Comment\",\"target\":[\"https:\\\/\\\/reporteroshoy.mx\\\/noticias\\\/rescatan-gatito-negrito-presunto-gusano-barrenador\\\/#respond\"]}]},{\"@type\":\"WebPage\",\"@id\":\"https:\\\/\\\/reporteroshoy.mx\\\/noticias\\\/rescatan-gatito-negrito-presunto-gusano-barrenador\\\/\",\"url\":\"https:\\\/\\\/reporteroshoy.mx\\\/noticias\\\/rescatan-gatito-negrito-presunto-gusano-barrenador\\\/\",\"name\":\"Rescatan a gatito con presunta miasis; llevaba tres d\u00edas sin atenci\u00f3n veterinaria\",\"isPartOf\":{\"@id\":\"https:\\\/\\\/reporteroshoy.mx\\\/noticias\\\/#website\"},\"primaryImageOfPage\":{\"@id\":\"https:\\\/\\\/reporteroshoy.mx\\\/noticias\\\/rescatan-gatito-negrito-presunto-gusano-barrenador\\\/#primaryimage\"},\"image\":{\"@id\":\"https:\\\/\\\/reporteroshoy.mx\\\/noticias\\\/rescatan-gatito-negrito-presunto-gusano-barrenador\\\/#primaryimage\"},\"thumbnailUrl\":\"https:\\\/\\\/reporteroshoy.mx\\\/noticias\\\/wp-content\\\/uploads\\\/2026\\\/08\\\/Gatito-miasis-scaled.avif\",\"datePublished\":\"2026-08-20T19:06:45+00:00\",\"author\":{\"@id\":\"https:\\\/\\\/reporteroshoy.mx\\\/noticias\\\/#\\\/schema\\\/person\\\/c977527e57c958a62c5cefe8fe47876e\"},\"description\":\"Rescatan a \u201cNegrito\u201d, un gatito con presunto gusano barrenador que llevaba tres d\u00edas sin atenci\u00f3n veterinaria y requiere apoyo para sus gastos m\u00e9dicos.\",\"breadcrumb\":{\"@id\":\"https:\\\/\\\/reporteroshoy.mx\\\/noticias\\\/rescatan-gatito-negrito-presunto-gusano-barrenador\\\/#breadcrumb\"},\"inLanguage\":\"es\",\"potentialAction\":[{\"@type\":\"ReadAction\",\"target\":[\"https:\\\/\\\/reporteroshoy.mx\\\/noticias\\\/rescatan-gatito-negrito-presunto-gusano-barrenador\\\/\"]}]},{\"@type\":\"ImageObject\",\"inLanguage\":\"es\",\"@id\":\"https:\\\/\\\/reporteroshoy.mx\\\/noticias\\\/rescatan-gatito-negrito-presunto-gusano-barrenador\\\/#primaryimage\",\"url\":\"https:\\\/\\\/reporteroshoy.mx\\\/noticias\\\/wp-content\\\/uploads\\\/2026\\\/08\\\/Gatito-miasis-scaled.avif\",\"contentUrl\":\"https:\\\/\\\/reporteroshoy.mx\\\/noticias\\\/wp-content\\\/uploads\\\/2026\\\/08\\\/Gatito-miasis-scaled.avif\",\"width\":768,\"height\":630},{\"@type\":\"BreadcrumbList\",\"@id\":\"https:\\\/\\\/reporteroshoy.mx\\\/noticias\\\/rescatan-gatito-negrito-presunto-gusano-barrenador\\\/#breadcrumb\",\"itemListElement\":[{\"@type\":\"ListItem\",\"position\":1,\"name\":\"Portada\",\"item\":\"https:\\\/\\\/reporteroshoy.mx\\\/noticias\\\/\"},{\"@type\":\"ListItem\",\"position\":2,\"name\":\"Rescatan a gatito con presunta miasis; llevaba tres d\u00edas sin atenci\u00f3n veterinaria\"}]},{\"@type\":\"WebSite\",\"@id\":\"https:\\\/\\\/reporteroshoy.mx\\\/noticias\\\/#website\",\"url\":\"https:\\\/\\\/reporteroshoy.mx\\\/noticias\\\/\",\"name\":\"Reporteros Hoy | Noticias de Yucat\u00e1n\",\"description\":\"Peri\u00f3dico digital con noticias diarias desde M\u00e9rida, Yucat\u00e1n para el mundo.\",\"potentialAction\":[{\"@type\":\"SearchAction\",\"target\":{\"@type\":\"EntryPoint\",\"urlTemplate\":\"https:\\\/\\\/reporteroshoy.mx\\\/noticias\\\/?s={search_term_string}\"},\"query-input\":{\"@type\":\"PropertyValueSpecification\",\"valueRequired\":true,\"valueName\":\"search_term_string\"}}],\"inLanguage\":\"es\"},{\"@type\":\"Person\",\"@id\":\"https:\\\/\\\/reporteroshoy.mx\\\/noticias\\\/#\\\/schema\\\/person\\\/c977527e57c958a62c5cefe8fe47876e\",\"name\":\"Reporteros Hoy WP\",\"image\":{\"@type\":\"ImageObject\",\"inLanguage\":\"es\",\"@id\":\"https:\\\/\\\/secure.gravatar.com\\\/avatar\\\/fd2917f79a7dae30f8ac9ddc2f35e1756bb59e25e01d1cd09deaa64df7b2f73e?s=96&d=mm&r=g\",\"url\":\"https:\\\/\\\/secure.gravatar.com\\\/avatar\\\/fd2917f79a7dae30f8ac9ddc2f35e1756bb59e25e01d1cd09deaa64df7b2f73e?s=96&d=mm&r=g\",\"contentUrl\":\"https:\\\/\\\/secure.gravatar.com\\\/avatar\\\/fd2917f79a7dae30f8ac9ddc2f35e1756bb59e25e01d1cd09deaa64df7b2f73e?s=96&d=mm&r=g\",\"caption\":\"Reporteros Hoy WP\"},\"url\":\"https:\\\/\\\/reporteroshoy.mx\\\/noticias\\\/author\\\/walfer\\\/\"}]}<\/script>\n<!-- \/ Yoast SEO plugin. -->","yoast_head_json":{"title":"Rescatan a gatito con presunta miasis; llevaba tres d\u00edas sin atenci\u00f3n veterinaria","description":"Rescatan a \u201cNegrito\u201d, un gatito con presunto gusano barrenador que llevaba tres d\u00edas sin atenci\u00f3n veterinaria y requiere apoyo para sus gastos m\u00e9dicos.","robots":{"index":"index","follow":"follow","max-snippet":"max-snippet:-1","max-image-preview":"max-image-preview:large","max-video-preview":"max-video-preview:-1"},"canonical":"https:\/\/reporteroshoy.mx\/noticias\/rescatan-gatito-negrito-presunto-gusano-barrenador\/","og_locale":"es_ES","og_type":"article","og_title":"Rescatan a gatito con presunta miasis; llevaba tres d\u00edas sin atenci\u00f3n veterinaria","og_description":"Rescatan a \u201cNegrito\u201d, un gatito con presunto gusano barrenador que llevaba tres d\u00edas sin atenci\u00f3n veterinaria y requiere apoyo para sus gastos m\u00e9dicos.","og_url":"https:\/\/reporteroshoy.mx\/noticias\/rescatan-gatito-negrito-presunto-gusano-barrenador\/","og_site_name":"Reporteros Hoy | Noticias de Yucat\u00e1n","article_publisher":"http:\/\/www.facebook.com\/reporteroshoymx","article_published_time":"2026-08-20T19:06:45+00:00","og_image":[{"width":768,"height":630,"url":"https:\/\/reporteroshoy.mx\/noticias\/wp-content\/uploads\/2026\/08\/Gatito-miasis-scaled.avif","type":"image\/jpeg"}],"author":"Reporteros Hoy WP","twitter_card":"summary_large_image","twitter_creator":"@reporteroshoy","twitter_site":"@reporteroshoy","twitter_misc":{"Escrito por":"Reporteros Hoy WP","Tiempo de lectura":"2 minutos"},"schema":{"@context":"https:\/\/schema.org","@graph":[{"@type":"Article","@id":"https:\/\/reporteroshoy.mx\/noticias\/rescatan-gatito-negrito-presunto-gusano-barrenador\/#article","isPartOf":{"@id":"https:\/\/reporteroshoy.mx\/noticias\/rescatan-gatito-negrito-presunto-gusano-barrenador\/"},"author":{"name":"Reporteros Hoy WP","@id":"https:\/\/reporteroshoy.mx\/noticias\/#\/schema\/person\/c977527e57c958a62c5cefe8fe47876e"},"headline":"Rescatan a gatito con presunta miasis; llevaba tres d\u00edas sin atenci\u00f3n veterinaria","datePublished":"2026-08-20T19:06:45+00:00","mainEntityOfPage":{"@id":"https:\/\/reporteroshoy.mx\/noticias\/rescatan-gatito-negrito-presunto-gusano-barrenador\/"},"wordCount":180,"commentCount":0,"image":{"@id":"https:\/\/reporteroshoy.mx\/noticias\/rescatan-gatito-negrito-presunto-gusano-barrenador\/#primaryimage"},"thumbnailUrl":"https:\/\/reporteroshoy.mx\/noticias\/wp-content\/uploads\/2026\/08\/Gatito-miasis-scaled.avif","keywords":["gatos en Yucat\u00e1n","gusano barrenador","Huellitas de Franco y Fabio","Miasis","Negrito gato","rescate animal"],"articleSection":["M\u00e9rida"],"inLanguage":"es","potentialAction":[{"@type":"CommentAction","name":"Comment","target":["https:\/\/reporteroshoy.mx\/noticias\/rescatan-gatito-negrito-presunto-gusano-barrenador\/#respond"]}]},{"@type":"WebPage","@id":"https:\/\/reporteroshoy.mx\/noticias\/rescatan-gatito-negrito-presunto-gusano-barrenador\/","url":"https:\/\/reporteroshoy.mx\/noticias\/rescatan-gatito-negrito-presunto-gusano-barrenador\/","name":"Rescatan a gatito con presunta miasis; llevaba tres d\u00edas sin atenci\u00f3n veterinaria","isPartOf":{"@id":"https:\/\/reporteroshoy.mx\/noticias\/#website"},"primaryImageOfPage":{"@id":"https:\/\/reporteroshoy.mx\/noticias\/rescatan-gatito-negrito-presunto-gusano-barrenador\/#primaryimage"},"image":{"@id":"https:\/\/reporteroshoy.mx\/noticias\/rescatan-gatito-negrito-presunto-gusano-barrenador\/#primaryimage"},"thumbnailUrl":"https:\/\/reporteroshoy.mx\/noticias\/wp-content\/uploads\/2026\/08\/Gatito-miasis-scaled.avif","datePublished":"2026-08-20T19:06:45+00:00","author":{"@id":"https:\/\/reporteroshoy.mx\/noticias\/#\/schema\/person\/c977527e57c958a62c5cefe8fe47876e"},"description":"Rescatan a \u201cNegrito\u201d, un gatito con presunto gusano barrenador que llevaba tres d\u00edas sin atenci\u00f3n veterinaria y requiere apoyo para sus gastos m\u00e9dicos.","breadcrumb":{"@id":"https:\/\/reporteroshoy.mx\/noticias\/rescatan-gatito-negrito-presunto-gusano-barrenador\/#breadcrumb"},"inLanguage":"es","potentialAction":[{"@type":"ReadAction","target":["https:\/\/reporteroshoy.mx\/noticias\/rescatan-gatito-negrito-presunto-gusano-barrenador\/"]}]},{"@type":"ImageObject","inLanguage":"es","@id":"https:\/\/reporteroshoy.mx\/noticias\/rescatan-gatito-negrito-presunto-gusano-barrenador\/#primaryimage","url":"https:\/\/reporteroshoy.mx\/noticias\/wp-content\/uploads\/2026\/08\/Gatito-miasis-scaled.avif","contentUrl":"https:\/\/reporteroshoy.mx\/noticias\/wp-content\/uploads\/2026\/08\/Gatito-miasis-scaled.avif","width":768,"height":630},{"@type":"BreadcrumbList","@id":"https:\/\/reporteroshoy.mx\/noticias\/rescatan-gatito-negrito-presunto-gusano-barrenador\/#breadcrumb","itemListElement":[{"@type":"ListItem","position":1,"name":"Portada","item":"https:\/\/reporteroshoy.mx\/noticias\/"},{"@type":"ListItem","position":2,"name":"Rescatan a gatito con presunta miasis; llevaba tres d\u00edas sin atenci\u00f3n veterinaria"}]},{"@type":"WebSite","@id":"https:\/\/reporteroshoy.mx\/noticias\/#website","url":"https:\/\/reporteroshoy.mx\/noticias\/","name":"Reporteros Hoy | Noticias de Yucat\u00e1n","description":"Peri\u00f3dico digital con noticias diarias desde M\u00e9rida, Yucat\u00e1n para el mundo.","potentialAction":[{"@type":"SearchAction","target":{"@type":"EntryPoint","urlTemplate":"https:\/\/reporteroshoy.mx\/noticias\/?s={search_term_string}"},"query-input":{"@type":"PropertyValueSpecification","valueRequired":true,"valueName":"search_term_string"}}],"inLanguage":"es"},{"@type":"Person","@id":"https:\/\/reporteroshoy.mx\/noticias\/#\/schema\/person\/c977527e57c958a62c5cefe8fe47876e","name":"Reporteros Hoy WP","image":{"@type":"ImageObject","inLanguage":"es","@id":"https:\/\/secure.gravatar.com\/avatar\/fd2917f79a7dae30f8ac9ddc2f35e1756bb59e25e01d1cd09deaa64df7b2f73e?s=96&d=mm&r=g","url":"https:\/\/secure.gravatar.com\/avatar\/fd2917f79a7dae30f8ac9ddc2f35e1756bb59e25e01d1cd09deaa64df7b2f73e?s=96&d=mm&r=g","contentUrl":"https:\/\/secure.gravatar.com\/avatar\/fd2917f79a7dae30f8ac9ddc2f35e1756bb59e25e01d1cd09deaa64df7b2f73e?s=96&d=mm&r=g","caption":"Reporteros Hoy WP"},"url":"https:\/\/reporteroshoy.mx\/noticias\/author\/walfer\/"}]}},"_links":{"self":[{"href":"https:\/\/reporteroshoy.mx\/noticias\/wp-json\/wp\/v2\/posts\/131305","targetHints":{"allow":["GET"]}}],"collection":[{"href":"https:\/\/reporteroshoy.mx\/noticias\/wp-json\/wp\/v2\/posts"}],"about":[{"href":"https:\/\/reporteroshoy.mx\/noticias\/wp-json\/wp\/v2\/types\/post"}],"author":[{"embeddable":true,"href":"https:\/\/reporteroshoy.mx\/noticias\/wp-json\/wp\/v2\/users\/9"}],"replies":[{"embeddable":true,"href":"https:\/\/reporteroshoy.mx\/noticias\/wp-json\/wp\/v2\/comments?post=131305"}],"version-history":[{"count":0,"href":"https:\/\/reporteroshoy.mx\/noticias\/wp-json\/wp\/v2\/posts\/131305\/revisions"}],"wp:featuredmedia":[{"embeddable":true,"href":"https:\/\/reporteroshoy.mx\/noticias\/wp-json\/wp\/v2\/media\/131307"}],"wp:attachment":[{"href":"https:\/\/reporteroshoy.mx\/noticias\/wp-json\/wp\/v2\/media?parent=131305"}],"wp:term":[{"taxonomy":"category","embeddable":true,"href":"https:\/\/reporteroshoy.mx\/noticias\/wp-json\/wp\/v2\/categories?post=131305"},{"taxonomy":"post_tag","embeddable":true,"href":"https:\/\/reporteroshoy.mx\/noticias\/wp-json\/wp\/v2\/tags?post=131305"}],"curies":[{"name":"wp","href":"https:\/\/api.w.org\/{rel}","templated":true}]}}