{"id":131514,"date":"2026-08-29T12:55:38","date_gmt":"2026-08-29T18:55:38","guid":{"rendered":"https:\/\/reporteroshoy.mx\/noticias\/?p=131514"},"modified":"2026-08-29T13:35:08","modified_gmt":"2026-08-29T19:35:08","slug":"cecilia-patron-llama-a-defender-la-forma-de-gobernar-merida","status":"publish","type":"post","link":"https:\/\/reporteroshoy.mx\/noticias\/cecilia-patron-llama-a-defender-la-forma-de-gobernar-merida\/","title":{"rendered":"Cecilia Patr\u00f3n llama a defender la forma de gobernar M\u00e9rida"},"content":{"rendered":"<p style=\"font-weight: 400; text-align: justify;\">Con un llamado a <strong>\u201cdefender nuestra forma y manera de vivir y de gobernarnos\u201d<\/strong>, la alcaldesa <strong>Cecilia Patr\u00f3n Laviada<\/strong> cerr\u00f3 este s\u00e1bado su <strong>Segundo Informe de Gobierno<\/strong>, presentado en la comisar\u00eda de Dzity\u00e1, donde reivindic\u00f3 el modelo de gobierno de M\u00e9rida y plante\u00f3 mantener a la ciudad alejada del \u201ccaos y el desorden\u201d que, afirm\u00f3, impera en otras regiones del pa\u00eds.<\/p>\n<p style=\"font-weight: 400; text-align: justify;\">El mensaje tuvo un marcado componente pol\u00edtico en su parte final. Patr\u00f3n Laviada sostuvo que, ante un \u201ccontexto de incertidumbre y contradicciones\u201d, M\u00e9rida debe proteger lo construido y mantener un proyecto y rumbo claros. \u201cNuestro deber m\u00e1s elemental y m\u00e1s sagrado\u201d es cuidar lo conquistado en comunidad, afirm\u00f3.<\/p>\n<p style=\"font-weight: 400; text-align: justify;\">Durante el acto, la alcaldesa fue interrumpida en varias ocasiones por aplausos y expresiones de apoyo. Entre el p\u00fablico tambi\u00e9n se escucharon los gritos de <strong>\u201c\u00a1Cecilia, Cecilia, Cecilia!\u201d<\/strong>, que acompa\u00f1aron algunos de los momentos de mayor carga pol\u00edtica y emocional de su mensaje.<\/p>\n<h3 style=\"font-weight: 400; text-align: justify;\"><strong>Cecilia Patr\u00f3n presenta el \u201ca\u00f1o del orden\u201d<\/strong><\/h3>\n<p style=\"font-weight: 400; text-align: justify;\">En el balance de su <strong>Segundo Informe de Gobierno<\/strong>, Cecilia Patr\u00f3n defini\u00f3 esta etapa como <strong>\u201cel a\u00f1o del orden\u201d<\/strong>, concepto que vincul\u00f3 con el nuevo Programa Municipal de Ordenamiento Territorial y Desarrollo Urbano, el reordenamiento de espacios p\u00fablicos, la digitalizaci\u00f3n del Ayuntamiento y la disciplina financiera.<\/p>\n<p style=\"font-weight: 400; text-align: justify;\">Entre los resultados expuestos se\u00f1al\u00f3 <strong>200 kil\u00f3metros de calles nuevas y repavimentadas<\/strong>, m\u00e1s de <strong>80 mil luminarias LED<\/strong> al cierre del a\u00f1o y alrededor de <strong>640 mil personas beneficiadas directamente<\/strong> con iluminaci\u00f3n. Tambi\u00e9n report\u00f3 m\u00e1s de mil acciones de M\u00e9rida Enchula, m\u00e1s de 800 espacios renovados y m\u00e1s de 100 parques en proceso de rehabilitaci\u00f3n.<\/p>\n<p><img loading=\"lazy\" decoding=\"async\" class=\"wp-image-131515 aligncenter\" src=\"https:\/\/reporteroshoy.mx\/noticias\/wp-content\/uploads\/2026\/08\/Cecilia-Patron-Laviada-scaled.avif\" alt=\"Cecilia Patr\u00f3n Laviada\" width=\"611\" height=\"458\" srcset=\"https:\/\/reporteroshoy.mx\/noticias\/wp-content\/uploads\/2026\/08\/Cecilia-Patron-Laviada-scaled.avif 768w, https:\/\/reporteroshoy.mx\/noticias\/wp-content\/uploads\/2026\/08\/Cecilia-Patron-Laviada-1536x1152.avif 1536w, https:\/\/reporteroshoy.mx\/noticias\/wp-content\/uploads\/2026\/08\/Cecilia-Patron-Laviada-2048x1536.avif 2048w\" sizes=\"auto, (max-width: 611px) 100vw, 611px\" \/><\/p>\n<p style=\"font-weight: 400; text-align: justify;\">Otro eje fue la pol\u00edtica dirigida a las mujeres. La alcaldesa afirm\u00f3 que <strong>siete de cada 10 apoyos municipales llegan a mujeres<\/strong> y coloc\u00f3 a la Universidad de las Mujeres como una de las acciones centrales de su administraci\u00f3n. Su mensaje defini\u00f3 al Ayuntamiento como <strong>\u201cun gobierno de las mujeres y para las mujeres\u201d<\/strong>.<\/p>\n<h3 style=\"font-weight: 400; text-align: justify;\"><strong>Dzity\u00e1 coloca a las comisar\u00edas en el centro<\/strong><\/h3>\n<p style=\"font-weight: 400; text-align: justify;\">La elecci\u00f3n de Dzity\u00e1 tuvo tambi\u00e9n una carga territorial. Patr\u00f3n destac\u00f3 que era la primera ocasi\u00f3n en que un informe municipal se presentaba desde una comisar\u00eda y asegur\u00f3 que las <strong>47 comisar\u00edas de M\u00e9rida<\/strong> cuentan ya con iluminaci\u00f3n LED; adem\u00e1s, anunci\u00f3 que al finalizar el a\u00f1o estar\u00e1 rehabilitado el 100% de sus sistemas de agua potable.<\/p>\n<p style=\"font-weight: 400; text-align: justify;\">Anunci\u00f3 tambi\u00e9n <strong>35 nuevos fundos legales<\/strong>, que elevar\u00e1n a 82 el acumulado de familias beneficiadas con certeza jur\u00eddica sobre sus viviendas. El nuevo programa de ordenamiento urbano, agreg\u00f3, proteger\u00e1 los n\u00facleos originarios, identidad y tradiciones de estas comunidades frente al crecimiento de la ciudad.<\/p>\n<p style=\"font-weight: 400; text-align: justify;\">La alcaldesa anunci\u00f3 adem\u00e1s que el pr\u00f3ximo a\u00f1o abrir\u00e1 un <strong>segundo Centro Municipal de Autismo<\/strong>, ahora en la colonia Madero, despu\u00e9s de la puesta en operaci\u00f3n del primero.<\/p>\n<h3 style=\"font-weight: 400; text-align: justify;\"><strong>Presencia panista y ausencias en el informe<\/strong><\/h3>\n<p style=\"font-weight: 400; text-align: justify;\">Entre los invitados destac\u00f3 el dirigente nacional del PAN, <strong>Jorge Romero Herrera<\/strong>, cuya presencia agradeci\u00f3 Patr\u00f3n Laviada \u201cmuy en especial\u201d. Tambi\u00e9n asistieron alcaldes y legisladores panistas de otras entidades.<\/p>\n<p style=\"font-weight: 400; text-align: justify;\">El gobernador <strong>Joaqu\u00edn D\u00edaz Mena<\/strong> no acudi\u00f3 al informe y estuvo representado por <strong>Janitzio Dur\u00e1n Orteg\u00f3n<\/strong>, secretario t\u00e9cnico del gabinete. Entre los exalcaldes de M\u00e9rida estuvieron Ana Rosa Pay\u00e1n, Luis Correa Mena, Xavier Abreu, Manuel Fuentes, C\u00e9sar Boj\u00f3rquez, Ang\u00e9lica Araujo, Mar\u00eda Fritz y Alejandro Ruz. No asistieron los dos exalcaldes panistas m\u00e1s recientes, <strong>Mauricio Vila Dosal y Ren\u00e1n Barrera Concha<\/strong>.<\/p>\n<p style=\"font-weight: 400; text-align: justify;\">Pese a las diferencias pol\u00edticas, Patr\u00f3n reiter\u00f3 su disposici\u00f3n de trabajar con la presidenta <strong>Claudia Sheinbaum Pardo<\/strong> y con D\u00edaz Mena: \u201cCuentan conmigo y cuentan con M\u00e9rida\u201d.<\/p>\n<p style=\"font-weight: 400; text-align: justify;\">El cierre, sin embargo, volvi\u00f3 al terreno pol\u00edtico. Cecilia Patr\u00f3n llam\u00f3 a los meridanos a organizarse, participar y defender lo construido. \u201cEl camino sigue, seguimos fuertes. Seguimos organizados\u201d, expres\u00f3 antes de concluir: <strong>\u201c\u00a1Que viva, que viva la m\u00e1s chula de todas las ciudades!\u201d<\/strong><\/p>\n","protected":false},"excerpt":{"rendered":"<p>En su Segundo Informe de Gobierno, Cecilia Patr\u00f3n Laviada llam\u00f3 a defender el modelo de vida y gobierno de M\u00e9rida; present\u00f3 resultados en obra, servicios, mujeres y comisar\u00edas.<\/p>\n","protected":false},"author":2,"featured_media":131515,"comment_status":"open","ping_status":"closed","sticky":false,"template":"","format":"standard","meta":{"footnotes":""},"categories":[24379],"tags":[24,9258,51],"class_list":["post-131514","post","type-post","status-publish","format-standard","has-post-thumbnail","hentry","category-merida","tag-ayuntamiento-de-merida","tag-cecilia-patron-laviada","tag-merida"],"yoast_head":"<!-- This site is optimized with the Yoast SEO plugin v28.3 - https:\/\/yoast.com\/product\/yoast-seo-wordpress\/ -->\n<title>Cecilia Patr\u00f3n llama a defender la forma de gobernar M\u00e9rida<\/title>\n<meta name=\"description\" content=\"En su Segundo Informe de Gobierno, Cecilia Patr\u00f3n Laviada llam\u00f3 a defender el modelo de vida y gobierno de M\u00e9rida; present\u00f3 resultados en obra, servicios, mujeres y comisar\u00edas.\" \/>\n<meta name=\"robots\" content=\"index, follow, max-snippet:-1, max-image-preview:large, max-video-preview:-1\" \/>\n<link rel=\"canonical\" href=\"https:\/\/reporteroshoy.mx\/noticias\/cecilia-patron-llama-a-defender-la-forma-de-gobernar-merida\/\" \/>\n<meta property=\"og:locale\" content=\"es_ES\" \/>\n<meta property=\"og:type\" content=\"article\" \/>\n<meta property=\"og:title\" content=\"Cecilia Patr\u00f3n llama a defender la forma de gobernar M\u00e9rida\" \/>\n<meta property=\"og:description\" content=\"En su Segundo Informe de Gobierno, Cecilia Patr\u00f3n Laviada llam\u00f3 a defender el modelo de vida y gobierno de M\u00e9rida; present\u00f3 resultados en obra, servicios, mujeres y comisar\u00edas.\" \/>\n<meta property=\"og:url\" content=\"https:\/\/reporteroshoy.mx\/noticias\/cecilia-patron-llama-a-defender-la-forma-de-gobernar-merida\/\" \/>\n<meta property=\"og:site_name\" content=\"Reporteros Hoy | Noticias de Yucat\u00e1n\" \/>\n<meta property=\"article:publisher\" content=\"http:\/\/www.facebook.com\/reporteroshoymx\" \/>\n<meta property=\"article:published_time\" content=\"2026-08-29T18:55:38+00:00\" \/>\n<meta property=\"article:modified_time\" content=\"2026-08-29T19:35:08+00:00\" \/>\n<meta property=\"og:image\" content=\"https:\/\/reporteroshoy.mx\/noticias\/wp-content\/uploads\/2026\/08\/Cecilia-Patron-Laviada-scaled.avif\" \/>\n\t<meta property=\"og:image:width\" content=\"768\" \/>\n\t<meta property=\"og:image:height\" content=\"576\" \/>\n\t<meta property=\"og:image:type\" content=\"image\/jpeg\" \/>\n<meta name=\"author\" content=\"Reporteros Hoy HY\" \/>\n<meta name=\"twitter:card\" content=\"summary_large_image\" \/>\n<meta name=\"twitter:creator\" content=\"@reporteroshoy\" \/>\n<meta name=\"twitter:site\" content=\"@reporteroshoy\" \/>\n<meta name=\"twitter:label1\" content=\"Escrito por\" \/>\n\t<meta name=\"twitter:data1\" content=\"Reporteros Hoy HY\" \/>\n\t<meta name=\"twitter:label2\" content=\"Tiempo de lectura\" \/>\n\t<meta name=\"twitter:data2\" content=\"4 minutos\" \/>\n<script type=\"application\/ld+json\" class=\"yoast-schema-graph\">{\"@context\":\"https:\\\/\\\/schema.org\",\"@graph\":[{\"@type\":\"Article\",\"@id\":\"https:\\\/\\\/reporteroshoy.mx\\\/noticias\\\/cecilia-patron-llama-a-defender-la-forma-de-gobernar-merida\\\/#article\",\"isPartOf\":{\"@id\":\"https:\\\/\\\/reporteroshoy.mx\\\/noticias\\\/cecilia-patron-llama-a-defender-la-forma-de-gobernar-merida\\\/\"},\"author\":{\"name\":\"Reporteros Hoy HY\",\"@id\":\"https:\\\/\\\/reporteroshoy.mx\\\/noticias\\\/#\\\/schema\\\/person\\\/d32189074678a9d41498d4248e29aac3\"},\"headline\":\"Cecilia Patr\u00f3n llama a defender la forma de gobernar M\u00e9rida\",\"datePublished\":\"2026-08-29T18:55:38+00:00\",\"dateModified\":\"2026-08-29T19:35:08+00:00\",\"mainEntityOfPage\":{\"@id\":\"https:\\\/\\\/reporteroshoy.mx\\\/noticias\\\/cecilia-patron-llama-a-defender-la-forma-de-gobernar-merida\\\/\"},\"wordCount\":694,\"commentCount\":0,\"image\":{\"@id\":\"https:\\\/\\\/reporteroshoy.mx\\\/noticias\\\/cecilia-patron-llama-a-defender-la-forma-de-gobernar-merida\\\/#primaryimage\"},\"thumbnailUrl\":\"https:\\\/\\\/reporteroshoy.mx\\\/noticias\\\/wp-content\\\/uploads\\\/2026\\\/08\\\/Cecilia-Patron-Laviada-scaled.avif\",\"keywords\":[\"ayuntamiento de merida\",\"Cecilia Patr\u00f3n Laviada\",\"M\u00e9rida\"],\"articleSection\":[\"M\u00e9rida\"],\"inLanguage\":\"es\",\"potentialAction\":[{\"@type\":\"CommentAction\",\"name\":\"Comment\",\"target\":[\"https:\\\/\\\/reporteroshoy.mx\\\/noticias\\\/cecilia-patron-llama-a-defender-la-forma-de-gobernar-merida\\\/#respond\"]}]},{\"@type\":\"WebPage\",\"@id\":\"https:\\\/\\\/reporteroshoy.mx\\\/noticias\\\/cecilia-patron-llama-a-defender-la-forma-de-gobernar-merida\\\/\",\"url\":\"https:\\\/\\\/reporteroshoy.mx\\\/noticias\\\/cecilia-patron-llama-a-defender-la-forma-de-gobernar-merida\\\/\",\"name\":\"Cecilia Patr\u00f3n llama a defender la forma de gobernar M\u00e9rida\",\"isPartOf\":{\"@id\":\"https:\\\/\\\/reporteroshoy.mx\\\/noticias\\\/#website\"},\"primaryImageOfPage\":{\"@id\":\"https:\\\/\\\/reporteroshoy.mx\\\/noticias\\\/cecilia-patron-llama-a-defender-la-forma-de-gobernar-merida\\\/#primaryimage\"},\"image\":{\"@id\":\"https:\\\/\\\/reporteroshoy.mx\\\/noticias\\\/cecilia-patron-llama-a-defender-la-forma-de-gobernar-merida\\\/#primaryimage\"},\"thumbnailUrl\":\"https:\\\/\\\/reporteroshoy.mx\\\/noticias\\\/wp-content\\\/uploads\\\/2026\\\/08\\\/Cecilia-Patron-Laviada-scaled.avif\",\"datePublished\":\"2026-08-29T18:55:38+00:00\",\"dateModified\":\"2026-08-29T19:35:08+00:00\",\"author\":{\"@id\":\"https:\\\/\\\/reporteroshoy.mx\\\/noticias\\\/#\\\/schema\\\/person\\\/d32189074678a9d41498d4248e29aac3\"},\"description\":\"En su Segundo Informe de Gobierno, Cecilia Patr\u00f3n Laviada llam\u00f3 a defender el modelo de vida y gobierno de M\u00e9rida; present\u00f3 resultados en obra, servicios, mujeres y comisar\u00edas.\",\"breadcrumb\":{\"@id\":\"https:\\\/\\\/reporteroshoy.mx\\\/noticias\\\/cecilia-patron-llama-a-defender-la-forma-de-gobernar-merida\\\/#breadcrumb\"},\"inLanguage\":\"es\",\"potentialAction\":[{\"@type\":\"ReadAction\",\"target\":[\"https:\\\/\\\/reporteroshoy.mx\\\/noticias\\\/cecilia-patron-llama-a-defender-la-forma-de-gobernar-merida\\\/\"]}]},{\"@type\":\"ImageObject\",\"inLanguage\":\"es\",\"@id\":\"https:\\\/\\\/reporteroshoy.mx\\\/noticias\\\/cecilia-patron-llama-a-defender-la-forma-de-gobernar-merida\\\/#primaryimage\",\"url\":\"https:\\\/\\\/reporteroshoy.mx\\\/noticias\\\/wp-content\\\/uploads\\\/2026\\\/08\\\/Cecilia-Patron-Laviada-scaled.avif\",\"contentUrl\":\"https:\\\/\\\/reporteroshoy.mx\\\/noticias\\\/wp-content\\\/uploads\\\/2026\\\/08\\\/Cecilia-Patron-Laviada-scaled.avif\",\"width\":768,\"height\":576,\"caption\":\"Cecilia Patr\u00f3n Laviada\"},{\"@type\":\"BreadcrumbList\",\"@id\":\"https:\\\/\\\/reporteroshoy.mx\\\/noticias\\\/cecilia-patron-llama-a-defender-la-forma-de-gobernar-merida\\\/#breadcrumb\",\"itemListElement\":[{\"@type\":\"ListItem\",\"position\":1,\"name\":\"Portada\",\"item\":\"https:\\\/\\\/reporteroshoy.mx\\\/noticias\\\/\"},{\"@type\":\"ListItem\",\"position\":2,\"name\":\"Cecilia Patr\u00f3n llama a defender la forma de gobernar M\u00e9rida\"}]},{\"@type\":\"WebSite\",\"@id\":\"https:\\\/\\\/reporteroshoy.mx\\\/noticias\\\/#website\",\"url\":\"https:\\\/\\\/reporteroshoy.mx\\\/noticias\\\/\",\"name\":\"Reporteros Hoy | Noticias de Yucat\u00e1n\",\"description\":\"Peri\u00f3dico digital con noticias diarias desde M\u00e9rida, Yucat\u00e1n para el mundo.\",\"potentialAction\":[{\"@type\":\"SearchAction\",\"target\":{\"@type\":\"EntryPoint\",\"urlTemplate\":\"https:\\\/\\\/reporteroshoy.mx\\\/noticias\\\/?s={search_term_string}\"},\"query-input\":{\"@type\":\"PropertyValueSpecification\",\"valueRequired\":true,\"valueName\":\"search_term_string\"}}],\"inLanguage\":\"es\"},{\"@type\":\"Person\",\"@id\":\"https:\\\/\\\/reporteroshoy.mx\\\/noticias\\\/#\\\/schema\\\/person\\\/d32189074678a9d41498d4248e29aac3\",\"name\":\"Reporteros Hoy HY\",\"image\":{\"@type\":\"ImageObject\",\"inLanguage\":\"es\",\"@id\":\"https:\\\/\\\/secure.gravatar.com\\\/avatar\\\/c539a82770f256437b35bda44650bb50f5fd4b7017f8b29672ed9f27a43cec47?s=96&d=mm&r=g\",\"url\":\"https:\\\/\\\/secure.gravatar.com\\\/avatar\\\/c539a82770f256437b35bda44650bb50f5fd4b7017f8b29672ed9f27a43cec47?s=96&d=mm&r=g\",\"contentUrl\":\"https:\\\/\\\/secure.gravatar.com\\\/avatar\\\/c539a82770f256437b35bda44650bb50f5fd4b7017f8b29672ed9f27a43cec47?s=96&d=mm&r=g\",\"caption\":\"Reporteros Hoy HY\"},\"url\":\"https:\\\/\\\/reporteroshoy.mx\\\/noticias\\\/author\\\/thelmo\\\/\"}]}<\/script>\n<!-- \/ Yoast SEO plugin. -->","yoast_head_json":{"title":"Cecilia Patr\u00f3n llama a defender la forma de gobernar M\u00e9rida","description":"En su Segundo Informe de Gobierno, Cecilia Patr\u00f3n Laviada llam\u00f3 a defender el modelo de vida y gobierno de M\u00e9rida; present\u00f3 resultados en obra, servicios, mujeres y comisar\u00edas.","robots":{"index":"index","follow":"follow","max-snippet":"max-snippet:-1","max-image-preview":"max-image-preview:large","max-video-preview":"max-video-preview:-1"},"canonical":"https:\/\/reporteroshoy.mx\/noticias\/cecilia-patron-llama-a-defender-la-forma-de-gobernar-merida\/","og_locale":"es_ES","og_type":"article","og_title":"Cecilia Patr\u00f3n llama a defender la forma de gobernar M\u00e9rida","og_description":"En su Segundo Informe de Gobierno, Cecilia Patr\u00f3n Laviada llam\u00f3 a defender el modelo de vida y gobierno de M\u00e9rida; present\u00f3 resultados en obra, servicios, mujeres y comisar\u00edas.","og_url":"https:\/\/reporteroshoy.mx\/noticias\/cecilia-patron-llama-a-defender-la-forma-de-gobernar-merida\/","og_site_name":"Reporteros Hoy | Noticias de Yucat\u00e1n","article_publisher":"http:\/\/www.facebook.com\/reporteroshoymx","article_published_time":"2026-08-29T18:55:38+00:00","article_modified_time":"2026-08-29T19:35:08+00:00","og_image":[{"width":768,"height":576,"url":"https:\/\/reporteroshoy.mx\/noticias\/wp-content\/uploads\/2026\/08\/Cecilia-Patron-Laviada-scaled.avif","type":"image\/jpeg"}],"author":"Reporteros Hoy HY","twitter_card":"summary_large_image","twitter_creator":"@reporteroshoy","twitter_site":"@reporteroshoy","twitter_misc":{"Escrito por":"Reporteros Hoy HY","Tiempo de lectura":"4 minutos"},"schema":{"@context":"https:\/\/schema.org","@graph":[{"@type":"Article","@id":"https:\/\/reporteroshoy.mx\/noticias\/cecilia-patron-llama-a-defender-la-forma-de-gobernar-merida\/#article","isPartOf":{"@id":"https:\/\/reporteroshoy.mx\/noticias\/cecilia-patron-llama-a-defender-la-forma-de-gobernar-merida\/"},"author":{"name":"Reporteros Hoy HY","@id":"https:\/\/reporteroshoy.mx\/noticias\/#\/schema\/person\/d32189074678a9d41498d4248e29aac3"},"headline":"Cecilia Patr\u00f3n llama a defender la forma de gobernar M\u00e9rida","datePublished":"2026-08-29T18:55:38+00:00","dateModified":"2026-08-29T19:35:08+00:00","mainEntityOfPage":{"@id":"https:\/\/reporteroshoy.mx\/noticias\/cecilia-patron-llama-a-defender-la-forma-de-gobernar-merida\/"},"wordCount":694,"commentCount":0,"image":{"@id":"https:\/\/reporteroshoy.mx\/noticias\/cecilia-patron-llama-a-defender-la-forma-de-gobernar-merida\/#primaryimage"},"thumbnailUrl":"https:\/\/reporteroshoy.mx\/noticias\/wp-content\/uploads\/2026\/08\/Cecilia-Patron-Laviada-scaled.avif","keywords":["ayuntamiento de merida","Cecilia Patr\u00f3n Laviada","M\u00e9rida"],"articleSection":["M\u00e9rida"],"inLanguage":"es","potentialAction":[{"@type":"CommentAction","name":"Comment","target":["https:\/\/reporteroshoy.mx\/noticias\/cecilia-patron-llama-a-defender-la-forma-de-gobernar-merida\/#respond"]}]},{"@type":"WebPage","@id":"https:\/\/reporteroshoy.mx\/noticias\/cecilia-patron-llama-a-defender-la-forma-de-gobernar-merida\/","url":"https:\/\/reporteroshoy.mx\/noticias\/cecilia-patron-llama-a-defender-la-forma-de-gobernar-merida\/","name":"Cecilia Patr\u00f3n llama a defender la forma de gobernar M\u00e9rida","isPartOf":{"@id":"https:\/\/reporteroshoy.mx\/noticias\/#website"},"primaryImageOfPage":{"@id":"https:\/\/reporteroshoy.mx\/noticias\/cecilia-patron-llama-a-defender-la-forma-de-gobernar-merida\/#primaryimage"},"image":{"@id":"https:\/\/reporteroshoy.mx\/noticias\/cecilia-patron-llama-a-defender-la-forma-de-gobernar-merida\/#primaryimage"},"thumbnailUrl":"https:\/\/reporteroshoy.mx\/noticias\/wp-content\/uploads\/2026\/08\/Cecilia-Patron-Laviada-scaled.avif","datePublished":"2026-08-29T18:55:38+00:00","dateModified":"2026-08-29T19:35:08+00:00","author":{"@id":"https:\/\/reporteroshoy.mx\/noticias\/#\/schema\/person\/d32189074678a9d41498d4248e29aac3"},"description":"En su Segundo Informe de Gobierno, Cecilia Patr\u00f3n Laviada llam\u00f3 a defender el modelo de vida y gobierno de M\u00e9rida; present\u00f3 resultados en obra, servicios, mujeres y comisar\u00edas.","breadcrumb":{"@id":"https:\/\/reporteroshoy.mx\/noticias\/cecilia-patron-llama-a-defender-la-forma-de-gobernar-merida\/#breadcrumb"},"inLanguage":"es","potentialAction":[{"@type":"ReadAction","target":["https:\/\/reporteroshoy.mx\/noticias\/cecilia-patron-llama-a-defender-la-forma-de-gobernar-merida\/"]}]},{"@type":"ImageObject","inLanguage":"es","@id":"https:\/\/reporteroshoy.mx\/noticias\/cecilia-patron-llama-a-defender-la-forma-de-gobernar-merida\/#primaryimage","url":"https:\/\/reporteroshoy.mx\/noticias\/wp-content\/uploads\/2026\/08\/Cecilia-Patron-Laviada-scaled.avif","contentUrl":"https:\/\/reporteroshoy.mx\/noticias\/wp-content\/uploads\/2026\/08\/Cecilia-Patron-Laviada-scaled.avif","width":768,"height":576,"caption":"Cecilia Patr\u00f3n Laviada"},{"@type":"BreadcrumbList","@id":"https:\/\/reporteroshoy.mx\/noticias\/cecilia-patron-llama-a-defender-la-forma-de-gobernar-merida\/#breadcrumb","itemListElement":[{"@type":"ListItem","position":1,"name":"Portada","item":"https:\/\/reporteroshoy.mx\/noticias\/"},{"@type":"ListItem","position":2,"name":"Cecilia Patr\u00f3n llama a defender la forma de gobernar M\u00e9rida"}]},{"@type":"WebSite","@id":"https:\/\/reporteroshoy.mx\/noticias\/#website","url":"https:\/\/reporteroshoy.mx\/noticias\/","name":"Reporteros Hoy | Noticias de Yucat\u00e1n","description":"Peri\u00f3dico digital con noticias diarias desde M\u00e9rida, Yucat\u00e1n para el mundo.","potentialAction":[{"@type":"SearchAction","target":{"@type":"EntryPoint","urlTemplate":"https:\/\/reporteroshoy.mx\/noticias\/?s={search_term_string}"},"query-input":{"@type":"PropertyValueSpecification","valueRequired":true,"valueName":"search_term_string"}}],"inLanguage":"es"},{"@type":"Person","@id":"https:\/\/reporteroshoy.mx\/noticias\/#\/schema\/person\/d32189074678a9d41498d4248e29aac3","name":"Reporteros Hoy HY","image":{"@type":"ImageObject","inLanguage":"es","@id":"https:\/\/secure.gravatar.com\/avatar\/c539a82770f256437b35bda44650bb50f5fd4b7017f8b29672ed9f27a43cec47?s=96&d=mm&r=g","url":"https:\/\/secure.gravatar.com\/avatar\/c539a82770f256437b35bda44650bb50f5fd4b7017f8b29672ed9f27a43cec47?s=96&d=mm&r=g","contentUrl":"https:\/\/secure.gravatar.com\/avatar\/c539a82770f256437b35bda44650bb50f5fd4b7017f8b29672ed9f27a43cec47?s=96&d=mm&r=g","caption":"Reporteros Hoy HY"},"url":"https:\/\/reporteroshoy.mx\/noticias\/author\/thelmo\/"}]}},"_links":{"self":[{"href":"https:\/\/reporteroshoy.mx\/noticias\/wp-json\/wp\/v2\/posts\/131514","targetHints":{"allow":["GET"]}}],"collection":[{"href":"https:\/\/reporteroshoy.mx\/noticias\/wp-json\/wp\/v2\/posts"}],"about":[{"href":"https:\/\/reporteroshoy.mx\/noticias\/wp-json\/wp\/v2\/types\/post"}],"author":[{"embeddable":true,"href":"https:\/\/reporteroshoy.mx\/noticias\/wp-json\/wp\/v2\/users\/2"}],"replies":[{"embeddable":true,"href":"https:\/\/reporteroshoy.mx\/noticias\/wp-json\/wp\/v2\/comments?post=131514"}],"version-history":[{"count":0,"href":"https:\/\/reporteroshoy.mx\/noticias\/wp-json\/wp\/v2\/posts\/131514\/revisions"}],"wp:featuredmedia":[{"embeddable":true,"href":"https:\/\/reporteroshoy.mx\/noticias\/wp-json\/wp\/v2\/media\/131515"}],"wp:attachment":[{"href":"https:\/\/reporteroshoy.mx\/noticias\/wp-json\/wp\/v2\/media?parent=131514"}],"wp:term":[{"taxonomy":"category","embeddable":true,"href":"https:\/\/reporteroshoy.mx\/noticias\/wp-json\/wp\/v2\/categories?post=131514"},{"taxonomy":"post_tag","embeddable":true,"href":"https:\/\/reporteroshoy.mx\/noticias\/wp-json\/wp\/v2\/tags?post=131514"}],"curies":[{"name":"wp","href":"https:\/\/api.w.org\/{rel}","templated":true}]}}