{"id":131530,"date":"2026-08-31T20:53:20","date_gmt":"2026-09-01T02:53:20","guid":{"rendered":"https:\/\/reporteroshoy.mx\/noticias\/?p=131530"},"modified":"2026-08-31T20:54:48","modified_gmt":"2026-09-01T02:54:48","slug":"apagon-merida-yucatan-cfe-falla-transmision","status":"publish","type":"post","link":"https:\/\/reporteroshoy.mx\/noticias\/apagon-merida-yucatan-cfe-falla-transmision\/","title":{"rendered":"Apag\u00f3n en M\u00e9rida y Yucat\u00e1n: CFE reporta falla el\u00e9ctrica"},"content":{"rendered":"<p style=\"text-align: justify;\">\ud835\udddf\ud835\uddee \ud835\uddd6\ud835\uddd9\ud835\uddd8 \ud835\uddf0\ud835\uddfc\ud835\uddfb\ud835\uddf3\ud835\uddf6\ud835\uddff\ud835\uddfa\u00f3 \ud835\uddfe\ud835\ude02\ud835\uddf2 \ud835\uddf9\ud835\uddee \ud835\uddf1\ud835\uddf2\ud835\ude00\ud835\uddf0\ud835\uddfc\ud835\uddfb\ud835\uddf2\ud835\ude05\ud835\uddf6\u00f3\ud835\uddfb \ud835\uddf1\ud835\uddf2 \ud835\uddf1\ud835\uddfc\ud835\ude00 \ud835\uddf9\u00ed\ud835\uddfb\ud835\uddf2\ud835\uddee\ud835\ude00 \ud835\uddf1\ud835\uddf2 \ud835\ude01\ud835\uddff\ud835\uddee\ud835\uddfb\ud835\ude00\ud835\uddfa\ud835\uddf6\ud835\ude00\ud835\uddf6\u00f3\ud835\uddfb \ud835\uddee\ud835\uddf3\ud835\uddf2\ud835\uddf0\ud835\ude01\u00f3 \ud835\uddfd\ud835\uddee\ud835\uddff\ud835\uddf0\ud835\uddf6\ud835\uddee\ud835\uddf9\ud835\uddfa\ud835\uddf2\ud835\uddfb\ud835\ude01\ud835\uddf2 \ud835\uddf2\ud835\uddf9 \ud835\ude00\ud835\ude02\ud835\uddfa\ud835\uddf6\ud835\uddfb\ud835\uddf6\ud835\ude00\ud835\ude01\ud835\uddff\ud835\uddfc \ud835\uddf2\ud835\uddf9\u00e9\ud835\uddf0\ud835\ude01\ud835\uddff\ud835\uddf6\ud835\uddf0\ud835\uddfc \ud835\uddf2\ud835\uddfb \ud835\uddec\ud835\ude02\ud835\uddf0\ud835\uddee\ud835\ude01\u00e1\ud835\uddfb, \ud835\udde4\ud835\ude02\ud835\uddf6\ud835\uddfb\ud835\ude01\ud835\uddee\ud835\uddfb\ud835\uddee \ud835\udde5\ud835\uddfc\ud835\uddfc \ud835\ude06 \ud835\uddd6\ud835\uddf5\ud835\uddf6\ud835\uddee\ud835\uddfd\ud835\uddee\ud835\ude00, \ud835\uddfa\ud835\uddf6\ud835\uddf2\ud835\uddfb\ud835\ude01\ud835\uddff\ud835\uddee\ud835\ude00 \ud835\uddf0\ud835\uddfc\ud835\uddf9\ud835\uddfc\ud835\uddfb\ud835\uddf6\ud835\uddee\ud835\ude00 \ud835\uddf1\ud835\uddf2 \ud835\udde0\u00e9\ud835\uddff\ud835\uddf6\ud835\uddf1\ud835\uddee \ud835\ude06 \ud835\ude03\ud835\uddee\ud835\uddff\ud835\uddf6\ud835\uddfc\ud835\ude00 \ud835\uddfa\ud835\ude02\ud835\uddfb\ud835\uddf6\ud835\uddf0\ud835\uddf6\ud835\uddfd\ud835\uddf6\ud835\uddfc\ud835\ude00 \ud835\uddfe\ud835\ude02\ud835\uddf2\ud835\uddf1\ud835\uddee\ud835\uddff\ud835\uddfc\ud835\uddfb \ud835\ude00\ud835\uddf6\ud835\uddfb \ud835\uddf9\ud835\ude02\ud835\ude07 \ud835\uddf9\ud835\uddee \ud835\uddfb\ud835\uddfc\ud835\uddf0\ud835\uddf5\ud835\uddf2 \ud835\uddf1\ud835\uddf2\ud835\uddf9 \ud835\uddf9\ud835\ude02\ud835\uddfb\ud835\uddf2\ud835\ude00 31 \ud835\uddf1\ud835\uddf2 \ud835\uddee\ud835\uddf4\ud835\uddfc\ud835\ude00\ud835\ude01\ud835\uddfc.<\/p>\n<p style=\"text-align: justify;\">Un apag\u00f3n dej\u00f3 sin energ\u00eda el\u00e9ctrica a colonias de M\u00e9rida y a varios municipios de Yucat\u00e1n la noche del lunes 31 de agosto. Los reportes tambi\u00e9n se extendieron a otras zonas del sureste mexicano.<\/p>\n<p style=\"text-align: justify;\">La Comisi\u00f3n Federal de Electricidad inform\u00f3 que la afectaci\u00f3n ocurri\u00f3 por la <strong>desconexi\u00f3n de dos l\u00edneas de transmisi\u00f3n<\/strong>. La empresa se\u00f1al\u00f3 que personal t\u00e9cnico realiz\u00f3 maniobras para recuperar el suministro el\u00e9ctrico.<\/p>\n<p style=\"text-align: justify;\"><img loading=\"lazy\" decoding=\"async\" class=\"alignnone size-full wp-image-131532\" src=\"https:\/\/reporteroshoy.mx\/noticias\/wp-content\/uploads\/2026\/08\/WhatsApp-Image-2026-08-31-at-8.10.50-PM-scaled.avif\" alt=\"\" width=\"768\" height=\"432\" \/><\/p>\n<h2 style=\"text-align: justify;\">Colonias y municipios afectados por el apag\u00f3n<\/h2>\n<p style=\"text-align: justify;\">En M\u00e9rida, usuarios reportaron cortes de energ\u00eda en Juan Pablo, Francisco de Montejo, Mar\u00eda Luisa, Jardines del Norte, Altabrisa, Santa Fe, Caucel, Pensiones, Santa Rosa, Vicente Sol\u00eds, Gran San Pedro Cholul, Temoz\u00f3n, Las Am\u00e9ricas y Delio Moreno.<\/p>\n<p style=\"text-align: justify;\">Tambi\u00e9n se registraron afectaciones en las comisar\u00edas de Dzity\u00e1, Cheum\u00e1n y Chablekal, as\u00ed como en municipios como Kanas\u00edn, Um\u00e1n, Tzucacab, Izamal y Progreso.<\/p>\n<h2 style=\"text-align: justify;\">Apag\u00f3n en M\u00e9rida y Yucat\u00e1n provoca afectaciones viales<\/h2>\n<p style=\"text-align: justify;\">La falta de electricidad dej\u00f3 sem\u00e1foros fuera de servicio en distintos puntos de M\u00e9rida, lo que gener\u00f3 complicaciones en la circulaci\u00f3n vehicular durante la noche.<\/p>\n<p style=\"text-align: justify;\">La falla ocurre en un contexto de antecedentes recientes de problemas en la red el\u00e9ctrica de la Pen\u00ednsula de Yucat\u00e1n. La zona ha registrado interrupciones relacionadas con l\u00edneas de transmisi\u00f3n y mantiene una condici\u00f3n deficitaria en generaci\u00f3n el\u00e9ctrica, seg\u00fan informaci\u00f3n previa del sistema el\u00e9ctrico nacional.<\/p>\n<p style=\"text-align: justify;\">La CFE inform\u00f3 que continuaba con las maniobras para restablecer el servicio.<\/p>\n<p style=\"text-align: justify;\">Fuente: Comisi\u00f3n Federal de Electricidad (CFE).<\/p>\n<p style=\"text-align: justify;\">ACOM<\/p>\n","protected":false},"excerpt":{"rendered":"<p>\ud835\udddf\ud835\uddee \ud835\uddd6\ud835\uddd9\ud835\uddd8 \ud835\uddf0\ud835\uddfc\ud835\uddfb\ud835\uddf3\ud835\uddf6\ud835\uddff\ud835\uddfa\u00f3 \ud835\uddfe\ud835\ude02\ud835\uddf2 \ud835\uddf9\ud835\uddee \ud835\uddf1\ud835\uddf2\ud835\ude00\ud835\uddf0\ud835\uddfc\ud835\uddfb\ud835\uddf2\ud835\ude05\ud835\uddf6\u00f3\ud835\uddfb \ud835\uddf1\ud835\uddf2 \ud835\uddf1\ud835\uddfc\ud835\ude00 \ud835\uddf9\u00ed\ud835\uddfb\ud835\uddf2\ud835\uddee\ud835\ude00 \ud835\uddf1\ud835\uddf2 \ud835\ude01\ud835\uddff\ud835\uddee\ud835\uddfb\ud835\ude00\ud835\uddfa\ud835\uddf6\ud835\ude00\ud835\uddf6\u00f3\ud835\uddfb \ud835\uddee\ud835\uddf3\ud835\uddf2\ud835\uddf0\ud835\ude01\u00f3 \ud835\uddfd\ud835\uddee\ud835\uddff\ud835\uddf0\ud835\uddf6\ud835\uddee\ud835\uddf9\ud835\uddfa\ud835\uddf2\ud835\uddfb\ud835\ude01\ud835\uddf2 \ud835\uddf2\ud835\uddf9 \ud835\ude00\ud835\ude02\ud835\uddfa\ud835\uddf6\ud835\uddfb\ud835\uddf6\ud835\ude00\ud835\ude01\ud835\uddff\ud835\uddfc \ud835\uddf2\ud835\uddf9\u00e9\ud835\uddf0\ud835\ude01\ud835\uddff\ud835\uddf6\ud835\uddf0\ud835\uddfc \ud835\uddf2\ud835\uddfb \ud835\uddec\ud835\ude02\ud835\uddf0\ud835\uddee\ud835\ude01\u00e1\ud835\uddfb, \ud835\udde4\ud835\ude02\ud835\uddf6\ud835\uddfb\ud835\ude01\ud835\uddee\ud835\uddfb\ud835\uddee \ud835\udde5\ud835\uddfc\ud835\uddfc \ud835\ude06 \ud835\uddd6\ud835\uddf5\ud835\uddf6\ud835\uddee\ud835\uddfd\ud835\uddee\ud835\ude00, \ud835\uddfa\ud835\uddf6\ud835\uddf2\ud835\uddfb\ud835\ude01\ud835\uddff\ud835\uddee\ud835\ude00 \ud835\uddf0\ud835\uddfc\ud835\uddf9\ud835\uddfc\ud835\uddfb\ud835\uddf6\ud835\uddee\ud835\ude00 \ud835\uddf1\ud835\uddf2 \ud835\udde0\u00e9\ud835\uddff\ud835\uddf6\ud835\uddf1\ud835\uddee \ud835\ude06 \ud835\ude03\ud835\uddee\ud835\uddff\ud835\uddf6\ud835\uddfc\ud835\ude00 \ud835\uddfa\ud835\ude02\ud835\uddfb\ud835\uddf6\ud835\uddf0\ud835\uddf6\ud835\uddfd\ud835\uddf6\ud835\uddfc\ud835\ude00 \ud835\uddfe\ud835\ude02\ud835\uddf2\ud835\uddf1\ud835\uddee\ud835\uddff\ud835\uddfc\ud835\uddfb \ud835\ude00\ud835\uddf6\ud835\uddfb \ud835\uddf9\ud835\ude02\ud835\ude07 \ud835\uddf9\ud835\uddee \ud835\uddfb\ud835\uddfc\ud835\uddf0\ud835\uddf5\ud835\uddf2 \ud835\uddf1\ud835\uddf2\ud835\uddf9 \ud835\uddf9\ud835\ude02\ud835\uddfb\ud835\uddf2\ud835\ude00 31 \ud835\uddf1\ud835\uddf2 \ud835\uddee\ud835\uddf4\ud835\uddfc\ud835\ude00\ud835\ude01\ud835\uddfc. Un apag\u00f3n dej\u00f3 sin energ\u00eda el\u00e9ctrica a colonias de M\u00e9rida y a varios municipios de Yucat\u00e1n [&hellip;]<\/p>\n","protected":false},"author":13,"featured_media":131531,"comment_status":"open","ping_status":"closed","sticky":false,"template":"","format":"standard","meta":{"footnotes":""},"categories":[17],"tags":[29249,1374,22486,29250,20016],"class_list":["post-131530","post","type-post","status-publish","format-standard","has-post-thumbnail","hentry","category-yucatan","tag-apagon-en-merida-y-yucatan","tag-cfe","tag-cortes-de-energia","tag-falla-en-lineas-de-transmision","tag-municipios-de-yucatan"],"yoast_head":"<!-- This site is optimized with the Yoast SEO plugin v28.3 - https:\/\/yoast.com\/product\/yoast-seo-wordpress\/ -->\n<title>Apag\u00f3n en M\u00e9rida y Yucat\u00e1n: CFE reporta falla el\u00e9ctrica<\/title>\n<meta name=\"description\" content=\"Apag\u00f3n afecta M\u00e9rida y varios municipios de Yucat\u00e1n tras una falla en dos l\u00edneas de transmisi\u00f3n, inform\u00f3 la CFE.\" \/>\n<meta name=\"robots\" content=\"index, follow, max-snippet:-1, max-image-preview:large, max-video-preview:-1\" \/>\n<link rel=\"canonical\" href=\"https:\/\/reporteroshoy.mx\/noticias\/apagon-merida-yucatan-cfe-falla-transmision\/\" \/>\n<meta property=\"og:locale\" content=\"es_ES\" \/>\n<meta property=\"og:type\" content=\"article\" \/>\n<meta property=\"og:title\" content=\"Apag\u00f3n en M\u00e9rida y Yucat\u00e1n: CFE reporta falla el\u00e9ctrica\" \/>\n<meta property=\"og:description\" content=\"Apag\u00f3n afecta M\u00e9rida y varios municipios de Yucat\u00e1n tras una falla en dos l\u00edneas de transmisi\u00f3n, inform\u00f3 la CFE.\" \/>\n<meta property=\"og:url\" content=\"https:\/\/reporteroshoy.mx\/noticias\/apagon-merida-yucatan-cfe-falla-transmision\/\" \/>\n<meta property=\"og:site_name\" content=\"Reporteros Hoy | Noticias de Yucat\u00e1n\" \/>\n<meta property=\"article:publisher\" content=\"http:\/\/www.facebook.com\/reporteroshoymx\" \/>\n<meta property=\"article:published_time\" content=\"2026-09-01T02:53:20+00:00\" \/>\n<meta property=\"article:modified_time\" content=\"2026-09-01T02:54:48+00:00\" \/>\n<meta property=\"og:image\" content=\"https:\/\/reporteroshoy.mx\/noticias\/wp-content\/uploads\/2026\/08\/WhatsApp-Image-2026-08-31-at-8.10.53-PM-scaled.avif\" \/>\n\t<meta property=\"og:image:width\" content=\"768\" \/>\n\t<meta property=\"og:image:height\" content=\"576\" \/>\n\t<meta property=\"og:image:type\" content=\"image\/jpeg\" \/>\n<meta name=\"author\" content=\"Reporteros Hoy EM\" \/>\n<meta name=\"twitter:card\" content=\"summary_large_image\" \/>\n<meta name=\"twitter:creator\" content=\"@reporteroshoy\" \/>\n<meta name=\"twitter:site\" content=\"@reporteroshoy\" \/>\n<meta name=\"twitter:label1\" content=\"Escrito por\" \/>\n\t<meta name=\"twitter:data1\" content=\"Reporteros Hoy EM\" \/>\n\t<meta name=\"twitter:label2\" content=\"Tiempo de lectura\" \/>\n\t<meta name=\"twitter:data2\" content=\"2 minutos\" \/>\n<script type=\"application\/ld+json\" class=\"yoast-schema-graph\">{\"@context\":\"https:\\\/\\\/schema.org\",\"@graph\":[{\"@type\":\"Article\",\"@id\":\"https:\\\/\\\/reporteroshoy.mx\\\/noticias\\\/apagon-merida-yucatan-cfe-falla-transmision\\\/#article\",\"isPartOf\":{\"@id\":\"https:\\\/\\\/reporteroshoy.mx\\\/noticias\\\/apagon-merida-yucatan-cfe-falla-transmision\\\/\"},\"author\":{\"name\":\"Reporteros Hoy EM\",\"@id\":\"https:\\\/\\\/reporteroshoy.mx\\\/noticias\\\/#\\\/schema\\\/person\\\/17dae1f2305a31fe437930b820d039d2\"},\"headline\":\"Apag\u00f3n en M\u00e9rida y Yucat\u00e1n: CFE reporta falla el\u00e9ctrica\",\"datePublished\":\"2026-09-01T02:53:20+00:00\",\"dateModified\":\"2026-09-01T02:54:48+00:00\",\"mainEntityOfPage\":{\"@id\":\"https:\\\/\\\/reporteroshoy.mx\\\/noticias\\\/apagon-merida-yucatan-cfe-falla-transmision\\\/\"},\"wordCount\":285,\"commentCount\":0,\"image\":{\"@id\":\"https:\\\/\\\/reporteroshoy.mx\\\/noticias\\\/apagon-merida-yucatan-cfe-falla-transmision\\\/#primaryimage\"},\"thumbnailUrl\":\"https:\\\/\\\/reporteroshoy.mx\\\/noticias\\\/wp-content\\\/uploads\\\/2026\\\/08\\\/WhatsApp-Image-2026-08-31-at-8.10.53-PM-scaled.avif\",\"keywords\":[\"apag\u00f3n en M\u00e9rida y Yucat\u00e1n\",\"cfe\",\"Cortes de energ\u00eda\",\"falla en l\u00edneas de transmisi\u00f3n\",\"municipios de Yucat\u00e1n\"],\"articleSection\":[\"Yucat\u00e1n\"],\"inLanguage\":\"es\",\"potentialAction\":[{\"@type\":\"CommentAction\",\"name\":\"Comment\",\"target\":[\"https:\\\/\\\/reporteroshoy.mx\\\/noticias\\\/apagon-merida-yucatan-cfe-falla-transmision\\\/#respond\"]}]},{\"@type\":\"WebPage\",\"@id\":\"https:\\\/\\\/reporteroshoy.mx\\\/noticias\\\/apagon-merida-yucatan-cfe-falla-transmision\\\/\",\"url\":\"https:\\\/\\\/reporteroshoy.mx\\\/noticias\\\/apagon-merida-yucatan-cfe-falla-transmision\\\/\",\"name\":\"Apag\u00f3n en M\u00e9rida y Yucat\u00e1n: CFE reporta falla el\u00e9ctrica\",\"isPartOf\":{\"@id\":\"https:\\\/\\\/reporteroshoy.mx\\\/noticias\\\/#website\"},\"primaryImageOfPage\":{\"@id\":\"https:\\\/\\\/reporteroshoy.mx\\\/noticias\\\/apagon-merida-yucatan-cfe-falla-transmision\\\/#primaryimage\"},\"image\":{\"@id\":\"https:\\\/\\\/reporteroshoy.mx\\\/noticias\\\/apagon-merida-yucatan-cfe-falla-transmision\\\/#primaryimage\"},\"thumbnailUrl\":\"https:\\\/\\\/reporteroshoy.mx\\\/noticias\\\/wp-content\\\/uploads\\\/2026\\\/08\\\/WhatsApp-Image-2026-08-31-at-8.10.53-PM-scaled.avif\",\"datePublished\":\"2026-09-01T02:53:20+00:00\",\"dateModified\":\"2026-09-01T02:54:48+00:00\",\"author\":{\"@id\":\"https:\\\/\\\/reporteroshoy.mx\\\/noticias\\\/#\\\/schema\\\/person\\\/17dae1f2305a31fe437930b820d039d2\"},\"description\":\"Apag\u00f3n afecta M\u00e9rida y varios municipios de Yucat\u00e1n tras una falla en dos l\u00edneas de transmisi\u00f3n, inform\u00f3 la CFE.\",\"breadcrumb\":{\"@id\":\"https:\\\/\\\/reporteroshoy.mx\\\/noticias\\\/apagon-merida-yucatan-cfe-falla-transmision\\\/#breadcrumb\"},\"inLanguage\":\"es\",\"potentialAction\":[{\"@type\":\"ReadAction\",\"target\":[\"https:\\\/\\\/reporteroshoy.mx\\\/noticias\\\/apagon-merida-yucatan-cfe-falla-transmision\\\/\"]}]},{\"@type\":\"ImageObject\",\"inLanguage\":\"es\",\"@id\":\"https:\\\/\\\/reporteroshoy.mx\\\/noticias\\\/apagon-merida-yucatan-cfe-falla-transmision\\\/#primaryimage\",\"url\":\"https:\\\/\\\/reporteroshoy.mx\\\/noticias\\\/wp-content\\\/uploads\\\/2026\\\/08\\\/WhatsApp-Image-2026-08-31-at-8.10.53-PM-scaled.avif\",\"contentUrl\":\"https:\\\/\\\/reporteroshoy.mx\\\/noticias\\\/wp-content\\\/uploads\\\/2026\\\/08\\\/WhatsApp-Image-2026-08-31-at-8.10.53-PM-scaled.avif\",\"width\":768,\"height\":576},{\"@type\":\"BreadcrumbList\",\"@id\":\"https:\\\/\\\/reporteroshoy.mx\\\/noticias\\\/apagon-merida-yucatan-cfe-falla-transmision\\\/#breadcrumb\",\"itemListElement\":[{\"@type\":\"ListItem\",\"position\":1,\"name\":\"Portada\",\"item\":\"https:\\\/\\\/reporteroshoy.mx\\\/noticias\\\/\"},{\"@type\":\"ListItem\",\"position\":2,\"name\":\"Apag\u00f3n en M\u00e9rida y Yucat\u00e1n: CFE reporta falla el\u00e9ctrica\"}]},{\"@type\":\"WebSite\",\"@id\":\"https:\\\/\\\/reporteroshoy.mx\\\/noticias\\\/#website\",\"url\":\"https:\\\/\\\/reporteroshoy.mx\\\/noticias\\\/\",\"name\":\"Reporteros Hoy | Noticias de Yucat\u00e1n\",\"description\":\"Peri\u00f3dico digital con noticias diarias desde M\u00e9rida, Yucat\u00e1n para el mundo.\",\"potentialAction\":[{\"@type\":\"SearchAction\",\"target\":{\"@type\":\"EntryPoint\",\"urlTemplate\":\"https:\\\/\\\/reporteroshoy.mx\\\/noticias\\\/?s={search_term_string}\"},\"query-input\":{\"@type\":\"PropertyValueSpecification\",\"valueRequired\":true,\"valueName\":\"search_term_string\"}}],\"inLanguage\":\"es\"},{\"@type\":\"Person\",\"@id\":\"https:\\\/\\\/reporteroshoy.mx\\\/noticias\\\/#\\\/schema\\\/person\\\/17dae1f2305a31fe437930b820d039d2\",\"name\":\"Reporteros Hoy EM\",\"image\":{\"@type\":\"ImageObject\",\"inLanguage\":\"es\",\"@id\":\"https:\\\/\\\/secure.gravatar.com\\\/avatar\\\/3a15973aa4f07c46a3eb7d8f9121204d4000ebdacddf63898dc5d9ac100c7c1b?s=96&d=mm&r=g\",\"url\":\"https:\\\/\\\/secure.gravatar.com\\\/avatar\\\/3a15973aa4f07c46a3eb7d8f9121204d4000ebdacddf63898dc5d9ac100c7c1b?s=96&d=mm&r=g\",\"contentUrl\":\"https:\\\/\\\/secure.gravatar.com\\\/avatar\\\/3a15973aa4f07c46a3eb7d8f9121204d4000ebdacddf63898dc5d9ac100c7c1b?s=96&d=mm&r=g\",\"caption\":\"Reporteros Hoy EM\"},\"url\":\"https:\\\/\\\/reporteroshoy.mx\\\/noticias\\\/author\\\/edgar\\\/\"}]}<\/script>\n<!-- \/ Yoast SEO plugin. -->","yoast_head_json":{"title":"Apag\u00f3n en M\u00e9rida y Yucat\u00e1n: CFE reporta falla el\u00e9ctrica","description":"Apag\u00f3n afecta M\u00e9rida y varios municipios de Yucat\u00e1n tras una falla en dos l\u00edneas de transmisi\u00f3n, inform\u00f3 la CFE.","robots":{"index":"index","follow":"follow","max-snippet":"max-snippet:-1","max-image-preview":"max-image-preview:large","max-video-preview":"max-video-preview:-1"},"canonical":"https:\/\/reporteroshoy.mx\/noticias\/apagon-merida-yucatan-cfe-falla-transmision\/","og_locale":"es_ES","og_type":"article","og_title":"Apag\u00f3n en M\u00e9rida y Yucat\u00e1n: CFE reporta falla el\u00e9ctrica","og_description":"Apag\u00f3n afecta M\u00e9rida y varios municipios de Yucat\u00e1n tras una falla en dos l\u00edneas de transmisi\u00f3n, inform\u00f3 la CFE.","og_url":"https:\/\/reporteroshoy.mx\/noticias\/apagon-merida-yucatan-cfe-falla-transmision\/","og_site_name":"Reporteros Hoy | Noticias de Yucat\u00e1n","article_publisher":"http:\/\/www.facebook.com\/reporteroshoymx","article_published_time":"2026-09-01T02:53:20+00:00","article_modified_time":"2026-09-01T02:54:48+00:00","og_image":[{"width":768,"height":576,"url":"https:\/\/reporteroshoy.mx\/noticias\/wp-content\/uploads\/2026\/08\/WhatsApp-Image-2026-08-31-at-8.10.53-PM-scaled.avif","type":"image\/jpeg"}],"author":"Reporteros Hoy EM","twitter_card":"summary_large_image","twitter_creator":"@reporteroshoy","twitter_site":"@reporteroshoy","twitter_misc":{"Escrito por":"Reporteros Hoy EM","Tiempo de lectura":"2 minutos"},"schema":{"@context":"https:\/\/schema.org","@graph":[{"@type":"Article","@id":"https:\/\/reporteroshoy.mx\/noticias\/apagon-merida-yucatan-cfe-falla-transmision\/#article","isPartOf":{"@id":"https:\/\/reporteroshoy.mx\/noticias\/apagon-merida-yucatan-cfe-falla-transmision\/"},"author":{"name":"Reporteros Hoy EM","@id":"https:\/\/reporteroshoy.mx\/noticias\/#\/schema\/person\/17dae1f2305a31fe437930b820d039d2"},"headline":"Apag\u00f3n en M\u00e9rida y Yucat\u00e1n: CFE reporta falla el\u00e9ctrica","datePublished":"2026-09-01T02:53:20+00:00","dateModified":"2026-09-01T02:54:48+00:00","mainEntityOfPage":{"@id":"https:\/\/reporteroshoy.mx\/noticias\/apagon-merida-yucatan-cfe-falla-transmision\/"},"wordCount":285,"commentCount":0,"image":{"@id":"https:\/\/reporteroshoy.mx\/noticias\/apagon-merida-yucatan-cfe-falla-transmision\/#primaryimage"},"thumbnailUrl":"https:\/\/reporteroshoy.mx\/noticias\/wp-content\/uploads\/2026\/08\/WhatsApp-Image-2026-08-31-at-8.10.53-PM-scaled.avif","keywords":["apag\u00f3n en M\u00e9rida y Yucat\u00e1n","cfe","Cortes de energ\u00eda","falla en l\u00edneas de transmisi\u00f3n","municipios de Yucat\u00e1n"],"articleSection":["Yucat\u00e1n"],"inLanguage":"es","potentialAction":[{"@type":"CommentAction","name":"Comment","target":["https:\/\/reporteroshoy.mx\/noticias\/apagon-merida-yucatan-cfe-falla-transmision\/#respond"]}]},{"@type":"WebPage","@id":"https:\/\/reporteroshoy.mx\/noticias\/apagon-merida-yucatan-cfe-falla-transmision\/","url":"https:\/\/reporteroshoy.mx\/noticias\/apagon-merida-yucatan-cfe-falla-transmision\/","name":"Apag\u00f3n en M\u00e9rida y Yucat\u00e1n: CFE reporta falla el\u00e9ctrica","isPartOf":{"@id":"https:\/\/reporteroshoy.mx\/noticias\/#website"},"primaryImageOfPage":{"@id":"https:\/\/reporteroshoy.mx\/noticias\/apagon-merida-yucatan-cfe-falla-transmision\/#primaryimage"},"image":{"@id":"https:\/\/reporteroshoy.mx\/noticias\/apagon-merida-yucatan-cfe-falla-transmision\/#primaryimage"},"thumbnailUrl":"https:\/\/reporteroshoy.mx\/noticias\/wp-content\/uploads\/2026\/08\/WhatsApp-Image-2026-08-31-at-8.10.53-PM-scaled.avif","datePublished":"2026-09-01T02:53:20+00:00","dateModified":"2026-09-01T02:54:48+00:00","author":{"@id":"https:\/\/reporteroshoy.mx\/noticias\/#\/schema\/person\/17dae1f2305a31fe437930b820d039d2"},"description":"Apag\u00f3n afecta M\u00e9rida y varios municipios de Yucat\u00e1n tras una falla en dos l\u00edneas de transmisi\u00f3n, inform\u00f3 la CFE.","breadcrumb":{"@id":"https:\/\/reporteroshoy.mx\/noticias\/apagon-merida-yucatan-cfe-falla-transmision\/#breadcrumb"},"inLanguage":"es","potentialAction":[{"@type":"ReadAction","target":["https:\/\/reporteroshoy.mx\/noticias\/apagon-merida-yucatan-cfe-falla-transmision\/"]}]},{"@type":"ImageObject","inLanguage":"es","@id":"https:\/\/reporteroshoy.mx\/noticias\/apagon-merida-yucatan-cfe-falla-transmision\/#primaryimage","url":"https:\/\/reporteroshoy.mx\/noticias\/wp-content\/uploads\/2026\/08\/WhatsApp-Image-2026-08-31-at-8.10.53-PM-scaled.avif","contentUrl":"https:\/\/reporteroshoy.mx\/noticias\/wp-content\/uploads\/2026\/08\/WhatsApp-Image-2026-08-31-at-8.10.53-PM-scaled.avif","width":768,"height":576},{"@type":"BreadcrumbList","@id":"https:\/\/reporteroshoy.mx\/noticias\/apagon-merida-yucatan-cfe-falla-transmision\/#breadcrumb","itemListElement":[{"@type":"ListItem","position":1,"name":"Portada","item":"https:\/\/reporteroshoy.mx\/noticias\/"},{"@type":"ListItem","position":2,"name":"Apag\u00f3n en M\u00e9rida y Yucat\u00e1n: CFE reporta falla el\u00e9ctrica"}]},{"@type":"WebSite","@id":"https:\/\/reporteroshoy.mx\/noticias\/#website","url":"https:\/\/reporteroshoy.mx\/noticias\/","name":"Reporteros Hoy | Noticias de Yucat\u00e1n","description":"Peri\u00f3dico digital con noticias diarias desde M\u00e9rida, Yucat\u00e1n para el mundo.","potentialAction":[{"@type":"SearchAction","target":{"@type":"EntryPoint","urlTemplate":"https:\/\/reporteroshoy.mx\/noticias\/?s={search_term_string}"},"query-input":{"@type":"PropertyValueSpecification","valueRequired":true,"valueName":"search_term_string"}}],"inLanguage":"es"},{"@type":"Person","@id":"https:\/\/reporteroshoy.mx\/noticias\/#\/schema\/person\/17dae1f2305a31fe437930b820d039d2","name":"Reporteros Hoy EM","image":{"@type":"ImageObject","inLanguage":"es","@id":"https:\/\/secure.gravatar.com\/avatar\/3a15973aa4f07c46a3eb7d8f9121204d4000ebdacddf63898dc5d9ac100c7c1b?s=96&d=mm&r=g","url":"https:\/\/secure.gravatar.com\/avatar\/3a15973aa4f07c46a3eb7d8f9121204d4000ebdacddf63898dc5d9ac100c7c1b?s=96&d=mm&r=g","contentUrl":"https:\/\/secure.gravatar.com\/avatar\/3a15973aa4f07c46a3eb7d8f9121204d4000ebdacddf63898dc5d9ac100c7c1b?s=96&d=mm&r=g","caption":"Reporteros Hoy EM"},"url":"https:\/\/reporteroshoy.mx\/noticias\/author\/edgar\/"}]}},"_links":{"self":[{"href":"https:\/\/reporteroshoy.mx\/noticias\/wp-json\/wp\/v2\/posts\/131530","targetHints":{"allow":["GET"]}}],"collection":[{"href":"https:\/\/reporteroshoy.mx\/noticias\/wp-json\/wp\/v2\/posts"}],"about":[{"href":"https:\/\/reporteroshoy.mx\/noticias\/wp-json\/wp\/v2\/types\/post"}],"author":[{"embeddable":true,"href":"https:\/\/reporteroshoy.mx\/noticias\/wp-json\/wp\/v2\/users\/13"}],"replies":[{"embeddable":true,"href":"https:\/\/reporteroshoy.mx\/noticias\/wp-json\/wp\/v2\/comments?post=131530"}],"version-history":[{"count":0,"href":"https:\/\/reporteroshoy.mx\/noticias\/wp-json\/wp\/v2\/posts\/131530\/revisions"}],"wp:featuredmedia":[{"embeddable":true,"href":"https:\/\/reporteroshoy.mx\/noticias\/wp-json\/wp\/v2\/media\/131531"}],"wp:attachment":[{"href":"https:\/\/reporteroshoy.mx\/noticias\/wp-json\/wp\/v2\/media?parent=131530"}],"wp:term":[{"taxonomy":"category","embeddable":true,"href":"https:\/\/reporteroshoy.mx\/noticias\/wp-json\/wp\/v2\/categories?post=131530"},{"taxonomy":"post_tag","embeddable":true,"href":"https:\/\/reporteroshoy.mx\/noticias\/wp-json\/wp\/v2\/tags?post=131530"}],"curies":[{"name":"wp","href":"https:\/\/api.w.org\/{rel}","templated":true}]}}