{"id":131533,"date":"2026-08-31T21:41:15","date_gmt":"2026-09-01T03:41:15","guid":{"rendered":"https:\/\/reporteroshoy.mx\/noticias\/?p=131533"},"modified":"2026-08-31T21:41:15","modified_gmt":"2026-09-01T03:41:15","slug":"segundo-centro-municipal-autismo-merida","status":"publish","type":"post","link":"https:\/\/reporteroshoy.mx\/noticias\/segundo-centro-municipal-autismo-merida\/","title":{"rendered":"Cecilia Patr\u00f3n abrir\u00e1 segundo Centro Municipal de Autismo"},"content":{"rendered":"<p>L\ud835\uddee \ud835\uddfb\ud835\ude02\ud835\uddf2\ud835\ude03\ud835\uddee \ud835\ude00\ud835\uddf2\ud835\uddf1\ud835\uddf2 \ud835\uddf2\ud835\ude00\ud835\ude01\ud835\uddee\ud835\uddff\u00e1 \ud835\uddf2\ud835\uddfb \ud835\uddf9\ud835\uddee \ud835\uddf0\ud835\uddfc\ud835\uddf9\ud835\uddfc\ud835\uddfb\ud835\uddf6\ud835\uddee \ud835\udde0\ud835\uddee\ud835\uddf1\ud835\uddf2\ud835\uddff\ud835\uddfc \ud835\ude06 \ud835\uddee\ud835\uddfa\ud835\uddfd\ud835\uddf9\ud835\uddf6\ud835\uddee\ud835\uddff\u00e1 \ud835\uddf2\ud835\uddf9 \ud835\uddee\ud835\uddf0\ud835\uddfc\ud835\uddfa\ud835\uddfd\ud835\uddee\u00f1\ud835\uddee\ud835\uddfa\ud835\uddf6\ud835\uddf2\ud835\uddfb\ud835\ude01\ud835\uddfc \ud835\uddf2\ud835\ude00\ud835\uddfd\ud835\uddf2\ud835\uddf0\ud835\uddf6\ud835\uddee\ud835\uddf9\ud835\uddf6\ud835\ude07\ud835\uddee\ud835\uddf1\ud835\uddfc \ud835\uddfd\ud835\uddee\ud835\uddff\ud835\uddee \ud835\uddfd\ud835\uddf2\ud835\uddff\ud835\ude00\ud835\uddfc\ud835\uddfb\ud835\uddee\ud835\ude00 \ud835\uddee\ud835\ude02\ud835\ude01\ud835\uddf6\ud835\ude00\ud835\ude01\ud835\uddee\ud835\ude00 \ud835\ude06 \ud835\ude00\ud835\ude02\ud835\ude00 \ud835\uddf3\ud835\uddee\ud835\uddfa\ud835\uddf6\ud835\uddf9\ud835\uddf6\ud835\uddee\ud835\ude00 \ud835\uddf2\ud835\uddfb \ud835\uddf2\ud835\uddf9 \ud835\uddfd\ud835\uddfc\ud835\uddfb\ud835\uddf6\ud835\uddf2\ud835\uddfb\ud835\ude01\ud835\uddf2 \ud835\uddf1\ud835\uddf2 \ud835\udde0\u00e9\ud835\uddff\ud835\uddf6\ud835\uddf1\ud835\uddee.<\/p>\n<p>La presidenta municipal, <strong>Cecilia Patr\u00f3n Laviada<\/strong>, anunci\u00f3 que en 2027 abrir\u00e1 un <strong>segundo Centro Municipal de Autismo en M\u00e9rida<\/strong>, ubicado en la colonia Madero. La nueva sede buscar\u00e1 acercar servicios especializados a familias del poniente de la ciudad.<\/p>\n<p>La alcaldesa hizo el anuncio durante su Segundo Informe de Resultados y se\u00f1al\u00f3 que este proyecto responde a las necesidades expresadas por familias y personas de la comunidad autista y neurodivergente.<\/p>\n<p><img loading=\"lazy\" decoding=\"async\" class=\"alignnone size-full wp-image-131539\" src=\"https:\/\/reporteroshoy.mx\/noticias\/wp-content\/uploads\/2026\/08\/WhatsApp-Image-2026-08-31-at-4.53.55-PM-1-scaled.avif\" alt=\"\" width=\"768\" height=\"512\" \/><\/p>\n<h2>Segundo Centro Municipal de Autismo en M\u00e9rida estar\u00e1 en la colonia Madero<\/h2>\n<p>\u201cQuiero hablar de este centro como un abrazo de M\u00e9rida a sus familias. Como un lugar de esperanza, donde cada familia pueda encontrar acompa\u00f1amiento, orientaci\u00f3n y la certeza de que no est\u00e1 sola\u201d, expres\u00f3 la alcaldesa.<\/p>\n<p><strong>Cecilia Patr\u00f3n<\/strong> afirm\u00f3 que la apertura de esta segunda sede permitir\u00e1 ampliar los servicios especializados y reducir distancias, costos y tiempos de traslado para familias del poniente de M\u00e9rida.<\/p>\n<p><img loading=\"lazy\" decoding=\"async\" class=\"alignnone size-full wp-image-131541\" src=\"https:\/\/reporteroshoy.mx\/noticias\/wp-content\/uploads\/2026\/08\/WhatsApp-Image-2026-08-31-at-4.53.54-PM-1-scaled.avif\" alt=\"\" width=\"768\" height=\"512\" \/><\/p>\n<h2>El primer centro ampli\u00f3 la atenci\u00f3n especializada<\/h2>\n<p>La nueva sede se sumar\u00e1 al <strong>Centro Municipal de Autismo<\/strong> inaugurado en marzo de 2026 en el Fraccionamiento Vergel Misn\u00e9, en el oriente de la ciudad.<\/p>\n<p>El espacio, antes conocido como CATENDI, cuenta con \u00e1reas de comunicaci\u00f3n y lenguaje, aprendizaje, psicolog\u00eda, estimulaci\u00f3n sensorial y un gimnasio terap\u00e9utico. Tambi\u00e9n ofrece actividades para personas cuidadoras y experiencias en el huerto y jard\u00edn sensorial.<\/p>\n<p><img loading=\"lazy\" decoding=\"async\" class=\"alignnone size-full wp-image-131538\" src=\"https:\/\/reporteroshoy.mx\/noticias\/wp-content\/uploads\/2026\/08\/WhatsApp-Image-2026-08-31-at-4.53.56-PM-scaled.avif\" alt=\"\" width=\"768\" height=\"512\" \/><\/p>\n<p>El Ayuntamiento proyect\u00f3 brindar entre 8 mil y 10 mil servicios al a\u00f1o y atender a cerca de 400 personas, desde los 45 d\u00edas de vida hasta los 59 a\u00f1os.<\/p>\n<p style=\"text-align: justify;\">\u201c<strong>El Centro Municipal de Autismo naci\u00f3 de escucharlos<\/strong>\u201d, afirm\u00f3 la presidenta municipal al referirse a las familias que durante a\u00f1os han impulsado una mayor comprensi\u00f3n y oportunidades para las personas autistas.<\/p>\n<p>Fuente: Ayuntamiento de M\u00e9rida.<\/p>\n<p><img loading=\"lazy\" decoding=\"async\" class=\"alignnone size-full wp-image-131542\" src=\"https:\/\/reporteroshoy.mx\/noticias\/wp-content\/uploads\/2026\/08\/WhatsApp-Image-2026-08-31-at-4.53.54-PM-scaled.avif\" alt=\"\" width=\"768\" height=\"512\" \/><\/p>\n<p>&nbsp;<\/p>\n","protected":false},"excerpt":{"rendered":"<p>L\ud835\uddee \ud835\uddfb\ud835\ude02\ud835\uddf2\ud835\ude03\ud835\uddee \ud835\ude00\ud835\uddf2\ud835\uddf1\ud835\uddf2 \ud835\uddf2\ud835\ude00\ud835\ude01\ud835\uddee\ud835\uddff\u00e1 \ud835\uddf2\ud835\uddfb \ud835\uddf9\ud835\uddee \ud835\uddf0\ud835\uddfc\ud835\uddf9\ud835\uddfc\ud835\uddfb\ud835\uddf6\ud835\uddee \ud835\udde0\ud835\uddee\ud835\uddf1\ud835\uddf2\ud835\uddff\ud835\uddfc \ud835\ude06 \ud835\uddee\ud835\uddfa\ud835\uddfd\ud835\uddf9\ud835\uddf6\ud835\uddee\ud835\uddff\u00e1 \ud835\uddf2\ud835\uddf9 \ud835\uddee\ud835\uddf0\ud835\uddfc\ud835\uddfa\ud835\uddfd\ud835\uddee\u00f1\ud835\uddee\ud835\uddfa\ud835\uddf6\ud835\uddf2\ud835\uddfb\ud835\ude01\ud835\uddfc \ud835\uddf2\ud835\ude00\ud835\uddfd\ud835\uddf2\ud835\uddf0\ud835\uddf6\ud835\uddee\ud835\uddf9\ud835\uddf6\ud835\ude07\ud835\uddee\ud835\uddf1\ud835\uddfc \ud835\uddfd\ud835\uddee\ud835\uddff\ud835\uddee \ud835\uddfd\ud835\uddf2\ud835\uddff\ud835\ude00\ud835\uddfc\ud835\uddfb\ud835\uddee\ud835\ude00 \ud835\uddee\ud835\ude02\ud835\ude01\ud835\uddf6\ud835\ude00\ud835\ude01\ud835\uddee\ud835\ude00 \ud835\ude06 \ud835\ude00\ud835\ude02\ud835\ude00 \ud835\uddf3\ud835\uddee\ud835\uddfa\ud835\uddf6\ud835\uddf9\ud835\uddf6\ud835\uddee\ud835\ude00 \ud835\uddf2\ud835\uddfb \ud835\uddf2\ud835\uddf9 \ud835\uddfd\ud835\uddfc\ud835\uddfb\ud835\uddf6\ud835\uddf2\ud835\uddfb\ud835\ude01\ud835\uddf2 \ud835\uddf1\ud835\uddf2 \ud835\udde0\u00e9\ud835\uddff\ud835\uddf6\ud835\uddf1\ud835\uddee. La presidenta municipal, Cecilia Patr\u00f3n Laviada, anunci\u00f3 que en 2027 abrir\u00e1 un segundo Centro Municipal de Autismo en M\u00e9rida, ubicado en la colonia Madero. La nueva sede buscar\u00e1 acercar servicios especializados [&hellip;]<\/p>\n","protected":false},"author":13,"featured_media":131536,"comment_status":"open","ping_status":"closed","sticky":false,"template":"","format":"standard","meta":{"footnotes":""},"categories":[24379],"tags":[29251,2200,2529,3639,13003,29252],"class_list":["post-131533","post","type-post","status-publish","format-standard","has-post-thumbnail","hentry","category-merida","tag-atencion-especializada","tag-autismo","tag-cecilia-patron","tag-inclusion","tag-poniente-de-merida","tag-segundo-centro-municipal-de-autismo-en-merida"],"yoast_head":"<!-- This site is optimized with the Yoast SEO plugin v28.3 - https:\/\/yoast.com\/product\/yoast-seo-wordpress\/ -->\n<title>Cecilia Patr\u00f3n abrir\u00e1 segundo Centro Municipal de Autismo<\/title>\n<meta name=\"description\" content=\"Cecilia Patr\u00f3n anunci\u00f3 que M\u00e9rida tendr\u00e1 en 2027 un segundo Centro Municipal de Autismo, ubicado en la colonia Madero.\" \/>\n<meta name=\"robots\" content=\"index, follow, max-snippet:-1, max-image-preview:large, max-video-preview:-1\" \/>\n<link rel=\"canonical\" href=\"https:\/\/reporteroshoy.mx\/noticias\/segundo-centro-municipal-autismo-merida\/\" \/>\n<meta property=\"og:locale\" content=\"es_ES\" \/>\n<meta property=\"og:type\" content=\"article\" \/>\n<meta property=\"og:title\" content=\"Cecilia Patr\u00f3n abrir\u00e1 segundo Centro Municipal de Autismo\" \/>\n<meta property=\"og:description\" content=\"Cecilia Patr\u00f3n anunci\u00f3 que M\u00e9rida tendr\u00e1 en 2027 un segundo Centro Municipal de Autismo, ubicado en la colonia Madero.\" \/>\n<meta property=\"og:url\" content=\"https:\/\/reporteroshoy.mx\/noticias\/segundo-centro-municipal-autismo-merida\/\" \/>\n<meta property=\"og:site_name\" content=\"Reporteros Hoy | Noticias de Yucat\u00e1n\" \/>\n<meta property=\"article:publisher\" content=\"http:\/\/www.facebook.com\/reporteroshoymx\" \/>\n<meta property=\"article:published_time\" content=\"2026-09-01T03:41:15+00:00\" \/>\n<meta property=\"og:image\" content=\"https:\/\/reporteroshoy.mx\/noticias\/wp-content\/uploads\/2026\/08\/WhatsApp-Image-2026-08-31-at-4.53.57-PM-scaled.avif\" \/>\n\t<meta property=\"og:image:width\" content=\"768\" \/>\n\t<meta property=\"og:image:height\" content=\"512\" \/>\n\t<meta property=\"og:image:type\" content=\"image\/jpeg\" \/>\n<meta name=\"author\" content=\"Reporteros Hoy EM\" \/>\n<meta name=\"twitter:card\" content=\"summary_large_image\" \/>\n<meta name=\"twitter:creator\" content=\"@reporteroshoy\" \/>\n<meta name=\"twitter:site\" content=\"@reporteroshoy\" \/>\n<meta name=\"twitter:label1\" content=\"Escrito por\" \/>\n\t<meta name=\"twitter:data1\" content=\"Reporteros Hoy EM\" \/>\n\t<meta name=\"twitter:label2\" content=\"Tiempo de lectura\" \/>\n\t<meta name=\"twitter:data2\" content=\"3 minutos\" \/>\n<script type=\"application\/ld+json\" class=\"yoast-schema-graph\">{\"@context\":\"https:\\\/\\\/schema.org\",\"@graph\":[{\"@type\":\"Article\",\"@id\":\"https:\\\/\\\/reporteroshoy.mx\\\/noticias\\\/segundo-centro-municipal-autismo-merida\\\/#article\",\"isPartOf\":{\"@id\":\"https:\\\/\\\/reporteroshoy.mx\\\/noticias\\\/segundo-centro-municipal-autismo-merida\\\/\"},\"author\":{\"name\":\"Reporteros Hoy EM\",\"@id\":\"https:\\\/\\\/reporteroshoy.mx\\\/noticias\\\/#\\\/schema\\\/person\\\/17dae1f2305a31fe437930b820d039d2\"},\"headline\":\"Cecilia Patr\u00f3n abrir\u00e1 segundo Centro Municipal de Autismo\",\"datePublished\":\"2026-09-01T03:41:15+00:00\",\"mainEntityOfPage\":{\"@id\":\"https:\\\/\\\/reporteroshoy.mx\\\/noticias\\\/segundo-centro-municipal-autismo-merida\\\/\"},\"wordCount\":305,\"commentCount\":0,\"image\":{\"@id\":\"https:\\\/\\\/reporteroshoy.mx\\\/noticias\\\/segundo-centro-municipal-autismo-merida\\\/#primaryimage\"},\"thumbnailUrl\":\"https:\\\/\\\/reporteroshoy.mx\\\/noticias\\\/wp-content\\\/uploads\\\/2026\\\/08\\\/WhatsApp-Image-2026-08-31-at-4.53.57-PM-scaled.avif\",\"keywords\":[\"atenci\u00f3n especializada\",\"Autismo\",\"Cecilia Patr\u00f3n\",\"Inclusi\u00f3n\",\"poniente de M\u00e9rida\",\"segundo Centro Municipal de Autismo en M\u00e9rida\"],\"articleSection\":[\"M\u00e9rida\"],\"inLanguage\":\"es\",\"potentialAction\":[{\"@type\":\"CommentAction\",\"name\":\"Comment\",\"target\":[\"https:\\\/\\\/reporteroshoy.mx\\\/noticias\\\/segundo-centro-municipal-autismo-merida\\\/#respond\"]}]},{\"@type\":\"WebPage\",\"@id\":\"https:\\\/\\\/reporteroshoy.mx\\\/noticias\\\/segundo-centro-municipal-autismo-merida\\\/\",\"url\":\"https:\\\/\\\/reporteroshoy.mx\\\/noticias\\\/segundo-centro-municipal-autismo-merida\\\/\",\"name\":\"Cecilia Patr\u00f3n abrir\u00e1 segundo Centro Municipal de Autismo\",\"isPartOf\":{\"@id\":\"https:\\\/\\\/reporteroshoy.mx\\\/noticias\\\/#website\"},\"primaryImageOfPage\":{\"@id\":\"https:\\\/\\\/reporteroshoy.mx\\\/noticias\\\/segundo-centro-municipal-autismo-merida\\\/#primaryimage\"},\"image\":{\"@id\":\"https:\\\/\\\/reporteroshoy.mx\\\/noticias\\\/segundo-centro-municipal-autismo-merida\\\/#primaryimage\"},\"thumbnailUrl\":\"https:\\\/\\\/reporteroshoy.mx\\\/noticias\\\/wp-content\\\/uploads\\\/2026\\\/08\\\/WhatsApp-Image-2026-08-31-at-4.53.57-PM-scaled.avif\",\"datePublished\":\"2026-09-01T03:41:15+00:00\",\"author\":{\"@id\":\"https:\\\/\\\/reporteroshoy.mx\\\/noticias\\\/#\\\/schema\\\/person\\\/17dae1f2305a31fe437930b820d039d2\"},\"description\":\"Cecilia Patr\u00f3n anunci\u00f3 que M\u00e9rida tendr\u00e1 en 2027 un segundo Centro Municipal de Autismo, ubicado en la colonia Madero.\",\"breadcrumb\":{\"@id\":\"https:\\\/\\\/reporteroshoy.mx\\\/noticias\\\/segundo-centro-municipal-autismo-merida\\\/#breadcrumb\"},\"inLanguage\":\"es\",\"potentialAction\":[{\"@type\":\"ReadAction\",\"target\":[\"https:\\\/\\\/reporteroshoy.mx\\\/noticias\\\/segundo-centro-municipal-autismo-merida\\\/\"]}]},{\"@type\":\"ImageObject\",\"inLanguage\":\"es\",\"@id\":\"https:\\\/\\\/reporteroshoy.mx\\\/noticias\\\/segundo-centro-municipal-autismo-merida\\\/#primaryimage\",\"url\":\"https:\\\/\\\/reporteroshoy.mx\\\/noticias\\\/wp-content\\\/uploads\\\/2026\\\/08\\\/WhatsApp-Image-2026-08-31-at-4.53.57-PM-scaled.avif\",\"contentUrl\":\"https:\\\/\\\/reporteroshoy.mx\\\/noticias\\\/wp-content\\\/uploads\\\/2026\\\/08\\\/WhatsApp-Image-2026-08-31-at-4.53.57-PM-scaled.avif\",\"width\":768,\"height\":512},{\"@type\":\"BreadcrumbList\",\"@id\":\"https:\\\/\\\/reporteroshoy.mx\\\/noticias\\\/segundo-centro-municipal-autismo-merida\\\/#breadcrumb\",\"itemListElement\":[{\"@type\":\"ListItem\",\"position\":1,\"name\":\"Portada\",\"item\":\"https:\\\/\\\/reporteroshoy.mx\\\/noticias\\\/\"},{\"@type\":\"ListItem\",\"position\":2,\"name\":\"Cecilia Patr\u00f3n abrir\u00e1 segundo Centro Municipal de Autismo\"}]},{\"@type\":\"WebSite\",\"@id\":\"https:\\\/\\\/reporteroshoy.mx\\\/noticias\\\/#website\",\"url\":\"https:\\\/\\\/reporteroshoy.mx\\\/noticias\\\/\",\"name\":\"Reporteros Hoy | Noticias de Yucat\u00e1n\",\"description\":\"Peri\u00f3dico digital con noticias diarias desde M\u00e9rida, Yucat\u00e1n para el mundo.\",\"potentialAction\":[{\"@type\":\"SearchAction\",\"target\":{\"@type\":\"EntryPoint\",\"urlTemplate\":\"https:\\\/\\\/reporteroshoy.mx\\\/noticias\\\/?s={search_term_string}\"},\"query-input\":{\"@type\":\"PropertyValueSpecification\",\"valueRequired\":true,\"valueName\":\"search_term_string\"}}],\"inLanguage\":\"es\"},{\"@type\":\"Person\",\"@id\":\"https:\\\/\\\/reporteroshoy.mx\\\/noticias\\\/#\\\/schema\\\/person\\\/17dae1f2305a31fe437930b820d039d2\",\"name\":\"Reporteros Hoy EM\",\"image\":{\"@type\":\"ImageObject\",\"inLanguage\":\"es\",\"@id\":\"https:\\\/\\\/secure.gravatar.com\\\/avatar\\\/3a15973aa4f07c46a3eb7d8f9121204d4000ebdacddf63898dc5d9ac100c7c1b?s=96&d=mm&r=g\",\"url\":\"https:\\\/\\\/secure.gravatar.com\\\/avatar\\\/3a15973aa4f07c46a3eb7d8f9121204d4000ebdacddf63898dc5d9ac100c7c1b?s=96&d=mm&r=g\",\"contentUrl\":\"https:\\\/\\\/secure.gravatar.com\\\/avatar\\\/3a15973aa4f07c46a3eb7d8f9121204d4000ebdacddf63898dc5d9ac100c7c1b?s=96&d=mm&r=g\",\"caption\":\"Reporteros Hoy EM\"},\"url\":\"https:\\\/\\\/reporteroshoy.mx\\\/noticias\\\/author\\\/edgar\\\/\"}]}<\/script>\n<!-- \/ Yoast SEO plugin. -->","yoast_head_json":{"title":"Cecilia Patr\u00f3n abrir\u00e1 segundo Centro Municipal de Autismo","description":"Cecilia Patr\u00f3n anunci\u00f3 que M\u00e9rida tendr\u00e1 en 2027 un segundo Centro Municipal de Autismo, ubicado en la colonia Madero.","robots":{"index":"index","follow":"follow","max-snippet":"max-snippet:-1","max-image-preview":"max-image-preview:large","max-video-preview":"max-video-preview:-1"},"canonical":"https:\/\/reporteroshoy.mx\/noticias\/segundo-centro-municipal-autismo-merida\/","og_locale":"es_ES","og_type":"article","og_title":"Cecilia Patr\u00f3n abrir\u00e1 segundo Centro Municipal de Autismo","og_description":"Cecilia Patr\u00f3n anunci\u00f3 que M\u00e9rida tendr\u00e1 en 2027 un segundo Centro Municipal de Autismo, ubicado en la colonia Madero.","og_url":"https:\/\/reporteroshoy.mx\/noticias\/segundo-centro-municipal-autismo-merida\/","og_site_name":"Reporteros Hoy | Noticias de Yucat\u00e1n","article_publisher":"http:\/\/www.facebook.com\/reporteroshoymx","article_published_time":"2026-09-01T03:41:15+00:00","og_image":[{"width":768,"height":512,"url":"https:\/\/reporteroshoy.mx\/noticias\/wp-content\/uploads\/2026\/08\/WhatsApp-Image-2026-08-31-at-4.53.57-PM-scaled.avif","type":"image\/jpeg"}],"author":"Reporteros Hoy EM","twitter_card":"summary_large_image","twitter_creator":"@reporteroshoy","twitter_site":"@reporteroshoy","twitter_misc":{"Escrito por":"Reporteros Hoy EM","Tiempo de lectura":"3 minutos"},"schema":{"@context":"https:\/\/schema.org","@graph":[{"@type":"Article","@id":"https:\/\/reporteroshoy.mx\/noticias\/segundo-centro-municipal-autismo-merida\/#article","isPartOf":{"@id":"https:\/\/reporteroshoy.mx\/noticias\/segundo-centro-municipal-autismo-merida\/"},"author":{"name":"Reporteros Hoy EM","@id":"https:\/\/reporteroshoy.mx\/noticias\/#\/schema\/person\/17dae1f2305a31fe437930b820d039d2"},"headline":"Cecilia Patr\u00f3n abrir\u00e1 segundo Centro Municipal de Autismo","datePublished":"2026-09-01T03:41:15+00:00","mainEntityOfPage":{"@id":"https:\/\/reporteroshoy.mx\/noticias\/segundo-centro-municipal-autismo-merida\/"},"wordCount":305,"commentCount":0,"image":{"@id":"https:\/\/reporteroshoy.mx\/noticias\/segundo-centro-municipal-autismo-merida\/#primaryimage"},"thumbnailUrl":"https:\/\/reporteroshoy.mx\/noticias\/wp-content\/uploads\/2026\/08\/WhatsApp-Image-2026-08-31-at-4.53.57-PM-scaled.avif","keywords":["atenci\u00f3n especializada","Autismo","Cecilia Patr\u00f3n","Inclusi\u00f3n","poniente de M\u00e9rida","segundo Centro Municipal de Autismo en M\u00e9rida"],"articleSection":["M\u00e9rida"],"inLanguage":"es","potentialAction":[{"@type":"CommentAction","name":"Comment","target":["https:\/\/reporteroshoy.mx\/noticias\/segundo-centro-municipal-autismo-merida\/#respond"]}]},{"@type":"WebPage","@id":"https:\/\/reporteroshoy.mx\/noticias\/segundo-centro-municipal-autismo-merida\/","url":"https:\/\/reporteroshoy.mx\/noticias\/segundo-centro-municipal-autismo-merida\/","name":"Cecilia Patr\u00f3n abrir\u00e1 segundo Centro Municipal de Autismo","isPartOf":{"@id":"https:\/\/reporteroshoy.mx\/noticias\/#website"},"primaryImageOfPage":{"@id":"https:\/\/reporteroshoy.mx\/noticias\/segundo-centro-municipal-autismo-merida\/#primaryimage"},"image":{"@id":"https:\/\/reporteroshoy.mx\/noticias\/segundo-centro-municipal-autismo-merida\/#primaryimage"},"thumbnailUrl":"https:\/\/reporteroshoy.mx\/noticias\/wp-content\/uploads\/2026\/08\/WhatsApp-Image-2026-08-31-at-4.53.57-PM-scaled.avif","datePublished":"2026-09-01T03:41:15+00:00","author":{"@id":"https:\/\/reporteroshoy.mx\/noticias\/#\/schema\/person\/17dae1f2305a31fe437930b820d039d2"},"description":"Cecilia Patr\u00f3n anunci\u00f3 que M\u00e9rida tendr\u00e1 en 2027 un segundo Centro Municipal de Autismo, ubicado en la colonia Madero.","breadcrumb":{"@id":"https:\/\/reporteroshoy.mx\/noticias\/segundo-centro-municipal-autismo-merida\/#breadcrumb"},"inLanguage":"es","potentialAction":[{"@type":"ReadAction","target":["https:\/\/reporteroshoy.mx\/noticias\/segundo-centro-municipal-autismo-merida\/"]}]},{"@type":"ImageObject","inLanguage":"es","@id":"https:\/\/reporteroshoy.mx\/noticias\/segundo-centro-municipal-autismo-merida\/#primaryimage","url":"https:\/\/reporteroshoy.mx\/noticias\/wp-content\/uploads\/2026\/08\/WhatsApp-Image-2026-08-31-at-4.53.57-PM-scaled.avif","contentUrl":"https:\/\/reporteroshoy.mx\/noticias\/wp-content\/uploads\/2026\/08\/WhatsApp-Image-2026-08-31-at-4.53.57-PM-scaled.avif","width":768,"height":512},{"@type":"BreadcrumbList","@id":"https:\/\/reporteroshoy.mx\/noticias\/segundo-centro-municipal-autismo-merida\/#breadcrumb","itemListElement":[{"@type":"ListItem","position":1,"name":"Portada","item":"https:\/\/reporteroshoy.mx\/noticias\/"},{"@type":"ListItem","position":2,"name":"Cecilia Patr\u00f3n abrir\u00e1 segundo Centro Municipal de Autismo"}]},{"@type":"WebSite","@id":"https:\/\/reporteroshoy.mx\/noticias\/#website","url":"https:\/\/reporteroshoy.mx\/noticias\/","name":"Reporteros Hoy | Noticias de Yucat\u00e1n","description":"Peri\u00f3dico digital con noticias diarias desde M\u00e9rida, Yucat\u00e1n para el mundo.","potentialAction":[{"@type":"SearchAction","target":{"@type":"EntryPoint","urlTemplate":"https:\/\/reporteroshoy.mx\/noticias\/?s={search_term_string}"},"query-input":{"@type":"PropertyValueSpecification","valueRequired":true,"valueName":"search_term_string"}}],"inLanguage":"es"},{"@type":"Person","@id":"https:\/\/reporteroshoy.mx\/noticias\/#\/schema\/person\/17dae1f2305a31fe437930b820d039d2","name":"Reporteros Hoy EM","image":{"@type":"ImageObject","inLanguage":"es","@id":"https:\/\/secure.gravatar.com\/avatar\/3a15973aa4f07c46a3eb7d8f9121204d4000ebdacddf63898dc5d9ac100c7c1b?s=96&d=mm&r=g","url":"https:\/\/secure.gravatar.com\/avatar\/3a15973aa4f07c46a3eb7d8f9121204d4000ebdacddf63898dc5d9ac100c7c1b?s=96&d=mm&r=g","contentUrl":"https:\/\/secure.gravatar.com\/avatar\/3a15973aa4f07c46a3eb7d8f9121204d4000ebdacddf63898dc5d9ac100c7c1b?s=96&d=mm&r=g","caption":"Reporteros Hoy EM"},"url":"https:\/\/reporteroshoy.mx\/noticias\/author\/edgar\/"}]}},"_links":{"self":[{"href":"https:\/\/reporteroshoy.mx\/noticias\/wp-json\/wp\/v2\/posts\/131533","targetHints":{"allow":["GET"]}}],"collection":[{"href":"https:\/\/reporteroshoy.mx\/noticias\/wp-json\/wp\/v2\/posts"}],"about":[{"href":"https:\/\/reporteroshoy.mx\/noticias\/wp-json\/wp\/v2\/types\/post"}],"author":[{"embeddable":true,"href":"https:\/\/reporteroshoy.mx\/noticias\/wp-json\/wp\/v2\/users\/13"}],"replies":[{"embeddable":true,"href":"https:\/\/reporteroshoy.mx\/noticias\/wp-json\/wp\/v2\/comments?post=131533"}],"version-history":[{"count":0,"href":"https:\/\/reporteroshoy.mx\/noticias\/wp-json\/wp\/v2\/posts\/131533\/revisions"}],"wp:featuredmedia":[{"embeddable":true,"href":"https:\/\/reporteroshoy.mx\/noticias\/wp-json\/wp\/v2\/media\/131536"}],"wp:attachment":[{"href":"https:\/\/reporteroshoy.mx\/noticias\/wp-json\/wp\/v2\/media?parent=131533"}],"wp:term":[{"taxonomy":"category","embeddable":true,"href":"https:\/\/reporteroshoy.mx\/noticias\/wp-json\/wp\/v2\/categories?post=131533"},{"taxonomy":"post_tag","embeddable":true,"href":"https:\/\/reporteroshoy.mx\/noticias\/wp-json\/wp\/v2\/tags?post=131533"}],"curies":[{"name":"wp","href":"https:\/\/api.w.org\/{rel}","templated":true}]}}