{"id":131544,"date":"2026-09-01T11:13:24","date_gmt":"2026-09-01T17:13:24","guid":{"rendered":"https:\/\/reporteroshoy.mx\/noticias\/?p=131544"},"modified":"2026-09-01T11:13:24","modified_gmt":"2026-09-01T17:13:24","slug":"accidente-motocicleta-adolescentes-mueren-celestun","status":"publish","type":"post","link":"https:\/\/reporteroshoy.mx\/noticias\/accidente-motocicleta-adolescentes-mueren-celestun\/","title":{"rendered":"Dos adolescentes fallecen tras accidente de motocicleta en Celest\u00fan"},"content":{"rendered":"<p class=\"isSelectedEnd\" style=\"text-align: justify;\">\ud835\udde8\ud835\udde1 \ud835\udde7\ud835\udde5\ud835\uddd4\u0301\ud835\uddda\ud835\udddc\ud835\uddd6\ud835\udde2 \ud835\uddd4\ud835\uddd6\ud835\uddd6\ud835\udddc\ud835\uddd7\ud835\uddd8\ud835\udde1\ud835\udde7\ud835\uddd8 \ud835\uddd7\ud835\uddd8 \ud835\udde0\ud835\udde2\ud835\udde7\ud835\udde2\ud835\uddd6\ud835\udddc\ud835\uddd6\ud835\udddf\ud835\uddd8\ud835\udde7\ud835\uddd4 dej\u00f3 dos adolescentes fallecidas durante los primeros minutos de este martes en el municipio de Celest\u00fan. Las j\u00f3venes viajaban sobre la avenida principal cuando se impactaron contra una palma de coco.<\/p>\n<p class=\"isSelectedEnd\" style=\"text-align: justify;\">Las v\u00edctimas fueron identificadas como \ud835\uddde\ud835\uddd8\ud835\udde1\ud835\uddd4\ud835\udde5\ud835\uddec \ud835\uddd9., \ud835\uddd7\ud835\uddd8 \ud835\udfed\ud835\udff2 \ud835\uddd4\ud835\udde1\u0303\ud835\udde2\ud835\udde6, \ud835\uddec \ud835\uddd8\ud835\udde5\ud835\udddc\ud835\uddde\ud835\uddd4 \ud835\uddd9., \ud835\uddd7\ud835\uddd8 \ud835\udfed\ud835\udff1 \ud835\uddd4\ud835\udde1\u0303\ud835\udde2\ud835\udde6, de acuerdo con los primeros reportes.<\/p>\n<h2 style=\"text-align: justify;\">\ud835\uddd4\ud835\uddd6\ud835\uddd6\ud835\udddc\ud835\uddd7\ud835\uddd8\ud835\udde1\ud835\udde7\ud835\uddd8 \ud835\uddd7\ud835\uddd8 \ud835\udde0\ud835\udde2\ud835\udde7\ud835\udde2 \ud835\uddd6\ud835\udde2\ud835\udde1\ud835\udde0\ud835\udde2\ud835\uddd6\ud835\udddc\ud835\udde2\ud835\udde1\ud835\uddd4 \ud835\uddd4 \ud835\uddd6\ud835\uddd8\ud835\udddf\ud835\uddd8\ud835\udde6\ud835\udde7\ud835\udde8\u0301\ud835\udde1<\/h2>\n<p class=\"isSelectedEnd\" style=\"text-align: justify;\">Seg\u00fan la informaci\u00f3n preliminar, ambas adolescentes circulaban a bordo de una motocicleta cuando, presuntamente, la velocidad habr\u00eda sido uno de los factores relacionados con el accidente.<\/p>\n<p class=\"isSelectedEnd\" style=\"text-align: justify;\">Por causas que ser\u00e1n determinadas por las autoridades, las j\u00f3venes terminaron impact\u00e1ndose contra una palma de coco ubicada sobre la avenida principal del municipio costero.<\/p>\n<p class=\"isSelectedEnd\" style=\"text-align: justify;\">El hecho provoc\u00f3 consternaci\u00f3n entre familiares y vecinos. En el lugar se vivieron momentos de dolor ante la muerte de las dos menores.<\/p>\n<p><img loading=\"lazy\" decoding=\"async\" class=\" wp-image-131545 aligncenter\" src=\"https:\/\/reporteroshoy.mx\/noticias\/wp-content\/uploads\/2026\/09\/Tragedia-Celestun2-scaled.avif\" alt=\"\" width=\"691\" height=\"389\" srcset=\"https:\/\/reporteroshoy.mx\/noticias\/wp-content\/uploads\/2026\/09\/Tragedia-Celestun2-scaled.avif 768w, https:\/\/reporteroshoy.mx\/noticias\/wp-content\/uploads\/2026\/09\/Tragedia-Celestun2-1536x865.avif 1536w\" sizes=\"auto, (max-width: 691px) 100vw, 691px\" \/><\/p>\n<h2 style=\"text-align: justify;\">\ud835\uddd4\ud835\udde8\ud835\udde7\ud835\udde2\ud835\udde5\ud835\udddc\ud835\uddd7\ud835\uddd4\ud835\uddd7\ud835\uddd8\ud835\udde6 \ud835\udde5\ud835\uddd8\ud835\uddd4\ud835\udddf\ud835\udddc\ud835\udded\ud835\uddd4\ud835\udde1 \ud835\udddf\ud835\uddd4\ud835\udde6 \ud835\uddd7\ud835\udddc\ud835\udddf\ud835\udddc\ud835\uddda\ud835\uddd8\ud835\udde1\ud835\uddd6\ud835\udddc\ud835\uddd4\ud835\udde6<\/h2>\n<p class=\"isSelectedEnd\" style=\"text-align: justify;\">Elementos de las autoridades municipales acudieron al sitio y acordonaron el \u00e1rea para preservar la escena del \ud835\uddd4\ud835\uddd6\ud835\uddd6\ud835\udddc\ud835\uddd7\ud835\uddd8\ud835\udde1\ud835\udde7\ud835\uddd8 \ud835\uddd7\ud835\uddd8 \ud835\udde0\ud835\udde2\ud835\udde7\ud835\udde2\ud835\uddd6\ud835\udddc\ud835\uddd6\ud835\udddf\ud835\uddd8\ud835\udde7\ud835\uddd4.<\/p>\n<p class=\"isSelectedEnd\" style=\"text-align: justify;\">Posteriormente, se esperaba la llegada de personal de la Fiscal\u00eda General del Estado para realizar las diligencias correspondientes y establecer las circunstancias en las que ocurri\u00f3 el percance.<\/p>\n<p class=\"isSelectedEnd\" style=\"text-align: justify;\">Tambi\u00e9n intervino el Servicio M\u00e9dico Forense para el levantamiento de los cuerpos y continuar con los procedimientos legales.<\/p>\n<p class=\"isSelectedEnd\" style=\"text-align: justify;\">\ud835\udddf\ud835\uddd4 \ud835\udde7\ud835\udde5\ud835\uddd4\ud835\uddda\ud835\uddd8\ud835\uddd7\ud835\udddc\ud835\uddd4 \ud835\uddd8\ud835\udde1 \ud835\uddd6\ud835\uddd8\ud835\udddf\ud835\uddd8\ud835\udde6\ud835\udde7\ud835\udde8\u0301\ud835\udde1 dej\u00f3 a dos familias sumidas en el dolor y gener\u00f3 conmoci\u00f3n entre habitantes del municipio, que durante las primeras horas de este martes permanecieron consternados por lo ocurrido.<\/p>\n<p style=\"text-align: justify;\">Las investigaciones permitir\u00e1n determinar oficialmente la mec\u00e1nica del accidente y las causas que derivaron en la muerte de las dos adolescentes.<\/p>\n<p><strong>ACOM<\/strong><\/p>\n","protected":false},"excerpt":{"rendered":"<p>Dos adolescentes de 15 y 16 a\u00f1os murieron tras sufrir un accidente de motocicleta durante la madrugada de este martes en Celest\u00fan.<\/p>\n","protected":false},"author":9,"featured_media":131545,"comment_status":"open","ping_status":"closed","sticky":false,"template":"","format":"standard","meta":{"footnotes":""},"categories":[17],"tags":[16404,5328,29253,190,240],"class_list":["post-131544","post","type-post","status-publish","format-standard","has-post-thumbnail","hentry","category-yucatan","tag-accidente-de-motocicleta","tag-accidente-en-celestun","tag-adolescentes-fallecidas","tag-celestun","tag-motociclista"],"yoast_head":"<!-- This site is optimized with the Yoast SEO plugin v28.3 - https:\/\/yoast.com\/product\/yoast-seo-wordpress\/ -->\n<title>Dos adolescentes fallecen tras accidente de motocicleta en Celest\u00fan<\/title>\n<meta name=\"description\" content=\"Dos adolescentes de 15 y 16 a\u00f1os murieron tras sufrir un accidente de motocicleta durante la madrugada de este martes en Celest\u00fan.\" \/>\n<meta name=\"robots\" content=\"index, follow, max-snippet:-1, max-image-preview:large, max-video-preview:-1\" \/>\n<link rel=\"canonical\" href=\"https:\/\/reporteroshoy.mx\/noticias\/accidente-motocicleta-adolescentes-mueren-celestun\/\" \/>\n<meta property=\"og:locale\" content=\"es_ES\" \/>\n<meta property=\"og:type\" content=\"article\" \/>\n<meta property=\"og:title\" content=\"Dos adolescentes fallecen tras accidente de motocicleta en Celest\u00fan\" \/>\n<meta property=\"og:description\" content=\"Dos adolescentes de 15 y 16 a\u00f1os murieron tras sufrir un accidente de motocicleta durante la madrugada de este martes en Celest\u00fan.\" \/>\n<meta property=\"og:url\" content=\"https:\/\/reporteroshoy.mx\/noticias\/accidente-motocicleta-adolescentes-mueren-celestun\/\" \/>\n<meta property=\"og:site_name\" content=\"Reporteros Hoy | Noticias de Yucat\u00e1n\" \/>\n<meta property=\"article:publisher\" content=\"http:\/\/www.facebook.com\/reporteroshoymx\" \/>\n<meta property=\"article:published_time\" content=\"2026-09-01T17:13:24+00:00\" \/>\n<meta property=\"og:image\" content=\"https:\/\/reporteroshoy.mx\/noticias\/wp-content\/uploads\/2026\/09\/Tragedia-Celestun2-scaled.avif\" \/>\n\t<meta property=\"og:image:width\" content=\"768\" \/>\n\t<meta property=\"og:image:height\" content=\"432\" \/>\n\t<meta property=\"og:image:type\" content=\"image\/png\" \/>\n<meta name=\"author\" content=\"Reporteros Hoy WP\" \/>\n<meta name=\"twitter:card\" content=\"summary_large_image\" \/>\n<meta name=\"twitter:creator\" content=\"@reporteroshoy\" \/>\n<meta name=\"twitter:site\" content=\"@reporteroshoy\" \/>\n<meta name=\"twitter:label1\" content=\"Escrito por\" \/>\n\t<meta name=\"twitter:data1\" content=\"Reporteros Hoy WP\" \/>\n\t<meta name=\"twitter:label2\" content=\"Tiempo de lectura\" \/>\n\t<meta name=\"twitter:data2\" content=\"2 minutos\" \/>\n<script type=\"application\/ld+json\" class=\"yoast-schema-graph\">{\"@context\":\"https:\\\/\\\/schema.org\",\"@graph\":[{\"@type\":\"Article\",\"@id\":\"https:\\\/\\\/reporteroshoy.mx\\\/noticias\\\/accidente-motocicleta-adolescentes-mueren-celestun\\\/#article\",\"isPartOf\":{\"@id\":\"https:\\\/\\\/reporteroshoy.mx\\\/noticias\\\/accidente-motocicleta-adolescentes-mueren-celestun\\\/\"},\"author\":{\"name\":\"Reporteros Hoy WP\",\"@id\":\"https:\\\/\\\/reporteroshoy.mx\\\/noticias\\\/#\\\/schema\\\/person\\\/c977527e57c958a62c5cefe8fe47876e\"},\"headline\":\"Dos adolescentes fallecen tras accidente de motocicleta en Celest\u00fan\",\"datePublished\":\"2026-09-01T17:13:24+00:00\",\"mainEntityOfPage\":{\"@id\":\"https:\\\/\\\/reporteroshoy.mx\\\/noticias\\\/accidente-motocicleta-adolescentes-mueren-celestun\\\/\"},\"wordCount\":255,\"commentCount\":0,\"image\":{\"@id\":\"https:\\\/\\\/reporteroshoy.mx\\\/noticias\\\/accidente-motocicleta-adolescentes-mueren-celestun\\\/#primaryimage\"},\"thumbnailUrl\":\"https:\\\/\\\/reporteroshoy.mx\\\/noticias\\\/wp-content\\\/uploads\\\/2026\\\/09\\\/Tragedia-Celestun2-scaled.avif\",\"keywords\":[\"Accidente de motocicleta\",\"Accidente en Celest\u00fan\",\"adolescentes fallecidas\",\"Celest\u00fan\",\"motociclista\"],\"articleSection\":[\"Yucat\u00e1n\"],\"inLanguage\":\"es\",\"potentialAction\":[{\"@type\":\"CommentAction\",\"name\":\"Comment\",\"target\":[\"https:\\\/\\\/reporteroshoy.mx\\\/noticias\\\/accidente-motocicleta-adolescentes-mueren-celestun\\\/#respond\"]}]},{\"@type\":\"WebPage\",\"@id\":\"https:\\\/\\\/reporteroshoy.mx\\\/noticias\\\/accidente-motocicleta-adolescentes-mueren-celestun\\\/\",\"url\":\"https:\\\/\\\/reporteroshoy.mx\\\/noticias\\\/accidente-motocicleta-adolescentes-mueren-celestun\\\/\",\"name\":\"Dos adolescentes fallecen tras accidente de motocicleta en Celest\u00fan\",\"isPartOf\":{\"@id\":\"https:\\\/\\\/reporteroshoy.mx\\\/noticias\\\/#website\"},\"primaryImageOfPage\":{\"@id\":\"https:\\\/\\\/reporteroshoy.mx\\\/noticias\\\/accidente-motocicleta-adolescentes-mueren-celestun\\\/#primaryimage\"},\"image\":{\"@id\":\"https:\\\/\\\/reporteroshoy.mx\\\/noticias\\\/accidente-motocicleta-adolescentes-mueren-celestun\\\/#primaryimage\"},\"thumbnailUrl\":\"https:\\\/\\\/reporteroshoy.mx\\\/noticias\\\/wp-content\\\/uploads\\\/2026\\\/09\\\/Tragedia-Celestun2-scaled.avif\",\"datePublished\":\"2026-09-01T17:13:24+00:00\",\"author\":{\"@id\":\"https:\\\/\\\/reporteroshoy.mx\\\/noticias\\\/#\\\/schema\\\/person\\\/c977527e57c958a62c5cefe8fe47876e\"},\"description\":\"Dos adolescentes de 15 y 16 a\u00f1os murieron tras sufrir un accidente de motocicleta durante la madrugada de este martes en Celest\u00fan.\",\"breadcrumb\":{\"@id\":\"https:\\\/\\\/reporteroshoy.mx\\\/noticias\\\/accidente-motocicleta-adolescentes-mueren-celestun\\\/#breadcrumb\"},\"inLanguage\":\"es\",\"potentialAction\":[{\"@type\":\"ReadAction\",\"target\":[\"https:\\\/\\\/reporteroshoy.mx\\\/noticias\\\/accidente-motocicleta-adolescentes-mueren-celestun\\\/\"]}]},{\"@type\":\"ImageObject\",\"inLanguage\":\"es\",\"@id\":\"https:\\\/\\\/reporteroshoy.mx\\\/noticias\\\/accidente-motocicleta-adolescentes-mueren-celestun\\\/#primaryimage\",\"url\":\"https:\\\/\\\/reporteroshoy.mx\\\/noticias\\\/wp-content\\\/uploads\\\/2026\\\/09\\\/Tragedia-Celestun2-scaled.avif\",\"contentUrl\":\"https:\\\/\\\/reporteroshoy.mx\\\/noticias\\\/wp-content\\\/uploads\\\/2026\\\/09\\\/Tragedia-Celestun2-scaled.avif\",\"width\":768,\"height\":432,\"caption\":\"Dos adolescentes fallecen tras accidente de motocicleta en Celest\u00fan\"},{\"@type\":\"BreadcrumbList\",\"@id\":\"https:\\\/\\\/reporteroshoy.mx\\\/noticias\\\/accidente-motocicleta-adolescentes-mueren-celestun\\\/#breadcrumb\",\"itemListElement\":[{\"@type\":\"ListItem\",\"position\":1,\"name\":\"Portada\",\"item\":\"https:\\\/\\\/reporteroshoy.mx\\\/noticias\\\/\"},{\"@type\":\"ListItem\",\"position\":2,\"name\":\"Dos adolescentes fallecen tras accidente de motocicleta en Celest\u00fan\"}]},{\"@type\":\"WebSite\",\"@id\":\"https:\\\/\\\/reporteroshoy.mx\\\/noticias\\\/#website\",\"url\":\"https:\\\/\\\/reporteroshoy.mx\\\/noticias\\\/\",\"name\":\"Reporteros Hoy | Noticias de Yucat\u00e1n\",\"description\":\"Peri\u00f3dico digital con noticias diarias desde M\u00e9rida, Yucat\u00e1n para el mundo.\",\"potentialAction\":[{\"@type\":\"SearchAction\",\"target\":{\"@type\":\"EntryPoint\",\"urlTemplate\":\"https:\\\/\\\/reporteroshoy.mx\\\/noticias\\\/?s={search_term_string}\"},\"query-input\":{\"@type\":\"PropertyValueSpecification\",\"valueRequired\":true,\"valueName\":\"search_term_string\"}}],\"inLanguage\":\"es\"},{\"@type\":\"Person\",\"@id\":\"https:\\\/\\\/reporteroshoy.mx\\\/noticias\\\/#\\\/schema\\\/person\\\/c977527e57c958a62c5cefe8fe47876e\",\"name\":\"Reporteros Hoy WP\",\"image\":{\"@type\":\"ImageObject\",\"inLanguage\":\"es\",\"@id\":\"https:\\\/\\\/secure.gravatar.com\\\/avatar\\\/fd2917f79a7dae30f8ac9ddc2f35e1756bb59e25e01d1cd09deaa64df7b2f73e?s=96&d=mm&r=g\",\"url\":\"https:\\\/\\\/secure.gravatar.com\\\/avatar\\\/fd2917f79a7dae30f8ac9ddc2f35e1756bb59e25e01d1cd09deaa64df7b2f73e?s=96&d=mm&r=g\",\"contentUrl\":\"https:\\\/\\\/secure.gravatar.com\\\/avatar\\\/fd2917f79a7dae30f8ac9ddc2f35e1756bb59e25e01d1cd09deaa64df7b2f73e?s=96&d=mm&r=g\",\"caption\":\"Reporteros Hoy WP\"},\"url\":\"https:\\\/\\\/reporteroshoy.mx\\\/noticias\\\/author\\\/walfer\\\/\"}]}<\/script>\n<!-- \/ Yoast SEO plugin. -->","yoast_head_json":{"title":"Dos adolescentes fallecen tras accidente de motocicleta en Celest\u00fan","description":"Dos adolescentes de 15 y 16 a\u00f1os murieron tras sufrir un accidente de motocicleta durante la madrugada de este martes en Celest\u00fan.","robots":{"index":"index","follow":"follow","max-snippet":"max-snippet:-1","max-image-preview":"max-image-preview:large","max-video-preview":"max-video-preview:-1"},"canonical":"https:\/\/reporteroshoy.mx\/noticias\/accidente-motocicleta-adolescentes-mueren-celestun\/","og_locale":"es_ES","og_type":"article","og_title":"Dos adolescentes fallecen tras accidente de motocicleta en Celest\u00fan","og_description":"Dos adolescentes de 15 y 16 a\u00f1os murieron tras sufrir un accidente de motocicleta durante la madrugada de este martes en Celest\u00fan.","og_url":"https:\/\/reporteroshoy.mx\/noticias\/accidente-motocicleta-adolescentes-mueren-celestun\/","og_site_name":"Reporteros Hoy | Noticias de Yucat\u00e1n","article_publisher":"http:\/\/www.facebook.com\/reporteroshoymx","article_published_time":"2026-09-01T17:13:24+00:00","og_image":[{"width":768,"height":432,"url":"https:\/\/reporteroshoy.mx\/noticias\/wp-content\/uploads\/2026\/09\/Tragedia-Celestun2-scaled.avif","type":"image\/png"}],"author":"Reporteros Hoy WP","twitter_card":"summary_large_image","twitter_creator":"@reporteroshoy","twitter_site":"@reporteroshoy","twitter_misc":{"Escrito por":"Reporteros Hoy WP","Tiempo de lectura":"2 minutos"},"schema":{"@context":"https:\/\/schema.org","@graph":[{"@type":"Article","@id":"https:\/\/reporteroshoy.mx\/noticias\/accidente-motocicleta-adolescentes-mueren-celestun\/#article","isPartOf":{"@id":"https:\/\/reporteroshoy.mx\/noticias\/accidente-motocicleta-adolescentes-mueren-celestun\/"},"author":{"name":"Reporteros Hoy WP","@id":"https:\/\/reporteroshoy.mx\/noticias\/#\/schema\/person\/c977527e57c958a62c5cefe8fe47876e"},"headline":"Dos adolescentes fallecen tras accidente de motocicleta en Celest\u00fan","datePublished":"2026-09-01T17:13:24+00:00","mainEntityOfPage":{"@id":"https:\/\/reporteroshoy.mx\/noticias\/accidente-motocicleta-adolescentes-mueren-celestun\/"},"wordCount":255,"commentCount":0,"image":{"@id":"https:\/\/reporteroshoy.mx\/noticias\/accidente-motocicleta-adolescentes-mueren-celestun\/#primaryimage"},"thumbnailUrl":"https:\/\/reporteroshoy.mx\/noticias\/wp-content\/uploads\/2026\/09\/Tragedia-Celestun2-scaled.avif","keywords":["Accidente de motocicleta","Accidente en Celest\u00fan","adolescentes fallecidas","Celest\u00fan","motociclista"],"articleSection":["Yucat\u00e1n"],"inLanguage":"es","potentialAction":[{"@type":"CommentAction","name":"Comment","target":["https:\/\/reporteroshoy.mx\/noticias\/accidente-motocicleta-adolescentes-mueren-celestun\/#respond"]}]},{"@type":"WebPage","@id":"https:\/\/reporteroshoy.mx\/noticias\/accidente-motocicleta-adolescentes-mueren-celestun\/","url":"https:\/\/reporteroshoy.mx\/noticias\/accidente-motocicleta-adolescentes-mueren-celestun\/","name":"Dos adolescentes fallecen tras accidente de motocicleta en Celest\u00fan","isPartOf":{"@id":"https:\/\/reporteroshoy.mx\/noticias\/#website"},"primaryImageOfPage":{"@id":"https:\/\/reporteroshoy.mx\/noticias\/accidente-motocicleta-adolescentes-mueren-celestun\/#primaryimage"},"image":{"@id":"https:\/\/reporteroshoy.mx\/noticias\/accidente-motocicleta-adolescentes-mueren-celestun\/#primaryimage"},"thumbnailUrl":"https:\/\/reporteroshoy.mx\/noticias\/wp-content\/uploads\/2026\/09\/Tragedia-Celestun2-scaled.avif","datePublished":"2026-09-01T17:13:24+00:00","author":{"@id":"https:\/\/reporteroshoy.mx\/noticias\/#\/schema\/person\/c977527e57c958a62c5cefe8fe47876e"},"description":"Dos adolescentes de 15 y 16 a\u00f1os murieron tras sufrir un accidente de motocicleta durante la madrugada de este martes en Celest\u00fan.","breadcrumb":{"@id":"https:\/\/reporteroshoy.mx\/noticias\/accidente-motocicleta-adolescentes-mueren-celestun\/#breadcrumb"},"inLanguage":"es","potentialAction":[{"@type":"ReadAction","target":["https:\/\/reporteroshoy.mx\/noticias\/accidente-motocicleta-adolescentes-mueren-celestun\/"]}]},{"@type":"ImageObject","inLanguage":"es","@id":"https:\/\/reporteroshoy.mx\/noticias\/accidente-motocicleta-adolescentes-mueren-celestun\/#primaryimage","url":"https:\/\/reporteroshoy.mx\/noticias\/wp-content\/uploads\/2026\/09\/Tragedia-Celestun2-scaled.avif","contentUrl":"https:\/\/reporteroshoy.mx\/noticias\/wp-content\/uploads\/2026\/09\/Tragedia-Celestun2-scaled.avif","width":768,"height":432,"caption":"Dos adolescentes fallecen tras accidente de motocicleta en Celest\u00fan"},{"@type":"BreadcrumbList","@id":"https:\/\/reporteroshoy.mx\/noticias\/accidente-motocicleta-adolescentes-mueren-celestun\/#breadcrumb","itemListElement":[{"@type":"ListItem","position":1,"name":"Portada","item":"https:\/\/reporteroshoy.mx\/noticias\/"},{"@type":"ListItem","position":2,"name":"Dos adolescentes fallecen tras accidente de motocicleta en Celest\u00fan"}]},{"@type":"WebSite","@id":"https:\/\/reporteroshoy.mx\/noticias\/#website","url":"https:\/\/reporteroshoy.mx\/noticias\/","name":"Reporteros Hoy | Noticias de Yucat\u00e1n","description":"Peri\u00f3dico digital con noticias diarias desde M\u00e9rida, Yucat\u00e1n para el mundo.","potentialAction":[{"@type":"SearchAction","target":{"@type":"EntryPoint","urlTemplate":"https:\/\/reporteroshoy.mx\/noticias\/?s={search_term_string}"},"query-input":{"@type":"PropertyValueSpecification","valueRequired":true,"valueName":"search_term_string"}}],"inLanguage":"es"},{"@type":"Person","@id":"https:\/\/reporteroshoy.mx\/noticias\/#\/schema\/person\/c977527e57c958a62c5cefe8fe47876e","name":"Reporteros Hoy WP","image":{"@type":"ImageObject","inLanguage":"es","@id":"https:\/\/secure.gravatar.com\/avatar\/fd2917f79a7dae30f8ac9ddc2f35e1756bb59e25e01d1cd09deaa64df7b2f73e?s=96&d=mm&r=g","url":"https:\/\/secure.gravatar.com\/avatar\/fd2917f79a7dae30f8ac9ddc2f35e1756bb59e25e01d1cd09deaa64df7b2f73e?s=96&d=mm&r=g","contentUrl":"https:\/\/secure.gravatar.com\/avatar\/fd2917f79a7dae30f8ac9ddc2f35e1756bb59e25e01d1cd09deaa64df7b2f73e?s=96&d=mm&r=g","caption":"Reporteros Hoy WP"},"url":"https:\/\/reporteroshoy.mx\/noticias\/author\/walfer\/"}]}},"_links":{"self":[{"href":"https:\/\/reporteroshoy.mx\/noticias\/wp-json\/wp\/v2\/posts\/131544","targetHints":{"allow":["GET"]}}],"collection":[{"href":"https:\/\/reporteroshoy.mx\/noticias\/wp-json\/wp\/v2\/posts"}],"about":[{"href":"https:\/\/reporteroshoy.mx\/noticias\/wp-json\/wp\/v2\/types\/post"}],"author":[{"embeddable":true,"href":"https:\/\/reporteroshoy.mx\/noticias\/wp-json\/wp\/v2\/users\/9"}],"replies":[{"embeddable":true,"href":"https:\/\/reporteroshoy.mx\/noticias\/wp-json\/wp\/v2\/comments?post=131544"}],"version-history":[{"count":0,"href":"https:\/\/reporteroshoy.mx\/noticias\/wp-json\/wp\/v2\/posts\/131544\/revisions"}],"wp:featuredmedia":[{"embeddable":true,"href":"https:\/\/reporteroshoy.mx\/noticias\/wp-json\/wp\/v2\/media\/131545"}],"wp:attachment":[{"href":"https:\/\/reporteroshoy.mx\/noticias\/wp-json\/wp\/v2\/media?parent=131544"}],"wp:term":[{"taxonomy":"category","embeddable":true,"href":"https:\/\/reporteroshoy.mx\/noticias\/wp-json\/wp\/v2\/categories?post=131544"},{"taxonomy":"post_tag","embeddable":true,"href":"https:\/\/reporteroshoy.mx\/noticias\/wp-json\/wp\/v2\/tags?post=131544"}],"curies":[{"name":"wp","href":"https:\/\/api.w.org\/{rel}","templated":true}]}}