{"id":131546,"date":"2026-09-01T15:02:25","date_gmt":"2026-09-01T21:02:25","guid":{"rendered":"https:\/\/reporteroshoy.mx\/noticias\/?p=131546"},"modified":"2026-09-01T15:02:25","modified_gmt":"2026-09-01T21:02:25","slug":"apagon-tizimin-carnicerias-carne-cerdo","status":"publish","type":"post","link":"https:\/\/reporteroshoy.mx\/noticias\/apagon-tizimin-carnicerias-carne-cerdo\/","title":{"rendered":"Apag\u00f3n deja sin carne y productos de cerdo a carnicer\u00edas de Tizim\u00edn"},"content":{"rendered":"<p class=\"isSelectedEnd\" style=\"text-align: justify;\">\ud835\uddd8\ud835\udddf \ud835\uddd4\ud835\udde3\ud835\uddd4\ud835\uddda\ud835\udde2\u0301\ud835\udde1 \ud835\udde4\ud835\udde8\ud835\uddd8 \ud835\uddd4\ud835\uddd9\ud835\uddd8\ud835\uddd6\ud835\udde7\ud835\udde2\u0301 \ud835\uddd7\ud835\udde8\ud835\udde5\ud835\uddd4\ud835\udde1\ud835\udde7\ud835\uddd8 \ud835\udde9\ud835\uddd4\ud835\udde5\ud835\udddc\ud835\uddd4\ud835\udde6 \ud835\udddb\ud835\udde2\ud835\udde5\ud835\uddd4\ud835\udde6 \ud835\uddd4 \ud835\udddf\ud835\uddd4 \ud835\udde3\ud835\uddd8\ud835\udde1\ud835\udddc\u0301\ud835\udde1\ud835\udde6\ud835\udde8\ud835\udddf\ud835\uddd4 \ud835\uddd7\ud835\uddd8 \ud835\uddec\ud835\udde8\ud835\uddd6\ud835\uddd4\ud835\udde7\ud835\uddd4\u0301\ud835\udde1 dej\u00f3 repercusiones en la actividad comercial de Tizim\u00edn, donde varias carnicer\u00edas registraron problemas para ofrecer carne de cerdo y productos derivados durante la ma\u00f1ana de este martes.<\/p>\n<p class=\"isSelectedEnd\" style=\"text-align: justify;\">El corte de energ\u00eda, registrado desde la noche del lunes y restablecido gradualmente durante la madrugada, provoc\u00f3 que \ud835\uddd8\ud835\udddf \ud835\udde5\ud835\uddd4\ud835\udde6\ud835\udde7\ud835\udde5\ud835\udde2 \ud835\udde0\ud835\udde8\ud835\udde1\ud835\udddc\ud835\uddd6\ud835\udddc\ud835\udde3\ud835\uddd4\ud835\udddf \ud835\udde1\ud835\udde2 \ud835\udde3\ud835\udde8\ud835\uddd7\ud835\udddc\ud835\uddd8\ud835\udde5\ud835\uddd4 \ud835\udde2\ud835\udde3\ud835\uddd8\ud835\udde5\ud835\uddd4\ud835\udde5 \ud835\uddd6\ud835\udde2\ud835\udde1 \ud835\udde1\ud835\udde2\ud835\udde5\ud835\udde0\ud835\uddd4\ud835\udddf\ud835\udddc\ud835\uddd7\ud835\uddd4\ud835\uddd7, lo que afect\u00f3 el suministro hacia los establecimientos.<\/p>\n<p><img loading=\"lazy\" decoding=\"async\" class=\"aligncenter wp-image-131547 size-full\" src=\"https:\/\/reporteroshoy.mx\/noticias\/wp-content\/uploads\/2026\/09\/Sin-carne-en-Tizimin-1-scaled.avif\" alt=\"Apag\u00f3n deja sin carne y productos de cerdo a carnicer\u00edas de Tizim\u00edn\" width=\"768\" height=\"432\" \/><\/p>\n<h2 style=\"text-align: justify;\">\ud835\uddd4\ud835\udde3\ud835\uddd4\ud835\uddda\ud835\udde2\u0301\ud835\udde1 \ud835\uddd4\ud835\uddd9\ud835\uddd8\ud835\uddd6\ud835\udde7\ud835\uddd4 \ud835\uddd8\ud835\udddf \ud835\uddd4\ud835\uddd5\ud835\uddd4\ud835\udde6\ud835\udde7\ud835\udde2 \ud835\uddd7\ud835\uddd8 \ud835\uddd6\ud835\uddd4\ud835\udde5\ud835\udde1\ud835\uddd8 \ud835\uddd8\ud835\udde1 \ud835\udde7\ud835\udddc\ud835\udded\ud835\udddc\ud835\udde0\ud835\udddc\u0301\ud835\udde1<\/h2>\n<p class=\"isSelectedEnd\" style=\"text-align: justify;\">Durante la ma\u00f1ana, algunas carnicer\u00edas del mercado municipal permanecieron cerradas, mientras que otras informaron a sus clientes que no contaban con \ud835\uddd6\ud835\uddd4\ud835\udde5\ud835\udde1\ud835\uddd8 \ud835\uddd9\ud835\udde5\ud835\uddd8\ud835\udde6\ud835\uddd6\ud835\uddd4, chicharra, morcilla y otros productos tradicionales.<\/p>\n<p class=\"isSelectedEnd\" style=\"text-align: justify;\">La interrupci\u00f3n de las actividades en el rastro impidi\u00f3 que los productos llegaran a los puntos de venta habituales. Ante esta situaci\u00f3n, algunas personas que acudieron al mercado tuvieron que buscar alternativas en otros establecimientos.<\/p>\n<p class=\"isSelectedEnd\" style=\"text-align: justify;\">Comerciantes se\u00f1alaron que el \ud835\uddd4\ud835\udde3\ud835\uddd4\ud835\uddda\ud835\udde2\u0301\ud835\udde1 \ud835\uddd8\ud835\udddf\ud835\uddd8\u0301\ud835\uddd6\ud835\udde7\ud835\udde5\ud835\udddc\ud835\uddd6\ud835\udde2 evidenci\u00f3 la dependencia de esta actividad respecto a la operaci\u00f3n del rastro municipal y de la cadena de distribuci\u00f3n de productos c\u00e1rnicos.<\/p>\n<h2 style=\"text-align: justify;\">Escuelas y comercios reanudaron actividades<\/h2>\n<p class=\"isSelectedEnd\" style=\"text-align: justify;\">En contraste, las escuelas de Tizim\u00edn trabajaron con normalidad durante este martes, al igual que diversos comercios que reanudaron sus actividades una vez restablecido el suministro el\u00e9ctrico.<\/p>\n<p class=\"isSelectedEnd\" style=\"text-align: justify;\">Hasta el momento, la afectaci\u00f3n al abasto de productos c\u00e1rnicos figura entre los principales problemas reportados en el oriente del estado tras el corte de energ\u00eda.<\/p>\n<p style=\"text-align: justify;\">\ud835\uddd8\ud835\udddf \ud835\udde6\ud835\uddd8\ud835\udde5\ud835\udde9\ud835\udddc\ud835\uddd6\ud835\udddc\ud835\udde2 \ud835\uddd7\ud835\uddd8 \ud835\uddd8\ud835\udde1\ud835\uddd8\ud835\udde5\ud835\uddda\ud835\udddc\u0301\ud835\uddd4 comenz\u00f3 a normalizarse durante la madrugada, luego de las fallas registradas en l\u00edneas de transmisi\u00f3n que afectaron parcialmente a usuarios de Yucat\u00e1n, Quintana Roo y Chiapas.<\/p>\n<p><strong>ACOM<\/strong><\/p>\n","protected":false},"excerpt":{"rendered":"<p>El apag\u00f3n en Tizim\u00edn afect\u00f3 la operaci\u00f3n del rastro municipal y dej\u00f3 a varias carnicer\u00edas sin carne de cerdo y productos derivados.<\/p>\n","protected":false},"author":9,"featured_media":131548,"comment_status":"open","ping_status":"closed","sticky":false,"template":"","format":"standard","meta":{"footnotes":""},"categories":[17],"tags":[29254,8371,29255,29256,16019],"class_list":["post-131546","post","type-post","status-publish","format-standard","has-post-thumbnail","hentry","category-yucatan","tag-apagon-en-tizimin","tag-carne-de-cerdo","tag-carnicerias-de-tizimin","tag-corte-de-energia","tag-rastro-municipal"],"yoast_head":"<!-- This site is optimized with the Yoast SEO plugin v28.4 - https:\/\/yoast.com\/product\/yoast-seo-wordpress\/ -->\n<title>Apag\u00f3n deja sin carne y productos de cerdo a carnicer\u00edas de Tizim\u00edn<\/title>\n<meta name=\"description\" content=\"El apag\u00f3n en Tizim\u00edn afect\u00f3 la operaci\u00f3n del rastro municipal y dej\u00f3 a varias carnicer\u00edas sin carne de cerdo y productos derivados.\" \/>\n<meta name=\"robots\" content=\"index, follow, max-snippet:-1, max-image-preview:large, max-video-preview:-1\" \/>\n<link rel=\"canonical\" href=\"https:\/\/reporteroshoy.mx\/noticias\/apagon-tizimin-carnicerias-carne-cerdo\/\" \/>\n<meta property=\"og:locale\" content=\"es_ES\" \/>\n<meta property=\"og:type\" content=\"article\" \/>\n<meta property=\"og:title\" content=\"Apag\u00f3n deja sin carne y productos de cerdo a carnicer\u00edas de Tizim\u00edn\" \/>\n<meta property=\"og:description\" content=\"El apag\u00f3n en Tizim\u00edn afect\u00f3 la operaci\u00f3n del rastro municipal y dej\u00f3 a varias carnicer\u00edas sin carne de cerdo y productos derivados.\" \/>\n<meta property=\"og:url\" content=\"https:\/\/reporteroshoy.mx\/noticias\/apagon-tizimin-carnicerias-carne-cerdo\/\" \/>\n<meta property=\"og:site_name\" content=\"Reporteros Hoy | Noticias de Yucat\u00e1n\" \/>\n<meta property=\"article:publisher\" content=\"http:\/\/www.facebook.com\/reporteroshoymx\" \/>\n<meta property=\"article:published_time\" content=\"2026-09-01T21:02:25+00:00\" \/>\n<meta property=\"og:image\" content=\"https:\/\/reporteroshoy.mx\/noticias\/wp-content\/uploads\/2026\/09\/Sin-carne-en-Tizimin-2-scaled.avif\" \/>\n\t<meta property=\"og:image:width\" content=\"768\" \/>\n\t<meta property=\"og:image:height\" content=\"432\" \/>\n\t<meta property=\"og:image:type\" content=\"image\/jpeg\" \/>\n<meta name=\"author\" content=\"Reporteros Hoy WP\" \/>\n<meta name=\"twitter:card\" content=\"summary_large_image\" \/>\n<meta name=\"twitter:creator\" content=\"@reporteroshoy\" \/>\n<meta name=\"twitter:site\" content=\"@reporteroshoy\" \/>\n<meta name=\"twitter:label1\" content=\"Escrito por\" \/>\n\t<meta name=\"twitter:data1\" content=\"Reporteros Hoy WP\" \/>\n\t<meta name=\"twitter:label2\" content=\"Tiempo de lectura\" \/>\n\t<meta name=\"twitter:data2\" content=\"2 minutos\" \/>\n<script type=\"application\/ld+json\" class=\"yoast-schema-graph\">{\"@context\":\"https:\\\/\\\/schema.org\",\"@graph\":[{\"@type\":\"Article\",\"@id\":\"https:\\\/\\\/reporteroshoy.mx\\\/noticias\\\/apagon-tizimin-carnicerias-carne-cerdo\\\/#article\",\"isPartOf\":{\"@id\":\"https:\\\/\\\/reporteroshoy.mx\\\/noticias\\\/apagon-tizimin-carnicerias-carne-cerdo\\\/\"},\"author\":{\"name\":\"Reporteros Hoy WP\",\"@id\":\"https:\\\/\\\/reporteroshoy.mx\\\/noticias\\\/#\\\/schema\\\/person\\\/c977527e57c958a62c5cefe8fe47876e\"},\"headline\":\"Apag\u00f3n deja sin carne y productos de cerdo a carnicer\u00edas de Tizim\u00edn\",\"datePublished\":\"2026-09-01T21:02:25+00:00\",\"mainEntityOfPage\":{\"@id\":\"https:\\\/\\\/reporteroshoy.mx\\\/noticias\\\/apagon-tizimin-carnicerias-carne-cerdo\\\/\"},\"wordCount\":261,\"commentCount\":0,\"image\":{\"@id\":\"https:\\\/\\\/reporteroshoy.mx\\\/noticias\\\/apagon-tizimin-carnicerias-carne-cerdo\\\/#primaryimage\"},\"thumbnailUrl\":\"https:\\\/\\\/reporteroshoy.mx\\\/noticias\\\/wp-content\\\/uploads\\\/2026\\\/09\\\/Sin-carne-en-Tizimin-2-scaled.avif\",\"keywords\":[\"apag\u00f3n en Tizim\u00edn\",\"Carne de cerdo\",\"carnicer\u00edas de Tizim\u00edn\",\"corte de energ\u00eda\",\"Rastro municipal\"],\"articleSection\":[\"Yucat\u00e1n\"],\"inLanguage\":\"es\",\"potentialAction\":[{\"@type\":\"CommentAction\",\"name\":\"Comment\",\"target\":[\"https:\\\/\\\/reporteroshoy.mx\\\/noticias\\\/apagon-tizimin-carnicerias-carne-cerdo\\\/#respond\"]}]},{\"@type\":\"WebPage\",\"@id\":\"https:\\\/\\\/reporteroshoy.mx\\\/noticias\\\/apagon-tizimin-carnicerias-carne-cerdo\\\/\",\"url\":\"https:\\\/\\\/reporteroshoy.mx\\\/noticias\\\/apagon-tizimin-carnicerias-carne-cerdo\\\/\",\"name\":\"Apag\u00f3n deja sin carne y productos de cerdo a carnicer\u00edas de Tizim\u00edn\",\"isPartOf\":{\"@id\":\"https:\\\/\\\/reporteroshoy.mx\\\/noticias\\\/#website\"},\"primaryImageOfPage\":{\"@id\":\"https:\\\/\\\/reporteroshoy.mx\\\/noticias\\\/apagon-tizimin-carnicerias-carne-cerdo\\\/#primaryimage\"},\"image\":{\"@id\":\"https:\\\/\\\/reporteroshoy.mx\\\/noticias\\\/apagon-tizimin-carnicerias-carne-cerdo\\\/#primaryimage\"},\"thumbnailUrl\":\"https:\\\/\\\/reporteroshoy.mx\\\/noticias\\\/wp-content\\\/uploads\\\/2026\\\/09\\\/Sin-carne-en-Tizimin-2-scaled.avif\",\"datePublished\":\"2026-09-01T21:02:25+00:00\",\"author\":{\"@id\":\"https:\\\/\\\/reporteroshoy.mx\\\/noticias\\\/#\\\/schema\\\/person\\\/c977527e57c958a62c5cefe8fe47876e\"},\"description\":\"El apag\u00f3n en Tizim\u00edn afect\u00f3 la operaci\u00f3n del rastro municipal y dej\u00f3 a varias carnicer\u00edas sin carne de cerdo y productos derivados.\",\"breadcrumb\":{\"@id\":\"https:\\\/\\\/reporteroshoy.mx\\\/noticias\\\/apagon-tizimin-carnicerias-carne-cerdo\\\/#breadcrumb\"},\"inLanguage\":\"es\",\"potentialAction\":[{\"@type\":\"ReadAction\",\"target\":[\"https:\\\/\\\/reporteroshoy.mx\\\/noticias\\\/apagon-tizimin-carnicerias-carne-cerdo\\\/\"]}]},{\"@type\":\"ImageObject\",\"inLanguage\":\"es\",\"@id\":\"https:\\\/\\\/reporteroshoy.mx\\\/noticias\\\/apagon-tizimin-carnicerias-carne-cerdo\\\/#primaryimage\",\"url\":\"https:\\\/\\\/reporteroshoy.mx\\\/noticias\\\/wp-content\\\/uploads\\\/2026\\\/09\\\/Sin-carne-en-Tizimin-2-scaled.avif\",\"contentUrl\":\"https:\\\/\\\/reporteroshoy.mx\\\/noticias\\\/wp-content\\\/uploads\\\/2026\\\/09\\\/Sin-carne-en-Tizimin-2-scaled.avif\",\"width\":768,\"height\":432},{\"@type\":\"BreadcrumbList\",\"@id\":\"https:\\\/\\\/reporteroshoy.mx\\\/noticias\\\/apagon-tizimin-carnicerias-carne-cerdo\\\/#breadcrumb\",\"itemListElement\":[{\"@type\":\"ListItem\",\"position\":1,\"name\":\"Portada\",\"item\":\"https:\\\/\\\/reporteroshoy.mx\\\/noticias\\\/\"},{\"@type\":\"ListItem\",\"position\":2,\"name\":\"Apag\u00f3n deja sin carne y productos de cerdo a carnicer\u00edas de Tizim\u00edn\"}]},{\"@type\":\"WebSite\",\"@id\":\"https:\\\/\\\/reporteroshoy.mx\\\/noticias\\\/#website\",\"url\":\"https:\\\/\\\/reporteroshoy.mx\\\/noticias\\\/\",\"name\":\"Reporteros Hoy | Noticias de Yucat\u00e1n\",\"description\":\"Peri\u00f3dico digital con noticias diarias desde M\u00e9rida, Yucat\u00e1n para el mundo.\",\"potentialAction\":[{\"@type\":\"SearchAction\",\"target\":{\"@type\":\"EntryPoint\",\"urlTemplate\":\"https:\\\/\\\/reporteroshoy.mx\\\/noticias\\\/?s={search_term_string}\"},\"query-input\":{\"@type\":\"PropertyValueSpecification\",\"valueRequired\":true,\"valueName\":\"search_term_string\"}}],\"inLanguage\":\"es\"},{\"@type\":\"Person\",\"@id\":\"https:\\\/\\\/reporteroshoy.mx\\\/noticias\\\/#\\\/schema\\\/person\\\/c977527e57c958a62c5cefe8fe47876e\",\"name\":\"Reporteros Hoy WP\",\"image\":{\"@type\":\"ImageObject\",\"inLanguage\":\"es\",\"@id\":\"https:\\\/\\\/secure.gravatar.com\\\/avatar\\\/fd2917f79a7dae30f8ac9ddc2f35e1756bb59e25e01d1cd09deaa64df7b2f73e?s=96&d=mm&r=g\",\"url\":\"https:\\\/\\\/secure.gravatar.com\\\/avatar\\\/fd2917f79a7dae30f8ac9ddc2f35e1756bb59e25e01d1cd09deaa64df7b2f73e?s=96&d=mm&r=g\",\"contentUrl\":\"https:\\\/\\\/secure.gravatar.com\\\/avatar\\\/fd2917f79a7dae30f8ac9ddc2f35e1756bb59e25e01d1cd09deaa64df7b2f73e?s=96&d=mm&r=g\",\"caption\":\"Reporteros Hoy WP\"},\"url\":\"https:\\\/\\\/reporteroshoy.mx\\\/noticias\\\/author\\\/walfer\\\/\"}]}<\/script>\n<!-- \/ Yoast SEO plugin. -->","yoast_head_json":{"title":"Apag\u00f3n deja sin carne y productos de cerdo a carnicer\u00edas de Tizim\u00edn","description":"El apag\u00f3n en Tizim\u00edn afect\u00f3 la operaci\u00f3n del rastro municipal y dej\u00f3 a varias carnicer\u00edas sin carne de cerdo y productos derivados.","robots":{"index":"index","follow":"follow","max-snippet":"max-snippet:-1","max-image-preview":"max-image-preview:large","max-video-preview":"max-video-preview:-1"},"canonical":"https:\/\/reporteroshoy.mx\/noticias\/apagon-tizimin-carnicerias-carne-cerdo\/","og_locale":"es_ES","og_type":"article","og_title":"Apag\u00f3n deja sin carne y productos de cerdo a carnicer\u00edas de Tizim\u00edn","og_description":"El apag\u00f3n en Tizim\u00edn afect\u00f3 la operaci\u00f3n del rastro municipal y dej\u00f3 a varias carnicer\u00edas sin carne de cerdo y productos derivados.","og_url":"https:\/\/reporteroshoy.mx\/noticias\/apagon-tizimin-carnicerias-carne-cerdo\/","og_site_name":"Reporteros Hoy | Noticias de Yucat\u00e1n","article_publisher":"http:\/\/www.facebook.com\/reporteroshoymx","article_published_time":"2026-09-01T21:02:25+00:00","og_image":[{"width":768,"height":432,"url":"https:\/\/reporteroshoy.mx\/noticias\/wp-content\/uploads\/2026\/09\/Sin-carne-en-Tizimin-2-scaled.avif","type":"image\/jpeg"}],"author":"Reporteros Hoy WP","twitter_card":"summary_large_image","twitter_creator":"@reporteroshoy","twitter_site":"@reporteroshoy","twitter_misc":{"Escrito por":"Reporteros Hoy WP","Tiempo de lectura":"2 minutos"},"schema":{"@context":"https:\/\/schema.org","@graph":[{"@type":"Article","@id":"https:\/\/reporteroshoy.mx\/noticias\/apagon-tizimin-carnicerias-carne-cerdo\/#article","isPartOf":{"@id":"https:\/\/reporteroshoy.mx\/noticias\/apagon-tizimin-carnicerias-carne-cerdo\/"},"author":{"name":"Reporteros Hoy WP","@id":"https:\/\/reporteroshoy.mx\/noticias\/#\/schema\/person\/c977527e57c958a62c5cefe8fe47876e"},"headline":"Apag\u00f3n deja sin carne y productos de cerdo a carnicer\u00edas de Tizim\u00edn","datePublished":"2026-09-01T21:02:25+00:00","mainEntityOfPage":{"@id":"https:\/\/reporteroshoy.mx\/noticias\/apagon-tizimin-carnicerias-carne-cerdo\/"},"wordCount":261,"commentCount":0,"image":{"@id":"https:\/\/reporteroshoy.mx\/noticias\/apagon-tizimin-carnicerias-carne-cerdo\/#primaryimage"},"thumbnailUrl":"https:\/\/reporteroshoy.mx\/noticias\/wp-content\/uploads\/2026\/09\/Sin-carne-en-Tizimin-2-scaled.avif","keywords":["apag\u00f3n en Tizim\u00edn","Carne de cerdo","carnicer\u00edas de Tizim\u00edn","corte de energ\u00eda","Rastro municipal"],"articleSection":["Yucat\u00e1n"],"inLanguage":"es","potentialAction":[{"@type":"CommentAction","name":"Comment","target":["https:\/\/reporteroshoy.mx\/noticias\/apagon-tizimin-carnicerias-carne-cerdo\/#respond"]}]},{"@type":"WebPage","@id":"https:\/\/reporteroshoy.mx\/noticias\/apagon-tizimin-carnicerias-carne-cerdo\/","url":"https:\/\/reporteroshoy.mx\/noticias\/apagon-tizimin-carnicerias-carne-cerdo\/","name":"Apag\u00f3n deja sin carne y productos de cerdo a carnicer\u00edas de Tizim\u00edn","isPartOf":{"@id":"https:\/\/reporteroshoy.mx\/noticias\/#website"},"primaryImageOfPage":{"@id":"https:\/\/reporteroshoy.mx\/noticias\/apagon-tizimin-carnicerias-carne-cerdo\/#primaryimage"},"image":{"@id":"https:\/\/reporteroshoy.mx\/noticias\/apagon-tizimin-carnicerias-carne-cerdo\/#primaryimage"},"thumbnailUrl":"https:\/\/reporteroshoy.mx\/noticias\/wp-content\/uploads\/2026\/09\/Sin-carne-en-Tizimin-2-scaled.avif","datePublished":"2026-09-01T21:02:25+00:00","author":{"@id":"https:\/\/reporteroshoy.mx\/noticias\/#\/schema\/person\/c977527e57c958a62c5cefe8fe47876e"},"description":"El apag\u00f3n en Tizim\u00edn afect\u00f3 la operaci\u00f3n del rastro municipal y dej\u00f3 a varias carnicer\u00edas sin carne de cerdo y productos derivados.","breadcrumb":{"@id":"https:\/\/reporteroshoy.mx\/noticias\/apagon-tizimin-carnicerias-carne-cerdo\/#breadcrumb"},"inLanguage":"es","potentialAction":[{"@type":"ReadAction","target":["https:\/\/reporteroshoy.mx\/noticias\/apagon-tizimin-carnicerias-carne-cerdo\/"]}]},{"@type":"ImageObject","inLanguage":"es","@id":"https:\/\/reporteroshoy.mx\/noticias\/apagon-tizimin-carnicerias-carne-cerdo\/#primaryimage","url":"https:\/\/reporteroshoy.mx\/noticias\/wp-content\/uploads\/2026\/09\/Sin-carne-en-Tizimin-2-scaled.avif","contentUrl":"https:\/\/reporteroshoy.mx\/noticias\/wp-content\/uploads\/2026\/09\/Sin-carne-en-Tizimin-2-scaled.avif","width":768,"height":432},{"@type":"BreadcrumbList","@id":"https:\/\/reporteroshoy.mx\/noticias\/apagon-tizimin-carnicerias-carne-cerdo\/#breadcrumb","itemListElement":[{"@type":"ListItem","position":1,"name":"Portada","item":"https:\/\/reporteroshoy.mx\/noticias\/"},{"@type":"ListItem","position":2,"name":"Apag\u00f3n deja sin carne y productos de cerdo a carnicer\u00edas de Tizim\u00edn"}]},{"@type":"WebSite","@id":"https:\/\/reporteroshoy.mx\/noticias\/#website","url":"https:\/\/reporteroshoy.mx\/noticias\/","name":"Reporteros Hoy | Noticias de Yucat\u00e1n","description":"Peri\u00f3dico digital con noticias diarias desde M\u00e9rida, Yucat\u00e1n para el mundo.","potentialAction":[{"@type":"SearchAction","target":{"@type":"EntryPoint","urlTemplate":"https:\/\/reporteroshoy.mx\/noticias\/?s={search_term_string}"},"query-input":{"@type":"PropertyValueSpecification","valueRequired":true,"valueName":"search_term_string"}}],"inLanguage":"es"},{"@type":"Person","@id":"https:\/\/reporteroshoy.mx\/noticias\/#\/schema\/person\/c977527e57c958a62c5cefe8fe47876e","name":"Reporteros Hoy WP","image":{"@type":"ImageObject","inLanguage":"es","@id":"https:\/\/secure.gravatar.com\/avatar\/fd2917f79a7dae30f8ac9ddc2f35e1756bb59e25e01d1cd09deaa64df7b2f73e?s=96&d=mm&r=g","url":"https:\/\/secure.gravatar.com\/avatar\/fd2917f79a7dae30f8ac9ddc2f35e1756bb59e25e01d1cd09deaa64df7b2f73e?s=96&d=mm&r=g","contentUrl":"https:\/\/secure.gravatar.com\/avatar\/fd2917f79a7dae30f8ac9ddc2f35e1756bb59e25e01d1cd09deaa64df7b2f73e?s=96&d=mm&r=g","caption":"Reporteros Hoy WP"},"url":"https:\/\/reporteroshoy.mx\/noticias\/author\/walfer\/"}]}},"_links":{"self":[{"href":"https:\/\/reporteroshoy.mx\/noticias\/wp-json\/wp\/v2\/posts\/131546","targetHints":{"allow":["GET"]}}],"collection":[{"href":"https:\/\/reporteroshoy.mx\/noticias\/wp-json\/wp\/v2\/posts"}],"about":[{"href":"https:\/\/reporteroshoy.mx\/noticias\/wp-json\/wp\/v2\/types\/post"}],"author":[{"embeddable":true,"href":"https:\/\/reporteroshoy.mx\/noticias\/wp-json\/wp\/v2\/users\/9"}],"replies":[{"embeddable":true,"href":"https:\/\/reporteroshoy.mx\/noticias\/wp-json\/wp\/v2\/comments?post=131546"}],"version-history":[{"count":0,"href":"https:\/\/reporteroshoy.mx\/noticias\/wp-json\/wp\/v2\/posts\/131546\/revisions"}],"wp:featuredmedia":[{"embeddable":true,"href":"https:\/\/reporteroshoy.mx\/noticias\/wp-json\/wp\/v2\/media\/131548"}],"wp:attachment":[{"href":"https:\/\/reporteroshoy.mx\/noticias\/wp-json\/wp\/v2\/media?parent=131546"}],"wp:term":[{"taxonomy":"category","embeddable":true,"href":"https:\/\/reporteroshoy.mx\/noticias\/wp-json\/wp\/v2\/categories?post=131546"},{"taxonomy":"post_tag","embeddable":true,"href":"https:\/\/reporteroshoy.mx\/noticias\/wp-json\/wp\/v2\/tags?post=131546"}],"curies":[{"name":"wp","href":"https:\/\/api.w.org\/{rel}","templated":true}]}}