{"id":131549,"date":"2026-09-01T15:14:07","date_gmt":"2026-09-01T21:14:07","guid":{"rendered":"https:\/\/reporteroshoy.mx\/noticias\/?p=131549"},"modified":"2026-09-01T15:18:58","modified_gmt":"2026-09-01T21:18:58","slug":"javier-osante-congreso-yucatan-jubilados-cfe","status":"publish","type":"post","link":"https:\/\/reporteroshoy.mx\/noticias\/javier-osante-congreso-yucatan-jubilados-cfe\/","title":{"rendered":"Diputado de MC pide que nunca m\u00e1s cierren las puertas del Congreso"},"content":{"rendered":"<p style=\"text-align: justify;\">El diputado de Movimiento Ciudadano, <span style=\"color: #0000ff;\"><a style=\"color: #0000ff;\" href=\"https:\/\/www.facebook.com\/JavierOsanteSolis\/?locale=es_LA\"><strong>Javier Osante Sol\u00eds<\/strong><\/a><\/span>, confront\u00f3 al presidente de la Junta de Gobierno del <strong>Congreso de Yucat\u00e1n<\/strong>, Wilmer Monforte Marfil, por las restricciones impuestas a jubilados de la Comisi\u00f3n Federal de Electricidad (CFE) que acudieron al recinto para manifestarse en defensa de sus derechos laborales.<\/p>\n<p style=\"text-align: justify;\">Al iniciar el nuevo periodo legislativo, Osante exigi\u00f3 que <strong>\u201cnunca m\u00e1s\u201d se cierren las puertas del Congreso a los ciudadanos<\/strong>, luego de que los jubilados enfrentaron restricciones para ingresar y finalmente consiguieron acceder al recinto.<\/p>\n<h3 style=\"text-align: justify;\"><strong>Osante cuestiona restricciones en el Congreso de Yucat\u00e1n<\/strong><\/h3>\n<p style=\"text-align: justify;\">El legislador asegur\u00f3 que personalmente solicit\u00f3 a Monforte Marfil permitir el acceso de los manifestantes, pero recibi\u00f3 como respuesta que el pleno estaba lleno y \u00fanicamente pod\u00eda ingresar una comisi\u00f3n de cinco personas.<\/p>\n<p style=\"text-align: justify;\">Osante rechaz\u00f3 el argumento al se\u00f1alar que hab\u00eda espacios disponibles. \u201cEste Congreso no puede ser una oficial\u00eda de partes ni una fortaleza a puerta cerrada\u201d, afirm\u00f3.<\/p>\n<p style=\"text-align: justify;\">\u201c<strong>Nunca m\u00e1s un Congreso a espaldas de la gente, nunca m\u00e1s un Congreso con puertas cerradas<\/strong>\u201d, agreg\u00f3.<\/p>\n<p><img loading=\"lazy\" decoding=\"async\" class=\"size-full wp-image-131551 aligncenter\" src=\"https:\/\/reporteroshoy.mx\/noticias\/wp-content\/uploads\/2026\/09\/WhatsApp-Image-2026-09-01-at-3.15.39-PM-scaled.avif\" alt=\"\" width=\"768\" height=\"512\" srcset=\"https:\/\/reporteroshoy.mx\/noticias\/wp-content\/uploads\/2026\/09\/WhatsApp-Image-2026-09-01-at-3.15.39-PM-scaled.avif 768w, https:\/\/reporteroshoy.mx\/noticias\/wp-content\/uploads\/2026\/09\/WhatsApp-Image-2026-09-01-at-3.15.39-PM-1536x1023.avif 1536w\" sizes=\"auto, (max-width: 768px) 100vw, 768px\" \/><\/p>\n<h3 style=\"text-align: justify;\"><strong>Pide m\u00e1s presupuesto federal para Yucat\u00e1n<\/strong><\/h3>\n<p style=\"text-align: justify;\">Durante su intervenci\u00f3n, Osante traslad\u00f3 el reclamo hacia los problemas de <strong>infraestructura el\u00e9ctrica, agua potable y transporte<\/strong> que enfrenta Yucat\u00e1n y pidi\u00f3 a los legisladores federales gestionar recursos extraordinarios dentro del <strong>Presupuesto de Egresos de la Federaci\u00f3n (PEF) 2027<\/strong>.<\/p>\n<p style=\"text-align: justify;\">Como ejemplo cit\u00f3 el apag\u00f3n registrado el lunes 31 de agosto, que afect\u00f3 a M\u00e9rida y otros municipios, y sostuvo que el crecimiento poblacional y metropolitano est\u00e1 aumentando la presi\u00f3n sobre los servicios p\u00fablicos.<\/p>\n<p style=\"text-align: justify;\">El diputado consider\u00f3 insuficientes incrementos presupuestales de <strong>1% o 2%<\/strong> y pidi\u00f3 recursos federales para financiar estudios t\u00e9cnicos y obras multianuales de infraestructura.<\/p>\n<h3 style=\"text-align: justify;\"><strong>MC propone fondo de 8 mil 800 millones<\/strong><\/h3>\n<p style=\"text-align: justify;\">Osante retom\u00f3 la propuesta de Movimiento Ciudadano para reformar el art\u00edculo 25 de la Ley de Coordinaci\u00f3n Fiscal y crear el <strong>Fondo de Consolidaci\u00f3n de la Paz<\/strong>, que, seg\u00fan c\u00e1lculos de la bancada, permitir\u00eda obtener <strong>8 mil 800 millones de pesos anuales para Yucat\u00e1n<\/strong>.<\/p>\n<p style=\"text-align: justify;\">Los recursos ser\u00edan destinados a infraestructura comunitaria, deporte, cultura, salud mental, prevenci\u00f3n del delito e investigaci\u00f3n acad\u00e9mica.<\/p>\n<p style=\"text-align: justify;\">El diputado cerr\u00f3 con un llamado a la mayor\u00eda parlamentaria para discutir las iniciativas de las distintas fuerzas pol\u00edticas que permanecen pendientes.<\/p>\n<p style=\"text-align: justify;\">\u201c<strong>Dejemos los colores de partido y empecemos a ver los rostros de la gente<\/strong>\u201d, expres\u00f3.<\/p>\n<p><strong>ACOM<\/strong><\/p>\n","protected":false},"excerpt":{"rendered":"<p>Javier Osante cuestion\u00f3 las restricciones de acceso a jubilados de la CFE y exigi\u00f3 que el Congreso de Yucat\u00e1n mantenga abiertas sus puertas a los ciudadanos.<\/p>\n","protected":false},"author":9,"featured_media":131551,"comment_status":"open","ping_status":"closed","sticky":false,"template":"","format":"standard","meta":{"footnotes":""},"categories":[24410],"tags":[29257,15271,28610,29258,29259],"class_list":["post-131549","post","type-post","status-publish","format-standard","has-post-thumbnail","hentry","category-politica","tag-fondo-de-consolidacion-de-la-paz","tag-javier-osante-solis","tag-jubilados-de-cfe","tag-pef-2027","tag-presupuesto-para-yucatan"],"yoast_head":"<!-- This site is optimized with the Yoast SEO plugin v28.4 - https:\/\/yoast.com\/product\/yoast-seo-wordpress\/ -->\n<title>Diputado de MC pide que nunca m\u00e1s cierren las puertas del Congreso<\/title>\n<meta name=\"description\" content=\"Javier Osante cuestion\u00f3 las restricciones de acceso a jubilados de la CFE y exigi\u00f3 que el Congreso de Yucat\u00e1n mantenga abiertas sus puertas a los ciudadanos.\" \/>\n<meta name=\"robots\" content=\"index, follow, max-snippet:-1, max-image-preview:large, max-video-preview:-1\" \/>\n<link rel=\"canonical\" href=\"https:\/\/reporteroshoy.mx\/noticias\/javier-osante-congreso-yucatan-jubilados-cfe\/\" \/>\n<meta property=\"og:locale\" content=\"es_ES\" \/>\n<meta property=\"og:type\" content=\"article\" \/>\n<meta property=\"og:title\" content=\"Diputado de MC pide que nunca m\u00e1s cierren las puertas del Congreso\" \/>\n<meta property=\"og:description\" content=\"Javier Osante cuestion\u00f3 las restricciones de acceso a jubilados de la CFE y exigi\u00f3 que el Congreso de Yucat\u00e1n mantenga abiertas sus puertas a los ciudadanos.\" \/>\n<meta property=\"og:url\" content=\"https:\/\/reporteroshoy.mx\/noticias\/javier-osante-congreso-yucatan-jubilados-cfe\/\" \/>\n<meta property=\"og:site_name\" content=\"Reporteros Hoy | Noticias de Yucat\u00e1n\" \/>\n<meta property=\"article:publisher\" content=\"http:\/\/www.facebook.com\/reporteroshoymx\" \/>\n<meta property=\"article:published_time\" content=\"2026-09-01T21:14:07+00:00\" \/>\n<meta property=\"article:modified_time\" content=\"2026-09-01T21:18:58+00:00\" \/>\n<meta property=\"og:image\" content=\"https:\/\/reporteroshoy.mx\/noticias\/wp-content\/uploads\/2026\/09\/WhatsApp-Image-2026-09-01-at-3.15.39-PM-scaled.avif\" \/>\n\t<meta property=\"og:image:width\" content=\"768\" \/>\n\t<meta property=\"og:image:height\" content=\"512\" \/>\n\t<meta property=\"og:image:type\" content=\"image\/jpeg\" \/>\n<meta name=\"author\" content=\"Reporteros Hoy WP\" \/>\n<meta name=\"twitter:card\" content=\"summary_large_image\" \/>\n<meta name=\"twitter:creator\" content=\"@reporteroshoy\" \/>\n<meta name=\"twitter:site\" content=\"@reporteroshoy\" \/>\n<meta name=\"twitter:label1\" content=\"Escrito por\" \/>\n\t<meta name=\"twitter:data1\" content=\"Reporteros Hoy WP\" \/>\n\t<meta name=\"twitter:label2\" content=\"Tiempo de lectura\" \/>\n\t<meta name=\"twitter:data2\" content=\"3 minutos\" \/>\n<script type=\"application\/ld+json\" class=\"yoast-schema-graph\">{\"@context\":\"https:\\\/\\\/schema.org\",\"@graph\":[{\"@type\":\"Article\",\"@id\":\"https:\\\/\\\/reporteroshoy.mx\\\/noticias\\\/javier-osante-congreso-yucatan-jubilados-cfe\\\/#article\",\"isPartOf\":{\"@id\":\"https:\\\/\\\/reporteroshoy.mx\\\/noticias\\\/javier-osante-congreso-yucatan-jubilados-cfe\\\/\"},\"author\":{\"name\":\"Reporteros Hoy WP\",\"@id\":\"https:\\\/\\\/reporteroshoy.mx\\\/noticias\\\/#\\\/schema\\\/person\\\/c977527e57c958a62c5cefe8fe47876e\"},\"headline\":\"Diputado de MC pide que nunca m\u00e1s cierren las puertas del Congreso\",\"datePublished\":\"2026-09-01T21:14:07+00:00\",\"dateModified\":\"2026-09-01T21:18:58+00:00\",\"mainEntityOfPage\":{\"@id\":\"https:\\\/\\\/reporteroshoy.mx\\\/noticias\\\/javier-osante-congreso-yucatan-jubilados-cfe\\\/\"},\"wordCount\":416,\"commentCount\":0,\"image\":{\"@id\":\"https:\\\/\\\/reporteroshoy.mx\\\/noticias\\\/javier-osante-congreso-yucatan-jubilados-cfe\\\/#primaryimage\"},\"thumbnailUrl\":\"https:\\\/\\\/reporteroshoy.mx\\\/noticias\\\/wp-content\\\/uploads\\\/2026\\\/09\\\/WhatsApp-Image-2026-09-01-at-3.15.39-PM-scaled.avif\",\"keywords\":[\"Fondo de Consolidaci\u00f3n de la Paz\",\"Javier Osante Sol\u00eds\",\"jubilados de CFE\",\"PEF 2027\",\"presupuesto para Yucat\u00e1n\"],\"articleSection\":[\"Pol\u00edtica\"],\"inLanguage\":\"es\",\"potentialAction\":[{\"@type\":\"CommentAction\",\"name\":\"Comment\",\"target\":[\"https:\\\/\\\/reporteroshoy.mx\\\/noticias\\\/javier-osante-congreso-yucatan-jubilados-cfe\\\/#respond\"]}]},{\"@type\":\"WebPage\",\"@id\":\"https:\\\/\\\/reporteroshoy.mx\\\/noticias\\\/javier-osante-congreso-yucatan-jubilados-cfe\\\/\",\"url\":\"https:\\\/\\\/reporteroshoy.mx\\\/noticias\\\/javier-osante-congreso-yucatan-jubilados-cfe\\\/\",\"name\":\"Diputado de MC pide que nunca m\u00e1s cierren las puertas del Congreso\",\"isPartOf\":{\"@id\":\"https:\\\/\\\/reporteroshoy.mx\\\/noticias\\\/#website\"},\"primaryImageOfPage\":{\"@id\":\"https:\\\/\\\/reporteroshoy.mx\\\/noticias\\\/javier-osante-congreso-yucatan-jubilados-cfe\\\/#primaryimage\"},\"image\":{\"@id\":\"https:\\\/\\\/reporteroshoy.mx\\\/noticias\\\/javier-osante-congreso-yucatan-jubilados-cfe\\\/#primaryimage\"},\"thumbnailUrl\":\"https:\\\/\\\/reporteroshoy.mx\\\/noticias\\\/wp-content\\\/uploads\\\/2026\\\/09\\\/WhatsApp-Image-2026-09-01-at-3.15.39-PM-scaled.avif\",\"datePublished\":\"2026-09-01T21:14:07+00:00\",\"dateModified\":\"2026-09-01T21:18:58+00:00\",\"author\":{\"@id\":\"https:\\\/\\\/reporteroshoy.mx\\\/noticias\\\/#\\\/schema\\\/person\\\/c977527e57c958a62c5cefe8fe47876e\"},\"description\":\"Javier Osante cuestion\u00f3 las restricciones de acceso a jubilados de la CFE y exigi\u00f3 que el Congreso de Yucat\u00e1n mantenga abiertas sus puertas a los ciudadanos.\",\"breadcrumb\":{\"@id\":\"https:\\\/\\\/reporteroshoy.mx\\\/noticias\\\/javier-osante-congreso-yucatan-jubilados-cfe\\\/#breadcrumb\"},\"inLanguage\":\"es\",\"potentialAction\":[{\"@type\":\"ReadAction\",\"target\":[\"https:\\\/\\\/reporteroshoy.mx\\\/noticias\\\/javier-osante-congreso-yucatan-jubilados-cfe\\\/\"]}]},{\"@type\":\"ImageObject\",\"inLanguage\":\"es\",\"@id\":\"https:\\\/\\\/reporteroshoy.mx\\\/noticias\\\/javier-osante-congreso-yucatan-jubilados-cfe\\\/#primaryimage\",\"url\":\"https:\\\/\\\/reporteroshoy.mx\\\/noticias\\\/wp-content\\\/uploads\\\/2026\\\/09\\\/WhatsApp-Image-2026-09-01-at-3.15.39-PM-scaled.avif\",\"contentUrl\":\"https:\\\/\\\/reporteroshoy.mx\\\/noticias\\\/wp-content\\\/uploads\\\/2026\\\/09\\\/WhatsApp-Image-2026-09-01-at-3.15.39-PM-scaled.avif\",\"width\":768,\"height\":512,\"caption\":\"Diputado de MC pide que nunca m\u00e1s cierren las puertas del Congreso\"},{\"@type\":\"BreadcrumbList\",\"@id\":\"https:\\\/\\\/reporteroshoy.mx\\\/noticias\\\/javier-osante-congreso-yucatan-jubilados-cfe\\\/#breadcrumb\",\"itemListElement\":[{\"@type\":\"ListItem\",\"position\":1,\"name\":\"Portada\",\"item\":\"https:\\\/\\\/reporteroshoy.mx\\\/noticias\\\/\"},{\"@type\":\"ListItem\",\"position\":2,\"name\":\"Diputado de MC pide que nunca m\u00e1s cierren las puertas del Congreso\"}]},{\"@type\":\"WebSite\",\"@id\":\"https:\\\/\\\/reporteroshoy.mx\\\/noticias\\\/#website\",\"url\":\"https:\\\/\\\/reporteroshoy.mx\\\/noticias\\\/\",\"name\":\"Reporteros Hoy | Noticias de Yucat\u00e1n\",\"description\":\"Peri\u00f3dico digital con noticias diarias desde M\u00e9rida, Yucat\u00e1n para el mundo.\",\"potentialAction\":[{\"@type\":\"SearchAction\",\"target\":{\"@type\":\"EntryPoint\",\"urlTemplate\":\"https:\\\/\\\/reporteroshoy.mx\\\/noticias\\\/?s={search_term_string}\"},\"query-input\":{\"@type\":\"PropertyValueSpecification\",\"valueRequired\":true,\"valueName\":\"search_term_string\"}}],\"inLanguage\":\"es\"},{\"@type\":\"Person\",\"@id\":\"https:\\\/\\\/reporteroshoy.mx\\\/noticias\\\/#\\\/schema\\\/person\\\/c977527e57c958a62c5cefe8fe47876e\",\"name\":\"Reporteros Hoy WP\",\"image\":{\"@type\":\"ImageObject\",\"inLanguage\":\"es\",\"@id\":\"https:\\\/\\\/secure.gravatar.com\\\/avatar\\\/fd2917f79a7dae30f8ac9ddc2f35e1756bb59e25e01d1cd09deaa64df7b2f73e?s=96&d=mm&r=g\",\"url\":\"https:\\\/\\\/secure.gravatar.com\\\/avatar\\\/fd2917f79a7dae30f8ac9ddc2f35e1756bb59e25e01d1cd09deaa64df7b2f73e?s=96&d=mm&r=g\",\"contentUrl\":\"https:\\\/\\\/secure.gravatar.com\\\/avatar\\\/fd2917f79a7dae30f8ac9ddc2f35e1756bb59e25e01d1cd09deaa64df7b2f73e?s=96&d=mm&r=g\",\"caption\":\"Reporteros Hoy WP\"},\"url\":\"https:\\\/\\\/reporteroshoy.mx\\\/noticias\\\/author\\\/walfer\\\/\"}]}<\/script>\n<!-- \/ Yoast SEO plugin. -->","yoast_head_json":{"title":"Diputado de MC pide que nunca m\u00e1s cierren las puertas del Congreso","description":"Javier Osante cuestion\u00f3 las restricciones de acceso a jubilados de la CFE y exigi\u00f3 que el Congreso de Yucat\u00e1n mantenga abiertas sus puertas a los ciudadanos.","robots":{"index":"index","follow":"follow","max-snippet":"max-snippet:-1","max-image-preview":"max-image-preview:large","max-video-preview":"max-video-preview:-1"},"canonical":"https:\/\/reporteroshoy.mx\/noticias\/javier-osante-congreso-yucatan-jubilados-cfe\/","og_locale":"es_ES","og_type":"article","og_title":"Diputado de MC pide que nunca m\u00e1s cierren las puertas del Congreso","og_description":"Javier Osante cuestion\u00f3 las restricciones de acceso a jubilados de la CFE y exigi\u00f3 que el Congreso de Yucat\u00e1n mantenga abiertas sus puertas a los ciudadanos.","og_url":"https:\/\/reporteroshoy.mx\/noticias\/javier-osante-congreso-yucatan-jubilados-cfe\/","og_site_name":"Reporteros Hoy | Noticias de Yucat\u00e1n","article_publisher":"http:\/\/www.facebook.com\/reporteroshoymx","article_published_time":"2026-09-01T21:14:07+00:00","article_modified_time":"2026-09-01T21:18:58+00:00","og_image":[{"width":768,"height":512,"url":"https:\/\/reporteroshoy.mx\/noticias\/wp-content\/uploads\/2026\/09\/WhatsApp-Image-2026-09-01-at-3.15.39-PM-scaled.avif","type":"image\/jpeg"}],"author":"Reporteros Hoy WP","twitter_card":"summary_large_image","twitter_creator":"@reporteroshoy","twitter_site":"@reporteroshoy","twitter_misc":{"Escrito por":"Reporteros Hoy WP","Tiempo de lectura":"3 minutos"},"schema":{"@context":"https:\/\/schema.org","@graph":[{"@type":"Article","@id":"https:\/\/reporteroshoy.mx\/noticias\/javier-osante-congreso-yucatan-jubilados-cfe\/#article","isPartOf":{"@id":"https:\/\/reporteroshoy.mx\/noticias\/javier-osante-congreso-yucatan-jubilados-cfe\/"},"author":{"name":"Reporteros Hoy WP","@id":"https:\/\/reporteroshoy.mx\/noticias\/#\/schema\/person\/c977527e57c958a62c5cefe8fe47876e"},"headline":"Diputado de MC pide que nunca m\u00e1s cierren las puertas del Congreso","datePublished":"2026-09-01T21:14:07+00:00","dateModified":"2026-09-01T21:18:58+00:00","mainEntityOfPage":{"@id":"https:\/\/reporteroshoy.mx\/noticias\/javier-osante-congreso-yucatan-jubilados-cfe\/"},"wordCount":416,"commentCount":0,"image":{"@id":"https:\/\/reporteroshoy.mx\/noticias\/javier-osante-congreso-yucatan-jubilados-cfe\/#primaryimage"},"thumbnailUrl":"https:\/\/reporteroshoy.mx\/noticias\/wp-content\/uploads\/2026\/09\/WhatsApp-Image-2026-09-01-at-3.15.39-PM-scaled.avif","keywords":["Fondo de Consolidaci\u00f3n de la Paz","Javier Osante Sol\u00eds","jubilados de CFE","PEF 2027","presupuesto para Yucat\u00e1n"],"articleSection":["Pol\u00edtica"],"inLanguage":"es","potentialAction":[{"@type":"CommentAction","name":"Comment","target":["https:\/\/reporteroshoy.mx\/noticias\/javier-osante-congreso-yucatan-jubilados-cfe\/#respond"]}]},{"@type":"WebPage","@id":"https:\/\/reporteroshoy.mx\/noticias\/javier-osante-congreso-yucatan-jubilados-cfe\/","url":"https:\/\/reporteroshoy.mx\/noticias\/javier-osante-congreso-yucatan-jubilados-cfe\/","name":"Diputado de MC pide que nunca m\u00e1s cierren las puertas del Congreso","isPartOf":{"@id":"https:\/\/reporteroshoy.mx\/noticias\/#website"},"primaryImageOfPage":{"@id":"https:\/\/reporteroshoy.mx\/noticias\/javier-osante-congreso-yucatan-jubilados-cfe\/#primaryimage"},"image":{"@id":"https:\/\/reporteroshoy.mx\/noticias\/javier-osante-congreso-yucatan-jubilados-cfe\/#primaryimage"},"thumbnailUrl":"https:\/\/reporteroshoy.mx\/noticias\/wp-content\/uploads\/2026\/09\/WhatsApp-Image-2026-09-01-at-3.15.39-PM-scaled.avif","datePublished":"2026-09-01T21:14:07+00:00","dateModified":"2026-09-01T21:18:58+00:00","author":{"@id":"https:\/\/reporteroshoy.mx\/noticias\/#\/schema\/person\/c977527e57c958a62c5cefe8fe47876e"},"description":"Javier Osante cuestion\u00f3 las restricciones de acceso a jubilados de la CFE y exigi\u00f3 que el Congreso de Yucat\u00e1n mantenga abiertas sus puertas a los ciudadanos.","breadcrumb":{"@id":"https:\/\/reporteroshoy.mx\/noticias\/javier-osante-congreso-yucatan-jubilados-cfe\/#breadcrumb"},"inLanguage":"es","potentialAction":[{"@type":"ReadAction","target":["https:\/\/reporteroshoy.mx\/noticias\/javier-osante-congreso-yucatan-jubilados-cfe\/"]}]},{"@type":"ImageObject","inLanguage":"es","@id":"https:\/\/reporteroshoy.mx\/noticias\/javier-osante-congreso-yucatan-jubilados-cfe\/#primaryimage","url":"https:\/\/reporteroshoy.mx\/noticias\/wp-content\/uploads\/2026\/09\/WhatsApp-Image-2026-09-01-at-3.15.39-PM-scaled.avif","contentUrl":"https:\/\/reporteroshoy.mx\/noticias\/wp-content\/uploads\/2026\/09\/WhatsApp-Image-2026-09-01-at-3.15.39-PM-scaled.avif","width":768,"height":512,"caption":"Diputado de MC pide que nunca m\u00e1s cierren las puertas del Congreso"},{"@type":"BreadcrumbList","@id":"https:\/\/reporteroshoy.mx\/noticias\/javier-osante-congreso-yucatan-jubilados-cfe\/#breadcrumb","itemListElement":[{"@type":"ListItem","position":1,"name":"Portada","item":"https:\/\/reporteroshoy.mx\/noticias\/"},{"@type":"ListItem","position":2,"name":"Diputado de MC pide que nunca m\u00e1s cierren las puertas del Congreso"}]},{"@type":"WebSite","@id":"https:\/\/reporteroshoy.mx\/noticias\/#website","url":"https:\/\/reporteroshoy.mx\/noticias\/","name":"Reporteros Hoy | Noticias de Yucat\u00e1n","description":"Peri\u00f3dico digital con noticias diarias desde M\u00e9rida, Yucat\u00e1n para el mundo.","potentialAction":[{"@type":"SearchAction","target":{"@type":"EntryPoint","urlTemplate":"https:\/\/reporteroshoy.mx\/noticias\/?s={search_term_string}"},"query-input":{"@type":"PropertyValueSpecification","valueRequired":true,"valueName":"search_term_string"}}],"inLanguage":"es"},{"@type":"Person","@id":"https:\/\/reporteroshoy.mx\/noticias\/#\/schema\/person\/c977527e57c958a62c5cefe8fe47876e","name":"Reporteros Hoy WP","image":{"@type":"ImageObject","inLanguage":"es","@id":"https:\/\/secure.gravatar.com\/avatar\/fd2917f79a7dae30f8ac9ddc2f35e1756bb59e25e01d1cd09deaa64df7b2f73e?s=96&d=mm&r=g","url":"https:\/\/secure.gravatar.com\/avatar\/fd2917f79a7dae30f8ac9ddc2f35e1756bb59e25e01d1cd09deaa64df7b2f73e?s=96&d=mm&r=g","contentUrl":"https:\/\/secure.gravatar.com\/avatar\/fd2917f79a7dae30f8ac9ddc2f35e1756bb59e25e01d1cd09deaa64df7b2f73e?s=96&d=mm&r=g","caption":"Reporteros Hoy WP"},"url":"https:\/\/reporteroshoy.mx\/noticias\/author\/walfer\/"}]}},"_links":{"self":[{"href":"https:\/\/reporteroshoy.mx\/noticias\/wp-json\/wp\/v2\/posts\/131549","targetHints":{"allow":["GET"]}}],"collection":[{"href":"https:\/\/reporteroshoy.mx\/noticias\/wp-json\/wp\/v2\/posts"}],"about":[{"href":"https:\/\/reporteroshoy.mx\/noticias\/wp-json\/wp\/v2\/types\/post"}],"author":[{"embeddable":true,"href":"https:\/\/reporteroshoy.mx\/noticias\/wp-json\/wp\/v2\/users\/9"}],"replies":[{"embeddable":true,"href":"https:\/\/reporteroshoy.mx\/noticias\/wp-json\/wp\/v2\/comments?post=131549"}],"version-history":[{"count":0,"href":"https:\/\/reporteroshoy.mx\/noticias\/wp-json\/wp\/v2\/posts\/131549\/revisions"}],"wp:featuredmedia":[{"embeddable":true,"href":"https:\/\/reporteroshoy.mx\/noticias\/wp-json\/wp\/v2\/media\/131551"}],"wp:attachment":[{"href":"https:\/\/reporteroshoy.mx\/noticias\/wp-json\/wp\/v2\/media?parent=131549"}],"wp:term":[{"taxonomy":"category","embeddable":true,"href":"https:\/\/reporteroshoy.mx\/noticias\/wp-json\/wp\/v2\/categories?post=131549"},{"taxonomy":"post_tag","embeddable":true,"href":"https:\/\/reporteroshoy.mx\/noticias\/wp-json\/wp\/v2\/tags?post=131549"}],"curies":[{"name":"wp","href":"https:\/\/api.w.org\/{rel}","templated":true}]}}