{"id":131568,"date":"2026-09-01T22:18:05","date_gmt":"2026-09-02T04:18:05","guid":{"rendered":"https:\/\/reporteroshoy.mx\/noticias\/?p=131568"},"modified":"2026-09-01T22:18:05","modified_gmt":"2026-09-02T04:18:05","slug":"joven-inconsciente-ticul-traslado-hamaca-patrulla","status":"publish","type":"post","link":"https:\/\/reporteroshoy.mx\/noticias\/joven-inconsciente-ticul-traslado-hamaca-patrulla\/","title":{"rendered":"Trasladan en hamaca a joven inconsciente en Ticul"},"content":{"rendered":"<p class=\"isSelectedEnd\" style=\"text-align: justify;\">Polic\u00edas municipales trasladaron en una hamaca y a bordo de una patrulla a un <strong>joven inconsciente en Ticul<\/strong>, luego de localizarlo en un predio abandonado del barrio de San Enrique, ante la presunta falta de ambulancias disponibles.<\/p>\n<h4 class=\"isSelectedEnd\" style=\"text-align: justify;\"><strong>Joven inconsciente en Ticul moviliza a polic\u00edas municipales<\/strong><\/h4>\n<p class=\"isSelectedEnd\" style=\"text-align: justify;\">Los hechos ocurrieron en un inmueble ubicado sobre la calle 23, entre 36 y 38, donde un conocido encontr\u00f3 al joven, identificado popularmente como \u201cLa Pava\u201d, aparentemente inconsciente, con sangrado y espuma en la boca.<\/p>\n<p style=\"text-align: justify;\"><img loading=\"lazy\" decoding=\"async\" class=\"wp-image-131570 aligncenter\" src=\"https:\/\/reporteroshoy.mx\/noticias\/wp-content\/uploads\/2026\/09\/HAMACA-TICUL-3-scaled.avif\" alt=\"hamaca Ticul\" width=\"609\" height=\"463\" \/> Ante la emergencia, vecinos solicitaron apoyo de los cuerpos de auxilio. Sin embargo, al no contar presuntamente con una ambulancia disponible en ese momento, los agentes municipales decidieron trasladarlo de inmediato para evitar que su estado de salud empeorara.<\/p>\n<p class=\"isSelectedEnd\" style=\"text-align: justify;\">Los polic\u00edas utilizaron la propia hamaca en la que encontraron al joven, la colocaron en la cama de la patrulla y lo llevaron de urgencia al <strong>Centro de Salud de Ticul<\/strong>, donde personal m\u00e9dico lo recibi\u00f3 para su valoraci\u00f3n.<\/p>\n<h4 class=\"isSelectedEnd\" style=\"text-align: justify;\"><strong>Presunta falta de ambulancia genera inconformidad<\/strong><\/h4>\n<p class=\"isSelectedEnd\" style=\"text-align: justify;\">De manera preliminar, vecinos se\u00f1alaron que el joven tendr\u00eda antecedentes de consumo de alcohol y sustancias, por lo que surgi\u00f3 la versi\u00f3n de una posible intoxicaci\u00f3n o sobredosis. No obstante, personal m\u00e9dico deber\u00e1 determinar la causa de su estado de salud.<\/p>\n<p><img loading=\"lazy\" decoding=\"async\" class=\"wp-image-131569 aligncenter\" src=\"https:\/\/reporteroshoy.mx\/noticias\/wp-content\/uploads\/2026\/09\/HAMACA-TICUL-1-scaled.avif\" alt=\"hamaca Ticul\" width=\"624\" height=\"471\" \/><\/p>\n<p class=\"isSelectedEnd\" style=\"text-align: justify;\">El caso gener\u00f3 inconformidad entre habitantes de Ticul, quienes cuestionaron que una emergencia m\u00e9dica terminara con un traslado improvisado en hamaca y patrulla por la presunta falta de una ambulancia disponible.<\/p>\n<p style=\"text-align: justify;\">Autoridades mantuvieron bajo resguardo el predio donde localizaron al joven, mientras recababan informaci\u00f3n sobre lo ocurrido.<\/p>\n<h5><strong>Fuente: ACOM.<\/strong><\/h5>\n","protected":false},"excerpt":{"rendered":"<p>Polic\u00edas municipales llevaron al joven en una patrulla hasta el Centro de Salud, ante la presunta falta de una ambulancia disponible.<\/p>\n","protected":false},"author":2,"featured_media":131570,"comment_status":"open","ping_status":"closed","sticky":false,"template":"","format":"standard","meta":{"footnotes":""},"categories":[24409],"tags":[7085,1333,23],"class_list":["post-131568","post","type-post","status-publish","format-standard","has-post-thumbnail","hentry","category-de-interes","tag-hamaca","tag-ticul","tag-yucatan"],"yoast_head":"<!-- This site is optimized with the Yoast SEO plugin v28.4 - https:\/\/yoast.com\/product\/yoast-seo-wordpress\/ -->\n<title>Trasladan en hamaca a joven inconsciente en Ticul<\/title>\n<meta name=\"description\" content=\"Polic\u00edas municipales llevaron al joven en una patrulla hasta el Centro de Salud, ante la presunta falta de una ambulancia disponible.\" \/>\n<meta name=\"robots\" content=\"index, follow, max-snippet:-1, max-image-preview:large, max-video-preview:-1\" \/>\n<link rel=\"canonical\" href=\"https:\/\/reporteroshoy.mx\/noticias\/joven-inconsciente-ticul-traslado-hamaca-patrulla\/\" \/>\n<meta property=\"og:locale\" content=\"es_ES\" \/>\n<meta property=\"og:type\" content=\"article\" \/>\n<meta property=\"og:title\" content=\"Trasladan en hamaca a joven inconsciente en Ticul\" \/>\n<meta property=\"og:description\" content=\"Polic\u00edas municipales llevaron al joven en una patrulla hasta el Centro de Salud, ante la presunta falta de una ambulancia disponible.\" \/>\n<meta property=\"og:url\" content=\"https:\/\/reporteroshoy.mx\/noticias\/joven-inconsciente-ticul-traslado-hamaca-patrulla\/\" \/>\n<meta property=\"og:site_name\" content=\"Reporteros Hoy | Noticias de Yucat\u00e1n\" \/>\n<meta property=\"article:publisher\" content=\"http:\/\/www.facebook.com\/reporteroshoymx\" \/>\n<meta property=\"article:published_time\" content=\"2026-09-02T04:18:05+00:00\" \/>\n<meta property=\"og:image\" content=\"https:\/\/reporteroshoy.mx\/noticias\/wp-content\/uploads\/2026\/09\/HAMACA-TICUL-3-scaled.avif\" \/>\n\t<meta property=\"og:image:width\" content=\"768\" \/>\n\t<meta property=\"og:image:height\" content=\"584\" \/>\n\t<meta property=\"og:image:type\" content=\"image\/jpeg\" \/>\n<meta name=\"author\" content=\"Reporteros Hoy HY\" \/>\n<meta name=\"twitter:card\" content=\"summary_large_image\" \/>\n<meta name=\"twitter:creator\" content=\"@reporteroshoy\" \/>\n<meta name=\"twitter:site\" content=\"@reporteroshoy\" \/>\n<meta name=\"twitter:label1\" content=\"Escrito por\" \/>\n\t<meta name=\"twitter:data1\" content=\"Reporteros Hoy HY\" \/>\n\t<meta name=\"twitter:label2\" content=\"Tiempo de lectura\" \/>\n\t<meta name=\"twitter:data2\" content=\"2 minutos\" \/>\n<script type=\"application\/ld+json\" class=\"yoast-schema-graph\">{\"@context\":\"https:\\\/\\\/schema.org\",\"@graph\":[{\"@type\":\"Article\",\"@id\":\"https:\\\/\\\/reporteroshoy.mx\\\/noticias\\\/joven-inconsciente-ticul-traslado-hamaca-patrulla\\\/#article\",\"isPartOf\":{\"@id\":\"https:\\\/\\\/reporteroshoy.mx\\\/noticias\\\/joven-inconsciente-ticul-traslado-hamaca-patrulla\\\/\"},\"author\":{\"name\":\"Reporteros Hoy HY\",\"@id\":\"https:\\\/\\\/reporteroshoy.mx\\\/noticias\\\/#\\\/schema\\\/person\\\/d32189074678a9d41498d4248e29aac3\"},\"headline\":\"Trasladan en hamaca a joven inconsciente en Ticul\",\"datePublished\":\"2026-09-02T04:18:05+00:00\",\"mainEntityOfPage\":{\"@id\":\"https:\\\/\\\/reporteroshoy.mx\\\/noticias\\\/joven-inconsciente-ticul-traslado-hamaca-patrulla\\\/\"},\"wordCount\":271,\"commentCount\":0,\"image\":{\"@id\":\"https:\\\/\\\/reporteroshoy.mx\\\/noticias\\\/joven-inconsciente-ticul-traslado-hamaca-patrulla\\\/#primaryimage\"},\"thumbnailUrl\":\"https:\\\/\\\/reporteroshoy.mx\\\/noticias\\\/wp-content\\\/uploads\\\/2026\\\/09\\\/HAMACA-TICUL-3-scaled.avif\",\"keywords\":[\"hamaca\",\"Ticul\",\"Yucat\u00e1n\"],\"articleSection\":[\"De inter\u00e9s\"],\"inLanguage\":\"es\",\"potentialAction\":[{\"@type\":\"CommentAction\",\"name\":\"Comment\",\"target\":[\"https:\\\/\\\/reporteroshoy.mx\\\/noticias\\\/joven-inconsciente-ticul-traslado-hamaca-patrulla\\\/#respond\"]}]},{\"@type\":\"WebPage\",\"@id\":\"https:\\\/\\\/reporteroshoy.mx\\\/noticias\\\/joven-inconsciente-ticul-traslado-hamaca-patrulla\\\/\",\"url\":\"https:\\\/\\\/reporteroshoy.mx\\\/noticias\\\/joven-inconsciente-ticul-traslado-hamaca-patrulla\\\/\",\"name\":\"Trasladan en hamaca a joven inconsciente en Ticul\",\"isPartOf\":{\"@id\":\"https:\\\/\\\/reporteroshoy.mx\\\/noticias\\\/#website\"},\"primaryImageOfPage\":{\"@id\":\"https:\\\/\\\/reporteroshoy.mx\\\/noticias\\\/joven-inconsciente-ticul-traslado-hamaca-patrulla\\\/#primaryimage\"},\"image\":{\"@id\":\"https:\\\/\\\/reporteroshoy.mx\\\/noticias\\\/joven-inconsciente-ticul-traslado-hamaca-patrulla\\\/#primaryimage\"},\"thumbnailUrl\":\"https:\\\/\\\/reporteroshoy.mx\\\/noticias\\\/wp-content\\\/uploads\\\/2026\\\/09\\\/HAMACA-TICUL-3-scaled.avif\",\"datePublished\":\"2026-09-02T04:18:05+00:00\",\"author\":{\"@id\":\"https:\\\/\\\/reporteroshoy.mx\\\/noticias\\\/#\\\/schema\\\/person\\\/d32189074678a9d41498d4248e29aac3\"},\"description\":\"Polic\u00edas municipales llevaron al joven en una patrulla hasta el Centro de Salud, ante la presunta falta de una ambulancia disponible.\",\"breadcrumb\":{\"@id\":\"https:\\\/\\\/reporteroshoy.mx\\\/noticias\\\/joven-inconsciente-ticul-traslado-hamaca-patrulla\\\/#breadcrumb\"},\"inLanguage\":\"es\",\"potentialAction\":[{\"@type\":\"ReadAction\",\"target\":[\"https:\\\/\\\/reporteroshoy.mx\\\/noticias\\\/joven-inconsciente-ticul-traslado-hamaca-patrulla\\\/\"]}]},{\"@type\":\"ImageObject\",\"inLanguage\":\"es\",\"@id\":\"https:\\\/\\\/reporteroshoy.mx\\\/noticias\\\/joven-inconsciente-ticul-traslado-hamaca-patrulla\\\/#primaryimage\",\"url\":\"https:\\\/\\\/reporteroshoy.mx\\\/noticias\\\/wp-content\\\/uploads\\\/2026\\\/09\\\/HAMACA-TICUL-3-scaled.avif\",\"contentUrl\":\"https:\\\/\\\/reporteroshoy.mx\\\/noticias\\\/wp-content\\\/uploads\\\/2026\\\/09\\\/HAMACA-TICUL-3-scaled.avif\",\"width\":768,\"height\":584,\"caption\":\"hamaca Ticul\"},{\"@type\":\"BreadcrumbList\",\"@id\":\"https:\\\/\\\/reporteroshoy.mx\\\/noticias\\\/joven-inconsciente-ticul-traslado-hamaca-patrulla\\\/#breadcrumb\",\"itemListElement\":[{\"@type\":\"ListItem\",\"position\":1,\"name\":\"Portada\",\"item\":\"https:\\\/\\\/reporteroshoy.mx\\\/noticias\\\/\"},{\"@type\":\"ListItem\",\"position\":2,\"name\":\"Trasladan en hamaca a joven inconsciente en Ticul\"}]},{\"@type\":\"WebSite\",\"@id\":\"https:\\\/\\\/reporteroshoy.mx\\\/noticias\\\/#website\",\"url\":\"https:\\\/\\\/reporteroshoy.mx\\\/noticias\\\/\",\"name\":\"Reporteros Hoy | Noticias de Yucat\u00e1n\",\"description\":\"Peri\u00f3dico digital con noticias diarias desde M\u00e9rida, Yucat\u00e1n para el mundo.\",\"potentialAction\":[{\"@type\":\"SearchAction\",\"target\":{\"@type\":\"EntryPoint\",\"urlTemplate\":\"https:\\\/\\\/reporteroshoy.mx\\\/noticias\\\/?s={search_term_string}\"},\"query-input\":{\"@type\":\"PropertyValueSpecification\",\"valueRequired\":true,\"valueName\":\"search_term_string\"}}],\"inLanguage\":\"es\"},{\"@type\":\"Person\",\"@id\":\"https:\\\/\\\/reporteroshoy.mx\\\/noticias\\\/#\\\/schema\\\/person\\\/d32189074678a9d41498d4248e29aac3\",\"name\":\"Reporteros Hoy HY\",\"image\":{\"@type\":\"ImageObject\",\"inLanguage\":\"es\",\"@id\":\"https:\\\/\\\/secure.gravatar.com\\\/avatar\\\/c539a82770f256437b35bda44650bb50f5fd4b7017f8b29672ed9f27a43cec47?s=96&d=mm&r=g\",\"url\":\"https:\\\/\\\/secure.gravatar.com\\\/avatar\\\/c539a82770f256437b35bda44650bb50f5fd4b7017f8b29672ed9f27a43cec47?s=96&d=mm&r=g\",\"contentUrl\":\"https:\\\/\\\/secure.gravatar.com\\\/avatar\\\/c539a82770f256437b35bda44650bb50f5fd4b7017f8b29672ed9f27a43cec47?s=96&d=mm&r=g\",\"caption\":\"Reporteros Hoy HY\"},\"url\":\"https:\\\/\\\/reporteroshoy.mx\\\/noticias\\\/author\\\/thelmo\\\/\"}]}<\/script>\n<!-- \/ Yoast SEO plugin. -->","yoast_head_json":{"title":"Trasladan en hamaca a joven inconsciente en Ticul","description":"Polic\u00edas municipales llevaron al joven en una patrulla hasta el Centro de Salud, ante la presunta falta de una ambulancia disponible.","robots":{"index":"index","follow":"follow","max-snippet":"max-snippet:-1","max-image-preview":"max-image-preview:large","max-video-preview":"max-video-preview:-1"},"canonical":"https:\/\/reporteroshoy.mx\/noticias\/joven-inconsciente-ticul-traslado-hamaca-patrulla\/","og_locale":"es_ES","og_type":"article","og_title":"Trasladan en hamaca a joven inconsciente en Ticul","og_description":"Polic\u00edas municipales llevaron al joven en una patrulla hasta el Centro de Salud, ante la presunta falta de una ambulancia disponible.","og_url":"https:\/\/reporteroshoy.mx\/noticias\/joven-inconsciente-ticul-traslado-hamaca-patrulla\/","og_site_name":"Reporteros Hoy | Noticias de Yucat\u00e1n","article_publisher":"http:\/\/www.facebook.com\/reporteroshoymx","article_published_time":"2026-09-02T04:18:05+00:00","og_image":[{"width":768,"height":584,"url":"https:\/\/reporteroshoy.mx\/noticias\/wp-content\/uploads\/2026\/09\/HAMACA-TICUL-3-scaled.avif","type":"image\/jpeg"}],"author":"Reporteros Hoy HY","twitter_card":"summary_large_image","twitter_creator":"@reporteroshoy","twitter_site":"@reporteroshoy","twitter_misc":{"Escrito por":"Reporteros Hoy HY","Tiempo de lectura":"2 minutos"},"schema":{"@context":"https:\/\/schema.org","@graph":[{"@type":"Article","@id":"https:\/\/reporteroshoy.mx\/noticias\/joven-inconsciente-ticul-traslado-hamaca-patrulla\/#article","isPartOf":{"@id":"https:\/\/reporteroshoy.mx\/noticias\/joven-inconsciente-ticul-traslado-hamaca-patrulla\/"},"author":{"name":"Reporteros Hoy HY","@id":"https:\/\/reporteroshoy.mx\/noticias\/#\/schema\/person\/d32189074678a9d41498d4248e29aac3"},"headline":"Trasladan en hamaca a joven inconsciente en Ticul","datePublished":"2026-09-02T04:18:05+00:00","mainEntityOfPage":{"@id":"https:\/\/reporteroshoy.mx\/noticias\/joven-inconsciente-ticul-traslado-hamaca-patrulla\/"},"wordCount":271,"commentCount":0,"image":{"@id":"https:\/\/reporteroshoy.mx\/noticias\/joven-inconsciente-ticul-traslado-hamaca-patrulla\/#primaryimage"},"thumbnailUrl":"https:\/\/reporteroshoy.mx\/noticias\/wp-content\/uploads\/2026\/09\/HAMACA-TICUL-3-scaled.avif","keywords":["hamaca","Ticul","Yucat\u00e1n"],"articleSection":["De inter\u00e9s"],"inLanguage":"es","potentialAction":[{"@type":"CommentAction","name":"Comment","target":["https:\/\/reporteroshoy.mx\/noticias\/joven-inconsciente-ticul-traslado-hamaca-patrulla\/#respond"]}]},{"@type":"WebPage","@id":"https:\/\/reporteroshoy.mx\/noticias\/joven-inconsciente-ticul-traslado-hamaca-patrulla\/","url":"https:\/\/reporteroshoy.mx\/noticias\/joven-inconsciente-ticul-traslado-hamaca-patrulla\/","name":"Trasladan en hamaca a joven inconsciente en Ticul","isPartOf":{"@id":"https:\/\/reporteroshoy.mx\/noticias\/#website"},"primaryImageOfPage":{"@id":"https:\/\/reporteroshoy.mx\/noticias\/joven-inconsciente-ticul-traslado-hamaca-patrulla\/#primaryimage"},"image":{"@id":"https:\/\/reporteroshoy.mx\/noticias\/joven-inconsciente-ticul-traslado-hamaca-patrulla\/#primaryimage"},"thumbnailUrl":"https:\/\/reporteroshoy.mx\/noticias\/wp-content\/uploads\/2026\/09\/HAMACA-TICUL-3-scaled.avif","datePublished":"2026-09-02T04:18:05+00:00","author":{"@id":"https:\/\/reporteroshoy.mx\/noticias\/#\/schema\/person\/d32189074678a9d41498d4248e29aac3"},"description":"Polic\u00edas municipales llevaron al joven en una patrulla hasta el Centro de Salud, ante la presunta falta de una ambulancia disponible.","breadcrumb":{"@id":"https:\/\/reporteroshoy.mx\/noticias\/joven-inconsciente-ticul-traslado-hamaca-patrulla\/#breadcrumb"},"inLanguage":"es","potentialAction":[{"@type":"ReadAction","target":["https:\/\/reporteroshoy.mx\/noticias\/joven-inconsciente-ticul-traslado-hamaca-patrulla\/"]}]},{"@type":"ImageObject","inLanguage":"es","@id":"https:\/\/reporteroshoy.mx\/noticias\/joven-inconsciente-ticul-traslado-hamaca-patrulla\/#primaryimage","url":"https:\/\/reporteroshoy.mx\/noticias\/wp-content\/uploads\/2026\/09\/HAMACA-TICUL-3-scaled.avif","contentUrl":"https:\/\/reporteroshoy.mx\/noticias\/wp-content\/uploads\/2026\/09\/HAMACA-TICUL-3-scaled.avif","width":768,"height":584,"caption":"hamaca Ticul"},{"@type":"BreadcrumbList","@id":"https:\/\/reporteroshoy.mx\/noticias\/joven-inconsciente-ticul-traslado-hamaca-patrulla\/#breadcrumb","itemListElement":[{"@type":"ListItem","position":1,"name":"Portada","item":"https:\/\/reporteroshoy.mx\/noticias\/"},{"@type":"ListItem","position":2,"name":"Trasladan en hamaca a joven inconsciente en Ticul"}]},{"@type":"WebSite","@id":"https:\/\/reporteroshoy.mx\/noticias\/#website","url":"https:\/\/reporteroshoy.mx\/noticias\/","name":"Reporteros Hoy | Noticias de Yucat\u00e1n","description":"Peri\u00f3dico digital con noticias diarias desde M\u00e9rida, Yucat\u00e1n para el mundo.","potentialAction":[{"@type":"SearchAction","target":{"@type":"EntryPoint","urlTemplate":"https:\/\/reporteroshoy.mx\/noticias\/?s={search_term_string}"},"query-input":{"@type":"PropertyValueSpecification","valueRequired":true,"valueName":"search_term_string"}}],"inLanguage":"es"},{"@type":"Person","@id":"https:\/\/reporteroshoy.mx\/noticias\/#\/schema\/person\/d32189074678a9d41498d4248e29aac3","name":"Reporteros Hoy HY","image":{"@type":"ImageObject","inLanguage":"es","@id":"https:\/\/secure.gravatar.com\/avatar\/c539a82770f256437b35bda44650bb50f5fd4b7017f8b29672ed9f27a43cec47?s=96&d=mm&r=g","url":"https:\/\/secure.gravatar.com\/avatar\/c539a82770f256437b35bda44650bb50f5fd4b7017f8b29672ed9f27a43cec47?s=96&d=mm&r=g","contentUrl":"https:\/\/secure.gravatar.com\/avatar\/c539a82770f256437b35bda44650bb50f5fd4b7017f8b29672ed9f27a43cec47?s=96&d=mm&r=g","caption":"Reporteros Hoy HY"},"url":"https:\/\/reporteroshoy.mx\/noticias\/author\/thelmo\/"}]}},"_links":{"self":[{"href":"https:\/\/reporteroshoy.mx\/noticias\/wp-json\/wp\/v2\/posts\/131568","targetHints":{"allow":["GET"]}}],"collection":[{"href":"https:\/\/reporteroshoy.mx\/noticias\/wp-json\/wp\/v2\/posts"}],"about":[{"href":"https:\/\/reporteroshoy.mx\/noticias\/wp-json\/wp\/v2\/types\/post"}],"author":[{"embeddable":true,"href":"https:\/\/reporteroshoy.mx\/noticias\/wp-json\/wp\/v2\/users\/2"}],"replies":[{"embeddable":true,"href":"https:\/\/reporteroshoy.mx\/noticias\/wp-json\/wp\/v2\/comments?post=131568"}],"version-history":[{"count":0,"href":"https:\/\/reporteroshoy.mx\/noticias\/wp-json\/wp\/v2\/posts\/131568\/revisions"}],"wp:featuredmedia":[{"embeddable":true,"href":"https:\/\/reporteroshoy.mx\/noticias\/wp-json\/wp\/v2\/media\/131570"}],"wp:attachment":[{"href":"https:\/\/reporteroshoy.mx\/noticias\/wp-json\/wp\/v2\/media?parent=131568"}],"wp:term":[{"taxonomy":"category","embeddable":true,"href":"https:\/\/reporteroshoy.mx\/noticias\/wp-json\/wp\/v2\/categories?post=131568"},{"taxonomy":"post_tag","embeddable":true,"href":"https:\/\/reporteroshoy.mx\/noticias\/wp-json\/wp\/v2\/tags?post=131568"}],"curies":[{"name":"wp","href":"https:\/\/api.w.org\/{rel}","templated":true}]}}