{"id":131576,"date":"2026-09-02T13:47:38","date_gmt":"2026-09-02T19:47:38","guid":{"rendered":"https:\/\/reporteroshoy.mx\/noticias\/?p=131576"},"modified":"2026-09-02T14:37:25","modified_gmt":"2026-09-02T20:37:25","slug":"autonomia-electrica-yucatan-vulnerable-apagones","status":"publish","type":"post","link":"https:\/\/reporteroshoy.mx\/noticias\/autonomia-electrica-yucatan-vulnerable-apagones\/","title":{"rendered":"Yucat\u00e1n, lejos de la autonom\u00eda el\u00e9ctrica pese a inversi\u00f3n millonaria"},"content":{"rendered":"<p style=\"text-align: justify;\">A pesar de inversiones superiores a <strong>1,200 millones de d\u00f3lares en dos nuevas centrales de ciclo combinado<\/strong> y m\u00e1s de <strong>500 millones de d\u00f3lares acumulados en parques de energ\u00edas renovables<\/strong>, Yucat\u00e1n sigue lejos de alcanzar la autonom\u00eda el\u00e9ctrica. El mega apag\u00f3n del 31 de agosto volvi\u00f3 a exhibir el punto vulnerable: una falla en l\u00edneas de transmisi\u00f3n externas puede dejar sin servicio a cientos de miles de usuarios, aun cuando aumente la capacidad de generaci\u00f3n dentro del estado.<\/p>\n<p style=\"text-align: justify;\">La <strong>Central de Ciclo Combinado Elvia Carrillo Puerto<\/strong>, antes M\u00e9rida IV, requiri\u00f3 una inversi\u00f3n de <strong>454 millones de d\u00f3lares<\/strong> y tiene una capacidad de <strong>499 megawatts (MW)<\/strong>. Entr\u00f3 en operaci\u00f3n comercial en mayo pasado. La segunda, <strong>Riviera Maya<\/strong>, construida en Valladolid, representa otros <strong>762 millones de d\u00f3lares<\/strong> y tendr\u00e1 una capacidad de <strong>1,020 MW<\/strong>. Sin embargo, todav\u00eda no opera comercialmente: la informaci\u00f3n m\u00e1s reciente de la <strong><span style=\"color: #0000ff;\"><a style=\"color: #0000ff;\" href=\"https:\/\/www.cfe.gob.mx\/Pages\/default.aspx\">CFE<\/a> <\/span><\/strong>sit\u00faa su entrada en operaci\u00f3n en <strong>2027<\/strong>.<\/p>\n<p><img loading=\"lazy\" decoding=\"async\" class=\"size-full wp-image-131577 aligncenter\" src=\"https:\/\/reporteroshoy.mx\/noticias\/wp-content\/uploads\/2026\/09\/Energia-electrica.avif\" alt=\"\" width=\"768\" height=\"512\" \/><\/p>\n<h3 style=\"text-align: justify;\"><strong>M\u00e1s generaci\u00f3n no ha eliminado la vulnerabilidad<\/strong><\/h3>\n<p style=\"text-align: justify;\">El problema qued\u00f3 nuevamente expuesto hace un par de d\u00edas, cuando un apag\u00f3n afect\u00f3 a <strong>745 mil 533 usuarios de Yucat\u00e1n, Quintana Roo, Campeche y Chiapas<\/strong>. De ellos, <strong>430 mil 840 correspondieron a Yucat\u00e1n<\/strong>. El episodio se sum\u00f3 a otras interrupciones regionales cuyo origen tampoco estuvo necesariamente dentro del territorio yucateco.<\/p>\n<p style=\"text-align: justify;\">El <strong>26 de septiembre de 2025<\/strong>, una falla en las l\u00edneas de transmisi\u00f3n de 400 kilovoltios <strong>Esc\u00e1rcega-Ticul<\/strong>, que conectan Campeche con Yucat\u00e1n, dej\u00f3 sin electricidad a <strong>2 millones 262 mil usuarios<\/strong> y provoc\u00f3 la salida de nueve centrales del Sureste. El <strong>3 de junio de 2026<\/strong>, esas mismas l\u00edneas volvieron a salir de operaci\u00f3n y afectaron 579 MW en Yucat\u00e1n y Quintana Roo. Es decir, aumentar la generaci\u00f3n local no elimina por s\u00ed mismo la vulnerabilidad de una red peninsular que depende de corredores de transmisi\u00f3n provenientes de otros estados.<\/p>\n<h3 style=\"text-align: justify;\"><strong>M\u00e1s de 500 mdd en energ\u00edas limpias<\/strong><\/h3>\n<p style=\"text-align: justify;\">A las centrales de CFE se suma la inversi\u00f3n privada en <strong>energ\u00edas limpias en Yucat\u00e1n<\/strong>. El Programa de Mediano Plazo 2025-2030 de la Agencia de Energ\u00eda estatal contabiliza <strong>cinco parques e\u00f3licos y fotovoltaicos en operaci\u00f3n<\/strong>, con <strong>298.1 MW de capacidad instalada y una inversi\u00f3n de 533.1 millones de d\u00f3lares<\/strong>. Son los parques e\u00f3licos de Progreso, Tizim\u00edn y Dzilam Bravo, y los fotovoltaicos Justicia Social y San Ignacio.<\/p>\n<p style=\"text-align: justify;\">Adem\u00e1s, est\u00e1n en desarrollo nuevos proyectos. El Gobierno estatal anunci\u00f3 <strong>2 mil 600 millones de pesos para Tizim\u00edn II<\/strong> y <strong>2 mil 460 millones para Dzilam II<\/strong>.<\/p>\n<p style=\"text-align: justify;\">La infraestructura crece, pero el reto permanece en <strong>generaci\u00f3n, transmisi\u00f3n y distribuci\u00f3n<\/strong>. Incluso la propia administraci\u00f3n estatal reconoce que alcanzar la autosuficiencia energ\u00e9tica contin\u00faa siendo una meta, no una realidad.<\/p>\n<p style=\"text-align: justify;\"><strong>Yucat\u00e1n recibe inversiones multimillonarias para producir m\u00e1s electricidad, pero todav\u00eda carece de una red suficientemente robusta para impedir que una falla externa repercuta en hogares, comercios e industrias<\/strong>.<\/p>\n<p><strong>ACOM<\/strong><\/p>\n","protected":false},"excerpt":{"rendered":"<p>Yucat\u00e1n recibe inversiones multimillonarias en generaci\u00f3n el\u00e9ctrica, pero sigue vulnerable a apagones por fallas en la red de transmisi\u00f3n.<\/p>\n","protected":false},"author":9,"featured_media":131577,"comment_status":"open","ping_status":"closed","sticky":false,"template":"","format":"standard","meta":{"footnotes":""},"categories":[17],"tags":[29280,29278,29277,29281,29279],"class_list":["post-131576","post","type-post","status-publish","format-standard","has-post-thumbnail","hentry","category-yucatan","tag-i--o","tag-29278","tag--o","tag-i-","tag-o-e"],"yoast_head":"<!-- This site is optimized with the Yoast SEO plugin v28.4 - https:\/\/yoast.com\/product\/yoast-seo-wordpress\/ -->\n<title>Yucat\u00e1n, lejos de la autonom\u00eda el\u00e9ctrica pese a inversi\u00f3n millonaria<\/title>\n<meta name=\"description\" content=\"Yucat\u00e1n recibe inversiones multimillonarias en generaci\u00f3n el\u00e9ctrica, pero sigue vulnerable a apagones por fallas en la red de transmisi\u00f3n.\" \/>\n<meta name=\"robots\" content=\"index, follow, max-snippet:-1, max-image-preview:large, max-video-preview:-1\" \/>\n<link rel=\"canonical\" href=\"https:\/\/reporteroshoy.mx\/noticias\/autonomia-electrica-yucatan-vulnerable-apagones\/\" \/>\n<meta property=\"og:locale\" content=\"es_ES\" \/>\n<meta property=\"og:type\" content=\"article\" \/>\n<meta property=\"og:title\" content=\"Yucat\u00e1n, lejos de la autonom\u00eda el\u00e9ctrica pese a inversi\u00f3n millonaria\" \/>\n<meta property=\"og:description\" content=\"Yucat\u00e1n recibe inversiones multimillonarias en generaci\u00f3n el\u00e9ctrica, pero sigue vulnerable a apagones por fallas en la red de transmisi\u00f3n.\" \/>\n<meta property=\"og:url\" content=\"https:\/\/reporteroshoy.mx\/noticias\/autonomia-electrica-yucatan-vulnerable-apagones\/\" \/>\n<meta property=\"og:site_name\" content=\"Reporteros Hoy | Noticias de Yucat\u00e1n\" \/>\n<meta property=\"article:publisher\" content=\"http:\/\/www.facebook.com\/reporteroshoymx\" \/>\n<meta property=\"article:published_time\" content=\"2026-09-02T19:47:38+00:00\" \/>\n<meta property=\"article:modified_time\" content=\"2026-09-02T20:37:25+00:00\" \/>\n<meta property=\"og:image\" content=\"https:\/\/reporteroshoy.mx\/noticias\/wp-content\/uploads\/2026\/09\/Energia-electrica.avif\" \/>\n\t<meta property=\"og:image:width\" content=\"768\" \/>\n\t<meta property=\"og:image:height\" content=\"512\" \/>\n\t<meta property=\"og:image:type\" content=\"image\/jpeg\" \/>\n<meta name=\"author\" content=\"Reporteros Hoy WP\" \/>\n<meta name=\"twitter:card\" content=\"summary_large_image\" \/>\n<meta name=\"twitter:creator\" content=\"@reporteroshoy\" \/>\n<meta name=\"twitter:site\" content=\"@reporteroshoy\" \/>\n<meta name=\"twitter:label1\" content=\"Escrito por\" \/>\n\t<meta name=\"twitter:data1\" content=\"Reporteros Hoy WP\" \/>\n\t<meta name=\"twitter:label2\" content=\"Tiempo de lectura\" \/>\n\t<meta name=\"twitter:data2\" content=\"3 minutos\" \/>\n<script type=\"application\/ld+json\" class=\"yoast-schema-graph\">{\"@context\":\"https:\\\/\\\/schema.org\",\"@graph\":[{\"@type\":\"Article\",\"@id\":\"https:\\\/\\\/reporteroshoy.mx\\\/noticias\\\/autonomia-electrica-yucatan-vulnerable-apagones\\\/#article\",\"isPartOf\":{\"@id\":\"https:\\\/\\\/reporteroshoy.mx\\\/noticias\\\/autonomia-electrica-yucatan-vulnerable-apagones\\\/\"},\"author\":{\"name\":\"Reporteros Hoy WP\",\"@id\":\"https:\\\/\\\/reporteroshoy.mx\\\/noticias\\\/#\\\/schema\\\/person\\\/c977527e57c958a62c5cefe8fe47876e\"},\"headline\":\"Yucat\u00e1n, lejos de la autonom\u00eda el\u00e9ctrica pese a inversi\u00f3n millonaria\",\"datePublished\":\"2026-09-02T19:47:38+00:00\",\"dateModified\":\"2026-09-02T20:37:25+00:00\",\"mainEntityOfPage\":{\"@id\":\"https:\\\/\\\/reporteroshoy.mx\\\/noticias\\\/autonomia-electrica-yucatan-vulnerable-apagones\\\/\"},\"wordCount\":507,\"commentCount\":0,\"image\":{\"@id\":\"https:\\\/\\\/reporteroshoy.mx\\\/noticias\\\/autonomia-electrica-yucatan-vulnerable-apagones\\\/#primaryimage\"},\"thumbnailUrl\":\"https:\\\/\\\/reporteroshoy.mx\\\/noticias\\\/wp-content\\\/uploads\\\/2026\\\/09\\\/Energia-electrica.avif\",\"keywords\":[\"\ud835\uddf9\u00ed\ud835\uddfb\ud835\uddf2\ud835\uddee\ud835\ude00 \ud835\uddf1\ud835\uddf2 \ud835\ude01\ud835\uddff\ud835\uddee\ud835\uddfb\ud835\ude00\ud835\uddfa\ud835\uddf6\ud835\ude00\ud835\uddf6\u00f3\ud835\uddfb\",\"\ud835\uddd6\ud835\uddd9\ud835\uddd8\",\"\ud835\uddfa\ud835\uddf2\ud835\uddf4\ud835\uddee \ud835\uddee\ud835\uddfd\ud835\uddee\ud835\uddf4\u00f3\ud835\uddfb\",\"\ud835\uddf2\ud835\uddfb\ud835\uddf2\ud835\uddff\ud835\uddf4\u00ed\ud835\uddee\ud835\ude00 \ud835\uddf9\ud835\uddf6\ud835\uddfa\ud835\uddfd\ud835\uddf6\ud835\uddee\ud835\ude00\",\"\ud835\uddf4\ud835\uddf2\ud835\uddfb\ud835\uddf2\ud835\uddff\ud835\uddee\ud835\uddf0\ud835\uddf6\u00f3\ud835\uddfb \ud835\uddf2\ud835\uddf9\u00e9\ud835\uddf0\ud835\ude01\ud835\uddff\ud835\uddf6\ud835\uddf0\ud835\uddee\"],\"articleSection\":[\"Yucat\u00e1n\"],\"inLanguage\":\"es\",\"potentialAction\":[{\"@type\":\"CommentAction\",\"name\":\"Comment\",\"target\":[\"https:\\\/\\\/reporteroshoy.mx\\\/noticias\\\/autonomia-electrica-yucatan-vulnerable-apagones\\\/#respond\"]}]},{\"@type\":\"WebPage\",\"@id\":\"https:\\\/\\\/reporteroshoy.mx\\\/noticias\\\/autonomia-electrica-yucatan-vulnerable-apagones\\\/\",\"url\":\"https:\\\/\\\/reporteroshoy.mx\\\/noticias\\\/autonomia-electrica-yucatan-vulnerable-apagones\\\/\",\"name\":\"Yucat\u00e1n, lejos de la autonom\u00eda el\u00e9ctrica pese a inversi\u00f3n millonaria\",\"isPartOf\":{\"@id\":\"https:\\\/\\\/reporteroshoy.mx\\\/noticias\\\/#website\"},\"primaryImageOfPage\":{\"@id\":\"https:\\\/\\\/reporteroshoy.mx\\\/noticias\\\/autonomia-electrica-yucatan-vulnerable-apagones\\\/#primaryimage\"},\"image\":{\"@id\":\"https:\\\/\\\/reporteroshoy.mx\\\/noticias\\\/autonomia-electrica-yucatan-vulnerable-apagones\\\/#primaryimage\"},\"thumbnailUrl\":\"https:\\\/\\\/reporteroshoy.mx\\\/noticias\\\/wp-content\\\/uploads\\\/2026\\\/09\\\/Energia-electrica.avif\",\"datePublished\":\"2026-09-02T19:47:38+00:00\",\"dateModified\":\"2026-09-02T20:37:25+00:00\",\"author\":{\"@id\":\"https:\\\/\\\/reporteroshoy.mx\\\/noticias\\\/#\\\/schema\\\/person\\\/c977527e57c958a62c5cefe8fe47876e\"},\"description\":\"Yucat\u00e1n recibe inversiones multimillonarias en generaci\u00f3n el\u00e9ctrica, pero sigue vulnerable a apagones por fallas en la red de transmisi\u00f3n.\",\"breadcrumb\":{\"@id\":\"https:\\\/\\\/reporteroshoy.mx\\\/noticias\\\/autonomia-electrica-yucatan-vulnerable-apagones\\\/#breadcrumb\"},\"inLanguage\":\"es\",\"potentialAction\":[{\"@type\":\"ReadAction\",\"target\":[\"https:\\\/\\\/reporteroshoy.mx\\\/noticias\\\/autonomia-electrica-yucatan-vulnerable-apagones\\\/\"]}]},{\"@type\":\"ImageObject\",\"inLanguage\":\"es\",\"@id\":\"https:\\\/\\\/reporteroshoy.mx\\\/noticias\\\/autonomia-electrica-yucatan-vulnerable-apagones\\\/#primaryimage\",\"url\":\"https:\\\/\\\/reporteroshoy.mx\\\/noticias\\\/wp-content\\\/uploads\\\/2026\\\/09\\\/Energia-electrica.avif\",\"contentUrl\":\"https:\\\/\\\/reporteroshoy.mx\\\/noticias\\\/wp-content\\\/uploads\\\/2026\\\/09\\\/Energia-electrica.avif\",\"width\":768,\"height\":512,\"caption\":\"Yucat\u00e1n, lejos de la autonom\u00eda el\u00e9ctrica pese a inversi\u00f3n millonaria\"},{\"@type\":\"BreadcrumbList\",\"@id\":\"https:\\\/\\\/reporteroshoy.mx\\\/noticias\\\/autonomia-electrica-yucatan-vulnerable-apagones\\\/#breadcrumb\",\"itemListElement\":[{\"@type\":\"ListItem\",\"position\":1,\"name\":\"Portada\",\"item\":\"https:\\\/\\\/reporteroshoy.mx\\\/noticias\\\/\"},{\"@type\":\"ListItem\",\"position\":2,\"name\":\"Yucat\u00e1n, lejos de la autonom\u00eda el\u00e9ctrica pese a inversi\u00f3n millonaria\"}]},{\"@type\":\"WebSite\",\"@id\":\"https:\\\/\\\/reporteroshoy.mx\\\/noticias\\\/#website\",\"url\":\"https:\\\/\\\/reporteroshoy.mx\\\/noticias\\\/\",\"name\":\"Reporteros Hoy | Noticias de Yucat\u00e1n\",\"description\":\"Peri\u00f3dico digital con noticias diarias desde M\u00e9rida, Yucat\u00e1n para el mundo.\",\"potentialAction\":[{\"@type\":\"SearchAction\",\"target\":{\"@type\":\"EntryPoint\",\"urlTemplate\":\"https:\\\/\\\/reporteroshoy.mx\\\/noticias\\\/?s={search_term_string}\"},\"query-input\":{\"@type\":\"PropertyValueSpecification\",\"valueRequired\":true,\"valueName\":\"search_term_string\"}}],\"inLanguage\":\"es\"},{\"@type\":\"Person\",\"@id\":\"https:\\\/\\\/reporteroshoy.mx\\\/noticias\\\/#\\\/schema\\\/person\\\/c977527e57c958a62c5cefe8fe47876e\",\"name\":\"Reporteros Hoy WP\",\"image\":{\"@type\":\"ImageObject\",\"inLanguage\":\"es\",\"@id\":\"https:\\\/\\\/secure.gravatar.com\\\/avatar\\\/fd2917f79a7dae30f8ac9ddc2f35e1756bb59e25e01d1cd09deaa64df7b2f73e?s=96&d=mm&r=g\",\"url\":\"https:\\\/\\\/secure.gravatar.com\\\/avatar\\\/fd2917f79a7dae30f8ac9ddc2f35e1756bb59e25e01d1cd09deaa64df7b2f73e?s=96&d=mm&r=g\",\"contentUrl\":\"https:\\\/\\\/secure.gravatar.com\\\/avatar\\\/fd2917f79a7dae30f8ac9ddc2f35e1756bb59e25e01d1cd09deaa64df7b2f73e?s=96&d=mm&r=g\",\"caption\":\"Reporteros Hoy WP\"},\"url\":\"https:\\\/\\\/reporteroshoy.mx\\\/noticias\\\/author\\\/walfer\\\/\"}]}<\/script>\n<!-- \/ Yoast SEO plugin. -->","yoast_head_json":{"title":"Yucat\u00e1n, lejos de la autonom\u00eda el\u00e9ctrica pese a inversi\u00f3n millonaria","description":"Yucat\u00e1n recibe inversiones multimillonarias en generaci\u00f3n el\u00e9ctrica, pero sigue vulnerable a apagones por fallas en la red de transmisi\u00f3n.","robots":{"index":"index","follow":"follow","max-snippet":"max-snippet:-1","max-image-preview":"max-image-preview:large","max-video-preview":"max-video-preview:-1"},"canonical":"https:\/\/reporteroshoy.mx\/noticias\/autonomia-electrica-yucatan-vulnerable-apagones\/","og_locale":"es_ES","og_type":"article","og_title":"Yucat\u00e1n, lejos de la autonom\u00eda el\u00e9ctrica pese a inversi\u00f3n millonaria","og_description":"Yucat\u00e1n recibe inversiones multimillonarias en generaci\u00f3n el\u00e9ctrica, pero sigue vulnerable a apagones por fallas en la red de transmisi\u00f3n.","og_url":"https:\/\/reporteroshoy.mx\/noticias\/autonomia-electrica-yucatan-vulnerable-apagones\/","og_site_name":"Reporteros Hoy | Noticias de Yucat\u00e1n","article_publisher":"http:\/\/www.facebook.com\/reporteroshoymx","article_published_time":"2026-09-02T19:47:38+00:00","article_modified_time":"2026-09-02T20:37:25+00:00","og_image":[{"width":768,"height":512,"url":"https:\/\/reporteroshoy.mx\/noticias\/wp-content\/uploads\/2026\/09\/Energia-electrica.avif","type":"image\/jpeg"}],"author":"Reporteros Hoy WP","twitter_card":"summary_large_image","twitter_creator":"@reporteroshoy","twitter_site":"@reporteroshoy","twitter_misc":{"Escrito por":"Reporteros Hoy WP","Tiempo de lectura":"3 minutos"},"schema":{"@context":"https:\/\/schema.org","@graph":[{"@type":"Article","@id":"https:\/\/reporteroshoy.mx\/noticias\/autonomia-electrica-yucatan-vulnerable-apagones\/#article","isPartOf":{"@id":"https:\/\/reporteroshoy.mx\/noticias\/autonomia-electrica-yucatan-vulnerable-apagones\/"},"author":{"name":"Reporteros Hoy WP","@id":"https:\/\/reporteroshoy.mx\/noticias\/#\/schema\/person\/c977527e57c958a62c5cefe8fe47876e"},"headline":"Yucat\u00e1n, lejos de la autonom\u00eda el\u00e9ctrica pese a inversi\u00f3n millonaria","datePublished":"2026-09-02T19:47:38+00:00","dateModified":"2026-09-02T20:37:25+00:00","mainEntityOfPage":{"@id":"https:\/\/reporteroshoy.mx\/noticias\/autonomia-electrica-yucatan-vulnerable-apagones\/"},"wordCount":507,"commentCount":0,"image":{"@id":"https:\/\/reporteroshoy.mx\/noticias\/autonomia-electrica-yucatan-vulnerable-apagones\/#primaryimage"},"thumbnailUrl":"https:\/\/reporteroshoy.mx\/noticias\/wp-content\/uploads\/2026\/09\/Energia-electrica.avif","keywords":["\ud835\uddf9\u00ed\ud835\uddfb\ud835\uddf2\ud835\uddee\ud835\ude00 \ud835\uddf1\ud835\uddf2 \ud835\ude01\ud835\uddff\ud835\uddee\ud835\uddfb\ud835\ude00\ud835\uddfa\ud835\uddf6\ud835\ude00\ud835\uddf6\u00f3\ud835\uddfb","\ud835\uddd6\ud835\uddd9\ud835\uddd8","\ud835\uddfa\ud835\uddf2\ud835\uddf4\ud835\uddee \ud835\uddee\ud835\uddfd\ud835\uddee\ud835\uddf4\u00f3\ud835\uddfb","\ud835\uddf2\ud835\uddfb\ud835\uddf2\ud835\uddff\ud835\uddf4\u00ed\ud835\uddee\ud835\ude00 \ud835\uddf9\ud835\uddf6\ud835\uddfa\ud835\uddfd\ud835\uddf6\ud835\uddee\ud835\ude00","\ud835\uddf4\ud835\uddf2\ud835\uddfb\ud835\uddf2\ud835\uddff\ud835\uddee\ud835\uddf0\ud835\uddf6\u00f3\ud835\uddfb \ud835\uddf2\ud835\uddf9\u00e9\ud835\uddf0\ud835\ude01\ud835\uddff\ud835\uddf6\ud835\uddf0\ud835\uddee"],"articleSection":["Yucat\u00e1n"],"inLanguage":"es","potentialAction":[{"@type":"CommentAction","name":"Comment","target":["https:\/\/reporteroshoy.mx\/noticias\/autonomia-electrica-yucatan-vulnerable-apagones\/#respond"]}]},{"@type":"WebPage","@id":"https:\/\/reporteroshoy.mx\/noticias\/autonomia-electrica-yucatan-vulnerable-apagones\/","url":"https:\/\/reporteroshoy.mx\/noticias\/autonomia-electrica-yucatan-vulnerable-apagones\/","name":"Yucat\u00e1n, lejos de la autonom\u00eda el\u00e9ctrica pese a inversi\u00f3n millonaria","isPartOf":{"@id":"https:\/\/reporteroshoy.mx\/noticias\/#website"},"primaryImageOfPage":{"@id":"https:\/\/reporteroshoy.mx\/noticias\/autonomia-electrica-yucatan-vulnerable-apagones\/#primaryimage"},"image":{"@id":"https:\/\/reporteroshoy.mx\/noticias\/autonomia-electrica-yucatan-vulnerable-apagones\/#primaryimage"},"thumbnailUrl":"https:\/\/reporteroshoy.mx\/noticias\/wp-content\/uploads\/2026\/09\/Energia-electrica.avif","datePublished":"2026-09-02T19:47:38+00:00","dateModified":"2026-09-02T20:37:25+00:00","author":{"@id":"https:\/\/reporteroshoy.mx\/noticias\/#\/schema\/person\/c977527e57c958a62c5cefe8fe47876e"},"description":"Yucat\u00e1n recibe inversiones multimillonarias en generaci\u00f3n el\u00e9ctrica, pero sigue vulnerable a apagones por fallas en la red de transmisi\u00f3n.","breadcrumb":{"@id":"https:\/\/reporteroshoy.mx\/noticias\/autonomia-electrica-yucatan-vulnerable-apagones\/#breadcrumb"},"inLanguage":"es","potentialAction":[{"@type":"ReadAction","target":["https:\/\/reporteroshoy.mx\/noticias\/autonomia-electrica-yucatan-vulnerable-apagones\/"]}]},{"@type":"ImageObject","inLanguage":"es","@id":"https:\/\/reporteroshoy.mx\/noticias\/autonomia-electrica-yucatan-vulnerable-apagones\/#primaryimage","url":"https:\/\/reporteroshoy.mx\/noticias\/wp-content\/uploads\/2026\/09\/Energia-electrica.avif","contentUrl":"https:\/\/reporteroshoy.mx\/noticias\/wp-content\/uploads\/2026\/09\/Energia-electrica.avif","width":768,"height":512,"caption":"Yucat\u00e1n, lejos de la autonom\u00eda el\u00e9ctrica pese a inversi\u00f3n millonaria"},{"@type":"BreadcrumbList","@id":"https:\/\/reporteroshoy.mx\/noticias\/autonomia-electrica-yucatan-vulnerable-apagones\/#breadcrumb","itemListElement":[{"@type":"ListItem","position":1,"name":"Portada","item":"https:\/\/reporteroshoy.mx\/noticias\/"},{"@type":"ListItem","position":2,"name":"Yucat\u00e1n, lejos de la autonom\u00eda el\u00e9ctrica pese a inversi\u00f3n millonaria"}]},{"@type":"WebSite","@id":"https:\/\/reporteroshoy.mx\/noticias\/#website","url":"https:\/\/reporteroshoy.mx\/noticias\/","name":"Reporteros Hoy | Noticias de Yucat\u00e1n","description":"Peri\u00f3dico digital con noticias diarias desde M\u00e9rida, Yucat\u00e1n para el mundo.","potentialAction":[{"@type":"SearchAction","target":{"@type":"EntryPoint","urlTemplate":"https:\/\/reporteroshoy.mx\/noticias\/?s={search_term_string}"},"query-input":{"@type":"PropertyValueSpecification","valueRequired":true,"valueName":"search_term_string"}}],"inLanguage":"es"},{"@type":"Person","@id":"https:\/\/reporteroshoy.mx\/noticias\/#\/schema\/person\/c977527e57c958a62c5cefe8fe47876e","name":"Reporteros Hoy WP","image":{"@type":"ImageObject","inLanguage":"es","@id":"https:\/\/secure.gravatar.com\/avatar\/fd2917f79a7dae30f8ac9ddc2f35e1756bb59e25e01d1cd09deaa64df7b2f73e?s=96&d=mm&r=g","url":"https:\/\/secure.gravatar.com\/avatar\/fd2917f79a7dae30f8ac9ddc2f35e1756bb59e25e01d1cd09deaa64df7b2f73e?s=96&d=mm&r=g","contentUrl":"https:\/\/secure.gravatar.com\/avatar\/fd2917f79a7dae30f8ac9ddc2f35e1756bb59e25e01d1cd09deaa64df7b2f73e?s=96&d=mm&r=g","caption":"Reporteros Hoy WP"},"url":"https:\/\/reporteroshoy.mx\/noticias\/author\/walfer\/"}]}},"_links":{"self":[{"href":"https:\/\/reporteroshoy.mx\/noticias\/wp-json\/wp\/v2\/posts\/131576","targetHints":{"allow":["GET"]}}],"collection":[{"href":"https:\/\/reporteroshoy.mx\/noticias\/wp-json\/wp\/v2\/posts"}],"about":[{"href":"https:\/\/reporteroshoy.mx\/noticias\/wp-json\/wp\/v2\/types\/post"}],"author":[{"embeddable":true,"href":"https:\/\/reporteroshoy.mx\/noticias\/wp-json\/wp\/v2\/users\/9"}],"replies":[{"embeddable":true,"href":"https:\/\/reporteroshoy.mx\/noticias\/wp-json\/wp\/v2\/comments?post=131576"}],"version-history":[{"count":0,"href":"https:\/\/reporteroshoy.mx\/noticias\/wp-json\/wp\/v2\/posts\/131576\/revisions"}],"wp:featuredmedia":[{"embeddable":true,"href":"https:\/\/reporteroshoy.mx\/noticias\/wp-json\/wp\/v2\/media\/131577"}],"wp:attachment":[{"href":"https:\/\/reporteroshoy.mx\/noticias\/wp-json\/wp\/v2\/media?parent=131576"}],"wp:term":[{"taxonomy":"category","embeddable":true,"href":"https:\/\/reporteroshoy.mx\/noticias\/wp-json\/wp\/v2\/categories?post=131576"},{"taxonomy":"post_tag","embeddable":true,"href":"https:\/\/reporteroshoy.mx\/noticias\/wp-json\/wp\/v2\/tags?post=131576"}],"curies":[{"name":"wp","href":"https:\/\/api.w.org\/{rel}","templated":true}]}}