{"id":131579,"date":"2026-09-02T16:38:06","date_gmt":"2026-09-02T22:38:06","guid":{"rendered":"https:\/\/reporteroshoy.mx\/noticias\/?p=131579"},"modified":"2026-09-02T16:38:06","modified_gmt":"2026-09-02T22:38:06","slug":"cecilia-patron-trabajadores-ayuntamiento-merida","status":"publish","type":"post","link":"https:\/\/reporteroshoy.mx\/noticias\/cecilia-patron-trabajadores-ayuntamiento-merida\/","title":{"rendered":"Cecilia Patr\u00f3n reconoce a trabajadores del Ayuntamiento de M\u00e9rida"},"content":{"rendered":"<p class=\"PDq2pG_selectionAnchorContainer\" style=\"text-align: justify;\" data-start=\"214\" data-end=\"397\">\ud835\udddf\ud835\uddee \ud835\uddee\ud835\uddf9\ud835\uddf0\ud835\uddee\ud835\uddf9\ud835\uddf1\ud835\uddf2\ud835\ude00\ud835\uddee \ud835\uddf1\ud835\uddf2 \ud835\udde0\u00e9\ud835\uddff\ud835\uddf6\ud835\uddf1\ud835\uddee \ud835\uddff\ud835\uddf2\ud835\ude00\ud835\uddee\ud835\uddf9\ud835\ude01\u00f3 \ud835\uddf2\ud835\uddf9 \ud835\ude01\ud835\uddff\ud835\uddee\ud835\uddef\ud835\uddee\ud835\uddf7\ud835\uddfc \ud835\uddf1\ud835\uddf6\ud835\uddee\ud835\uddff\ud835\uddf6\ud835\uddfc \ud835\uddf1\ud835\uddf2\ud835\uddf9 \ud835\uddd4\ud835\ude06\ud835\ude02\ud835\uddfb\ud835\ude01\ud835\uddee\ud835\uddfa\ud835\uddf6\ud835\uddf2\ud835\uddfb\ud835\ude01\ud835\uddfc \ud835\ude06 \ud835\uddf9\ud835\uddee \ud835\uddfd\ud835\uddff\ud835\uddf2\ud835\uddfa\ud835\uddf6\ud835\ude00\ud835\uddee \ud835\uddf1\ud835\uddf2 \ud835\uddf5\ud835\uddee\ud835\uddf0\ud835\uddf2\ud835\uddff \ud835\uddfa\u00e1\ud835\ude00 \ud835\uddf0\ud835\uddfc\ud835\uddfb \ud835\uddfa\ud835\uddf2\ud835\uddfb\ud835\uddfc\ud835\ude00.<\/p>\n<p style=\"text-align: justify;\" data-start=\"399\" data-end=\"661\">M\u00e9rida, Yucat\u00e1n, a mi\u00e9rcoles 2 de septiembre de 2026.- La presidenta municipal <strong data-start=\"478\" data-end=\"496\">Cecilia Patr\u00f3n<\/strong> reconoci\u00f3 el trabajo de las y los servidores p\u00fablicos del Ayuntamiento de M\u00e9rida, a quienes atribuy\u00f3 parte de los resultados obtenidos durante los \u00faltimos dos a\u00f1os.<\/p>\n<p style=\"text-align: justify;\" data-start=\"663\" data-end=\"834\">Durante un encuentro con integrantes del gobierno municipal, la alcaldesa afirm\u00f3 que <strong data-start=\"748\" data-end=\"791\">servir a M\u00e9rida es una tarea permanente<\/strong> y requiere disposici\u00f3n para trabajar 24\/7.<\/p>\n<p style=\"text-align: justify;\" data-start=\"663\" data-end=\"834\"><img loading=\"lazy\" decoding=\"async\" class=\"alignnone size-full wp-image-131581\" src=\"https:\/\/reporteroshoy.mx\/noticias\/wp-content\/uploads\/2026\/09\/WhatsApp-Image-2026-09-02-at-3.52.33-PM-scaled.avif\" alt=\"\" width=\"768\" height=\"512\" srcset=\"https:\/\/reporteroshoy.mx\/noticias\/wp-content\/uploads\/2026\/09\/WhatsApp-Image-2026-09-02-at-3.52.33-PM-scaled.avif 768w, https:\/\/reporteroshoy.mx\/noticias\/wp-content\/uploads\/2026\/09\/WhatsApp-Image-2026-09-02-at-3.52.33-PM-1536x1023.avif 1536w\" sizes=\"auto, (max-width: 768px) 100vw, 768px\" \/><\/p>\n<p style=\"text-align: justify;\" data-start=\"836\" data-end=\"969\">\u201cHan sido dos a\u00f1os intensos de trabajo 24\/7, de entrega, de compromiso, que muchas veces implica no llegar a casa a tiempo\u201d, expres\u00f3.<\/p>\n<p style=\"text-align: justify;\" data-start=\"971\" data-end=\"1154\"><strong data-start=\"971\" data-end=\"989\">Cecilia Patr\u00f3n<\/strong> se\u00f1al\u00f3 que detr\u00e1s de cada parque atendido, calle reparada, espacio recuperado, tr\u00e1mite mejorado o programa existe el esfuerzo cotidiano de trabajadores municipales.<\/p>\n<p style=\"text-align: justify;\" data-start=\"971\" data-end=\"1154\"><img loading=\"lazy\" decoding=\"async\" class=\"alignnone size-full wp-image-131583\" src=\"https:\/\/reporteroshoy.mx\/noticias\/wp-content\/uploads\/2026\/09\/WhatsApp-Image-2026-09-02-at-3.52.29-PM-scaled.avif\" alt=\"\" width=\"768\" height=\"512\" \/><\/p>\n<h3 style=\"text-align: justify;\" data-section-id=\"v6ens7\" data-start=\"1156\" data-end=\"1202\"><span role=\"text\"><strong data-start=\"1160\" data-end=\"1202\">El Ayuntamiento de M\u00e9rida trabaja 24\/7<\/strong><\/span><\/h3>\n<p style=\"text-align: justify;\" data-start=\"1204\" data-end=\"1395\">La edil record\u00f3 jornadas en las que personal de distintas \u00e1reas sali\u00f3 a las calles para realizar <strong data-start=\"1301\" data-end=\"1334\">bacheo y limpieza de rejillas<\/strong>, adem\u00e1s de otras labores de atenci\u00f3n directa a la poblaci\u00f3n.<\/p>\n<p style=\"text-align: justify;\" data-start=\"1397\" data-end=\"1568\">\u201cTan importante es la persona que sale a limpiar una rejilla, a barrer las calles, a mantener nuestros parques limpios, como la alcaldesa. Todos somos necesarios\u201d, afirm\u00f3.<\/p>\n<p style=\"text-align: justify;\" data-start=\"1570\" data-end=\"1790\"><strong data-start=\"1570\" data-end=\"1588\">Cecilia Patr\u00f3n<\/strong> destac\u00f3 que los dos a\u00f1os de trabajo tambi\u00e9n han incluido acciones para mejorar parques, recuperar espacios deportivos, ampliar oportunidades para las mujeres y fortalecer la atenci\u00f3n a la salud mental.<\/p>\n<p style=\"text-align: justify;\" data-start=\"1570\" data-end=\"1790\"><img loading=\"lazy\" decoding=\"async\" class=\"alignnone size-full wp-image-131582\" src=\"https:\/\/reporteroshoy.mx\/noticias\/wp-content\/uploads\/2026\/09\/WhatsApp-Image-2026-09-02-at-3.52.30-PM-scaled.avif\" alt=\"\" width=\"768\" height=\"512\" srcset=\"https:\/\/reporteroshoy.mx\/noticias\/wp-content\/uploads\/2026\/09\/WhatsApp-Image-2026-09-02-at-3.52.30-PM-scaled.avif 768w, https:\/\/reporteroshoy.mx\/noticias\/wp-content\/uploads\/2026\/09\/WhatsApp-Image-2026-09-02-at-3.52.30-PM-1536x1023.avif 1536w\" sizes=\"auto, (max-width: 768px) 100vw, 768px\" \/><\/p>\n<p style=\"text-align: justify;\" data-start=\"1792\" data-end=\"2017\">La presidenta municipal sostuvo que la administraci\u00f3n mantiene la premisa de <strong data-start=\"1869\" data-end=\"1892\">hacer m\u00e1s con menos<\/strong>, mediante el uso responsable de los recursos p\u00fablicos y buscando que cada peso se traduzca en beneficios para la ciudadan\u00eda.<\/p>\n<p style=\"text-align: justify;\" data-start=\"2019\" data-end=\"2167\">Tambi\u00e9n reconoci\u00f3 las jornadas largas y labores que no siempre son visibles, pero que permiten mantener en funcionamiento los servicios municipales.<\/p>\n<p style=\"text-align: justify;\" data-start=\"2169\" data-end=\"2308\">Finalmente, llam\u00f3 al personal a continuar trabajando con orden y cercan\u00eda para atender a las familias de M\u00e9rida, sus colonias y comisar\u00edas.<\/p>\n<p style=\"text-align: justify;\" data-start=\"2310\" data-end=\"2472\">\u201cSigamos trabajando, escuchando y atendiendo. M\u00e9rida est\u00e1 viviendo un gran momento, y queremos que lo mejor de esta ciudad llegue a todas las familias\u201d, concluy\u00f3.<\/p>\n<p style=\"text-align: justify;\">\n<p style=\"text-align: justify;\">Fuente: Ayuntamiento de M\u00e9rida.<\/p>\n<p>&nbsp;<\/p>\n","protected":false},"excerpt":{"rendered":"<p>\ud835\udddf\ud835\uddee \ud835\uddee\ud835\uddf9\ud835\uddf0\ud835\uddee\ud835\uddf9\ud835\uddf1\ud835\uddf2\ud835\ude00\ud835\uddee \ud835\uddf1\ud835\uddf2 \ud835\udde0\u00e9\ud835\uddff\ud835\uddf6\ud835\uddf1\ud835\uddee \ud835\uddff\ud835\uddf2\ud835\ude00\ud835\uddee\ud835\uddf9\ud835\ude01\u00f3 \ud835\uddf2\ud835\uddf9 \ud835\ude01\ud835\uddff\ud835\uddee\ud835\uddef\ud835\uddee\ud835\uddf7\ud835\uddfc \ud835\uddf1\ud835\uddf6\ud835\uddee\ud835\uddff\ud835\uddf6\ud835\uddfc \ud835\uddf1\ud835\uddf2\ud835\uddf9 \ud835\uddd4\ud835\ude06\ud835\ude02\ud835\uddfb\ud835\ude01\ud835\uddee\ud835\uddfa\ud835\uddf6\ud835\uddf2\ud835\uddfb\ud835\ude01\ud835\uddfc \ud835\ude06 \ud835\uddf9\ud835\uddee \ud835\uddfd\ud835\uddff\ud835\uddf2\ud835\uddfa\ud835\uddf6\ud835\ude00\ud835\uddee \ud835\uddf1\ud835\uddf2 \ud835\uddf5\ud835\uddee\ud835\uddf0\ud835\uddf2\ud835\uddff \ud835\uddfa\u00e1\ud835\ude00 \ud835\uddf0\ud835\uddfc\ud835\uddfb \ud835\uddfa\ud835\uddf2\ud835\uddfb\ud835\uddfc\ud835\ude00. M\u00e9rida, Yucat\u00e1n, a mi\u00e9rcoles 2 de septiembre de 2026.- La presidenta municipal Cecilia Patr\u00f3n reconoci\u00f3 el trabajo de las y los servidores p\u00fablicos del Ayuntamiento de M\u00e9rida, a quienes atribuy\u00f3 parte de los resultados obtenidos durante los [&hellip;]<\/p>\n","protected":false},"author":13,"featured_media":131584,"comment_status":"open","ping_status":"closed","sticky":false,"template":"","format":"standard","meta":{"footnotes":""},"categories":[24379],"tags":[24,2529,29287,51,29286],"class_list":["post-131579","post","type-post","status-publish","format-standard","has-post-thumbnail","hentry","category-merida","tag-ayuntamiento-de-merida","tag-cecilia-patron","tag-gobierno-24-7","tag-merida","tag-servidores-publicos-municipales"],"yoast_head":"<!-- This site is optimized with the Yoast SEO plugin v28.4 - https:\/\/yoast.com\/product\/yoast-seo-wordpress\/ -->\n<title>Cecilia Patr\u00f3n reconoce a trabajadores del Ayuntamiento de M\u00e9rida<\/title>\n<meta name=\"description\" content=\"Cecilia Patr\u00f3n reconoce a trabajadores del Ayuntamiento de M\u00e9rida y destaca su labor diaria bajo un gobierno 24\/7.\" \/>\n<meta name=\"robots\" content=\"index, follow, max-snippet:-1, max-image-preview:large, max-video-preview:-1\" \/>\n<link rel=\"canonical\" href=\"https:\/\/reporteroshoy.mx\/noticias\/cecilia-patron-trabajadores-ayuntamiento-merida\/\" \/>\n<meta property=\"og:locale\" content=\"es_ES\" \/>\n<meta property=\"og:type\" content=\"article\" \/>\n<meta property=\"og:title\" content=\"Cecilia Patr\u00f3n reconoce a trabajadores del Ayuntamiento de M\u00e9rida\" \/>\n<meta property=\"og:description\" content=\"Cecilia Patr\u00f3n reconoce a trabajadores del Ayuntamiento de M\u00e9rida y destaca su labor diaria bajo un gobierno 24\/7.\" \/>\n<meta property=\"og:url\" content=\"https:\/\/reporteroshoy.mx\/noticias\/cecilia-patron-trabajadores-ayuntamiento-merida\/\" \/>\n<meta property=\"og:site_name\" content=\"Reporteros Hoy | Noticias de Yucat\u00e1n\" \/>\n<meta property=\"article:publisher\" content=\"http:\/\/www.facebook.com\/reporteroshoymx\" \/>\n<meta property=\"article:published_time\" content=\"2026-09-02T22:38:06+00:00\" \/>\n<meta property=\"og:image\" content=\"https:\/\/reporteroshoy.mx\/noticias\/wp-content\/uploads\/2026\/09\/WhatsApp-Image-2026-09-02-at-3.52.28-PM-scaled.avif\" \/>\n\t<meta property=\"og:image:width\" content=\"768\" \/>\n\t<meta property=\"og:image:height\" content=\"512\" \/>\n\t<meta property=\"og:image:type\" content=\"image\/jpeg\" \/>\n<meta name=\"author\" content=\"Reporteros Hoy EM\" \/>\n<meta name=\"twitter:card\" content=\"summary_large_image\" \/>\n<meta name=\"twitter:creator\" content=\"@reporteroshoy\" \/>\n<meta name=\"twitter:site\" content=\"@reporteroshoy\" \/>\n<meta name=\"twitter:label1\" content=\"Escrito por\" \/>\n\t<meta name=\"twitter:data1\" content=\"Reporteros Hoy EM\" \/>\n\t<meta name=\"twitter:label2\" content=\"Tiempo de lectura\" \/>\n\t<meta name=\"twitter:data2\" content=\"3 minutos\" \/>\n<script type=\"application\/ld+json\" class=\"yoast-schema-graph\">{\"@context\":\"https:\\\/\\\/schema.org\",\"@graph\":[{\"@type\":\"Article\",\"@id\":\"https:\\\/\\\/reporteroshoy.mx\\\/noticias\\\/cecilia-patron-trabajadores-ayuntamiento-merida\\\/#article\",\"isPartOf\":{\"@id\":\"https:\\\/\\\/reporteroshoy.mx\\\/noticias\\\/cecilia-patron-trabajadores-ayuntamiento-merida\\\/\"},\"author\":{\"name\":\"Reporteros Hoy EM\",\"@id\":\"https:\\\/\\\/reporteroshoy.mx\\\/noticias\\\/#\\\/schema\\\/person\\\/17dae1f2305a31fe437930b820d039d2\"},\"headline\":\"Cecilia Patr\u00f3n reconoce a trabajadores del Ayuntamiento de M\u00e9rida\",\"datePublished\":\"2026-09-02T22:38:06+00:00\",\"mainEntityOfPage\":{\"@id\":\"https:\\\/\\\/reporteroshoy.mx\\\/noticias\\\/cecilia-patron-trabajadores-ayuntamiento-merida\\\/\"},\"wordCount\":356,\"commentCount\":0,\"image\":{\"@id\":\"https:\\\/\\\/reporteroshoy.mx\\\/noticias\\\/cecilia-patron-trabajadores-ayuntamiento-merida\\\/#primaryimage\"},\"thumbnailUrl\":\"https:\\\/\\\/reporteroshoy.mx\\\/noticias\\\/wp-content\\\/uploads\\\/2026\\\/09\\\/WhatsApp-Image-2026-09-02-at-3.52.28-PM-scaled.avif\",\"keywords\":[\"ayuntamiento de merida\",\"Cecilia Patr\u00f3n\",\"gobierno 24\\\/7\",\"M\u00e9rida\",\"servidores p\u00fablicos municipales\"],\"articleSection\":[\"M\u00e9rida\"],\"inLanguage\":\"es\",\"potentialAction\":[{\"@type\":\"CommentAction\",\"name\":\"Comment\",\"target\":[\"https:\\\/\\\/reporteroshoy.mx\\\/noticias\\\/cecilia-patron-trabajadores-ayuntamiento-merida\\\/#respond\"]}]},{\"@type\":\"WebPage\",\"@id\":\"https:\\\/\\\/reporteroshoy.mx\\\/noticias\\\/cecilia-patron-trabajadores-ayuntamiento-merida\\\/\",\"url\":\"https:\\\/\\\/reporteroshoy.mx\\\/noticias\\\/cecilia-patron-trabajadores-ayuntamiento-merida\\\/\",\"name\":\"Cecilia Patr\u00f3n reconoce a trabajadores del Ayuntamiento de M\u00e9rida\",\"isPartOf\":{\"@id\":\"https:\\\/\\\/reporteroshoy.mx\\\/noticias\\\/#website\"},\"primaryImageOfPage\":{\"@id\":\"https:\\\/\\\/reporteroshoy.mx\\\/noticias\\\/cecilia-patron-trabajadores-ayuntamiento-merida\\\/#primaryimage\"},\"image\":{\"@id\":\"https:\\\/\\\/reporteroshoy.mx\\\/noticias\\\/cecilia-patron-trabajadores-ayuntamiento-merida\\\/#primaryimage\"},\"thumbnailUrl\":\"https:\\\/\\\/reporteroshoy.mx\\\/noticias\\\/wp-content\\\/uploads\\\/2026\\\/09\\\/WhatsApp-Image-2026-09-02-at-3.52.28-PM-scaled.avif\",\"datePublished\":\"2026-09-02T22:38:06+00:00\",\"author\":{\"@id\":\"https:\\\/\\\/reporteroshoy.mx\\\/noticias\\\/#\\\/schema\\\/person\\\/17dae1f2305a31fe437930b820d039d2\"},\"description\":\"Cecilia Patr\u00f3n reconoce a trabajadores del Ayuntamiento de M\u00e9rida y destaca su labor diaria bajo un gobierno 24\\\/7.\",\"breadcrumb\":{\"@id\":\"https:\\\/\\\/reporteroshoy.mx\\\/noticias\\\/cecilia-patron-trabajadores-ayuntamiento-merida\\\/#breadcrumb\"},\"inLanguage\":\"es\",\"potentialAction\":[{\"@type\":\"ReadAction\",\"target\":[\"https:\\\/\\\/reporteroshoy.mx\\\/noticias\\\/cecilia-patron-trabajadores-ayuntamiento-merida\\\/\"]}]},{\"@type\":\"ImageObject\",\"inLanguage\":\"es\",\"@id\":\"https:\\\/\\\/reporteroshoy.mx\\\/noticias\\\/cecilia-patron-trabajadores-ayuntamiento-merida\\\/#primaryimage\",\"url\":\"https:\\\/\\\/reporteroshoy.mx\\\/noticias\\\/wp-content\\\/uploads\\\/2026\\\/09\\\/WhatsApp-Image-2026-09-02-at-3.52.28-PM-scaled.avif\",\"contentUrl\":\"https:\\\/\\\/reporteroshoy.mx\\\/noticias\\\/wp-content\\\/uploads\\\/2026\\\/09\\\/WhatsApp-Image-2026-09-02-at-3.52.28-PM-scaled.avif\",\"width\":768,\"height\":512},{\"@type\":\"BreadcrumbList\",\"@id\":\"https:\\\/\\\/reporteroshoy.mx\\\/noticias\\\/cecilia-patron-trabajadores-ayuntamiento-merida\\\/#breadcrumb\",\"itemListElement\":[{\"@type\":\"ListItem\",\"position\":1,\"name\":\"Portada\",\"item\":\"https:\\\/\\\/reporteroshoy.mx\\\/noticias\\\/\"},{\"@type\":\"ListItem\",\"position\":2,\"name\":\"Cecilia Patr\u00f3n reconoce a trabajadores del Ayuntamiento de M\u00e9rida\"}]},{\"@type\":\"WebSite\",\"@id\":\"https:\\\/\\\/reporteroshoy.mx\\\/noticias\\\/#website\",\"url\":\"https:\\\/\\\/reporteroshoy.mx\\\/noticias\\\/\",\"name\":\"Reporteros Hoy | Noticias de Yucat\u00e1n\",\"description\":\"Peri\u00f3dico digital con noticias diarias desde M\u00e9rida, Yucat\u00e1n para el mundo.\",\"potentialAction\":[{\"@type\":\"SearchAction\",\"target\":{\"@type\":\"EntryPoint\",\"urlTemplate\":\"https:\\\/\\\/reporteroshoy.mx\\\/noticias\\\/?s={search_term_string}\"},\"query-input\":{\"@type\":\"PropertyValueSpecification\",\"valueRequired\":true,\"valueName\":\"search_term_string\"}}],\"inLanguage\":\"es\"},{\"@type\":\"Person\",\"@id\":\"https:\\\/\\\/reporteroshoy.mx\\\/noticias\\\/#\\\/schema\\\/person\\\/17dae1f2305a31fe437930b820d039d2\",\"name\":\"Reporteros Hoy EM\",\"image\":{\"@type\":\"ImageObject\",\"inLanguage\":\"es\",\"@id\":\"https:\\\/\\\/secure.gravatar.com\\\/avatar\\\/3a15973aa4f07c46a3eb7d8f9121204d4000ebdacddf63898dc5d9ac100c7c1b?s=96&d=mm&r=g\",\"url\":\"https:\\\/\\\/secure.gravatar.com\\\/avatar\\\/3a15973aa4f07c46a3eb7d8f9121204d4000ebdacddf63898dc5d9ac100c7c1b?s=96&d=mm&r=g\",\"contentUrl\":\"https:\\\/\\\/secure.gravatar.com\\\/avatar\\\/3a15973aa4f07c46a3eb7d8f9121204d4000ebdacddf63898dc5d9ac100c7c1b?s=96&d=mm&r=g\",\"caption\":\"Reporteros Hoy EM\"},\"url\":\"https:\\\/\\\/reporteroshoy.mx\\\/noticias\\\/author\\\/edgar\\\/\"}]}<\/script>\n<!-- \/ Yoast SEO plugin. -->","yoast_head_json":{"title":"Cecilia Patr\u00f3n reconoce a trabajadores del Ayuntamiento de M\u00e9rida","description":"Cecilia Patr\u00f3n reconoce a trabajadores del Ayuntamiento de M\u00e9rida y destaca su labor diaria bajo un gobierno 24\/7.","robots":{"index":"index","follow":"follow","max-snippet":"max-snippet:-1","max-image-preview":"max-image-preview:large","max-video-preview":"max-video-preview:-1"},"canonical":"https:\/\/reporteroshoy.mx\/noticias\/cecilia-patron-trabajadores-ayuntamiento-merida\/","og_locale":"es_ES","og_type":"article","og_title":"Cecilia Patr\u00f3n reconoce a trabajadores del Ayuntamiento de M\u00e9rida","og_description":"Cecilia Patr\u00f3n reconoce a trabajadores del Ayuntamiento de M\u00e9rida y destaca su labor diaria bajo un gobierno 24\/7.","og_url":"https:\/\/reporteroshoy.mx\/noticias\/cecilia-patron-trabajadores-ayuntamiento-merida\/","og_site_name":"Reporteros Hoy | Noticias de Yucat\u00e1n","article_publisher":"http:\/\/www.facebook.com\/reporteroshoymx","article_published_time":"2026-09-02T22:38:06+00:00","og_image":[{"width":768,"height":512,"url":"https:\/\/reporteroshoy.mx\/noticias\/wp-content\/uploads\/2026\/09\/WhatsApp-Image-2026-09-02-at-3.52.28-PM-scaled.avif","type":"image\/jpeg"}],"author":"Reporteros Hoy EM","twitter_card":"summary_large_image","twitter_creator":"@reporteroshoy","twitter_site":"@reporteroshoy","twitter_misc":{"Escrito por":"Reporteros Hoy EM","Tiempo de lectura":"3 minutos"},"schema":{"@context":"https:\/\/schema.org","@graph":[{"@type":"Article","@id":"https:\/\/reporteroshoy.mx\/noticias\/cecilia-patron-trabajadores-ayuntamiento-merida\/#article","isPartOf":{"@id":"https:\/\/reporteroshoy.mx\/noticias\/cecilia-patron-trabajadores-ayuntamiento-merida\/"},"author":{"name":"Reporteros Hoy EM","@id":"https:\/\/reporteroshoy.mx\/noticias\/#\/schema\/person\/17dae1f2305a31fe437930b820d039d2"},"headline":"Cecilia Patr\u00f3n reconoce a trabajadores del Ayuntamiento de M\u00e9rida","datePublished":"2026-09-02T22:38:06+00:00","mainEntityOfPage":{"@id":"https:\/\/reporteroshoy.mx\/noticias\/cecilia-patron-trabajadores-ayuntamiento-merida\/"},"wordCount":356,"commentCount":0,"image":{"@id":"https:\/\/reporteroshoy.mx\/noticias\/cecilia-patron-trabajadores-ayuntamiento-merida\/#primaryimage"},"thumbnailUrl":"https:\/\/reporteroshoy.mx\/noticias\/wp-content\/uploads\/2026\/09\/WhatsApp-Image-2026-09-02-at-3.52.28-PM-scaled.avif","keywords":["ayuntamiento de merida","Cecilia Patr\u00f3n","gobierno 24\/7","M\u00e9rida","servidores p\u00fablicos municipales"],"articleSection":["M\u00e9rida"],"inLanguage":"es","potentialAction":[{"@type":"CommentAction","name":"Comment","target":["https:\/\/reporteroshoy.mx\/noticias\/cecilia-patron-trabajadores-ayuntamiento-merida\/#respond"]}]},{"@type":"WebPage","@id":"https:\/\/reporteroshoy.mx\/noticias\/cecilia-patron-trabajadores-ayuntamiento-merida\/","url":"https:\/\/reporteroshoy.mx\/noticias\/cecilia-patron-trabajadores-ayuntamiento-merida\/","name":"Cecilia Patr\u00f3n reconoce a trabajadores del Ayuntamiento de M\u00e9rida","isPartOf":{"@id":"https:\/\/reporteroshoy.mx\/noticias\/#website"},"primaryImageOfPage":{"@id":"https:\/\/reporteroshoy.mx\/noticias\/cecilia-patron-trabajadores-ayuntamiento-merida\/#primaryimage"},"image":{"@id":"https:\/\/reporteroshoy.mx\/noticias\/cecilia-patron-trabajadores-ayuntamiento-merida\/#primaryimage"},"thumbnailUrl":"https:\/\/reporteroshoy.mx\/noticias\/wp-content\/uploads\/2026\/09\/WhatsApp-Image-2026-09-02-at-3.52.28-PM-scaled.avif","datePublished":"2026-09-02T22:38:06+00:00","author":{"@id":"https:\/\/reporteroshoy.mx\/noticias\/#\/schema\/person\/17dae1f2305a31fe437930b820d039d2"},"description":"Cecilia Patr\u00f3n reconoce a trabajadores del Ayuntamiento de M\u00e9rida y destaca su labor diaria bajo un gobierno 24\/7.","breadcrumb":{"@id":"https:\/\/reporteroshoy.mx\/noticias\/cecilia-patron-trabajadores-ayuntamiento-merida\/#breadcrumb"},"inLanguage":"es","potentialAction":[{"@type":"ReadAction","target":["https:\/\/reporteroshoy.mx\/noticias\/cecilia-patron-trabajadores-ayuntamiento-merida\/"]}]},{"@type":"ImageObject","inLanguage":"es","@id":"https:\/\/reporteroshoy.mx\/noticias\/cecilia-patron-trabajadores-ayuntamiento-merida\/#primaryimage","url":"https:\/\/reporteroshoy.mx\/noticias\/wp-content\/uploads\/2026\/09\/WhatsApp-Image-2026-09-02-at-3.52.28-PM-scaled.avif","contentUrl":"https:\/\/reporteroshoy.mx\/noticias\/wp-content\/uploads\/2026\/09\/WhatsApp-Image-2026-09-02-at-3.52.28-PM-scaled.avif","width":768,"height":512},{"@type":"BreadcrumbList","@id":"https:\/\/reporteroshoy.mx\/noticias\/cecilia-patron-trabajadores-ayuntamiento-merida\/#breadcrumb","itemListElement":[{"@type":"ListItem","position":1,"name":"Portada","item":"https:\/\/reporteroshoy.mx\/noticias\/"},{"@type":"ListItem","position":2,"name":"Cecilia Patr\u00f3n reconoce a trabajadores del Ayuntamiento de M\u00e9rida"}]},{"@type":"WebSite","@id":"https:\/\/reporteroshoy.mx\/noticias\/#website","url":"https:\/\/reporteroshoy.mx\/noticias\/","name":"Reporteros Hoy | Noticias de Yucat\u00e1n","description":"Peri\u00f3dico digital con noticias diarias desde M\u00e9rida, Yucat\u00e1n para el mundo.","potentialAction":[{"@type":"SearchAction","target":{"@type":"EntryPoint","urlTemplate":"https:\/\/reporteroshoy.mx\/noticias\/?s={search_term_string}"},"query-input":{"@type":"PropertyValueSpecification","valueRequired":true,"valueName":"search_term_string"}}],"inLanguage":"es"},{"@type":"Person","@id":"https:\/\/reporteroshoy.mx\/noticias\/#\/schema\/person\/17dae1f2305a31fe437930b820d039d2","name":"Reporteros Hoy EM","image":{"@type":"ImageObject","inLanguage":"es","@id":"https:\/\/secure.gravatar.com\/avatar\/3a15973aa4f07c46a3eb7d8f9121204d4000ebdacddf63898dc5d9ac100c7c1b?s=96&d=mm&r=g","url":"https:\/\/secure.gravatar.com\/avatar\/3a15973aa4f07c46a3eb7d8f9121204d4000ebdacddf63898dc5d9ac100c7c1b?s=96&d=mm&r=g","contentUrl":"https:\/\/secure.gravatar.com\/avatar\/3a15973aa4f07c46a3eb7d8f9121204d4000ebdacddf63898dc5d9ac100c7c1b?s=96&d=mm&r=g","caption":"Reporteros Hoy EM"},"url":"https:\/\/reporteroshoy.mx\/noticias\/author\/edgar\/"}]}},"_links":{"self":[{"href":"https:\/\/reporteroshoy.mx\/noticias\/wp-json\/wp\/v2\/posts\/131579","targetHints":{"allow":["GET"]}}],"collection":[{"href":"https:\/\/reporteroshoy.mx\/noticias\/wp-json\/wp\/v2\/posts"}],"about":[{"href":"https:\/\/reporteroshoy.mx\/noticias\/wp-json\/wp\/v2\/types\/post"}],"author":[{"embeddable":true,"href":"https:\/\/reporteroshoy.mx\/noticias\/wp-json\/wp\/v2\/users\/13"}],"replies":[{"embeddable":true,"href":"https:\/\/reporteroshoy.mx\/noticias\/wp-json\/wp\/v2\/comments?post=131579"}],"version-history":[{"count":0,"href":"https:\/\/reporteroshoy.mx\/noticias\/wp-json\/wp\/v2\/posts\/131579\/revisions"}],"wp:featuredmedia":[{"embeddable":true,"href":"https:\/\/reporteroshoy.mx\/noticias\/wp-json\/wp\/v2\/media\/131584"}],"wp:attachment":[{"href":"https:\/\/reporteroshoy.mx\/noticias\/wp-json\/wp\/v2\/media?parent=131579"}],"wp:term":[{"taxonomy":"category","embeddable":true,"href":"https:\/\/reporteroshoy.mx\/noticias\/wp-json\/wp\/v2\/categories?post=131579"},{"taxonomy":"post_tag","embeddable":true,"href":"https:\/\/reporteroshoy.mx\/noticias\/wp-json\/wp\/v2\/tags?post=131579"}],"curies":[{"name":"wp","href":"https:\/\/api.w.org\/{rel}","templated":true}]}}