{"id":131594,"date":"2026-09-02T21:36:51","date_gmt":"2026-09-03T03:36:51","guid":{"rendered":"https:\/\/reporteroshoy.mx\/noticias\/?p=131594"},"modified":"2026-09-02T21:36:51","modified_gmt":"2026-09-03T03:36:51","slug":"mexico-bailara-sobre-los-muros-de-la-peni","status":"publish","type":"post","link":"https:\/\/reporteroshoy.mx\/noticias\/mexico-bailara-sobre-los-muros-de-la-peni\/","title":{"rendered":"M\u00e9xico \u00abbailar\u00e1\u00bb sobre los muros de La Peni"},"content":{"rendered":"<p class=\"isSelectedEnd\" style=\"text-align: justify;\">El <strong>videomapping de La Peni<\/strong> estrenar\u00e1 durante septiembre un nuevo segmento visual inspirado en las m\u00faltiples culturas de M\u00e9xico, como parte de la cartelera gratuita que el Ayuntamiento de M\u00e9rida ofrecer\u00e1 en distintos espacios culturales de la ciudad.<\/p>\n<h4 class=\"isSelectedEnd\" style=\"text-align: justify;\"><strong>Videomapping de La Peni celebra diversidad mexicana<\/strong><\/h4>\n<p class=\"isSelectedEnd\" style=\"text-align: justify;\">La nueva secci\u00f3n, titulada <strong>\u201cCelebrando la diversidad cultural mexicana\u201d<\/strong>, forma parte del espect\u00e1culo <strong>\u201cM\u00e9rida: Origen y Memoria\u201d<\/strong>, que se proyecta en la fachada de La Peni, en el parque de La Paz.<\/p>\n<p class=\"isSelectedEnd\" style=\"text-align: justify;\">El artista Luis Ram\u00edrez cre\u00f3 este segmento, al igual que el resto del videomapping, con referencias a expresiones culturales de distintas regiones del pa\u00eds, desde los tlacololeros y maromeros hasta los voladores, el bolonch\u00f3n y la danza del venado.<\/p>\n<p class=\"isSelectedEnd\" style=\"text-align: justify;\">Con im\u00e1genes, colores, formas, m\u00fasica y bailes, la proyecci\u00f3n recorre los muchos M\u00e9xicos, de Sonora a Chiapas y de Guerrero a Veracruz, para mostrar la diversidad cultural que distingue al pa\u00eds.<\/p>\n<p style=\"text-align: justify;\"><img loading=\"lazy\" decoding=\"async\" class=\"wp-image-131597 aligncenter\" src=\"https:\/\/reporteroshoy.mx\/noticias\/wp-content\/uploads\/2026\/09\/Mapin-Septiembre-La-Peni-scaled.avif\" alt=\"La Peni mapping\" width=\"632\" height=\"474\" srcset=\"https:\/\/reporteroshoy.mx\/noticias\/wp-content\/uploads\/2026\/09\/Mapin-Septiembre-La-Peni-scaled.avif 768w, https:\/\/reporteroshoy.mx\/noticias\/wp-content\/uploads\/2026\/09\/Mapin-Septiembre-La-Peni-1536x1152.avif 1536w\" sizes=\"auto, (max-width: 632px) 100vw, 632px\" \/> El espect\u00e1culo completo tiene duraci\u00f3n de una hora, mientras que el segmento especial se podr\u00e1 apreciar durante los \u00faltimos tres minutos. Las funciones se realizan de jueves a domingo, a las <strong>20:00 y 21:00 horas<\/strong>, siempre que las condiciones del clima lo permitan.<\/p>\n<h4 class=\"isSelectedEnd\" style=\"text-align: justify;\"><strong>Cartelera cultural de M\u00e9rida suma literatura y arte<\/strong><\/h4>\n<p class=\"isSelectedEnd\" style=\"text-align: justify;\">El Centro Cultural Jos\u00e9 Mart\u00ed ofrecer\u00e1 este mes m\u00e1s experiencias literarias. El jueves 3 de septiembre ser\u00e1 sede de la presentaci\u00f3n de la novela <strong>\u201cUrak\u00e1n\u201d<\/strong>, del escritor y artista cubano-estadounidense Ra\u00fal Moarquech Ferrera-Balanquet, a las <strong>19:00 horas<\/strong>.<\/p>\n<p class=\"isSelectedEnd\" style=\"text-align: justify;\">Los s\u00e1bados continuar\u00e1n los talleres infantiles, el espacio de Berta Merodio <strong>\u201cLa Gallipava\u201d<\/strong>, as\u00ed como actividades con juegos, lecturas y experimentos para acercar la ciencia a ni\u00f1as y ni\u00f1os. Los talleres iniciar\u00e1n a las <strong>10:00 horas<\/strong>.<\/p>\n<p class=\"isSelectedEnd\" style=\"text-align: justify;\">En artes visuales, el <strong>Museo de la Ciudad de M\u00e9rida<\/strong> inaugurar\u00e1 este jueves 3 la exposici\u00f3n <strong>\u201cLegado y Ra\u00edz\u201d<\/strong>, una muestra colectiva con piezas de estudiantes de la Universidad Modelo y la Universidad Iberoamericana de la Ciudad de M\u00e9xico.<\/p>\n<p><img loading=\"lazy\" decoding=\"async\" class=\"wp-image-131596 aligncenter\" src=\"https:\/\/reporteroshoy.mx\/noticias\/wp-content\/uploads\/2026\/09\/Legado-y-raiz-1-scaled.avif\" alt=\"\" width=\"509\" height=\"679\" srcset=\"https:\/\/reporteroshoy.mx\/noticias\/wp-content\/uploads\/2026\/09\/Legado-y-raiz-1-scaled.avif 576w, https:\/\/reporteroshoy.mx\/noticias\/wp-content\/uploads\/2026\/09\/Legado-y-raiz-1-768x1024.avif 768w, https:\/\/reporteroshoy.mx\/noticias\/wp-content\/uploads\/2026\/09\/Legado-y-raiz-1-1152x1536.avif 1152w, https:\/\/reporteroshoy.mx\/noticias\/wp-content\/uploads\/2026\/09\/Legado-y-raiz-1-1536x2048.avif 1536w\" sizes=\"auto, (max-width: 509px) 100vw, 509px\" \/><\/p>\n<p class=\"isSelectedEnd\" style=\"text-align: justify;\">La exposici\u00f3n re\u00fane indumentarias que reinterpretan la herencia cultural artesanal mediante textiles inspirados en la naturaleza y las leyendas mayas. La inauguraci\u00f3n ser\u00e1 a las <strong>20:00 horas<\/strong>, en la Galer\u00eda Uno, ubicada en la planta baja.<\/p>\n<p><img loading=\"lazy\" decoding=\"async\" class=\"wp-image-131595 aligncenter\" src=\"https:\/\/reporteroshoy.mx\/noticias\/wp-content\/uploads\/2026\/09\/Ecos-1-scaled.avif\" alt=\"\" width=\"623\" height=\"415\" \/><\/p>\n<p class=\"isSelectedEnd\" style=\"text-align: justify;\">En el museo tambi\u00e9n permanece abierta la colecci\u00f3n <strong>\u201cEcos\u201d<\/strong>, de Raymundo Mart\u00edn, integrada por 21 piezas que recrean y reinterpretan la cer\u00e1mica prehisp\u00e1nica maya. Esta muestra estar\u00e1 disponible hasta octubre.<\/p>\n<h4 class=\"isSelectedEnd\" style=\"text-align: justify;\"><strong>Temporada Olimpo mantiene talleres gratuitos<\/strong><\/h4>\n<p class=\"isSelectedEnd\" style=\"text-align: justify;\">El Centro Cultural del Sur ofrecer\u00e1 funciones infantiles dedicadas a los animales dentro de su ciclo de cine, con dos proyecciones vespertinas el jueves, s\u00e1bado y domingo.<\/p>\n<p class=\"isSelectedEnd\" style=\"text-align: justify;\">Adem\u00e1s, la Temporada Olimpo mantendr\u00e1 su oferta de talleres art\u00edsticos gratuitos. Paulina Esquivel compartir\u00e1 t\u00e9cnicas de interpretaci\u00f3n actoral y manejo de la ansiedad esc\u00e9nica, mientras que V\u00edctor Basante y Edward Chan ofrecer\u00e1n herramientas para musicalizar una pieza esc\u00e9nica.<\/p>\n<p class=\"isSelectedEnd\" style=\"text-align: justify;\">Las personas interesadas en estos talleres deber\u00e1n inscribirse en <span style=\"text-decoration: underline; color: #0000ff;\"><strong><a style=\"color: #0000ff; text-decoration: underline;\" href=\"mailto:cultura@merida.gob.mx\">cultura@merida.gob.mx<\/a><\/strong><\/span> y la cartelera completa puede consultarse en <span style=\"text-decoration: underline;\"><strong><span style=\"color: #0000ff; text-decoration: underline;\"><a style=\"color: #0000ff; text-decoration: underline;\" href=\"http:\/\/www.merida.gob.mx\/cultura\">www.merida.gob.mx\/cultura<\/a><\/span><\/strong><\/span>.<\/p>\n<h4 style=\"text-align: justify;\"><strong>Fuente: Ayuntamiento de M\u00e9rida<\/strong><\/h4>\n","protected":false},"excerpt":{"rendered":"<p>El espect\u00e1culo \u201cM\u00e9rida: Origen y Memoria\u201d incorporar\u00e1 durante septiembre una nueva proyecci\u00f3n dedicada a la diversidad cultural mexicana.<\/p>\n","protected":false},"author":2,"featured_media":131597,"comment_status":"open","ping_status":"closed","sticky":false,"template":"","format":"standard","meta":{"footnotes":""},"categories":[3],"tags":[29294,29292,29293,2339,9216],"class_list":["post-131594","post","type-post","status-publish","format-standard","has-post-thumbnail","hentry","category-cultura","tag-cartelera-cultural-de-merida","tag-ideomapping-de-la-peni","tag-merida-origen-y-memoria","tag-museo-de-la-ciudad","tag-parque-de-la-paz"],"yoast_head":"<!-- This site is optimized with the Yoast SEO plugin v28.4 - https:\/\/yoast.com\/product\/yoast-seo-wordpress\/ -->\n<title>M\u00e9xico &quot;bailar\u00e1&quot; sobre los muros de La Peni<\/title>\n<meta name=\"description\" content=\"El espect\u00e1culo \u201cM\u00e9rida: Origen y Memoria\u201d incorporar\u00e1 durante septiembre una nueva proyecci\u00f3n dedicada a la diversidad cultural mexicana.\" \/>\n<meta name=\"robots\" content=\"index, follow, max-snippet:-1, max-image-preview:large, max-video-preview:-1\" \/>\n<link rel=\"canonical\" href=\"https:\/\/reporteroshoy.mx\/noticias\/mexico-bailara-sobre-los-muros-de-la-peni\/\" \/>\n<meta property=\"og:locale\" content=\"es_ES\" \/>\n<meta property=\"og:type\" content=\"article\" \/>\n<meta property=\"og:title\" content=\"M\u00e9xico &quot;bailar\u00e1&quot; sobre los muros de La Peni\" \/>\n<meta property=\"og:description\" content=\"El espect\u00e1culo \u201cM\u00e9rida: Origen y Memoria\u201d incorporar\u00e1 durante septiembre una nueva proyecci\u00f3n dedicada a la diversidad cultural mexicana.\" \/>\n<meta property=\"og:url\" content=\"https:\/\/reporteroshoy.mx\/noticias\/mexico-bailara-sobre-los-muros-de-la-peni\/\" \/>\n<meta property=\"og:site_name\" content=\"Reporteros Hoy | Noticias de Yucat\u00e1n\" \/>\n<meta property=\"article:publisher\" content=\"http:\/\/www.facebook.com\/reporteroshoymx\" \/>\n<meta property=\"article:published_time\" content=\"2026-09-03T03:36:51+00:00\" \/>\n<meta property=\"og:image\" content=\"https:\/\/reporteroshoy.mx\/noticias\/wp-content\/uploads\/2026\/09\/Mapin-Septiembre-La-Peni-scaled.avif\" \/>\n\t<meta property=\"og:image:width\" content=\"768\" \/>\n\t<meta property=\"og:image:height\" content=\"576\" \/>\n\t<meta property=\"og:image:type\" content=\"image\/jpeg\" \/>\n<meta name=\"author\" content=\"Reporteros Hoy HY\" \/>\n<meta name=\"twitter:card\" content=\"summary_large_image\" \/>\n<meta name=\"twitter:creator\" content=\"@reporteroshoy\" \/>\n<meta name=\"twitter:site\" content=\"@reporteroshoy\" \/>\n<meta name=\"twitter:label1\" content=\"Escrito por\" \/>\n\t<meta name=\"twitter:data1\" content=\"Reporteros Hoy HY\" \/>\n\t<meta name=\"twitter:label2\" content=\"Tiempo de lectura\" \/>\n\t<meta name=\"twitter:data2\" content=\"3 minutos\" \/>\n<script type=\"application\/ld+json\" class=\"yoast-schema-graph\">{\"@context\":\"https:\\\/\\\/schema.org\",\"@graph\":[{\"@type\":\"Article\",\"@id\":\"https:\\\/\\\/reporteroshoy.mx\\\/noticias\\\/mexico-bailara-sobre-los-muros-de-la-peni\\\/#article\",\"isPartOf\":{\"@id\":\"https:\\\/\\\/reporteroshoy.mx\\\/noticias\\\/mexico-bailara-sobre-los-muros-de-la-peni\\\/\"},\"author\":{\"name\":\"Reporteros Hoy HY\",\"@id\":\"https:\\\/\\\/reporteroshoy.mx\\\/noticias\\\/#\\\/schema\\\/person\\\/d32189074678a9d41498d4248e29aac3\"},\"headline\":\"M\u00e9xico \u00abbailar\u00e1\u00bb sobre los muros de La Peni\",\"datePublished\":\"2026-09-03T03:36:51+00:00\",\"mainEntityOfPage\":{\"@id\":\"https:\\\/\\\/reporteroshoy.mx\\\/noticias\\\/mexico-bailara-sobre-los-muros-de-la-peni\\\/\"},\"wordCount\":526,\"commentCount\":0,\"image\":{\"@id\":\"https:\\\/\\\/reporteroshoy.mx\\\/noticias\\\/mexico-bailara-sobre-los-muros-de-la-peni\\\/#primaryimage\"},\"thumbnailUrl\":\"https:\\\/\\\/reporteroshoy.mx\\\/noticias\\\/wp-content\\\/uploads\\\/2026\\\/09\\\/Mapin-Septiembre-La-Peni-scaled.avif\",\"keywords\":[\"cartelera cultural de M\u00e9rida\",\"ideomapping de La Peni\",\"M\u00e9rida Origen y Memoria\",\"Museo de la Ciudad\",\"parque de la Paz\"],\"articleSection\":[\"Cultura\"],\"inLanguage\":\"es\",\"potentialAction\":[{\"@type\":\"CommentAction\",\"name\":\"Comment\",\"target\":[\"https:\\\/\\\/reporteroshoy.mx\\\/noticias\\\/mexico-bailara-sobre-los-muros-de-la-peni\\\/#respond\"]}]},{\"@type\":\"WebPage\",\"@id\":\"https:\\\/\\\/reporteroshoy.mx\\\/noticias\\\/mexico-bailara-sobre-los-muros-de-la-peni\\\/\",\"url\":\"https:\\\/\\\/reporteroshoy.mx\\\/noticias\\\/mexico-bailara-sobre-los-muros-de-la-peni\\\/\",\"name\":\"M\u00e9xico \\\"bailar\u00e1\\\" sobre los muros de La Peni\",\"isPartOf\":{\"@id\":\"https:\\\/\\\/reporteroshoy.mx\\\/noticias\\\/#website\"},\"primaryImageOfPage\":{\"@id\":\"https:\\\/\\\/reporteroshoy.mx\\\/noticias\\\/mexico-bailara-sobre-los-muros-de-la-peni\\\/#primaryimage\"},\"image\":{\"@id\":\"https:\\\/\\\/reporteroshoy.mx\\\/noticias\\\/mexico-bailara-sobre-los-muros-de-la-peni\\\/#primaryimage\"},\"thumbnailUrl\":\"https:\\\/\\\/reporteroshoy.mx\\\/noticias\\\/wp-content\\\/uploads\\\/2026\\\/09\\\/Mapin-Septiembre-La-Peni-scaled.avif\",\"datePublished\":\"2026-09-03T03:36:51+00:00\",\"author\":{\"@id\":\"https:\\\/\\\/reporteroshoy.mx\\\/noticias\\\/#\\\/schema\\\/person\\\/d32189074678a9d41498d4248e29aac3\"},\"description\":\"El espect\u00e1culo \u201cM\u00e9rida: Origen y Memoria\u201d incorporar\u00e1 durante septiembre una nueva proyecci\u00f3n dedicada a la diversidad cultural mexicana.\",\"breadcrumb\":{\"@id\":\"https:\\\/\\\/reporteroshoy.mx\\\/noticias\\\/mexico-bailara-sobre-los-muros-de-la-peni\\\/#breadcrumb\"},\"inLanguage\":\"es\",\"potentialAction\":[{\"@type\":\"ReadAction\",\"target\":[\"https:\\\/\\\/reporteroshoy.mx\\\/noticias\\\/mexico-bailara-sobre-los-muros-de-la-peni\\\/\"]}]},{\"@type\":\"ImageObject\",\"inLanguage\":\"es\",\"@id\":\"https:\\\/\\\/reporteroshoy.mx\\\/noticias\\\/mexico-bailara-sobre-los-muros-de-la-peni\\\/#primaryimage\",\"url\":\"https:\\\/\\\/reporteroshoy.mx\\\/noticias\\\/wp-content\\\/uploads\\\/2026\\\/09\\\/Mapin-Septiembre-La-Peni-scaled.avif\",\"contentUrl\":\"https:\\\/\\\/reporteroshoy.mx\\\/noticias\\\/wp-content\\\/uploads\\\/2026\\\/09\\\/Mapin-Septiembre-La-Peni-scaled.avif\",\"width\":768,\"height\":576,\"caption\":\"La Peni mapping\"},{\"@type\":\"BreadcrumbList\",\"@id\":\"https:\\\/\\\/reporteroshoy.mx\\\/noticias\\\/mexico-bailara-sobre-los-muros-de-la-peni\\\/#breadcrumb\",\"itemListElement\":[{\"@type\":\"ListItem\",\"position\":1,\"name\":\"Portada\",\"item\":\"https:\\\/\\\/reporteroshoy.mx\\\/noticias\\\/\"},{\"@type\":\"ListItem\",\"position\":2,\"name\":\"M\u00e9xico \u00abbailar\u00e1\u00bb sobre los muros de La Peni\"}]},{\"@type\":\"WebSite\",\"@id\":\"https:\\\/\\\/reporteroshoy.mx\\\/noticias\\\/#website\",\"url\":\"https:\\\/\\\/reporteroshoy.mx\\\/noticias\\\/\",\"name\":\"Reporteros Hoy | Noticias de Yucat\u00e1n\",\"description\":\"Peri\u00f3dico digital con noticias diarias desde M\u00e9rida, Yucat\u00e1n para el mundo.\",\"potentialAction\":[{\"@type\":\"SearchAction\",\"target\":{\"@type\":\"EntryPoint\",\"urlTemplate\":\"https:\\\/\\\/reporteroshoy.mx\\\/noticias\\\/?s={search_term_string}\"},\"query-input\":{\"@type\":\"PropertyValueSpecification\",\"valueRequired\":true,\"valueName\":\"search_term_string\"}}],\"inLanguage\":\"es\"},{\"@type\":\"Person\",\"@id\":\"https:\\\/\\\/reporteroshoy.mx\\\/noticias\\\/#\\\/schema\\\/person\\\/d32189074678a9d41498d4248e29aac3\",\"name\":\"Reporteros Hoy HY\",\"image\":{\"@type\":\"ImageObject\",\"inLanguage\":\"es\",\"@id\":\"https:\\\/\\\/secure.gravatar.com\\\/avatar\\\/c539a82770f256437b35bda44650bb50f5fd4b7017f8b29672ed9f27a43cec47?s=96&d=mm&r=g\",\"url\":\"https:\\\/\\\/secure.gravatar.com\\\/avatar\\\/c539a82770f256437b35bda44650bb50f5fd4b7017f8b29672ed9f27a43cec47?s=96&d=mm&r=g\",\"contentUrl\":\"https:\\\/\\\/secure.gravatar.com\\\/avatar\\\/c539a82770f256437b35bda44650bb50f5fd4b7017f8b29672ed9f27a43cec47?s=96&d=mm&r=g\",\"caption\":\"Reporteros Hoy HY\"},\"url\":\"https:\\\/\\\/reporteroshoy.mx\\\/noticias\\\/author\\\/thelmo\\\/\"}]}<\/script>\n<!-- \/ Yoast SEO plugin. -->","yoast_head_json":{"title":"M\u00e9xico \"bailar\u00e1\" sobre los muros de La Peni","description":"El espect\u00e1culo \u201cM\u00e9rida: Origen y Memoria\u201d incorporar\u00e1 durante septiembre una nueva proyecci\u00f3n dedicada a la diversidad cultural mexicana.","robots":{"index":"index","follow":"follow","max-snippet":"max-snippet:-1","max-image-preview":"max-image-preview:large","max-video-preview":"max-video-preview:-1"},"canonical":"https:\/\/reporteroshoy.mx\/noticias\/mexico-bailara-sobre-los-muros-de-la-peni\/","og_locale":"es_ES","og_type":"article","og_title":"M\u00e9xico \"bailar\u00e1\" sobre los muros de La Peni","og_description":"El espect\u00e1culo \u201cM\u00e9rida: Origen y Memoria\u201d incorporar\u00e1 durante septiembre una nueva proyecci\u00f3n dedicada a la diversidad cultural mexicana.","og_url":"https:\/\/reporteroshoy.mx\/noticias\/mexico-bailara-sobre-los-muros-de-la-peni\/","og_site_name":"Reporteros Hoy | Noticias de Yucat\u00e1n","article_publisher":"http:\/\/www.facebook.com\/reporteroshoymx","article_published_time":"2026-09-03T03:36:51+00:00","og_image":[{"width":768,"height":576,"url":"https:\/\/reporteroshoy.mx\/noticias\/wp-content\/uploads\/2026\/09\/Mapin-Septiembre-La-Peni-scaled.avif","type":"image\/jpeg"}],"author":"Reporteros Hoy HY","twitter_card":"summary_large_image","twitter_creator":"@reporteroshoy","twitter_site":"@reporteroshoy","twitter_misc":{"Escrito por":"Reporteros Hoy HY","Tiempo de lectura":"3 minutos"},"schema":{"@context":"https:\/\/schema.org","@graph":[{"@type":"Article","@id":"https:\/\/reporteroshoy.mx\/noticias\/mexico-bailara-sobre-los-muros-de-la-peni\/#article","isPartOf":{"@id":"https:\/\/reporteroshoy.mx\/noticias\/mexico-bailara-sobre-los-muros-de-la-peni\/"},"author":{"name":"Reporteros Hoy HY","@id":"https:\/\/reporteroshoy.mx\/noticias\/#\/schema\/person\/d32189074678a9d41498d4248e29aac3"},"headline":"M\u00e9xico \u00abbailar\u00e1\u00bb sobre los muros de La Peni","datePublished":"2026-09-03T03:36:51+00:00","mainEntityOfPage":{"@id":"https:\/\/reporteroshoy.mx\/noticias\/mexico-bailara-sobre-los-muros-de-la-peni\/"},"wordCount":526,"commentCount":0,"image":{"@id":"https:\/\/reporteroshoy.mx\/noticias\/mexico-bailara-sobre-los-muros-de-la-peni\/#primaryimage"},"thumbnailUrl":"https:\/\/reporteroshoy.mx\/noticias\/wp-content\/uploads\/2026\/09\/Mapin-Septiembre-La-Peni-scaled.avif","keywords":["cartelera cultural de M\u00e9rida","ideomapping de La Peni","M\u00e9rida Origen y Memoria","Museo de la Ciudad","parque de la Paz"],"articleSection":["Cultura"],"inLanguage":"es","potentialAction":[{"@type":"CommentAction","name":"Comment","target":["https:\/\/reporteroshoy.mx\/noticias\/mexico-bailara-sobre-los-muros-de-la-peni\/#respond"]}]},{"@type":"WebPage","@id":"https:\/\/reporteroshoy.mx\/noticias\/mexico-bailara-sobre-los-muros-de-la-peni\/","url":"https:\/\/reporteroshoy.mx\/noticias\/mexico-bailara-sobre-los-muros-de-la-peni\/","name":"M\u00e9xico \"bailar\u00e1\" sobre los muros de La Peni","isPartOf":{"@id":"https:\/\/reporteroshoy.mx\/noticias\/#website"},"primaryImageOfPage":{"@id":"https:\/\/reporteroshoy.mx\/noticias\/mexico-bailara-sobre-los-muros-de-la-peni\/#primaryimage"},"image":{"@id":"https:\/\/reporteroshoy.mx\/noticias\/mexico-bailara-sobre-los-muros-de-la-peni\/#primaryimage"},"thumbnailUrl":"https:\/\/reporteroshoy.mx\/noticias\/wp-content\/uploads\/2026\/09\/Mapin-Septiembre-La-Peni-scaled.avif","datePublished":"2026-09-03T03:36:51+00:00","author":{"@id":"https:\/\/reporteroshoy.mx\/noticias\/#\/schema\/person\/d32189074678a9d41498d4248e29aac3"},"description":"El espect\u00e1culo \u201cM\u00e9rida: Origen y Memoria\u201d incorporar\u00e1 durante septiembre una nueva proyecci\u00f3n dedicada a la diversidad cultural mexicana.","breadcrumb":{"@id":"https:\/\/reporteroshoy.mx\/noticias\/mexico-bailara-sobre-los-muros-de-la-peni\/#breadcrumb"},"inLanguage":"es","potentialAction":[{"@type":"ReadAction","target":["https:\/\/reporteroshoy.mx\/noticias\/mexico-bailara-sobre-los-muros-de-la-peni\/"]}]},{"@type":"ImageObject","inLanguage":"es","@id":"https:\/\/reporteroshoy.mx\/noticias\/mexico-bailara-sobre-los-muros-de-la-peni\/#primaryimage","url":"https:\/\/reporteroshoy.mx\/noticias\/wp-content\/uploads\/2026\/09\/Mapin-Septiembre-La-Peni-scaled.avif","contentUrl":"https:\/\/reporteroshoy.mx\/noticias\/wp-content\/uploads\/2026\/09\/Mapin-Septiembre-La-Peni-scaled.avif","width":768,"height":576,"caption":"La Peni mapping"},{"@type":"BreadcrumbList","@id":"https:\/\/reporteroshoy.mx\/noticias\/mexico-bailara-sobre-los-muros-de-la-peni\/#breadcrumb","itemListElement":[{"@type":"ListItem","position":1,"name":"Portada","item":"https:\/\/reporteroshoy.mx\/noticias\/"},{"@type":"ListItem","position":2,"name":"M\u00e9xico \u00abbailar\u00e1\u00bb sobre los muros de La Peni"}]},{"@type":"WebSite","@id":"https:\/\/reporteroshoy.mx\/noticias\/#website","url":"https:\/\/reporteroshoy.mx\/noticias\/","name":"Reporteros Hoy | Noticias de Yucat\u00e1n","description":"Peri\u00f3dico digital con noticias diarias desde M\u00e9rida, Yucat\u00e1n para el mundo.","potentialAction":[{"@type":"SearchAction","target":{"@type":"EntryPoint","urlTemplate":"https:\/\/reporteroshoy.mx\/noticias\/?s={search_term_string}"},"query-input":{"@type":"PropertyValueSpecification","valueRequired":true,"valueName":"search_term_string"}}],"inLanguage":"es"},{"@type":"Person","@id":"https:\/\/reporteroshoy.mx\/noticias\/#\/schema\/person\/d32189074678a9d41498d4248e29aac3","name":"Reporteros Hoy HY","image":{"@type":"ImageObject","inLanguage":"es","@id":"https:\/\/secure.gravatar.com\/avatar\/c539a82770f256437b35bda44650bb50f5fd4b7017f8b29672ed9f27a43cec47?s=96&d=mm&r=g","url":"https:\/\/secure.gravatar.com\/avatar\/c539a82770f256437b35bda44650bb50f5fd4b7017f8b29672ed9f27a43cec47?s=96&d=mm&r=g","contentUrl":"https:\/\/secure.gravatar.com\/avatar\/c539a82770f256437b35bda44650bb50f5fd4b7017f8b29672ed9f27a43cec47?s=96&d=mm&r=g","caption":"Reporteros Hoy HY"},"url":"https:\/\/reporteroshoy.mx\/noticias\/author\/thelmo\/"}]}},"_links":{"self":[{"href":"https:\/\/reporteroshoy.mx\/noticias\/wp-json\/wp\/v2\/posts\/131594","targetHints":{"allow":["GET"]}}],"collection":[{"href":"https:\/\/reporteroshoy.mx\/noticias\/wp-json\/wp\/v2\/posts"}],"about":[{"href":"https:\/\/reporteroshoy.mx\/noticias\/wp-json\/wp\/v2\/types\/post"}],"author":[{"embeddable":true,"href":"https:\/\/reporteroshoy.mx\/noticias\/wp-json\/wp\/v2\/users\/2"}],"replies":[{"embeddable":true,"href":"https:\/\/reporteroshoy.mx\/noticias\/wp-json\/wp\/v2\/comments?post=131594"}],"version-history":[{"count":0,"href":"https:\/\/reporteroshoy.mx\/noticias\/wp-json\/wp\/v2\/posts\/131594\/revisions"}],"wp:featuredmedia":[{"embeddable":true,"href":"https:\/\/reporteroshoy.mx\/noticias\/wp-json\/wp\/v2\/media\/131597"}],"wp:attachment":[{"href":"https:\/\/reporteroshoy.mx\/noticias\/wp-json\/wp\/v2\/media?parent=131594"}],"wp:term":[{"taxonomy":"category","embeddable":true,"href":"https:\/\/reporteroshoy.mx\/noticias\/wp-json\/wp\/v2\/categories?post=131594"},{"taxonomy":"post_tag","embeddable":true,"href":"https:\/\/reporteroshoy.mx\/noticias\/wp-json\/wp\/v2\/tags?post=131594"}],"curies":[{"name":"wp","href":"https:\/\/api.w.org\/{rel}","templated":true}]}}