{"id":131599,"date":"2026-09-03T10:51:12","date_gmt":"2026-09-03T16:51:12","guid":{"rendered":"https:\/\/reporteroshoy.mx\/noticias\/?p=131599"},"modified":"2026-09-03T10:51:12","modified_gmt":"2026-09-03T16:51:12","slug":"reportan-presunto-maltrato-de-una-cocker-en-jardines-de-merida","status":"publish","type":"post","link":"https:\/\/reporteroshoy.mx\/noticias\/reportan-presunto-maltrato-de-una-cocker-en-jardines-de-merida\/","title":{"rendered":"Reportan presunto maltrato de una Cocker en Jardines de M\u00e9rida"},"content":{"rendered":"<p class=\"isSelectedEnd\" style=\"text-align: justify;\">Un reporte sobre un <strong>presunto maltrato animal<\/strong> gener\u00f3 preocupaci\u00f3n entre vecinos y rescatistas por las condiciones de una perrita Cocker de aproximadamente 18 a\u00f1os, ubicada en un domicilio de la calle 17 por 68, en la colonia Jardines de M\u00e9rida.<\/p>\n<p class=\"isSelectedEnd\" style=\"text-align: justify;\">De acuerdo con el reporte difundido por una asociaci\u00f3n de rescatistas de canes, vecinos manifestaron preocupaci\u00f3n por la <strong>extrema delgadez del animal<\/strong> y se\u00f1alaron que presuntamente pasaba periodos sin recibir alimento.<\/p>\n<p class=\"isSelectedEnd\" style=\"text-align: justify;\">Ante esta situaci\u00f3n, rescatistas independientes acudieron al sitio y solicitaron la intervenci\u00f3n de las autoridades para verificar directamente las condiciones de la mascota.<\/p>\n<p><img loading=\"lazy\" decoding=\"async\" class=\"aligncenter wp-image-131600 size-full\" src=\"https:\/\/reporteroshoy.mx\/noticias\/wp-content\/uploads\/2026\/09\/WhatsApp-Image-2026-09-03-at-10.10.05-AM-scaled.avif\" alt=\"Reportan presunto maltrato de una Cocker en Jardines de M\u00e9rida\" width=\"576\" height=\"768\" srcset=\"https:\/\/reporteroshoy.mx\/noticias\/wp-content\/uploads\/2026\/09\/WhatsApp-Image-2026-09-03-at-10.10.05-AM-scaled.avif 576w, https:\/\/reporteroshoy.mx\/noticias\/wp-content\/uploads\/2026\/09\/WhatsApp-Image-2026-09-03-at-10.10.05-AM-768x1024.avif 768w, https:\/\/reporteroshoy.mx\/noticias\/wp-content\/uploads\/2026\/09\/WhatsApp-Image-2026-09-03-at-10.10.05-AM-1152x1536.avif 1152w\" sizes=\"auto, (max-width: 576px) 100vw, 576px\" \/><\/p>\n<h2 style=\"text-align: justify;\">\ud835\udde8\ud835\udde3\ud835\uddd4 \ud835\uddff\ud835\uddf2\ud835\ude03\ud835\uddf6\ud835\ude00\ud835\uddee \ud835\uddee \ud835\uddfd\ud835\uddf2\ud835\uddff\ud835\uddff\ud835\uddf6\ud835\ude01\ud835\uddee \ud835\uddd6\ud835\uddfc\ud835\uddf0\ud835\uddf8\ud835\uddf2\ud835\uddff<\/h2>\n<p class=\"isSelectedEnd\" style=\"text-align: justify;\">La preocupaci\u00f3n aument\u00f3 despu\u00e9s de que el caso comenz\u00f3 a circular en redes sociales. Ante ello, la <strong>Unidad de Protecci\u00f3n Animal (UPA)<\/strong> inform\u00f3 que el reporte ya hab\u00eda sido atendido.<\/p>\n<p class=\"isSelectedEnd\" style=\"text-align: justify;\">Durante la revisi\u00f3n, personal de la dependencia constat\u00f3 que la perrita tiene aproximadamente 18 a\u00f1os y presenta condiciones compatibles con su <strong>edad avanzada<\/strong>.<\/p>\n<p class=\"isSelectedEnd\" style=\"text-align: justify;\">Seg\u00fan la valoraci\u00f3n difundida por la UPA, el animal presenta p\u00e9rdida fisiol\u00f3gica de masa muscular y disminuci\u00f3n en la absorci\u00f3n de nutrientes, condiciones asociadas con la etapa geri\u00e1trica.<\/p>\n<p class=\"isSelectedEnd\" style=\"text-align: justify;\">La dependencia tambi\u00e9n se\u00f1al\u00f3 que durante la revisi\u00f3n la mascota se encontraba <strong>alerta y sin signos evidentes de maltrato<\/strong>.<\/p>\n<p class=\"isSelectedEnd\" style=\"text-align: justify;\">De esta manera, la valoraci\u00f3n oficial difiere de la preocupaci\u00f3n expresada inicialmente por vecinos y rescatistas, quienes hab\u00edan solicitado una revisi\u00f3n para determinar el estado de salud del animal y las condiciones en las que permanece.<\/p>\n<h2 style=\"text-align: justify;\">\ud835\udde5\ud835\uddf2\ud835\ude00\ud835\uddf0\ud835\uddee\ud835\ude01\ud835\uddf6\ud835\ude00\ud835\ude01\ud835\uddee\ud835\ude00 \ud835\uddfd\ud835\uddf6\ud835\uddf1\ud835\uddf2\ud835\uddfb \ud835\ude03\ud835\uddf2\ud835\uddff\ud835\uddf6\ud835\uddf3\ud835\uddf6\ud835\uddf0\ud835\uddee\ud835\uddff \ud835\uddf9\ud835\uddee\ud835\ude00 \ud835\uddf0\ud835\uddfc\ud835\uddfb\ud835\uddf1\ud835\uddf6\ud835\uddf0\ud835\uddf6\ud835\uddfc\ud835\uddfb\ud835\uddf2\ud835\ude00<\/h2>\n<p class=\"isSelectedEnd\" style=\"text-align: justify;\">Hasta el momento, no se ha informado de una nueva valoraci\u00f3n oficial relacionada con el caso.<\/p>\n<p class=\"isSelectedEnd\" style=\"text-align: justify;\">Por su parte, rescatistas se\u00f1alaron a trav\u00e9s de sus p\u00e1ginas oficiales que los propietarios <strong>no habr\u00edan accedido a entregar a la mascota<\/strong>, salvo que existiera una denuncia formal ante las autoridades.<\/p>\n<p class=\"isSelectedEnd\" style=\"text-align: justify;\">Esta versi\u00f3n corresponde al se\u00f1alamiento de los rescatistas y no se inform\u00f3 de manera oficial sobre alguna determinaci\u00f3n de las autoridades respecto a la custodia del animal.<\/p>\n<p style=\"text-align: justify;\">El caso permanece bajo atenci\u00f3n debido a la diferencia entre la preocupaci\u00f3n manifestada por vecinos y organizaciones de rescate y la valoraci\u00f3n realizada por la UPA.<\/p>\n<p><strong>ACOM<\/strong><\/p>\n","protected":false},"excerpt":{"rendered":"<p>\ud835\udddf\ud835\uddee \ud835\uddfd\ud835\uddff\ud835\uddf2\ud835\uddfc\ud835\uddf0\ud835\ude02\ud835\uddfd\ud835\uddee\ud835\uddf0\ud835\uddf6\ud835\uddfc\u0301\ud835\uddfb \ud835\uddf1\ud835\uddf2 \ud835\ude03\ud835\uddf2\ud835\uddf0\ud835\uddf6\ud835\uddfb\ud835\uddfc\ud835\ude00 \ud835\ude06 \ud835\uddff\ud835\uddf2\ud835\ude00\ud835\uddf0\ud835\uddee\ud835\ude01\ud835\uddf6\ud835\ude00\ud835\ude01\ud835\uddee\ud835\ude00 \ud835\uddfd\ud835\uddfc\ud835\uddff \ud835\ude02\ud835\uddfb\ud835\uddee \ud835\uddfd\ud835\uddf2\ud835\uddff\ud835\uddff\ud835\uddf6\ud835\ude01\ud835\uddee \ud835\uddd6\ud835\uddfc\ud835\uddf0\ud835\uddf8\ud835\uddf2\ud835\uddff \ud835\uddf1\ud835\uddf2 \ud835\uddee\ud835\uddfd\ud835\uddff\ud835\uddfc\ud835\ude05\ud835\uddf6\ud835\uddfa\ud835\uddee\ud835\uddf1\ud835\uddee\ud835\uddfa\ud835\uddf2\ud835\uddfb\ud835\ude01\ud835\uddf2 \ud835\udfed\ud835\udff4 \ud835\uddee\ud835\uddfb\u0303\ud835\uddfc\ud835\ude00 \ud835\uddfa\ud835\uddfc\ud835\ude01\ud835\uddf6\ud835\ude03\ud835\uddfc\u0301 \ud835\uddf9\ud835\uddee \ud835\uddf6\ud835\uddfb\ud835\ude01\ud835\uddf2\ud835\uddff\ud835\ude03\ud835\uddf2\ud835\uddfb\ud835\uddf0\ud835\uddf6\ud835\uddfc\u0301\ud835\uddfb \ud835\uddf1\ud835\uddf2 \ud835\uddf9\ud835\uddee \ud835\udde8\ud835\uddfb\ud835\uddf6\ud835\uddf1\ud835\uddee\ud835\uddf1 \ud835\uddf1\ud835\uddf2 \ud835\udde3\ud835\uddff\ud835\uddfc\ud835\ude01\ud835\uddf2\ud835\uddf0\ud835\uddf0\ud835\uddf6\ud835\uddfc\u0301\ud835\uddfb \ud835\uddd4\ud835\uddfb\ud835\uddf6\ud835\uddfa\ud835\uddee\ud835\uddf9 (\ud835\udde8\ud835\udde3\ud835\uddd4).<\/p>\n","protected":false},"author":9,"featured_media":131601,"comment_status":"open","ping_status":"closed","sticky":false,"template":"","format":"standard","meta":{"footnotes":""},"categories":[24379],"tags":[17466,29299,29300,28831,29301],"class_list":["post-131599","post","type-post","status-publish","format-standard","has-post-thumbnail","hentry","category-merida","tag-bienestar-animal","tag-cocker-en-jardines-de-merida","tag-proteccion-animal-en-merida","tag-rescate-animal","tag-upa-merida"],"yoast_head":"<!-- This site is optimized with the Yoast SEO plugin v28.4 - https:\/\/yoast.com\/product\/yoast-seo-wordpress\/ -->\n<title>Reportan presunto maltrato de una Cocker en Jardines de M\u00e9rida<\/title>\n<meta name=\"description\" content=\"\ud835\udddf\ud835\uddee \ud835\uddfd\ud835\uddff\ud835\uddf2\ud835\uddfc\ud835\uddf0\ud835\ude02\ud835\uddfd\ud835\uddee\ud835\uddf0\ud835\uddf6\ud835\uddfc\u0301\ud835\uddfb \ud835\uddf1\ud835\uddf2 \ud835\ude03\ud835\uddf2\ud835\uddf0\ud835\uddf6\ud835\uddfb\ud835\uddfc\ud835\ude00 \ud835\ude06 \ud835\uddff\ud835\uddf2\ud835\ude00\ud835\uddf0\ud835\uddee\ud835\ude01\ud835\uddf6\ud835\ude00\ud835\ude01\ud835\uddee\ud835\ude00 \ud835\uddfd\ud835\uddfc\ud835\uddff \ud835\ude02\ud835\uddfb\ud835\uddee \ud835\uddfd\ud835\uddf2\ud835\uddff\ud835\uddff\ud835\uddf6\ud835\ude01\ud835\uddee \ud835\uddd6\ud835\uddfc\ud835\uddf0\ud835\uddf8\ud835\uddf2\ud835\uddff \ud835\uddf1\ud835\uddf2 \ud835\uddee\ud835\uddfd\ud835\uddff\ud835\uddfc\ud835\ude05\ud835\uddf6\ud835\uddfa\ud835\uddee\ud835\uddf1\ud835\uddee\ud835\uddfa\ud835\uddf2\ud835\uddfb\ud835\ude01\ud835\uddf2 \ud835\udfed\ud835\udff4 \ud835\uddee\ud835\uddfb\u0303\ud835\uddfc\ud835\ude00 \ud835\uddfa\ud835\uddfc\ud835\ude01\ud835\uddf6\ud835\ude03\ud835\uddfc\u0301 \ud835\uddf9\ud835\uddee \ud835\uddf6\ud835\uddfb\ud835\ude01\ud835\uddf2\ud835\uddff\ud835\ude03\ud835\uddf2\ud835\uddfb\ud835\uddf0\ud835\uddf6\ud835\uddfc\u0301\ud835\uddfb \ud835\uddf1\ud835\uddf2 \ud835\uddf9\ud835\uddee \ud835\udde8\ud835\uddfb\ud835\uddf6\ud835\uddf1\ud835\uddee\ud835\uddf1 \ud835\uddf1\ud835\uddf2 \ud835\udde3\ud835\uddff\ud835\uddfc\ud835\ude01\ud835\uddf2\ud835\uddf0\ud835\uddf0\ud835\uddf6\ud835\uddfc\u0301\ud835\uddfb \ud835\uddd4\ud835\uddfb\ud835\uddf6\ud835\uddfa\ud835\uddee\ud835\uddf9 (\ud835\udde8\ud835\udde3\ud835\uddd4).\" \/>\n<meta name=\"robots\" content=\"index, follow, max-snippet:-1, max-image-preview:large, max-video-preview:-1\" \/>\n<link rel=\"canonical\" href=\"https:\/\/reporteroshoy.mx\/noticias\/reportan-presunto-maltrato-de-una-cocker-en-jardines-de-merida\/\" \/>\n<meta property=\"og:locale\" content=\"es_ES\" \/>\n<meta property=\"og:type\" content=\"article\" \/>\n<meta property=\"og:title\" content=\"Reportan presunto maltrato de una Cocker en Jardines de M\u00e9rida\" \/>\n<meta property=\"og:description\" content=\"\ud835\udddf\ud835\uddee \ud835\uddfd\ud835\uddff\ud835\uddf2\ud835\uddfc\ud835\uddf0\ud835\ude02\ud835\uddfd\ud835\uddee\ud835\uddf0\ud835\uddf6\ud835\uddfc\u0301\ud835\uddfb \ud835\uddf1\ud835\uddf2 \ud835\ude03\ud835\uddf2\ud835\uddf0\ud835\uddf6\ud835\uddfb\ud835\uddfc\ud835\ude00 \ud835\ude06 \ud835\uddff\ud835\uddf2\ud835\ude00\ud835\uddf0\ud835\uddee\ud835\ude01\ud835\uddf6\ud835\ude00\ud835\ude01\ud835\uddee\ud835\ude00 \ud835\uddfd\ud835\uddfc\ud835\uddff \ud835\ude02\ud835\uddfb\ud835\uddee \ud835\uddfd\ud835\uddf2\ud835\uddff\ud835\uddff\ud835\uddf6\ud835\ude01\ud835\uddee \ud835\uddd6\ud835\uddfc\ud835\uddf0\ud835\uddf8\ud835\uddf2\ud835\uddff \ud835\uddf1\ud835\uddf2 \ud835\uddee\ud835\uddfd\ud835\uddff\ud835\uddfc\ud835\ude05\ud835\uddf6\ud835\uddfa\ud835\uddee\ud835\uddf1\ud835\uddee\ud835\uddfa\ud835\uddf2\ud835\uddfb\ud835\ude01\ud835\uddf2 \ud835\udfed\ud835\udff4 \ud835\uddee\ud835\uddfb\u0303\ud835\uddfc\ud835\ude00 \ud835\uddfa\ud835\uddfc\ud835\ude01\ud835\uddf6\ud835\ude03\ud835\uddfc\u0301 \ud835\uddf9\ud835\uddee \ud835\uddf6\ud835\uddfb\ud835\ude01\ud835\uddf2\ud835\uddff\ud835\ude03\ud835\uddf2\ud835\uddfb\ud835\uddf0\ud835\uddf6\ud835\uddfc\u0301\ud835\uddfb \ud835\uddf1\ud835\uddf2 \ud835\uddf9\ud835\uddee \ud835\udde8\ud835\uddfb\ud835\uddf6\ud835\uddf1\ud835\uddee\ud835\uddf1 \ud835\uddf1\ud835\uddf2 \ud835\udde3\ud835\uddff\ud835\uddfc\ud835\ude01\ud835\uddf2\ud835\uddf0\ud835\uddf0\ud835\uddf6\ud835\uddfc\u0301\ud835\uddfb \ud835\uddd4\ud835\uddfb\ud835\uddf6\ud835\uddfa\ud835\uddee\ud835\uddf9 (\ud835\udde8\ud835\udde3\ud835\uddd4).\" \/>\n<meta property=\"og:url\" content=\"https:\/\/reporteroshoy.mx\/noticias\/reportan-presunto-maltrato-de-una-cocker-en-jardines-de-merida\/\" \/>\n<meta property=\"og:site_name\" content=\"Reporteros Hoy | Noticias de Yucat\u00e1n\" \/>\n<meta property=\"article:publisher\" content=\"http:\/\/www.facebook.com\/reporteroshoymx\" \/>\n<meta property=\"article:published_time\" content=\"2026-09-03T16:51:12+00:00\" \/>\n<meta property=\"og:image\" content=\"https:\/\/reporteroshoy.mx\/noticias\/wp-content\/uploads\/2026\/09\/WhatsApp-Image-2026-09-03-at-10.10.06-AM-scaled.avif\" \/>\n\t<meta property=\"og:image:width\" content=\"768\" \/>\n\t<meta property=\"og:image:height\" content=\"432\" \/>\n\t<meta property=\"og:image:type\" content=\"image\/jpeg\" \/>\n<meta name=\"author\" content=\"Reporteros Hoy WP\" \/>\n<meta name=\"twitter:card\" content=\"summary_large_image\" \/>\n<meta name=\"twitter:creator\" content=\"@reporteroshoy\" \/>\n<meta name=\"twitter:site\" content=\"@reporteroshoy\" \/>\n<meta name=\"twitter:label1\" content=\"Escrito por\" \/>\n\t<meta name=\"twitter:data1\" content=\"Reporteros Hoy WP\" \/>\n\t<meta name=\"twitter:label2\" content=\"Tiempo de lectura\" \/>\n\t<meta name=\"twitter:data2\" content=\"2 minutos\" \/>\n<script type=\"application\/ld+json\" class=\"yoast-schema-graph\">{\"@context\":\"https:\\\/\\\/schema.org\",\"@graph\":[{\"@type\":\"Article\",\"@id\":\"https:\\\/\\\/reporteroshoy.mx\\\/noticias\\\/reportan-presunto-maltrato-de-una-cocker-en-jardines-de-merida\\\/#article\",\"isPartOf\":{\"@id\":\"https:\\\/\\\/reporteroshoy.mx\\\/noticias\\\/reportan-presunto-maltrato-de-una-cocker-en-jardines-de-merida\\\/\"},\"author\":{\"name\":\"Reporteros Hoy WP\",\"@id\":\"https:\\\/\\\/reporteroshoy.mx\\\/noticias\\\/#\\\/schema\\\/person\\\/c977527e57c958a62c5cefe8fe47876e\"},\"headline\":\"Reportan presunto maltrato de una Cocker en Jardines de M\u00e9rida\",\"datePublished\":\"2026-09-03T16:51:12+00:00\",\"mainEntityOfPage\":{\"@id\":\"https:\\\/\\\/reporteroshoy.mx\\\/noticias\\\/reportan-presunto-maltrato-de-una-cocker-en-jardines-de-merida\\\/\"},\"wordCount\":377,\"commentCount\":0,\"image\":{\"@id\":\"https:\\\/\\\/reporteroshoy.mx\\\/noticias\\\/reportan-presunto-maltrato-de-una-cocker-en-jardines-de-merida\\\/#primaryimage\"},\"thumbnailUrl\":\"https:\\\/\\\/reporteroshoy.mx\\\/noticias\\\/wp-content\\\/uploads\\\/2026\\\/09\\\/WhatsApp-Image-2026-09-03-at-10.10.06-AM-scaled.avif\",\"keywords\":[\"Bienestar animal\",\"Cocker en Jardines de M\u00e9rida\",\"protecci\u00f3n animal en M\u00e9rida\",\"rescate animal\",\"UPA M\u00e9rida\"],\"articleSection\":[\"M\u00e9rida\"],\"inLanguage\":\"es\",\"potentialAction\":[{\"@type\":\"CommentAction\",\"name\":\"Comment\",\"target\":[\"https:\\\/\\\/reporteroshoy.mx\\\/noticias\\\/reportan-presunto-maltrato-de-una-cocker-en-jardines-de-merida\\\/#respond\"]}]},{\"@type\":\"WebPage\",\"@id\":\"https:\\\/\\\/reporteroshoy.mx\\\/noticias\\\/reportan-presunto-maltrato-de-una-cocker-en-jardines-de-merida\\\/\",\"url\":\"https:\\\/\\\/reporteroshoy.mx\\\/noticias\\\/reportan-presunto-maltrato-de-una-cocker-en-jardines-de-merida\\\/\",\"name\":\"Reportan presunto maltrato de una Cocker en Jardines de M\u00e9rida\",\"isPartOf\":{\"@id\":\"https:\\\/\\\/reporteroshoy.mx\\\/noticias\\\/#website\"},\"primaryImageOfPage\":{\"@id\":\"https:\\\/\\\/reporteroshoy.mx\\\/noticias\\\/reportan-presunto-maltrato-de-una-cocker-en-jardines-de-merida\\\/#primaryimage\"},\"image\":{\"@id\":\"https:\\\/\\\/reporteroshoy.mx\\\/noticias\\\/reportan-presunto-maltrato-de-una-cocker-en-jardines-de-merida\\\/#primaryimage\"},\"thumbnailUrl\":\"https:\\\/\\\/reporteroshoy.mx\\\/noticias\\\/wp-content\\\/uploads\\\/2026\\\/09\\\/WhatsApp-Image-2026-09-03-at-10.10.06-AM-scaled.avif\",\"datePublished\":\"2026-09-03T16:51:12+00:00\",\"author\":{\"@id\":\"https:\\\/\\\/reporteroshoy.mx\\\/noticias\\\/#\\\/schema\\\/person\\\/c977527e57c958a62c5cefe8fe47876e\"},\"description\":\"\ud835\udddf\ud835\uddee \ud835\uddfd\ud835\uddff\ud835\uddf2\ud835\uddfc\ud835\uddf0\ud835\ude02\ud835\uddfd\ud835\uddee\ud835\uddf0\ud835\uddf6\ud835\uddfc\u0301\ud835\uddfb \ud835\uddf1\ud835\uddf2 \ud835\ude03\ud835\uddf2\ud835\uddf0\ud835\uddf6\ud835\uddfb\ud835\uddfc\ud835\ude00 \ud835\ude06 \ud835\uddff\ud835\uddf2\ud835\ude00\ud835\uddf0\ud835\uddee\ud835\ude01\ud835\uddf6\ud835\ude00\ud835\ude01\ud835\uddee\ud835\ude00 \ud835\uddfd\ud835\uddfc\ud835\uddff \ud835\ude02\ud835\uddfb\ud835\uddee \ud835\uddfd\ud835\uddf2\ud835\uddff\ud835\uddff\ud835\uddf6\ud835\ude01\ud835\uddee \ud835\uddd6\ud835\uddfc\ud835\uddf0\ud835\uddf8\ud835\uddf2\ud835\uddff \ud835\uddf1\ud835\uddf2 \ud835\uddee\ud835\uddfd\ud835\uddff\ud835\uddfc\ud835\ude05\ud835\uddf6\ud835\uddfa\ud835\uddee\ud835\uddf1\ud835\uddee\ud835\uddfa\ud835\uddf2\ud835\uddfb\ud835\ude01\ud835\uddf2 \ud835\udfed\ud835\udff4 \ud835\uddee\ud835\uddfb\u0303\ud835\uddfc\ud835\ude00 \ud835\uddfa\ud835\uddfc\ud835\ude01\ud835\uddf6\ud835\ude03\ud835\uddfc\u0301 \ud835\uddf9\ud835\uddee \ud835\uddf6\ud835\uddfb\ud835\ude01\ud835\uddf2\ud835\uddff\ud835\ude03\ud835\uddf2\ud835\uddfb\ud835\uddf0\ud835\uddf6\ud835\uddfc\u0301\ud835\uddfb \ud835\uddf1\ud835\uddf2 \ud835\uddf9\ud835\uddee \ud835\udde8\ud835\uddfb\ud835\uddf6\ud835\uddf1\ud835\uddee\ud835\uddf1 \ud835\uddf1\ud835\uddf2 \ud835\udde3\ud835\uddff\ud835\uddfc\ud835\ude01\ud835\uddf2\ud835\uddf0\ud835\uddf0\ud835\uddf6\ud835\uddfc\u0301\ud835\uddfb \ud835\uddd4\ud835\uddfb\ud835\uddf6\ud835\uddfa\ud835\uddee\ud835\uddf9 (\ud835\udde8\ud835\udde3\ud835\uddd4).\",\"breadcrumb\":{\"@id\":\"https:\\\/\\\/reporteroshoy.mx\\\/noticias\\\/reportan-presunto-maltrato-de-una-cocker-en-jardines-de-merida\\\/#breadcrumb\"},\"inLanguage\":\"es\",\"potentialAction\":[{\"@type\":\"ReadAction\",\"target\":[\"https:\\\/\\\/reporteroshoy.mx\\\/noticias\\\/reportan-presunto-maltrato-de-una-cocker-en-jardines-de-merida\\\/\"]}]},{\"@type\":\"ImageObject\",\"inLanguage\":\"es\",\"@id\":\"https:\\\/\\\/reporteroshoy.mx\\\/noticias\\\/reportan-presunto-maltrato-de-una-cocker-en-jardines-de-merida\\\/#primaryimage\",\"url\":\"https:\\\/\\\/reporteroshoy.mx\\\/noticias\\\/wp-content\\\/uploads\\\/2026\\\/09\\\/WhatsApp-Image-2026-09-03-at-10.10.06-AM-scaled.avif\",\"contentUrl\":\"https:\\\/\\\/reporteroshoy.mx\\\/noticias\\\/wp-content\\\/uploads\\\/2026\\\/09\\\/WhatsApp-Image-2026-09-03-at-10.10.06-AM-scaled.avif\",\"width\":768,\"height\":432,\"caption\":\"Reportan presunto maltrato de una Cocker en Jardines de M\u00e9rida\"},{\"@type\":\"BreadcrumbList\",\"@id\":\"https:\\\/\\\/reporteroshoy.mx\\\/noticias\\\/reportan-presunto-maltrato-de-una-cocker-en-jardines-de-merida\\\/#breadcrumb\",\"itemListElement\":[{\"@type\":\"ListItem\",\"position\":1,\"name\":\"Portada\",\"item\":\"https:\\\/\\\/reporteroshoy.mx\\\/noticias\\\/\"},{\"@type\":\"ListItem\",\"position\":2,\"name\":\"Reportan presunto maltrato de una Cocker en Jardines de M\u00e9rida\"}]},{\"@type\":\"WebSite\",\"@id\":\"https:\\\/\\\/reporteroshoy.mx\\\/noticias\\\/#website\",\"url\":\"https:\\\/\\\/reporteroshoy.mx\\\/noticias\\\/\",\"name\":\"Reporteros Hoy | Noticias de Yucat\u00e1n\",\"description\":\"Peri\u00f3dico digital con noticias diarias desde M\u00e9rida, Yucat\u00e1n para el mundo.\",\"potentialAction\":[{\"@type\":\"SearchAction\",\"target\":{\"@type\":\"EntryPoint\",\"urlTemplate\":\"https:\\\/\\\/reporteroshoy.mx\\\/noticias\\\/?s={search_term_string}\"},\"query-input\":{\"@type\":\"PropertyValueSpecification\",\"valueRequired\":true,\"valueName\":\"search_term_string\"}}],\"inLanguage\":\"es\"},{\"@type\":\"Person\",\"@id\":\"https:\\\/\\\/reporteroshoy.mx\\\/noticias\\\/#\\\/schema\\\/person\\\/c977527e57c958a62c5cefe8fe47876e\",\"name\":\"Reporteros Hoy WP\",\"image\":{\"@type\":\"ImageObject\",\"inLanguage\":\"es\",\"@id\":\"https:\\\/\\\/secure.gravatar.com\\\/avatar\\\/fd2917f79a7dae30f8ac9ddc2f35e1756bb59e25e01d1cd09deaa64df7b2f73e?s=96&d=mm&r=g\",\"url\":\"https:\\\/\\\/secure.gravatar.com\\\/avatar\\\/fd2917f79a7dae30f8ac9ddc2f35e1756bb59e25e01d1cd09deaa64df7b2f73e?s=96&d=mm&r=g\",\"contentUrl\":\"https:\\\/\\\/secure.gravatar.com\\\/avatar\\\/fd2917f79a7dae30f8ac9ddc2f35e1756bb59e25e01d1cd09deaa64df7b2f73e?s=96&d=mm&r=g\",\"caption\":\"Reporteros Hoy WP\"},\"url\":\"https:\\\/\\\/reporteroshoy.mx\\\/noticias\\\/author\\\/walfer\\\/\"}]}<\/script>\n<!-- \/ Yoast SEO plugin. -->","yoast_head_json":{"title":"Reportan presunto maltrato de una Cocker en Jardines de M\u00e9rida","description":"\ud835\udddf\ud835\uddee \ud835\uddfd\ud835\uddff\ud835\uddf2\ud835\uddfc\ud835\uddf0\ud835\ude02\ud835\uddfd\ud835\uddee\ud835\uddf0\ud835\uddf6\ud835\uddfc\u0301\ud835\uddfb \ud835\uddf1\ud835\uddf2 \ud835\ude03\ud835\uddf2\ud835\uddf0\ud835\uddf6\ud835\uddfb\ud835\uddfc\ud835\ude00 \ud835\ude06 \ud835\uddff\ud835\uddf2\ud835\ude00\ud835\uddf0\ud835\uddee\ud835\ude01\ud835\uddf6\ud835\ude00\ud835\ude01\ud835\uddee\ud835\ude00 \ud835\uddfd\ud835\uddfc\ud835\uddff \ud835\ude02\ud835\uddfb\ud835\uddee \ud835\uddfd\ud835\uddf2\ud835\uddff\ud835\uddff\ud835\uddf6\ud835\ude01\ud835\uddee \ud835\uddd6\ud835\uddfc\ud835\uddf0\ud835\uddf8\ud835\uddf2\ud835\uddff \ud835\uddf1\ud835\uddf2 \ud835\uddee\ud835\uddfd\ud835\uddff\ud835\uddfc\ud835\ude05\ud835\uddf6\ud835\uddfa\ud835\uddee\ud835\uddf1\ud835\uddee\ud835\uddfa\ud835\uddf2\ud835\uddfb\ud835\ude01\ud835\uddf2 \ud835\udfed\ud835\udff4 \ud835\uddee\ud835\uddfb\u0303\ud835\uddfc\ud835\ude00 \ud835\uddfa\ud835\uddfc\ud835\ude01\ud835\uddf6\ud835\ude03\ud835\uddfc\u0301 \ud835\uddf9\ud835\uddee \ud835\uddf6\ud835\uddfb\ud835\ude01\ud835\uddf2\ud835\uddff\ud835\ude03\ud835\uddf2\ud835\uddfb\ud835\uddf0\ud835\uddf6\ud835\uddfc\u0301\ud835\uddfb \ud835\uddf1\ud835\uddf2 \ud835\uddf9\ud835\uddee \ud835\udde8\ud835\uddfb\ud835\uddf6\ud835\uddf1\ud835\uddee\ud835\uddf1 \ud835\uddf1\ud835\uddf2 \ud835\udde3\ud835\uddff\ud835\uddfc\ud835\ude01\ud835\uddf2\ud835\uddf0\ud835\uddf0\ud835\uddf6\ud835\uddfc\u0301\ud835\uddfb \ud835\uddd4\ud835\uddfb\ud835\uddf6\ud835\uddfa\ud835\uddee\ud835\uddf9 (\ud835\udde8\ud835\udde3\ud835\uddd4).","robots":{"index":"index","follow":"follow","max-snippet":"max-snippet:-1","max-image-preview":"max-image-preview:large","max-video-preview":"max-video-preview:-1"},"canonical":"https:\/\/reporteroshoy.mx\/noticias\/reportan-presunto-maltrato-de-una-cocker-en-jardines-de-merida\/","og_locale":"es_ES","og_type":"article","og_title":"Reportan presunto maltrato de una Cocker en Jardines de M\u00e9rida","og_description":"\ud835\udddf\ud835\uddee \ud835\uddfd\ud835\uddff\ud835\uddf2\ud835\uddfc\ud835\uddf0\ud835\ude02\ud835\uddfd\ud835\uddee\ud835\uddf0\ud835\uddf6\ud835\uddfc\u0301\ud835\uddfb \ud835\uddf1\ud835\uddf2 \ud835\ude03\ud835\uddf2\ud835\uddf0\ud835\uddf6\ud835\uddfb\ud835\uddfc\ud835\ude00 \ud835\ude06 \ud835\uddff\ud835\uddf2\ud835\ude00\ud835\uddf0\ud835\uddee\ud835\ude01\ud835\uddf6\ud835\ude00\ud835\ude01\ud835\uddee\ud835\ude00 \ud835\uddfd\ud835\uddfc\ud835\uddff \ud835\ude02\ud835\uddfb\ud835\uddee \ud835\uddfd\ud835\uddf2\ud835\uddff\ud835\uddff\ud835\uddf6\ud835\ude01\ud835\uddee \ud835\uddd6\ud835\uddfc\ud835\uddf0\ud835\uddf8\ud835\uddf2\ud835\uddff \ud835\uddf1\ud835\uddf2 \ud835\uddee\ud835\uddfd\ud835\uddff\ud835\uddfc\ud835\ude05\ud835\uddf6\ud835\uddfa\ud835\uddee\ud835\uddf1\ud835\uddee\ud835\uddfa\ud835\uddf2\ud835\uddfb\ud835\ude01\ud835\uddf2 \ud835\udfed\ud835\udff4 \ud835\uddee\ud835\uddfb\u0303\ud835\uddfc\ud835\ude00 \ud835\uddfa\ud835\uddfc\ud835\ude01\ud835\uddf6\ud835\ude03\ud835\uddfc\u0301 \ud835\uddf9\ud835\uddee \ud835\uddf6\ud835\uddfb\ud835\ude01\ud835\uddf2\ud835\uddff\ud835\ude03\ud835\uddf2\ud835\uddfb\ud835\uddf0\ud835\uddf6\ud835\uddfc\u0301\ud835\uddfb \ud835\uddf1\ud835\uddf2 \ud835\uddf9\ud835\uddee \ud835\udde8\ud835\uddfb\ud835\uddf6\ud835\uddf1\ud835\uddee\ud835\uddf1 \ud835\uddf1\ud835\uddf2 \ud835\udde3\ud835\uddff\ud835\uddfc\ud835\ude01\ud835\uddf2\ud835\uddf0\ud835\uddf0\ud835\uddf6\ud835\uddfc\u0301\ud835\uddfb \ud835\uddd4\ud835\uddfb\ud835\uddf6\ud835\uddfa\ud835\uddee\ud835\uddf9 (\ud835\udde8\ud835\udde3\ud835\uddd4).","og_url":"https:\/\/reporteroshoy.mx\/noticias\/reportan-presunto-maltrato-de-una-cocker-en-jardines-de-merida\/","og_site_name":"Reporteros Hoy | Noticias de Yucat\u00e1n","article_publisher":"http:\/\/www.facebook.com\/reporteroshoymx","article_published_time":"2026-09-03T16:51:12+00:00","og_image":[{"width":768,"height":432,"url":"https:\/\/reporteroshoy.mx\/noticias\/wp-content\/uploads\/2026\/09\/WhatsApp-Image-2026-09-03-at-10.10.06-AM-scaled.avif","type":"image\/jpeg"}],"author":"Reporteros Hoy WP","twitter_card":"summary_large_image","twitter_creator":"@reporteroshoy","twitter_site":"@reporteroshoy","twitter_misc":{"Escrito por":"Reporteros Hoy WP","Tiempo de lectura":"2 minutos"},"schema":{"@context":"https:\/\/schema.org","@graph":[{"@type":"Article","@id":"https:\/\/reporteroshoy.mx\/noticias\/reportan-presunto-maltrato-de-una-cocker-en-jardines-de-merida\/#article","isPartOf":{"@id":"https:\/\/reporteroshoy.mx\/noticias\/reportan-presunto-maltrato-de-una-cocker-en-jardines-de-merida\/"},"author":{"name":"Reporteros Hoy WP","@id":"https:\/\/reporteroshoy.mx\/noticias\/#\/schema\/person\/c977527e57c958a62c5cefe8fe47876e"},"headline":"Reportan presunto maltrato de una Cocker en Jardines de M\u00e9rida","datePublished":"2026-09-03T16:51:12+00:00","mainEntityOfPage":{"@id":"https:\/\/reporteroshoy.mx\/noticias\/reportan-presunto-maltrato-de-una-cocker-en-jardines-de-merida\/"},"wordCount":377,"commentCount":0,"image":{"@id":"https:\/\/reporteroshoy.mx\/noticias\/reportan-presunto-maltrato-de-una-cocker-en-jardines-de-merida\/#primaryimage"},"thumbnailUrl":"https:\/\/reporteroshoy.mx\/noticias\/wp-content\/uploads\/2026\/09\/WhatsApp-Image-2026-09-03-at-10.10.06-AM-scaled.avif","keywords":["Bienestar animal","Cocker en Jardines de M\u00e9rida","protecci\u00f3n animal en M\u00e9rida","rescate animal","UPA M\u00e9rida"],"articleSection":["M\u00e9rida"],"inLanguage":"es","potentialAction":[{"@type":"CommentAction","name":"Comment","target":["https:\/\/reporteroshoy.mx\/noticias\/reportan-presunto-maltrato-de-una-cocker-en-jardines-de-merida\/#respond"]}]},{"@type":"WebPage","@id":"https:\/\/reporteroshoy.mx\/noticias\/reportan-presunto-maltrato-de-una-cocker-en-jardines-de-merida\/","url":"https:\/\/reporteroshoy.mx\/noticias\/reportan-presunto-maltrato-de-una-cocker-en-jardines-de-merida\/","name":"Reportan presunto maltrato de una Cocker en Jardines de M\u00e9rida","isPartOf":{"@id":"https:\/\/reporteroshoy.mx\/noticias\/#website"},"primaryImageOfPage":{"@id":"https:\/\/reporteroshoy.mx\/noticias\/reportan-presunto-maltrato-de-una-cocker-en-jardines-de-merida\/#primaryimage"},"image":{"@id":"https:\/\/reporteroshoy.mx\/noticias\/reportan-presunto-maltrato-de-una-cocker-en-jardines-de-merida\/#primaryimage"},"thumbnailUrl":"https:\/\/reporteroshoy.mx\/noticias\/wp-content\/uploads\/2026\/09\/WhatsApp-Image-2026-09-03-at-10.10.06-AM-scaled.avif","datePublished":"2026-09-03T16:51:12+00:00","author":{"@id":"https:\/\/reporteroshoy.mx\/noticias\/#\/schema\/person\/c977527e57c958a62c5cefe8fe47876e"},"description":"\ud835\udddf\ud835\uddee \ud835\uddfd\ud835\uddff\ud835\uddf2\ud835\uddfc\ud835\uddf0\ud835\ude02\ud835\uddfd\ud835\uddee\ud835\uddf0\ud835\uddf6\ud835\uddfc\u0301\ud835\uddfb \ud835\uddf1\ud835\uddf2 \ud835\ude03\ud835\uddf2\ud835\uddf0\ud835\uddf6\ud835\uddfb\ud835\uddfc\ud835\ude00 \ud835\ude06 \ud835\uddff\ud835\uddf2\ud835\ude00\ud835\uddf0\ud835\uddee\ud835\ude01\ud835\uddf6\ud835\ude00\ud835\ude01\ud835\uddee\ud835\ude00 \ud835\uddfd\ud835\uddfc\ud835\uddff \ud835\ude02\ud835\uddfb\ud835\uddee \ud835\uddfd\ud835\uddf2\ud835\uddff\ud835\uddff\ud835\uddf6\ud835\ude01\ud835\uddee \ud835\uddd6\ud835\uddfc\ud835\uddf0\ud835\uddf8\ud835\uddf2\ud835\uddff \ud835\uddf1\ud835\uddf2 \ud835\uddee\ud835\uddfd\ud835\uddff\ud835\uddfc\ud835\ude05\ud835\uddf6\ud835\uddfa\ud835\uddee\ud835\uddf1\ud835\uddee\ud835\uddfa\ud835\uddf2\ud835\uddfb\ud835\ude01\ud835\uddf2 \ud835\udfed\ud835\udff4 \ud835\uddee\ud835\uddfb\u0303\ud835\uddfc\ud835\ude00 \ud835\uddfa\ud835\uddfc\ud835\ude01\ud835\uddf6\ud835\ude03\ud835\uddfc\u0301 \ud835\uddf9\ud835\uddee \ud835\uddf6\ud835\uddfb\ud835\ude01\ud835\uddf2\ud835\uddff\ud835\ude03\ud835\uddf2\ud835\uddfb\ud835\uddf0\ud835\uddf6\ud835\uddfc\u0301\ud835\uddfb \ud835\uddf1\ud835\uddf2 \ud835\uddf9\ud835\uddee \ud835\udde8\ud835\uddfb\ud835\uddf6\ud835\uddf1\ud835\uddee\ud835\uddf1 \ud835\uddf1\ud835\uddf2 \ud835\udde3\ud835\uddff\ud835\uddfc\ud835\ude01\ud835\uddf2\ud835\uddf0\ud835\uddf0\ud835\uddf6\ud835\uddfc\u0301\ud835\uddfb \ud835\uddd4\ud835\uddfb\ud835\uddf6\ud835\uddfa\ud835\uddee\ud835\uddf9 (\ud835\udde8\ud835\udde3\ud835\uddd4).","breadcrumb":{"@id":"https:\/\/reporteroshoy.mx\/noticias\/reportan-presunto-maltrato-de-una-cocker-en-jardines-de-merida\/#breadcrumb"},"inLanguage":"es","potentialAction":[{"@type":"ReadAction","target":["https:\/\/reporteroshoy.mx\/noticias\/reportan-presunto-maltrato-de-una-cocker-en-jardines-de-merida\/"]}]},{"@type":"ImageObject","inLanguage":"es","@id":"https:\/\/reporteroshoy.mx\/noticias\/reportan-presunto-maltrato-de-una-cocker-en-jardines-de-merida\/#primaryimage","url":"https:\/\/reporteroshoy.mx\/noticias\/wp-content\/uploads\/2026\/09\/WhatsApp-Image-2026-09-03-at-10.10.06-AM-scaled.avif","contentUrl":"https:\/\/reporteroshoy.mx\/noticias\/wp-content\/uploads\/2026\/09\/WhatsApp-Image-2026-09-03-at-10.10.06-AM-scaled.avif","width":768,"height":432,"caption":"Reportan presunto maltrato de una Cocker en Jardines de M\u00e9rida"},{"@type":"BreadcrumbList","@id":"https:\/\/reporteroshoy.mx\/noticias\/reportan-presunto-maltrato-de-una-cocker-en-jardines-de-merida\/#breadcrumb","itemListElement":[{"@type":"ListItem","position":1,"name":"Portada","item":"https:\/\/reporteroshoy.mx\/noticias\/"},{"@type":"ListItem","position":2,"name":"Reportan presunto maltrato de una Cocker en Jardines de M\u00e9rida"}]},{"@type":"WebSite","@id":"https:\/\/reporteroshoy.mx\/noticias\/#website","url":"https:\/\/reporteroshoy.mx\/noticias\/","name":"Reporteros Hoy | Noticias de Yucat\u00e1n","description":"Peri\u00f3dico digital con noticias diarias desde M\u00e9rida, Yucat\u00e1n para el mundo.","potentialAction":[{"@type":"SearchAction","target":{"@type":"EntryPoint","urlTemplate":"https:\/\/reporteroshoy.mx\/noticias\/?s={search_term_string}"},"query-input":{"@type":"PropertyValueSpecification","valueRequired":true,"valueName":"search_term_string"}}],"inLanguage":"es"},{"@type":"Person","@id":"https:\/\/reporteroshoy.mx\/noticias\/#\/schema\/person\/c977527e57c958a62c5cefe8fe47876e","name":"Reporteros Hoy WP","image":{"@type":"ImageObject","inLanguage":"es","@id":"https:\/\/secure.gravatar.com\/avatar\/fd2917f79a7dae30f8ac9ddc2f35e1756bb59e25e01d1cd09deaa64df7b2f73e?s=96&d=mm&r=g","url":"https:\/\/secure.gravatar.com\/avatar\/fd2917f79a7dae30f8ac9ddc2f35e1756bb59e25e01d1cd09deaa64df7b2f73e?s=96&d=mm&r=g","contentUrl":"https:\/\/secure.gravatar.com\/avatar\/fd2917f79a7dae30f8ac9ddc2f35e1756bb59e25e01d1cd09deaa64df7b2f73e?s=96&d=mm&r=g","caption":"Reporteros Hoy WP"},"url":"https:\/\/reporteroshoy.mx\/noticias\/author\/walfer\/"}]}},"_links":{"self":[{"href":"https:\/\/reporteroshoy.mx\/noticias\/wp-json\/wp\/v2\/posts\/131599","targetHints":{"allow":["GET"]}}],"collection":[{"href":"https:\/\/reporteroshoy.mx\/noticias\/wp-json\/wp\/v2\/posts"}],"about":[{"href":"https:\/\/reporteroshoy.mx\/noticias\/wp-json\/wp\/v2\/types\/post"}],"author":[{"embeddable":true,"href":"https:\/\/reporteroshoy.mx\/noticias\/wp-json\/wp\/v2\/users\/9"}],"replies":[{"embeddable":true,"href":"https:\/\/reporteroshoy.mx\/noticias\/wp-json\/wp\/v2\/comments?post=131599"}],"version-history":[{"count":0,"href":"https:\/\/reporteroshoy.mx\/noticias\/wp-json\/wp\/v2\/posts\/131599\/revisions"}],"wp:featuredmedia":[{"embeddable":true,"href":"https:\/\/reporteroshoy.mx\/noticias\/wp-json\/wp\/v2\/media\/131601"}],"wp:attachment":[{"href":"https:\/\/reporteroshoy.mx\/noticias\/wp-json\/wp\/v2\/media?parent=131599"}],"wp:term":[{"taxonomy":"category","embeddable":true,"href":"https:\/\/reporteroshoy.mx\/noticias\/wp-json\/wp\/v2\/categories?post=131599"},{"taxonomy":"post_tag","embeddable":true,"href":"https:\/\/reporteroshoy.mx\/noticias\/wp-json\/wp\/v2\/tags?post=131599"}],"curies":[{"name":"wp","href":"https:\/\/api.w.org\/{rel}","templated":true}]}}