{"id":131602,"date":"2026-09-03T11:54:27","date_gmt":"2026-09-03T17:54:27","guid":{"rendered":"https:\/\/reporteroshoy.mx\/noticias\/?p=131602"},"modified":"2026-09-03T11:54:27","modified_gmt":"2026-09-03T17:54:27","slug":"anahuac-mayab-alista-primer-summit-de-comunicacion-y-entretenimiento","status":"publish","type":"post","link":"https:\/\/reporteroshoy.mx\/noticias\/anahuac-mayab-alista-primer-summit-de-comunicacion-y-entretenimiento\/","title":{"rendered":"An\u00e1huac Mayab alista primer Summit de Comunicaci\u00f3n y Entretenimiento"},"content":{"rendered":"<p style=\"text-align: justify;\">La <strong>Universidad An\u00e1huac Mayab reunir\u00e1 del 23 al 25 de septiembre a estudiantes, acad\u00e9micos y profesionales de la comunicaci\u00f3n y el entretenimiento<\/strong> en un encuentro nacional que busca acercar a las nuevas generaciones con las transformaciones que ya enfrenta la industria, desde el avance de la inteligencia artificial hasta los nuevos modelos de producci\u00f3n de contenidos, marketing, experiencias y emprendimiento.<\/p>\n<p style=\"text-align: justify;\">El <strong>1er. Summit de Comunicaci\u00f3n y Entretenimiento: Creatividad Expansiva<\/strong> tendr\u00e1 capacidad para m\u00e1s de 600 asistentes y ser\u00e1 gratuito, con registro previo. La organizaci\u00f3n prev\u00e9 la participaci\u00f3n de m\u00e1s de 400 estudiantes provenientes de distintos campus de la Red de Universidades An\u00e1huac, adem\u00e1s de j\u00f3venes de instituciones de educaci\u00f3n superior de M\u00e9rida.<\/p>\n<p><img loading=\"lazy\" decoding=\"async\" class=\"aligncenter wp-image-131603 size-full\" src=\"https:\/\/reporteroshoy.mx\/noticias\/wp-content\/uploads\/2026\/09\/Anahuac1-scaled.avif\" alt=\"An\u00e1huac Mayab alista primer Summit de Comunicaci\u00f3n y Entretenimiento\" width=\"768\" height=\"432\" srcset=\"https:\/\/reporteroshoy.mx\/noticias\/wp-content\/uploads\/2026\/09\/Anahuac1-scaled.avif 768w, https:\/\/reporteroshoy.mx\/noticias\/wp-content\/uploads\/2026\/09\/Anahuac1-1536x864.avif 1536w\" sizes=\"auto, (max-width: 768px) 100vw, 768px\" \/><\/p>\n<h3 style=\"text-align: justify;\"><strong>Un puente entre las aulas y la industria<\/strong><\/h3>\n<p style=\"text-align: justify;\">Durante la presentaci\u00f3n del encuentro, el doctor <strong>Carlos P\u00e9rez V\u00e1rguez<\/strong>, director de la Facultad de Comunicaci\u00f3n y Direcci\u00f3n de Empresas de Entretenimiento, explic\u00f3 que uno de los objetivos centrales es sacar la discusi\u00f3n del \u00e1mbito exclusivamente acad\u00e9mico y confrontar lo que se ense\u00f1a en las aulas con lo que actualmente ocurre en las empresas y las industrias creativas.<\/p>\n<p style=\"text-align: justify;\">La intenci\u00f3n, se\u00f1al\u00f3, es que los estudiantes conozcan otras experiencias profesionales y comprendan c\u00f3mo est\u00e1n cambiando la comunicaci\u00f3n, el periodismo y el entretenimiento, pero sin separar la innovaci\u00f3n tecnol\u00f3gica del componente humano de la formaci\u00f3n universitaria.<\/p>\n<p style=\"text-align: justify;\">La <strong>inteligencia artificial<\/strong> ser\u00e1 uno de los ejes del Summit. Los organizadores consideran que dej\u00f3 de ser un tema complementario para convertirse en una herramienta obligatoria dentro de la comunicaci\u00f3n y el entretenimiento. El reto, plantearon, consiste en aprender a utilizarla sin desplazar elementos como la creatividad, el criterio profesional y la responsabilidad social.<\/p>\n<p style=\"text-align: justify;\">El maestro <strong>Sa\u00fal Ancona Salazar<\/strong>, coordinador del Summit y docente, explic\u00f3 que el programa fue dise\u00f1ado a partir de las tendencias del mercado laboral y de las necesidades que enfrentan actualmente quienes buscan incorporarse a estos sectores. El encuentro pretende mostrar diferentes rutas profesionales: trabajar en grandes corporativos, incorporarse a la academia o desarrollar proyectos propios como emprendedores.<\/p>\n<p><img loading=\"lazy\" decoding=\"async\" class=\"aligncenter wp-image-131604 size-full\" src=\"https:\/\/reporteroshoy.mx\/noticias\/wp-content\/uploads\/2026\/09\/Anahuac-scaled.avif\" alt=\"An\u00e1huac Mayab alista primer Summit de Comunicaci\u00f3n y Entretenimiento\" width=\"768\" height=\"432\" \/><\/p>\n<h3 style=\"text-align: justify;\"><strong>Empresas, especialistas y talleres<\/strong><\/h3>\n<p style=\"text-align: justify;\">Entre los participantes anunciados figuran representantes de <strong>OCESA Seitrack, PPG Comex, la Oficina de Las Vegas en M\u00e9xico, Life &amp; Style de Grupo Expansi\u00f3n, Sony M\u00e9xico e Interluxe Group<\/strong>, adem\u00e1s de especialistas y docentes de distintas universidades de la Red An\u00e1huac.<\/p>\n<p style=\"text-align: justify;\">El programa incluye conversatorios sobre mercadotecnia, entretenimiento, producci\u00f3n audiovisual, fotograf\u00eda, experiencias de marca e inteligencia artificial. Para el viernes 25 est\u00e1n programados talleres de <strong>retail sensorial, creaci\u00f3n de podcast, fotograf\u00eda de producto, producci\u00f3n de escenarios sonoros y marca personal para periodistas<\/strong>, entre otros.<\/p>\n<p style=\"text-align: justify;\"><strong>Carolina Gait\u00e1n Silva<\/strong>, especialista en comunicaci\u00f3n, destac\u00f3 adem\u00e1s la participaci\u00f3n de empresas, instituciones y universidades como aliados del encuentro, con la intenci\u00f3n de vincular academia, sector privado y sector p\u00fablico, espacios que tradicionalmente desarrollan proyectos de manera separada.<\/p>\n<p style=\"text-align: justify;\">Desde la perspectiva estudiantil, <strong>Mar\u00eda Fernanda Ech\u00e1nove<\/strong>, presidenta de la Sociedad de Alumnos de Comunicaci\u00f3n y Entretenimiento, se\u00f1al\u00f3 que el objetivo es convertir el Summit en una experiencia que vaya m\u00e1s all\u00e1 de las conferencias. La participaci\u00f3n de los estudiantes contempla actividades de integraci\u00f3n y <strong>networking<\/strong> con j\u00f3venes de otras universidades, as\u00ed como espacios para intercambiar experiencias y generar contactos profesionales.<\/p>\n<p style=\"text-align: justify;\">Los organizadores sostienen que esta primera edici\u00f3n busca colocar a M\u00e9rida como punto de encuentro de una industria en transformaci\u00f3n, en la que la comunicaci\u00f3n tiene un car\u00e1cter transversal y el entretenimiento est\u00e1 cada vez m\u00e1s relacionado con sectores como el turismo, las marcas, la tecnolog\u00eda y la econom\u00eda creativa.<\/p>\n<p style=\"text-align: justify;\"><strong>ACOM<\/strong><\/p>\n","protected":false},"excerpt":{"rendered":"<p>La Universidad An\u00e1huac Mayab realizar\u00e1 del 23 al 25 de septiembre el Summit de Comunicaci\u00f3n y Entretenimiento en M\u00e9rida.<\/p>\n","protected":false},"author":9,"featured_media":131604,"comment_status":"open","ping_status":"closed","sticky":false,"template":"","format":"standard","meta":{"footnotes":""},"categories":[17],"tags":[18335,29302,13034,10246,15915,7563],"class_list":["post-131602","post","type-post","status-publish","format-standard","has-post-thumbnail","hentry","category-yucatan","tag-comunicacion","tag-creatividad-expansiva","tag-entretenimiento","tag-inteligencia-artificial","tag-merid","tag-universidad-anahuac-mayab"],"yoast_head":"<!-- This site is optimized with the Yoast SEO plugin v28.4 - https:\/\/yoast.com\/product\/yoast-seo-wordpress\/ -->\n<title>An\u00e1huac Mayab alista primer Summit de Comunicaci\u00f3n y Entretenimiento<\/title>\n<meta name=\"description\" content=\"La Universidad An\u00e1huac Mayab realizar\u00e1 del 23 al 25 de septiembre el Summit de Comunicaci\u00f3n y Entretenimiento en M\u00e9rida.\" \/>\n<meta name=\"robots\" content=\"index, follow, max-snippet:-1, max-image-preview:large, max-video-preview:-1\" \/>\n<link rel=\"canonical\" href=\"https:\/\/reporteroshoy.mx\/noticias\/anahuac-mayab-alista-primer-summit-de-comunicacion-y-entretenimiento\/\" \/>\n<meta property=\"og:locale\" content=\"es_ES\" \/>\n<meta property=\"og:type\" content=\"article\" \/>\n<meta property=\"og:title\" content=\"An\u00e1huac Mayab alista primer Summit de Comunicaci\u00f3n y Entretenimiento\" \/>\n<meta property=\"og:description\" content=\"La Universidad An\u00e1huac Mayab realizar\u00e1 del 23 al 25 de septiembre el Summit de Comunicaci\u00f3n y Entretenimiento en M\u00e9rida.\" \/>\n<meta property=\"og:url\" content=\"https:\/\/reporteroshoy.mx\/noticias\/anahuac-mayab-alista-primer-summit-de-comunicacion-y-entretenimiento\/\" \/>\n<meta property=\"og:site_name\" content=\"Reporteros Hoy | Noticias de Yucat\u00e1n\" \/>\n<meta property=\"article:publisher\" content=\"http:\/\/www.facebook.com\/reporteroshoymx\" \/>\n<meta property=\"article:published_time\" content=\"2026-09-03T17:54:27+00:00\" \/>\n<meta property=\"og:image\" content=\"https:\/\/reporteroshoy.mx\/noticias\/wp-content\/uploads\/2026\/09\/Anahuac-scaled.avif\" \/>\n\t<meta property=\"og:image:width\" content=\"768\" \/>\n\t<meta property=\"og:image:height\" content=\"432\" \/>\n\t<meta property=\"og:image:type\" content=\"image\/jpeg\" \/>\n<meta name=\"author\" content=\"Reporteros Hoy WP\" \/>\n<meta name=\"twitter:card\" content=\"summary_large_image\" \/>\n<meta name=\"twitter:creator\" content=\"@reporteroshoy\" \/>\n<meta name=\"twitter:site\" content=\"@reporteroshoy\" \/>\n<meta name=\"twitter:label1\" content=\"Escrito por\" \/>\n\t<meta name=\"twitter:data1\" content=\"Reporteros Hoy WP\" \/>\n\t<meta name=\"twitter:label2\" content=\"Tiempo de lectura\" \/>\n\t<meta name=\"twitter:data2\" content=\"4 minutos\" \/>\n<script type=\"application\/ld+json\" class=\"yoast-schema-graph\">{\"@context\":\"https:\\\/\\\/schema.org\",\"@graph\":[{\"@type\":\"Article\",\"@id\":\"https:\\\/\\\/reporteroshoy.mx\\\/noticias\\\/anahuac-mayab-alista-primer-summit-de-comunicacion-y-entretenimiento\\\/#article\",\"isPartOf\":{\"@id\":\"https:\\\/\\\/reporteroshoy.mx\\\/noticias\\\/anahuac-mayab-alista-primer-summit-de-comunicacion-y-entretenimiento\\\/\"},\"author\":{\"name\":\"Reporteros Hoy WP\",\"@id\":\"https:\\\/\\\/reporteroshoy.mx\\\/noticias\\\/#\\\/schema\\\/person\\\/c977527e57c958a62c5cefe8fe47876e\"},\"headline\":\"An\u00e1huac Mayab alista primer Summit de Comunicaci\u00f3n y Entretenimiento\",\"datePublished\":\"2026-09-03T17:54:27+00:00\",\"mainEntityOfPage\":{\"@id\":\"https:\\\/\\\/reporteroshoy.mx\\\/noticias\\\/anahuac-mayab-alista-primer-summit-de-comunicacion-y-entretenimiento\\\/\"},\"wordCount\":636,\"commentCount\":0,\"image\":{\"@id\":\"https:\\\/\\\/reporteroshoy.mx\\\/noticias\\\/anahuac-mayab-alista-primer-summit-de-comunicacion-y-entretenimiento\\\/#primaryimage\"},\"thumbnailUrl\":\"https:\\\/\\\/reporteroshoy.mx\\\/noticias\\\/wp-content\\\/uploads\\\/2026\\\/09\\\/Anahuac-scaled.avif\",\"keywords\":[\"Comunicaci\u00f3n\",\"Creatividad Expansiva\",\"Entretenimiento\",\"Inteligencia artificial\",\"M\u00e9rid\",\"Universidad An\u00e1huac Mayab\"],\"articleSection\":[\"Yucat\u00e1n\"],\"inLanguage\":\"es\",\"potentialAction\":[{\"@type\":\"CommentAction\",\"name\":\"Comment\",\"target\":[\"https:\\\/\\\/reporteroshoy.mx\\\/noticias\\\/anahuac-mayab-alista-primer-summit-de-comunicacion-y-entretenimiento\\\/#respond\"]}]},{\"@type\":\"WebPage\",\"@id\":\"https:\\\/\\\/reporteroshoy.mx\\\/noticias\\\/anahuac-mayab-alista-primer-summit-de-comunicacion-y-entretenimiento\\\/\",\"url\":\"https:\\\/\\\/reporteroshoy.mx\\\/noticias\\\/anahuac-mayab-alista-primer-summit-de-comunicacion-y-entretenimiento\\\/\",\"name\":\"An\u00e1huac Mayab alista primer Summit de Comunicaci\u00f3n y Entretenimiento\",\"isPartOf\":{\"@id\":\"https:\\\/\\\/reporteroshoy.mx\\\/noticias\\\/#website\"},\"primaryImageOfPage\":{\"@id\":\"https:\\\/\\\/reporteroshoy.mx\\\/noticias\\\/anahuac-mayab-alista-primer-summit-de-comunicacion-y-entretenimiento\\\/#primaryimage\"},\"image\":{\"@id\":\"https:\\\/\\\/reporteroshoy.mx\\\/noticias\\\/anahuac-mayab-alista-primer-summit-de-comunicacion-y-entretenimiento\\\/#primaryimage\"},\"thumbnailUrl\":\"https:\\\/\\\/reporteroshoy.mx\\\/noticias\\\/wp-content\\\/uploads\\\/2026\\\/09\\\/Anahuac-scaled.avif\",\"datePublished\":\"2026-09-03T17:54:27+00:00\",\"author\":{\"@id\":\"https:\\\/\\\/reporteroshoy.mx\\\/noticias\\\/#\\\/schema\\\/person\\\/c977527e57c958a62c5cefe8fe47876e\"},\"description\":\"La Universidad An\u00e1huac Mayab realizar\u00e1 del 23 al 25 de septiembre el Summit de Comunicaci\u00f3n y Entretenimiento en M\u00e9rida.\",\"breadcrumb\":{\"@id\":\"https:\\\/\\\/reporteroshoy.mx\\\/noticias\\\/anahuac-mayab-alista-primer-summit-de-comunicacion-y-entretenimiento\\\/#breadcrumb\"},\"inLanguage\":\"es\",\"potentialAction\":[{\"@type\":\"ReadAction\",\"target\":[\"https:\\\/\\\/reporteroshoy.mx\\\/noticias\\\/anahuac-mayab-alista-primer-summit-de-comunicacion-y-entretenimiento\\\/\"]}]},{\"@type\":\"ImageObject\",\"inLanguage\":\"es\",\"@id\":\"https:\\\/\\\/reporteroshoy.mx\\\/noticias\\\/anahuac-mayab-alista-primer-summit-de-comunicacion-y-entretenimiento\\\/#primaryimage\",\"url\":\"https:\\\/\\\/reporteroshoy.mx\\\/noticias\\\/wp-content\\\/uploads\\\/2026\\\/09\\\/Anahuac-scaled.avif\",\"contentUrl\":\"https:\\\/\\\/reporteroshoy.mx\\\/noticias\\\/wp-content\\\/uploads\\\/2026\\\/09\\\/Anahuac-scaled.avif\",\"width\":768,\"height\":432,\"caption\":\"An\u00e1huac Mayab alista primer Summit de Comunicaci\u00f3n y Entretenimiento\"},{\"@type\":\"BreadcrumbList\",\"@id\":\"https:\\\/\\\/reporteroshoy.mx\\\/noticias\\\/anahuac-mayab-alista-primer-summit-de-comunicacion-y-entretenimiento\\\/#breadcrumb\",\"itemListElement\":[{\"@type\":\"ListItem\",\"position\":1,\"name\":\"Portada\",\"item\":\"https:\\\/\\\/reporteroshoy.mx\\\/noticias\\\/\"},{\"@type\":\"ListItem\",\"position\":2,\"name\":\"An\u00e1huac Mayab alista primer Summit de Comunicaci\u00f3n y Entretenimiento\"}]},{\"@type\":\"WebSite\",\"@id\":\"https:\\\/\\\/reporteroshoy.mx\\\/noticias\\\/#website\",\"url\":\"https:\\\/\\\/reporteroshoy.mx\\\/noticias\\\/\",\"name\":\"Reporteros Hoy | Noticias de Yucat\u00e1n\",\"description\":\"Peri\u00f3dico digital con noticias diarias desde M\u00e9rida, Yucat\u00e1n para el mundo.\",\"potentialAction\":[{\"@type\":\"SearchAction\",\"target\":{\"@type\":\"EntryPoint\",\"urlTemplate\":\"https:\\\/\\\/reporteroshoy.mx\\\/noticias\\\/?s={search_term_string}\"},\"query-input\":{\"@type\":\"PropertyValueSpecification\",\"valueRequired\":true,\"valueName\":\"search_term_string\"}}],\"inLanguage\":\"es\"},{\"@type\":\"Person\",\"@id\":\"https:\\\/\\\/reporteroshoy.mx\\\/noticias\\\/#\\\/schema\\\/person\\\/c977527e57c958a62c5cefe8fe47876e\",\"name\":\"Reporteros Hoy WP\",\"image\":{\"@type\":\"ImageObject\",\"inLanguage\":\"es\",\"@id\":\"https:\\\/\\\/secure.gravatar.com\\\/avatar\\\/fd2917f79a7dae30f8ac9ddc2f35e1756bb59e25e01d1cd09deaa64df7b2f73e?s=96&d=mm&r=g\",\"url\":\"https:\\\/\\\/secure.gravatar.com\\\/avatar\\\/fd2917f79a7dae30f8ac9ddc2f35e1756bb59e25e01d1cd09deaa64df7b2f73e?s=96&d=mm&r=g\",\"contentUrl\":\"https:\\\/\\\/secure.gravatar.com\\\/avatar\\\/fd2917f79a7dae30f8ac9ddc2f35e1756bb59e25e01d1cd09deaa64df7b2f73e?s=96&d=mm&r=g\",\"caption\":\"Reporteros Hoy WP\"},\"url\":\"https:\\\/\\\/reporteroshoy.mx\\\/noticias\\\/author\\\/walfer\\\/\"}]}<\/script>\n<!-- \/ Yoast SEO plugin. -->","yoast_head_json":{"title":"An\u00e1huac Mayab alista primer Summit de Comunicaci\u00f3n y Entretenimiento","description":"La Universidad An\u00e1huac Mayab realizar\u00e1 del 23 al 25 de septiembre el Summit de Comunicaci\u00f3n y Entretenimiento en M\u00e9rida.","robots":{"index":"index","follow":"follow","max-snippet":"max-snippet:-1","max-image-preview":"max-image-preview:large","max-video-preview":"max-video-preview:-1"},"canonical":"https:\/\/reporteroshoy.mx\/noticias\/anahuac-mayab-alista-primer-summit-de-comunicacion-y-entretenimiento\/","og_locale":"es_ES","og_type":"article","og_title":"An\u00e1huac Mayab alista primer Summit de Comunicaci\u00f3n y Entretenimiento","og_description":"La Universidad An\u00e1huac Mayab realizar\u00e1 del 23 al 25 de septiembre el Summit de Comunicaci\u00f3n y Entretenimiento en M\u00e9rida.","og_url":"https:\/\/reporteroshoy.mx\/noticias\/anahuac-mayab-alista-primer-summit-de-comunicacion-y-entretenimiento\/","og_site_name":"Reporteros Hoy | Noticias de Yucat\u00e1n","article_publisher":"http:\/\/www.facebook.com\/reporteroshoymx","article_published_time":"2026-09-03T17:54:27+00:00","og_image":[{"width":768,"height":432,"url":"https:\/\/reporteroshoy.mx\/noticias\/wp-content\/uploads\/2026\/09\/Anahuac-scaled.avif","type":"image\/jpeg"}],"author":"Reporteros Hoy WP","twitter_card":"summary_large_image","twitter_creator":"@reporteroshoy","twitter_site":"@reporteroshoy","twitter_misc":{"Escrito por":"Reporteros Hoy WP","Tiempo de lectura":"4 minutos"},"schema":{"@context":"https:\/\/schema.org","@graph":[{"@type":"Article","@id":"https:\/\/reporteroshoy.mx\/noticias\/anahuac-mayab-alista-primer-summit-de-comunicacion-y-entretenimiento\/#article","isPartOf":{"@id":"https:\/\/reporteroshoy.mx\/noticias\/anahuac-mayab-alista-primer-summit-de-comunicacion-y-entretenimiento\/"},"author":{"name":"Reporteros Hoy WP","@id":"https:\/\/reporteroshoy.mx\/noticias\/#\/schema\/person\/c977527e57c958a62c5cefe8fe47876e"},"headline":"An\u00e1huac Mayab alista primer Summit de Comunicaci\u00f3n y Entretenimiento","datePublished":"2026-09-03T17:54:27+00:00","mainEntityOfPage":{"@id":"https:\/\/reporteroshoy.mx\/noticias\/anahuac-mayab-alista-primer-summit-de-comunicacion-y-entretenimiento\/"},"wordCount":636,"commentCount":0,"image":{"@id":"https:\/\/reporteroshoy.mx\/noticias\/anahuac-mayab-alista-primer-summit-de-comunicacion-y-entretenimiento\/#primaryimage"},"thumbnailUrl":"https:\/\/reporteroshoy.mx\/noticias\/wp-content\/uploads\/2026\/09\/Anahuac-scaled.avif","keywords":["Comunicaci\u00f3n","Creatividad Expansiva","Entretenimiento","Inteligencia artificial","M\u00e9rid","Universidad An\u00e1huac Mayab"],"articleSection":["Yucat\u00e1n"],"inLanguage":"es","potentialAction":[{"@type":"CommentAction","name":"Comment","target":["https:\/\/reporteroshoy.mx\/noticias\/anahuac-mayab-alista-primer-summit-de-comunicacion-y-entretenimiento\/#respond"]}]},{"@type":"WebPage","@id":"https:\/\/reporteroshoy.mx\/noticias\/anahuac-mayab-alista-primer-summit-de-comunicacion-y-entretenimiento\/","url":"https:\/\/reporteroshoy.mx\/noticias\/anahuac-mayab-alista-primer-summit-de-comunicacion-y-entretenimiento\/","name":"An\u00e1huac Mayab alista primer Summit de Comunicaci\u00f3n y Entretenimiento","isPartOf":{"@id":"https:\/\/reporteroshoy.mx\/noticias\/#website"},"primaryImageOfPage":{"@id":"https:\/\/reporteroshoy.mx\/noticias\/anahuac-mayab-alista-primer-summit-de-comunicacion-y-entretenimiento\/#primaryimage"},"image":{"@id":"https:\/\/reporteroshoy.mx\/noticias\/anahuac-mayab-alista-primer-summit-de-comunicacion-y-entretenimiento\/#primaryimage"},"thumbnailUrl":"https:\/\/reporteroshoy.mx\/noticias\/wp-content\/uploads\/2026\/09\/Anahuac-scaled.avif","datePublished":"2026-09-03T17:54:27+00:00","author":{"@id":"https:\/\/reporteroshoy.mx\/noticias\/#\/schema\/person\/c977527e57c958a62c5cefe8fe47876e"},"description":"La Universidad An\u00e1huac Mayab realizar\u00e1 del 23 al 25 de septiembre el Summit de Comunicaci\u00f3n y Entretenimiento en M\u00e9rida.","breadcrumb":{"@id":"https:\/\/reporteroshoy.mx\/noticias\/anahuac-mayab-alista-primer-summit-de-comunicacion-y-entretenimiento\/#breadcrumb"},"inLanguage":"es","potentialAction":[{"@type":"ReadAction","target":["https:\/\/reporteroshoy.mx\/noticias\/anahuac-mayab-alista-primer-summit-de-comunicacion-y-entretenimiento\/"]}]},{"@type":"ImageObject","inLanguage":"es","@id":"https:\/\/reporteroshoy.mx\/noticias\/anahuac-mayab-alista-primer-summit-de-comunicacion-y-entretenimiento\/#primaryimage","url":"https:\/\/reporteroshoy.mx\/noticias\/wp-content\/uploads\/2026\/09\/Anahuac-scaled.avif","contentUrl":"https:\/\/reporteroshoy.mx\/noticias\/wp-content\/uploads\/2026\/09\/Anahuac-scaled.avif","width":768,"height":432,"caption":"An\u00e1huac Mayab alista primer Summit de Comunicaci\u00f3n y Entretenimiento"},{"@type":"BreadcrumbList","@id":"https:\/\/reporteroshoy.mx\/noticias\/anahuac-mayab-alista-primer-summit-de-comunicacion-y-entretenimiento\/#breadcrumb","itemListElement":[{"@type":"ListItem","position":1,"name":"Portada","item":"https:\/\/reporteroshoy.mx\/noticias\/"},{"@type":"ListItem","position":2,"name":"An\u00e1huac Mayab alista primer Summit de Comunicaci\u00f3n y Entretenimiento"}]},{"@type":"WebSite","@id":"https:\/\/reporteroshoy.mx\/noticias\/#website","url":"https:\/\/reporteroshoy.mx\/noticias\/","name":"Reporteros Hoy | Noticias de Yucat\u00e1n","description":"Peri\u00f3dico digital con noticias diarias desde M\u00e9rida, Yucat\u00e1n para el mundo.","potentialAction":[{"@type":"SearchAction","target":{"@type":"EntryPoint","urlTemplate":"https:\/\/reporteroshoy.mx\/noticias\/?s={search_term_string}"},"query-input":{"@type":"PropertyValueSpecification","valueRequired":true,"valueName":"search_term_string"}}],"inLanguage":"es"},{"@type":"Person","@id":"https:\/\/reporteroshoy.mx\/noticias\/#\/schema\/person\/c977527e57c958a62c5cefe8fe47876e","name":"Reporteros Hoy WP","image":{"@type":"ImageObject","inLanguage":"es","@id":"https:\/\/secure.gravatar.com\/avatar\/fd2917f79a7dae30f8ac9ddc2f35e1756bb59e25e01d1cd09deaa64df7b2f73e?s=96&d=mm&r=g","url":"https:\/\/secure.gravatar.com\/avatar\/fd2917f79a7dae30f8ac9ddc2f35e1756bb59e25e01d1cd09deaa64df7b2f73e?s=96&d=mm&r=g","contentUrl":"https:\/\/secure.gravatar.com\/avatar\/fd2917f79a7dae30f8ac9ddc2f35e1756bb59e25e01d1cd09deaa64df7b2f73e?s=96&d=mm&r=g","caption":"Reporteros Hoy WP"},"url":"https:\/\/reporteroshoy.mx\/noticias\/author\/walfer\/"}]}},"_links":{"self":[{"href":"https:\/\/reporteroshoy.mx\/noticias\/wp-json\/wp\/v2\/posts\/131602","targetHints":{"allow":["GET"]}}],"collection":[{"href":"https:\/\/reporteroshoy.mx\/noticias\/wp-json\/wp\/v2\/posts"}],"about":[{"href":"https:\/\/reporteroshoy.mx\/noticias\/wp-json\/wp\/v2\/types\/post"}],"author":[{"embeddable":true,"href":"https:\/\/reporteroshoy.mx\/noticias\/wp-json\/wp\/v2\/users\/9"}],"replies":[{"embeddable":true,"href":"https:\/\/reporteroshoy.mx\/noticias\/wp-json\/wp\/v2\/comments?post=131602"}],"version-history":[{"count":0,"href":"https:\/\/reporteroshoy.mx\/noticias\/wp-json\/wp\/v2\/posts\/131602\/revisions"}],"wp:featuredmedia":[{"embeddable":true,"href":"https:\/\/reporteroshoy.mx\/noticias\/wp-json\/wp\/v2\/media\/131604"}],"wp:attachment":[{"href":"https:\/\/reporteroshoy.mx\/noticias\/wp-json\/wp\/v2\/media?parent=131602"}],"wp:term":[{"taxonomy":"category","embeddable":true,"href":"https:\/\/reporteroshoy.mx\/noticias\/wp-json\/wp\/v2\/categories?post=131602"},{"taxonomy":"post_tag","embeddable":true,"href":"https:\/\/reporteroshoy.mx\/noticias\/wp-json\/wp\/v2\/tags?post=131602"}],"curies":[{"name":"wp","href":"https:\/\/api.w.org\/{rel}","templated":true}]}}