{"id":131606,"date":"2026-09-03T18:43:11","date_gmt":"2026-09-04T00:43:11","guid":{"rendered":"https:\/\/reporteroshoy.mx\/noticias\/?p=131606"},"modified":"2026-09-03T21:20:45","modified_gmt":"2026-09-04T03:20:45","slug":"turismo-comunitario-ejido-cecilio-chi-tulum","status":"publish","type":"post","link":"https:\/\/reporteroshoy.mx\/noticias\/turismo-comunitario-ejido-cecilio-chi-tulum\/","title":{"rendered":"Ejido Cecilio Chi impulsa turismo maya en Tulum"},"content":{"rendered":"<p style=\"text-align: justify;\"><strong>El turismo comunitario<\/strong> combina gastronom\u00eda, naturaleza y tradiciones mayas para recibir visitantes nacionales y extranjeros.<\/p>\n<h2 style=\"text-align: justify;\"><strong>Turismo comunitario en Tulum con identidad maya<\/strong><\/h2>\n<p style=\"text-align: justify;\">El <strong>turismo comunitario en Tulum<\/strong> avanza con el proyecto del Ejido Cecilio Chi, donde los habitantes combinan cultura maya, gastronom\u00eda, conservaci\u00f3n de la selva y experiencias para visitantes internacionales.<\/p>\n<p style=\"text-align: justify;\">La iniciativa comenz\u00f3 hace unos cuatro a\u00f1os y fue desarrollada directamente por los ejidatarios. Su modelo busca aprovechar el territorio <strong>sin desmontar la selva<\/strong> y mantener los beneficios econ\u00f3micos dentro de la comunidad.<\/p>\n<p><img loading=\"lazy\" decoding=\"async\" class=\"alignnone size-full wp-image-131610\" src=\"https:\/\/reporteroshoy.mx\/noticias\/wp-content\/uploads\/2026\/09\/WhatsApp-Image-2026-09-03-at-3.02.17-PM-scaled.avif\" alt=\"\" width=\"768\" height=\"576\" \/><\/p>\n<h3 style=\"text-align: justify;\"><strong>Hanal Pix\u00e1n ser\u00e1 la principal experiencia de 2026<\/strong><\/h3>\n<p style=\"text-align: justify;\">Una de las actividades centrales ser\u00e1 Ceremony \u2013 Mayan Day of the Dead, programada del <strong>29 de octubre al 1 de noviembre de 2026<\/strong>.<\/p>\n<p style=\"text-align: justify;\">La experiencia acercar\u00e1 a los visitantes al Hanal Pix\u00e1n desde la visi\u00f3n maya. El programa incluye ceremonias, oraciones en lengua maya, m\u00fasica prehisp\u00e1nica, gastronom\u00eda, artesan\u00edas y recorridos por selva, cenotes y grutas.<\/p>\n<p style=\"text-align: justify;\">La comida tendr\u00e1 un papel central. Las familias preparar\u00e1n <strong>mucbipollos, vaporcitos y otros platillos tradicionales<\/strong> relacionados con estas fechas.<\/p>\n<p style=\"text-align: justify;\">Los organizadores reportaron una capacidad aproximada de <strong>40 visitantes<\/strong>, con presencia importante de turistas extranjeros y espacios ya comprometidos.<\/p>\n<p style=\"text-align: justify;\">Ra\u00fal Coc\u00f3n Mex, integrante de la comitiva del comisariado, explic\u00f3 que buscan mostrar una <strong>cultura maya viva<\/strong>, sin perder la identidad de las ceremonias ante la llegada de elementos externos.<\/p>\n<h2 style=\"text-align: justify;\"><strong>Ejido Cecilio Chi apuesta por turismo cultural<\/strong><\/h2>\n<p style=\"text-align: justify;\">El ejido se encuentra a unos <strong>32 kil\u00f3metros de Tulum y 12 kil\u00f3metros de Cob\u00e1<\/strong>. Los habitantes construyeron infraestructura para recibir visitantes, incluidas dos plataformas de m\u00e1s de 18 metros de altura.<\/p>\n<p style=\"text-align: justify;\">Pedro Andri\u00e1n Hau, tesorero del ejido, explic\u00f3 que buena parte de las instalaciones fueron construidas por los propios integrantes de la comunidad, procurando conservar la vegetaci\u00f3n.<\/p>\n<p style=\"text-align: justify;\">El proyecto coincide con el impulso al <strong>turismo comunitario en Quintana Roo<\/strong>, una alternativa que busca diversificar la oferta tur\u00edstica mediante experiencias culturales y de naturaleza. (<a title=\"Reconoce y respalda Mara Lezama la declaratoria de inter\u00e9s p\u00fablico del turismo comunitario, publicada en el DOF e impulsada por Claudia Sheinbaum - Gobierno del Estado de Quintana Roo\" href=\"https:\/\/qroo.gob.mx\/reconoce-y-respalda-mara-lezama-la-declaratoria-de-interes-publico-del-turismo-comunitario-publicada-en-el-dof-e-impulsada-por-claudia-sheinbaum\/?utm_source=chatgpt.com\">Gobierno de Quintana Roo<\/a>)<\/p>\n<p style=\"text-align: justify;\">Los ejidatarios consideran que su experiencia puede servir de referencia para otras comunidades mayas, incluida una de la zona de Hom\u00fan, Yucat\u00e1n.<\/p>\n<p style=\"text-align: justify;\"><strong>Fuente:<\/strong> Informaci\u00f3n proporcionada por los organizadores del proyecto y declaraciones de integrantes del Ejido Cecilio Chi.<\/p>\n<p><strong>Enlace externo confiable:<\/strong> <a href=\"https:\/\/qroo.gob.mx\/reconoce-y-respalda-mara-lezama-la-declaratoria-de-interes-publico-del-turismo-comunitario-publicada-en-el-dof-e-impulsada-por-claudia-sheinbaum\/?utm_source=chatgpt.com\">Gobierno de Quintana Roo: turismo comunitario<\/a><\/p>\n<p><strong>ACOM<\/strong><\/p>\n","protected":false},"excerpt":{"rendered":"<p>El turismo comunitario combina gastronom\u00eda, naturaleza y tradiciones mayas para recibir visitantes nacionales y extranjeros. Turismo comunitario en Tulum con identidad maya El turismo comunitario en Tulum avanza con el proyecto del Ejido Cecilio Chi, donde los habitantes combinan cultura maya, gastronom\u00eda, conservaci\u00f3n de la selva y experiencias para visitantes internacionales. La iniciativa comenz\u00f3 hace [&hellip;]<\/p>\n","protected":false},"author":13,"featured_media":131608,"comment_status":"open","ping_status":"closed","sticky":false,"template":"","format":"standard","meta":{"footnotes":""},"categories":[24409],"tags":[29303,7330,29305,29304],"class_list":["post-131606","post","type-post","status-publish","format-standard","has-post-thumbnail","hentry","category-de-interes","tag-ejido-cecilio-chi","tag-hanal-pixan","tag-turismo-cultural-en-quintana-roo","tag-turismo-maya"],"yoast_head":"<!-- This site is optimized with the Yoast SEO plugin v28.4 - https:\/\/yoast.com\/product\/yoast-seo-wordpress\/ -->\n<title>Ejido Cecilio Chi impulsa turismo maya en Tulum<\/title>\n<meta name=\"description\" content=\"El Ejido Cecilio Chi impulsa el turismo comunitario en Tulum con cultura maya, gastronom\u00eda, naturaleza y Hanal Pix\u00e1n.\" \/>\n<meta name=\"robots\" content=\"index, follow, max-snippet:-1, max-image-preview:large, max-video-preview:-1\" \/>\n<link rel=\"canonical\" href=\"https:\/\/reporteroshoy.mx\/noticias\/turismo-comunitario-ejido-cecilio-chi-tulum\/\" \/>\n<meta property=\"og:locale\" content=\"es_ES\" \/>\n<meta property=\"og:type\" content=\"article\" \/>\n<meta property=\"og:title\" content=\"Ejido Cecilio Chi impulsa turismo maya en Tulum\" \/>\n<meta property=\"og:description\" content=\"El Ejido Cecilio Chi impulsa el turismo comunitario en Tulum con cultura maya, gastronom\u00eda, naturaleza y Hanal Pix\u00e1n.\" \/>\n<meta property=\"og:url\" content=\"https:\/\/reporteroshoy.mx\/noticias\/turismo-comunitario-ejido-cecilio-chi-tulum\/\" \/>\n<meta property=\"og:site_name\" content=\"Reporteros Hoy | Noticias de Yucat\u00e1n\" \/>\n<meta property=\"article:publisher\" content=\"http:\/\/www.facebook.com\/reporteroshoymx\" \/>\n<meta property=\"article:published_time\" content=\"2026-09-04T00:43:11+00:00\" \/>\n<meta property=\"article:modified_time\" content=\"2026-09-04T03:20:45+00:00\" \/>\n<meta property=\"og:image\" content=\"https:\/\/reporteroshoy.mx\/noticias\/wp-content\/uploads\/2026\/09\/WhatsApp-Image-2026-09-03-at-3.05.40-PM-scaled.avif\" \/>\n\t<meta property=\"og:image:width\" content=\"768\" \/>\n\t<meta property=\"og:image:height\" content=\"576\" \/>\n\t<meta property=\"og:image:type\" content=\"image\/jpeg\" \/>\n<meta name=\"author\" content=\"Reporteros Hoy EM\" \/>\n<meta name=\"twitter:card\" content=\"summary_large_image\" \/>\n<meta name=\"twitter:creator\" content=\"@reporteroshoy\" \/>\n<meta name=\"twitter:site\" content=\"@reporteroshoy\" \/>\n<meta name=\"twitter:label1\" content=\"Escrito por\" \/>\n\t<meta name=\"twitter:data1\" content=\"Reporteros Hoy EM\" \/>\n\t<meta name=\"twitter:label2\" content=\"Tiempo de lectura\" \/>\n\t<meta name=\"twitter:data2\" content=\"2 minutos\" \/>\n<script type=\"application\/ld+json\" class=\"yoast-schema-graph\">{\"@context\":\"https:\\\/\\\/schema.org\",\"@graph\":[{\"@type\":\"Article\",\"@id\":\"https:\\\/\\\/reporteroshoy.mx\\\/noticias\\\/turismo-comunitario-ejido-cecilio-chi-tulum\\\/#article\",\"isPartOf\":{\"@id\":\"https:\\\/\\\/reporteroshoy.mx\\\/noticias\\\/turismo-comunitario-ejido-cecilio-chi-tulum\\\/\"},\"author\":{\"name\":\"Reporteros Hoy EM\",\"@id\":\"https:\\\/\\\/reporteroshoy.mx\\\/noticias\\\/#\\\/schema\\\/person\\\/17dae1f2305a31fe437930b820d039d2\"},\"headline\":\"Ejido Cecilio Chi impulsa turismo maya en Tulum\",\"datePublished\":\"2026-09-04T00:43:11+00:00\",\"dateModified\":\"2026-09-04T03:20:45+00:00\",\"mainEntityOfPage\":{\"@id\":\"https:\\\/\\\/reporteroshoy.mx\\\/noticias\\\/turismo-comunitario-ejido-cecilio-chi-tulum\\\/\"},\"wordCount\":382,\"commentCount\":0,\"image\":{\"@id\":\"https:\\\/\\\/reporteroshoy.mx\\\/noticias\\\/turismo-comunitario-ejido-cecilio-chi-tulum\\\/#primaryimage\"},\"thumbnailUrl\":\"https:\\\/\\\/reporteroshoy.mx\\\/noticias\\\/wp-content\\\/uploads\\\/2026\\\/09\\\/WhatsApp-Image-2026-09-03-at-3.05.40-PM-scaled.avif\",\"keywords\":[\"Ejido Cecilio Chi\",\"Hanal Pix\u00e1n\",\"turismo cultural en Quintana Roo\",\"turismo maya\"],\"articleSection\":[\"De inter\u00e9s\"],\"inLanguage\":\"es\",\"potentialAction\":[{\"@type\":\"CommentAction\",\"name\":\"Comment\",\"target\":[\"https:\\\/\\\/reporteroshoy.mx\\\/noticias\\\/turismo-comunitario-ejido-cecilio-chi-tulum\\\/#respond\"]}]},{\"@type\":\"WebPage\",\"@id\":\"https:\\\/\\\/reporteroshoy.mx\\\/noticias\\\/turismo-comunitario-ejido-cecilio-chi-tulum\\\/\",\"url\":\"https:\\\/\\\/reporteroshoy.mx\\\/noticias\\\/turismo-comunitario-ejido-cecilio-chi-tulum\\\/\",\"name\":\"Ejido Cecilio Chi impulsa turismo maya en Tulum\",\"isPartOf\":{\"@id\":\"https:\\\/\\\/reporteroshoy.mx\\\/noticias\\\/#website\"},\"primaryImageOfPage\":{\"@id\":\"https:\\\/\\\/reporteroshoy.mx\\\/noticias\\\/turismo-comunitario-ejido-cecilio-chi-tulum\\\/#primaryimage\"},\"image\":{\"@id\":\"https:\\\/\\\/reporteroshoy.mx\\\/noticias\\\/turismo-comunitario-ejido-cecilio-chi-tulum\\\/#primaryimage\"},\"thumbnailUrl\":\"https:\\\/\\\/reporteroshoy.mx\\\/noticias\\\/wp-content\\\/uploads\\\/2026\\\/09\\\/WhatsApp-Image-2026-09-03-at-3.05.40-PM-scaled.avif\",\"datePublished\":\"2026-09-04T00:43:11+00:00\",\"dateModified\":\"2026-09-04T03:20:45+00:00\",\"author\":{\"@id\":\"https:\\\/\\\/reporteroshoy.mx\\\/noticias\\\/#\\\/schema\\\/person\\\/17dae1f2305a31fe437930b820d039d2\"},\"description\":\"El Ejido Cecilio Chi impulsa el turismo comunitario en Tulum con cultura maya, gastronom\u00eda, naturaleza y Hanal Pix\u00e1n.\",\"breadcrumb\":{\"@id\":\"https:\\\/\\\/reporteroshoy.mx\\\/noticias\\\/turismo-comunitario-ejido-cecilio-chi-tulum\\\/#breadcrumb\"},\"inLanguage\":\"es\",\"potentialAction\":[{\"@type\":\"ReadAction\",\"target\":[\"https:\\\/\\\/reporteroshoy.mx\\\/noticias\\\/turismo-comunitario-ejido-cecilio-chi-tulum\\\/\"]}]},{\"@type\":\"ImageObject\",\"inLanguage\":\"es\",\"@id\":\"https:\\\/\\\/reporteroshoy.mx\\\/noticias\\\/turismo-comunitario-ejido-cecilio-chi-tulum\\\/#primaryimage\",\"url\":\"https:\\\/\\\/reporteroshoy.mx\\\/noticias\\\/wp-content\\\/uploads\\\/2026\\\/09\\\/WhatsApp-Image-2026-09-03-at-3.05.40-PM-scaled.avif\",\"contentUrl\":\"https:\\\/\\\/reporteroshoy.mx\\\/noticias\\\/wp-content\\\/uploads\\\/2026\\\/09\\\/WhatsApp-Image-2026-09-03-at-3.05.40-PM-scaled.avif\",\"width\":768,\"height\":576},{\"@type\":\"BreadcrumbList\",\"@id\":\"https:\\\/\\\/reporteroshoy.mx\\\/noticias\\\/turismo-comunitario-ejido-cecilio-chi-tulum\\\/#breadcrumb\",\"itemListElement\":[{\"@type\":\"ListItem\",\"position\":1,\"name\":\"Portada\",\"item\":\"https:\\\/\\\/reporteroshoy.mx\\\/noticias\\\/\"},{\"@type\":\"ListItem\",\"position\":2,\"name\":\"Ejido Cecilio Chi impulsa turismo maya en Tulum\"}]},{\"@type\":\"WebSite\",\"@id\":\"https:\\\/\\\/reporteroshoy.mx\\\/noticias\\\/#website\",\"url\":\"https:\\\/\\\/reporteroshoy.mx\\\/noticias\\\/\",\"name\":\"Reporteros Hoy | Noticias de Yucat\u00e1n\",\"description\":\"Peri\u00f3dico digital con noticias diarias desde M\u00e9rida, Yucat\u00e1n para el mundo.\",\"potentialAction\":[{\"@type\":\"SearchAction\",\"target\":{\"@type\":\"EntryPoint\",\"urlTemplate\":\"https:\\\/\\\/reporteroshoy.mx\\\/noticias\\\/?s={search_term_string}\"},\"query-input\":{\"@type\":\"PropertyValueSpecification\",\"valueRequired\":true,\"valueName\":\"search_term_string\"}}],\"inLanguage\":\"es\"},{\"@type\":\"Person\",\"@id\":\"https:\\\/\\\/reporteroshoy.mx\\\/noticias\\\/#\\\/schema\\\/person\\\/17dae1f2305a31fe437930b820d039d2\",\"name\":\"Reporteros Hoy EM\",\"image\":{\"@type\":\"ImageObject\",\"inLanguage\":\"es\",\"@id\":\"https:\\\/\\\/secure.gravatar.com\\\/avatar\\\/3a15973aa4f07c46a3eb7d8f9121204d4000ebdacddf63898dc5d9ac100c7c1b?s=96&d=mm&r=g\",\"url\":\"https:\\\/\\\/secure.gravatar.com\\\/avatar\\\/3a15973aa4f07c46a3eb7d8f9121204d4000ebdacddf63898dc5d9ac100c7c1b?s=96&d=mm&r=g\",\"contentUrl\":\"https:\\\/\\\/secure.gravatar.com\\\/avatar\\\/3a15973aa4f07c46a3eb7d8f9121204d4000ebdacddf63898dc5d9ac100c7c1b?s=96&d=mm&r=g\",\"caption\":\"Reporteros Hoy EM\"},\"url\":\"https:\\\/\\\/reporteroshoy.mx\\\/noticias\\\/author\\\/edgar\\\/\"}]}<\/script>\n<!-- \/ Yoast SEO plugin. -->","yoast_head_json":{"title":"Ejido Cecilio Chi impulsa turismo maya en Tulum","description":"El Ejido Cecilio Chi impulsa el turismo comunitario en Tulum con cultura maya, gastronom\u00eda, naturaleza y Hanal Pix\u00e1n.","robots":{"index":"index","follow":"follow","max-snippet":"max-snippet:-1","max-image-preview":"max-image-preview:large","max-video-preview":"max-video-preview:-1"},"canonical":"https:\/\/reporteroshoy.mx\/noticias\/turismo-comunitario-ejido-cecilio-chi-tulum\/","og_locale":"es_ES","og_type":"article","og_title":"Ejido Cecilio Chi impulsa turismo maya en Tulum","og_description":"El Ejido Cecilio Chi impulsa el turismo comunitario en Tulum con cultura maya, gastronom\u00eda, naturaleza y Hanal Pix\u00e1n.","og_url":"https:\/\/reporteroshoy.mx\/noticias\/turismo-comunitario-ejido-cecilio-chi-tulum\/","og_site_name":"Reporteros Hoy | Noticias de Yucat\u00e1n","article_publisher":"http:\/\/www.facebook.com\/reporteroshoymx","article_published_time":"2026-09-04T00:43:11+00:00","article_modified_time":"2026-09-04T03:20:45+00:00","og_image":[{"width":768,"height":576,"url":"https:\/\/reporteroshoy.mx\/noticias\/wp-content\/uploads\/2026\/09\/WhatsApp-Image-2026-09-03-at-3.05.40-PM-scaled.avif","type":"image\/jpeg"}],"author":"Reporteros Hoy EM","twitter_card":"summary_large_image","twitter_creator":"@reporteroshoy","twitter_site":"@reporteroshoy","twitter_misc":{"Escrito por":"Reporteros Hoy EM","Tiempo de lectura":"2 minutos"},"schema":{"@context":"https:\/\/schema.org","@graph":[{"@type":"Article","@id":"https:\/\/reporteroshoy.mx\/noticias\/turismo-comunitario-ejido-cecilio-chi-tulum\/#article","isPartOf":{"@id":"https:\/\/reporteroshoy.mx\/noticias\/turismo-comunitario-ejido-cecilio-chi-tulum\/"},"author":{"name":"Reporteros Hoy EM","@id":"https:\/\/reporteroshoy.mx\/noticias\/#\/schema\/person\/17dae1f2305a31fe437930b820d039d2"},"headline":"Ejido Cecilio Chi impulsa turismo maya en Tulum","datePublished":"2026-09-04T00:43:11+00:00","dateModified":"2026-09-04T03:20:45+00:00","mainEntityOfPage":{"@id":"https:\/\/reporteroshoy.mx\/noticias\/turismo-comunitario-ejido-cecilio-chi-tulum\/"},"wordCount":382,"commentCount":0,"image":{"@id":"https:\/\/reporteroshoy.mx\/noticias\/turismo-comunitario-ejido-cecilio-chi-tulum\/#primaryimage"},"thumbnailUrl":"https:\/\/reporteroshoy.mx\/noticias\/wp-content\/uploads\/2026\/09\/WhatsApp-Image-2026-09-03-at-3.05.40-PM-scaled.avif","keywords":["Ejido Cecilio Chi","Hanal Pix\u00e1n","turismo cultural en Quintana Roo","turismo maya"],"articleSection":["De inter\u00e9s"],"inLanguage":"es","potentialAction":[{"@type":"CommentAction","name":"Comment","target":["https:\/\/reporteroshoy.mx\/noticias\/turismo-comunitario-ejido-cecilio-chi-tulum\/#respond"]}]},{"@type":"WebPage","@id":"https:\/\/reporteroshoy.mx\/noticias\/turismo-comunitario-ejido-cecilio-chi-tulum\/","url":"https:\/\/reporteroshoy.mx\/noticias\/turismo-comunitario-ejido-cecilio-chi-tulum\/","name":"Ejido Cecilio Chi impulsa turismo maya en Tulum","isPartOf":{"@id":"https:\/\/reporteroshoy.mx\/noticias\/#website"},"primaryImageOfPage":{"@id":"https:\/\/reporteroshoy.mx\/noticias\/turismo-comunitario-ejido-cecilio-chi-tulum\/#primaryimage"},"image":{"@id":"https:\/\/reporteroshoy.mx\/noticias\/turismo-comunitario-ejido-cecilio-chi-tulum\/#primaryimage"},"thumbnailUrl":"https:\/\/reporteroshoy.mx\/noticias\/wp-content\/uploads\/2026\/09\/WhatsApp-Image-2026-09-03-at-3.05.40-PM-scaled.avif","datePublished":"2026-09-04T00:43:11+00:00","dateModified":"2026-09-04T03:20:45+00:00","author":{"@id":"https:\/\/reporteroshoy.mx\/noticias\/#\/schema\/person\/17dae1f2305a31fe437930b820d039d2"},"description":"El Ejido Cecilio Chi impulsa el turismo comunitario en Tulum con cultura maya, gastronom\u00eda, naturaleza y Hanal Pix\u00e1n.","breadcrumb":{"@id":"https:\/\/reporteroshoy.mx\/noticias\/turismo-comunitario-ejido-cecilio-chi-tulum\/#breadcrumb"},"inLanguage":"es","potentialAction":[{"@type":"ReadAction","target":["https:\/\/reporteroshoy.mx\/noticias\/turismo-comunitario-ejido-cecilio-chi-tulum\/"]}]},{"@type":"ImageObject","inLanguage":"es","@id":"https:\/\/reporteroshoy.mx\/noticias\/turismo-comunitario-ejido-cecilio-chi-tulum\/#primaryimage","url":"https:\/\/reporteroshoy.mx\/noticias\/wp-content\/uploads\/2026\/09\/WhatsApp-Image-2026-09-03-at-3.05.40-PM-scaled.avif","contentUrl":"https:\/\/reporteroshoy.mx\/noticias\/wp-content\/uploads\/2026\/09\/WhatsApp-Image-2026-09-03-at-3.05.40-PM-scaled.avif","width":768,"height":576},{"@type":"BreadcrumbList","@id":"https:\/\/reporteroshoy.mx\/noticias\/turismo-comunitario-ejido-cecilio-chi-tulum\/#breadcrumb","itemListElement":[{"@type":"ListItem","position":1,"name":"Portada","item":"https:\/\/reporteroshoy.mx\/noticias\/"},{"@type":"ListItem","position":2,"name":"Ejido Cecilio Chi impulsa turismo maya en Tulum"}]},{"@type":"WebSite","@id":"https:\/\/reporteroshoy.mx\/noticias\/#website","url":"https:\/\/reporteroshoy.mx\/noticias\/","name":"Reporteros Hoy | Noticias de Yucat\u00e1n","description":"Peri\u00f3dico digital con noticias diarias desde M\u00e9rida, Yucat\u00e1n para el mundo.","potentialAction":[{"@type":"SearchAction","target":{"@type":"EntryPoint","urlTemplate":"https:\/\/reporteroshoy.mx\/noticias\/?s={search_term_string}"},"query-input":{"@type":"PropertyValueSpecification","valueRequired":true,"valueName":"search_term_string"}}],"inLanguage":"es"},{"@type":"Person","@id":"https:\/\/reporteroshoy.mx\/noticias\/#\/schema\/person\/17dae1f2305a31fe437930b820d039d2","name":"Reporteros Hoy EM","image":{"@type":"ImageObject","inLanguage":"es","@id":"https:\/\/secure.gravatar.com\/avatar\/3a15973aa4f07c46a3eb7d8f9121204d4000ebdacddf63898dc5d9ac100c7c1b?s=96&d=mm&r=g","url":"https:\/\/secure.gravatar.com\/avatar\/3a15973aa4f07c46a3eb7d8f9121204d4000ebdacddf63898dc5d9ac100c7c1b?s=96&d=mm&r=g","contentUrl":"https:\/\/secure.gravatar.com\/avatar\/3a15973aa4f07c46a3eb7d8f9121204d4000ebdacddf63898dc5d9ac100c7c1b?s=96&d=mm&r=g","caption":"Reporteros Hoy EM"},"url":"https:\/\/reporteroshoy.mx\/noticias\/author\/edgar\/"}]}},"_links":{"self":[{"href":"https:\/\/reporteroshoy.mx\/noticias\/wp-json\/wp\/v2\/posts\/131606","targetHints":{"allow":["GET"]}}],"collection":[{"href":"https:\/\/reporteroshoy.mx\/noticias\/wp-json\/wp\/v2\/posts"}],"about":[{"href":"https:\/\/reporteroshoy.mx\/noticias\/wp-json\/wp\/v2\/types\/post"}],"author":[{"embeddable":true,"href":"https:\/\/reporteroshoy.mx\/noticias\/wp-json\/wp\/v2\/users\/13"}],"replies":[{"embeddable":true,"href":"https:\/\/reporteroshoy.mx\/noticias\/wp-json\/wp\/v2\/comments?post=131606"}],"version-history":[{"count":0,"href":"https:\/\/reporteroshoy.mx\/noticias\/wp-json\/wp\/v2\/posts\/131606\/revisions"}],"wp:featuredmedia":[{"embeddable":true,"href":"https:\/\/reporteroshoy.mx\/noticias\/wp-json\/wp\/v2\/media\/131608"}],"wp:attachment":[{"href":"https:\/\/reporteroshoy.mx\/noticias\/wp-json\/wp\/v2\/media?parent=131606"}],"wp:term":[{"taxonomy":"category","embeddable":true,"href":"https:\/\/reporteroshoy.mx\/noticias\/wp-json\/wp\/v2\/categories?post=131606"},{"taxonomy":"post_tag","embeddable":true,"href":"https:\/\/reporteroshoy.mx\/noticias\/wp-json\/wp\/v2\/tags?post=131606"}],"curies":[{"name":"wp","href":"https:\/\/api.w.org\/{rel}","templated":true}]}}