{"id":131611,"date":"2026-09-03T18:56:34","date_gmt":"2026-09-04T00:56:34","guid":{"rendered":"https:\/\/reporteroshoy.mx\/noticias\/?p=131611"},"modified":"2026-09-03T18:56:34","modified_gmt":"2026-09-04T00:56:34","slug":"apagones-yucatan-rezago-electrico","status":"publish","type":"post","link":"https:\/\/reporteroshoy.mx\/noticias\/apagones-yucatan-rezago-electrico\/","title":{"rendered":"Yucat\u00e1n enfrenta m\u00e1s apagones por rezago el\u00e9ctrico"},"content":{"rendered":"<p style=\"text-align: justify;\"><strong>La red el\u00e9ctrica de Yucat\u00e1n enfrenta rezagos mientras crecen la demanda, las ciudades y la presi\u00f3n sobre la infraestructura.<\/strong><\/p>\n<h2 style=\"text-align: justify;\"><strong>Apagones en Yucat\u00e1n podr\u00edan aumentar<\/strong><\/h2>\n<p style=\"text-align: justify;\">Yucat\u00e1n enfrenta el riesgo de <strong>apagones en Yucat\u00e1n<\/strong> cada vez m\u00e1s frecuentes debido al rezago en generaci\u00f3n, transmisi\u00f3n y eficiencia energ\u00e9tica, advirtieron especialistas.<\/p>\n<p style=\"text-align: justify;\">El diagn\u00f3stico surgi\u00f3 durante una mesa ciudadana sobre la infraestructura el\u00e9ctrica de M\u00e9rida y su zona metropolitana, organizada por los colectivos Ya Basta y Sinergia en Acci\u00f3n.<\/p>\n<p style=\"text-align: justify;\"><img loading=\"lazy\" decoding=\"async\" class=\"alignnone size-full wp-image-131612\" src=\"https:\/\/reporteroshoy.mx\/noticias\/wp-content\/uploads\/2026\/09\/WhatsApp-Image-2026-09-03-at-5.35.49-PM-2-scaled.avif\" alt=\"\" width=\"768\" height=\"421\" srcset=\"https:\/\/reporteroshoy.mx\/noticias\/wp-content\/uploads\/2026\/09\/WhatsApp-Image-2026-09-03-at-5.35.49-PM-2-scaled.avif 768w, https:\/\/reporteroshoy.mx\/noticias\/wp-content\/uploads\/2026\/09\/WhatsApp-Image-2026-09-03-at-5.35.49-PM-2-1536x842.avif 1536w\" sizes=\"auto, (max-width: 768px) 100vw, 768px\" \/><\/p>\n<p style=\"text-align: justify;\">El ingeniero <strong>Miguel Novelo Vel\u00e1zquez<\/strong>, expresidente del Colegio de Ingenieros Mec\u00e1nicos Electricistas de Yucat\u00e1n, explic\u00f3 que la Pen\u00ednsula mantiene desde hace m\u00e1s de 30 a\u00f1os una fuerte dependencia de energ\u00eda proveniente de otras regiones.<\/p>\n<p style=\"text-align: justify;\">En un escenario reciente, el d\u00e9ficit regional super\u00f3 los <strong>400 megawatts<\/strong>. Con el crecimiento de la demanda, esa necesidad podr\u00eda alcanzar entre 600 y 700 megawatts.<\/p>\n<p style=\"text-align: justify;\">Novelo advirti\u00f3 que una falla en las l\u00edneas que abastecen a la Pen\u00ednsula puede comprometer todo el sistema. Incluso con recursos disponibles, nuevos proyectos de generaci\u00f3n y transmisi\u00f3n requerir\u00edan al menos dos a\u00f1os.<\/p>\n<h2 style=\"text-align: justify;\"><strong>M\u00e9rida crece y presiona la red el\u00e9ctrica<\/strong><\/h2>\n<p style=\"text-align: justify;\">El arquitecto <strong>Antonio Peniche Gallareta<\/strong> se\u00f1al\u00f3 que la zona metropolitana de M\u00e9rida pr\u00e1cticamente duplic\u00f3 su territorio ocupado en dos d\u00e9cadas.<\/p>\n<p style=\"text-align: justify;\">La expansi\u00f3n urbana ha incrementado las necesidades de electricidad, agua, vialidades y otros servicios. Para el especialista, el reciente apag\u00f3n tambi\u00e9n refleja <strong>fallas de planeaci\u00f3n urbana y coordinaci\u00f3n institucional<\/strong>.<\/p>\n<p style=\"text-align: justify;\">El presidente del Colegio de Ingenieros Mec\u00e1nicos Electricistas de Yucat\u00e1n, <strong>Alberto Ojeda Ara\u00edza<\/strong>, alert\u00f3 sobre el aumento de la demanda m\u00e1xima, que pas\u00f3 de 581 megawatts en 2022 a 879 megawatts en 2023.<\/p>\n<h2 style=\"text-align: justify;\"><strong>Proponen comit\u00e9 contra los apagones<\/strong><\/h2>\n<p style=\"text-align: justify;\">Los especialistas plantearon que resolver los <strong>apagones en Yucat\u00e1n<\/strong> requiere generaci\u00f3n, transmisi\u00f3n, mantenimiento y eficiencia energ\u00e9tica.<\/p>\n<p style=\"text-align: justify;\">Tambi\u00e9n propusieron crear un <strong>comit\u00e9 metropolitano de energ\u00eda<\/strong> con autoridades, CFE, empresarios, especialistas y sociedad civil para vigilar inversiones, mantenimiento y compromisos.<\/p>\n<p style=\"text-align: justify;\"><strong>Fuente:<\/strong> Mesa ciudadana sobre modernizaci\u00f3n de la infraestructura el\u00e9ctrica de M\u00e9rida y su zona metropolitana.<\/p>\n<p style=\"text-align: justify;\"><strong>Enlace externo:<\/strong> CFE \u2014 informaci\u00f3n institucional sobre el sistema el\u00e9ctrico.<\/p>\n","protected":false},"excerpt":{"rendered":"<p>La red el\u00e9ctrica de Yucat\u00e1n enfrenta rezagos mientras crecen la demanda, las ciudades y la presi\u00f3n sobre la infraestructura. Apagones en Yucat\u00e1n podr\u00edan aumentar Yucat\u00e1n enfrenta el riesgo de apagones en Yucat\u00e1n cada vez m\u00e1s frecuentes debido al rezago en generaci\u00f3n, transmisi\u00f3n y eficiencia energ\u00e9tica, advirtieron especialistas. El diagn\u00f3stico surgi\u00f3 durante una mesa ciudadana sobre [&hellip;]<\/p>\n","protected":false},"author":13,"featured_media":131614,"comment_status":"open","ping_status":"closed","sticky":false,"template":"","format":"standard","meta":{"footnotes":""},"categories":[17],"tags":[29308,4618,24613,29307,29306],"class_list":["post-131611","post","type-post","status-publish","format-standard","has-post-thumbnail","hentry","category-yucatan","tag-apagones-en-merida","tag-apagones-en-yucatan","tag-infraestructura-electrica","tag-red-electrica-de-yucatan","tag-rezago-electrico"],"yoast_head":"<!-- This site is optimized with the Yoast SEO plugin v28.4 - https:\/\/yoast.com\/product\/yoast-seo-wordpress\/ -->\n<title>Yucat\u00e1n enfrenta m\u00e1s apagones por rezago el\u00e9ctrico<\/title>\n<meta name=\"description\" content=\"Especialistas advierten que los apagones en Yucat\u00e1n podr\u00edan aumentar por el rezago el\u00e9ctrico, crecimiento urbano y falta de eficiencia.\" \/>\n<meta name=\"robots\" content=\"index, follow, max-snippet:-1, max-image-preview:large, max-video-preview:-1\" \/>\n<link rel=\"canonical\" href=\"https:\/\/reporteroshoy.mx\/noticias\/apagones-yucatan-rezago-electrico\/\" \/>\n<meta property=\"og:locale\" content=\"es_ES\" \/>\n<meta property=\"og:type\" content=\"article\" \/>\n<meta property=\"og:title\" content=\"Yucat\u00e1n enfrenta m\u00e1s apagones por rezago el\u00e9ctrico\" \/>\n<meta property=\"og:description\" content=\"Especialistas advierten que los apagones en Yucat\u00e1n podr\u00edan aumentar por el rezago el\u00e9ctrico, crecimiento urbano y falta de eficiencia.\" \/>\n<meta property=\"og:url\" content=\"https:\/\/reporteroshoy.mx\/noticias\/apagones-yucatan-rezago-electrico\/\" \/>\n<meta property=\"og:site_name\" content=\"Reporteros Hoy | Noticias de Yucat\u00e1n\" \/>\n<meta property=\"article:publisher\" content=\"http:\/\/www.facebook.com\/reporteroshoymx\" \/>\n<meta property=\"article:published_time\" content=\"2026-09-04T00:56:34+00:00\" \/>\n<meta property=\"og:image\" content=\"https:\/\/reporteroshoy.mx\/noticias\/wp-content\/uploads\/2026\/09\/WhatsApp-Image-2026-09-03-at-5.35.49-PM-scaled.avif\" \/>\n\t<meta property=\"og:image:width\" content=\"768\" \/>\n\t<meta property=\"og:image:height\" content=\"419\" \/>\n\t<meta property=\"og:image:type\" content=\"image\/jpeg\" \/>\n<meta name=\"author\" content=\"Reporteros Hoy EM\" \/>\n<meta name=\"twitter:card\" content=\"summary_large_image\" \/>\n<meta name=\"twitter:creator\" content=\"@reporteroshoy\" \/>\n<meta name=\"twitter:site\" content=\"@reporteroshoy\" \/>\n<meta name=\"twitter:label1\" content=\"Escrito por\" \/>\n\t<meta name=\"twitter:data1\" content=\"Reporteros Hoy EM\" \/>\n\t<meta name=\"twitter:label2\" content=\"Tiempo de lectura\" \/>\n\t<meta name=\"twitter:data2\" content=\"2 minutos\" \/>\n<script type=\"application\/ld+json\" class=\"yoast-schema-graph\">{\"@context\":\"https:\\\/\\\/schema.org\",\"@graph\":[{\"@type\":\"Article\",\"@id\":\"https:\\\/\\\/reporteroshoy.mx\\\/noticias\\\/apagones-yucatan-rezago-electrico\\\/#article\",\"isPartOf\":{\"@id\":\"https:\\\/\\\/reporteroshoy.mx\\\/noticias\\\/apagones-yucatan-rezago-electrico\\\/\"},\"author\":{\"name\":\"Reporteros Hoy EM\",\"@id\":\"https:\\\/\\\/reporteroshoy.mx\\\/noticias\\\/#\\\/schema\\\/person\\\/17dae1f2305a31fe437930b820d039d2\"},\"headline\":\"Yucat\u00e1n enfrenta m\u00e1s apagones por rezago el\u00e9ctrico\",\"datePublished\":\"2026-09-04T00:56:34+00:00\",\"mainEntityOfPage\":{\"@id\":\"https:\\\/\\\/reporteroshoy.mx\\\/noticias\\\/apagones-yucatan-rezago-electrico\\\/\"},\"wordCount\":381,\"commentCount\":0,\"image\":{\"@id\":\"https:\\\/\\\/reporteroshoy.mx\\\/noticias\\\/apagones-yucatan-rezago-electrico\\\/#primaryimage\"},\"thumbnailUrl\":\"https:\\\/\\\/reporteroshoy.mx\\\/noticias\\\/wp-content\\\/uploads\\\/2026\\\/09\\\/WhatsApp-Image-2026-09-03-at-5.35.49-PM-scaled.avif\",\"keywords\":[\"apagones en M\u00e9rida\",\"Apagones en Yucat\u00e1n\",\"infraestructura el\u00e9ctrica\",\"red el\u00e9ctrica de Yucat\u00e1n\",\"rezago el\u00e9ctrico\"],\"articleSection\":[\"Yucat\u00e1n\"],\"inLanguage\":\"es\",\"potentialAction\":[{\"@type\":\"CommentAction\",\"name\":\"Comment\",\"target\":[\"https:\\\/\\\/reporteroshoy.mx\\\/noticias\\\/apagones-yucatan-rezago-electrico\\\/#respond\"]}]},{\"@type\":\"WebPage\",\"@id\":\"https:\\\/\\\/reporteroshoy.mx\\\/noticias\\\/apagones-yucatan-rezago-electrico\\\/\",\"url\":\"https:\\\/\\\/reporteroshoy.mx\\\/noticias\\\/apagones-yucatan-rezago-electrico\\\/\",\"name\":\"Yucat\u00e1n enfrenta m\u00e1s apagones por rezago el\u00e9ctrico\",\"isPartOf\":{\"@id\":\"https:\\\/\\\/reporteroshoy.mx\\\/noticias\\\/#website\"},\"primaryImageOfPage\":{\"@id\":\"https:\\\/\\\/reporteroshoy.mx\\\/noticias\\\/apagones-yucatan-rezago-electrico\\\/#primaryimage\"},\"image\":{\"@id\":\"https:\\\/\\\/reporteroshoy.mx\\\/noticias\\\/apagones-yucatan-rezago-electrico\\\/#primaryimage\"},\"thumbnailUrl\":\"https:\\\/\\\/reporteroshoy.mx\\\/noticias\\\/wp-content\\\/uploads\\\/2026\\\/09\\\/WhatsApp-Image-2026-09-03-at-5.35.49-PM-scaled.avif\",\"datePublished\":\"2026-09-04T00:56:34+00:00\",\"author\":{\"@id\":\"https:\\\/\\\/reporteroshoy.mx\\\/noticias\\\/#\\\/schema\\\/person\\\/17dae1f2305a31fe437930b820d039d2\"},\"description\":\"Especialistas advierten que los apagones en Yucat\u00e1n podr\u00edan aumentar por el rezago el\u00e9ctrico, crecimiento urbano y falta de eficiencia.\",\"breadcrumb\":{\"@id\":\"https:\\\/\\\/reporteroshoy.mx\\\/noticias\\\/apagones-yucatan-rezago-electrico\\\/#breadcrumb\"},\"inLanguage\":\"es\",\"potentialAction\":[{\"@type\":\"ReadAction\",\"target\":[\"https:\\\/\\\/reporteroshoy.mx\\\/noticias\\\/apagones-yucatan-rezago-electrico\\\/\"]}]},{\"@type\":\"ImageObject\",\"inLanguage\":\"es\",\"@id\":\"https:\\\/\\\/reporteroshoy.mx\\\/noticias\\\/apagones-yucatan-rezago-electrico\\\/#primaryimage\",\"url\":\"https:\\\/\\\/reporteroshoy.mx\\\/noticias\\\/wp-content\\\/uploads\\\/2026\\\/09\\\/WhatsApp-Image-2026-09-03-at-5.35.49-PM-scaled.avif\",\"contentUrl\":\"https:\\\/\\\/reporteroshoy.mx\\\/noticias\\\/wp-content\\\/uploads\\\/2026\\\/09\\\/WhatsApp-Image-2026-09-03-at-5.35.49-PM-scaled.avif\",\"width\":768,\"height\":419},{\"@type\":\"BreadcrumbList\",\"@id\":\"https:\\\/\\\/reporteroshoy.mx\\\/noticias\\\/apagones-yucatan-rezago-electrico\\\/#breadcrumb\",\"itemListElement\":[{\"@type\":\"ListItem\",\"position\":1,\"name\":\"Portada\",\"item\":\"https:\\\/\\\/reporteroshoy.mx\\\/noticias\\\/\"},{\"@type\":\"ListItem\",\"position\":2,\"name\":\"Yucat\u00e1n enfrenta m\u00e1s apagones por rezago el\u00e9ctrico\"}]},{\"@type\":\"WebSite\",\"@id\":\"https:\\\/\\\/reporteroshoy.mx\\\/noticias\\\/#website\",\"url\":\"https:\\\/\\\/reporteroshoy.mx\\\/noticias\\\/\",\"name\":\"Reporteros Hoy | Noticias de Yucat\u00e1n\",\"description\":\"Peri\u00f3dico digital con noticias diarias desde M\u00e9rida, Yucat\u00e1n para el mundo.\",\"potentialAction\":[{\"@type\":\"SearchAction\",\"target\":{\"@type\":\"EntryPoint\",\"urlTemplate\":\"https:\\\/\\\/reporteroshoy.mx\\\/noticias\\\/?s={search_term_string}\"},\"query-input\":{\"@type\":\"PropertyValueSpecification\",\"valueRequired\":true,\"valueName\":\"search_term_string\"}}],\"inLanguage\":\"es\"},{\"@type\":\"Person\",\"@id\":\"https:\\\/\\\/reporteroshoy.mx\\\/noticias\\\/#\\\/schema\\\/person\\\/17dae1f2305a31fe437930b820d039d2\",\"name\":\"Reporteros Hoy EM\",\"image\":{\"@type\":\"ImageObject\",\"inLanguage\":\"es\",\"@id\":\"https:\\\/\\\/secure.gravatar.com\\\/avatar\\\/3a15973aa4f07c46a3eb7d8f9121204d4000ebdacddf63898dc5d9ac100c7c1b?s=96&d=mm&r=g\",\"url\":\"https:\\\/\\\/secure.gravatar.com\\\/avatar\\\/3a15973aa4f07c46a3eb7d8f9121204d4000ebdacddf63898dc5d9ac100c7c1b?s=96&d=mm&r=g\",\"contentUrl\":\"https:\\\/\\\/secure.gravatar.com\\\/avatar\\\/3a15973aa4f07c46a3eb7d8f9121204d4000ebdacddf63898dc5d9ac100c7c1b?s=96&d=mm&r=g\",\"caption\":\"Reporteros Hoy EM\"},\"url\":\"https:\\\/\\\/reporteroshoy.mx\\\/noticias\\\/author\\\/edgar\\\/\"}]}<\/script>\n<!-- \/ Yoast SEO plugin. -->","yoast_head_json":{"title":"Yucat\u00e1n enfrenta m\u00e1s apagones por rezago el\u00e9ctrico","description":"Especialistas advierten que los apagones en Yucat\u00e1n podr\u00edan aumentar por el rezago el\u00e9ctrico, crecimiento urbano y falta de eficiencia.","robots":{"index":"index","follow":"follow","max-snippet":"max-snippet:-1","max-image-preview":"max-image-preview:large","max-video-preview":"max-video-preview:-1"},"canonical":"https:\/\/reporteroshoy.mx\/noticias\/apagones-yucatan-rezago-electrico\/","og_locale":"es_ES","og_type":"article","og_title":"Yucat\u00e1n enfrenta m\u00e1s apagones por rezago el\u00e9ctrico","og_description":"Especialistas advierten que los apagones en Yucat\u00e1n podr\u00edan aumentar por el rezago el\u00e9ctrico, crecimiento urbano y falta de eficiencia.","og_url":"https:\/\/reporteroshoy.mx\/noticias\/apagones-yucatan-rezago-electrico\/","og_site_name":"Reporteros Hoy | Noticias de Yucat\u00e1n","article_publisher":"http:\/\/www.facebook.com\/reporteroshoymx","article_published_time":"2026-09-04T00:56:34+00:00","og_image":[{"width":768,"height":419,"url":"https:\/\/reporteroshoy.mx\/noticias\/wp-content\/uploads\/2026\/09\/WhatsApp-Image-2026-09-03-at-5.35.49-PM-scaled.avif","type":"image\/jpeg"}],"author":"Reporteros Hoy EM","twitter_card":"summary_large_image","twitter_creator":"@reporteroshoy","twitter_site":"@reporteroshoy","twitter_misc":{"Escrito por":"Reporteros Hoy EM","Tiempo de lectura":"2 minutos"},"schema":{"@context":"https:\/\/schema.org","@graph":[{"@type":"Article","@id":"https:\/\/reporteroshoy.mx\/noticias\/apagones-yucatan-rezago-electrico\/#article","isPartOf":{"@id":"https:\/\/reporteroshoy.mx\/noticias\/apagones-yucatan-rezago-electrico\/"},"author":{"name":"Reporteros Hoy EM","@id":"https:\/\/reporteroshoy.mx\/noticias\/#\/schema\/person\/17dae1f2305a31fe437930b820d039d2"},"headline":"Yucat\u00e1n enfrenta m\u00e1s apagones por rezago el\u00e9ctrico","datePublished":"2026-09-04T00:56:34+00:00","mainEntityOfPage":{"@id":"https:\/\/reporteroshoy.mx\/noticias\/apagones-yucatan-rezago-electrico\/"},"wordCount":381,"commentCount":0,"image":{"@id":"https:\/\/reporteroshoy.mx\/noticias\/apagones-yucatan-rezago-electrico\/#primaryimage"},"thumbnailUrl":"https:\/\/reporteroshoy.mx\/noticias\/wp-content\/uploads\/2026\/09\/WhatsApp-Image-2026-09-03-at-5.35.49-PM-scaled.avif","keywords":["apagones en M\u00e9rida","Apagones en Yucat\u00e1n","infraestructura el\u00e9ctrica","red el\u00e9ctrica de Yucat\u00e1n","rezago el\u00e9ctrico"],"articleSection":["Yucat\u00e1n"],"inLanguage":"es","potentialAction":[{"@type":"CommentAction","name":"Comment","target":["https:\/\/reporteroshoy.mx\/noticias\/apagones-yucatan-rezago-electrico\/#respond"]}]},{"@type":"WebPage","@id":"https:\/\/reporteroshoy.mx\/noticias\/apagones-yucatan-rezago-electrico\/","url":"https:\/\/reporteroshoy.mx\/noticias\/apagones-yucatan-rezago-electrico\/","name":"Yucat\u00e1n enfrenta m\u00e1s apagones por rezago el\u00e9ctrico","isPartOf":{"@id":"https:\/\/reporteroshoy.mx\/noticias\/#website"},"primaryImageOfPage":{"@id":"https:\/\/reporteroshoy.mx\/noticias\/apagones-yucatan-rezago-electrico\/#primaryimage"},"image":{"@id":"https:\/\/reporteroshoy.mx\/noticias\/apagones-yucatan-rezago-electrico\/#primaryimage"},"thumbnailUrl":"https:\/\/reporteroshoy.mx\/noticias\/wp-content\/uploads\/2026\/09\/WhatsApp-Image-2026-09-03-at-5.35.49-PM-scaled.avif","datePublished":"2026-09-04T00:56:34+00:00","author":{"@id":"https:\/\/reporteroshoy.mx\/noticias\/#\/schema\/person\/17dae1f2305a31fe437930b820d039d2"},"description":"Especialistas advierten que los apagones en Yucat\u00e1n podr\u00edan aumentar por el rezago el\u00e9ctrico, crecimiento urbano y falta de eficiencia.","breadcrumb":{"@id":"https:\/\/reporteroshoy.mx\/noticias\/apagones-yucatan-rezago-electrico\/#breadcrumb"},"inLanguage":"es","potentialAction":[{"@type":"ReadAction","target":["https:\/\/reporteroshoy.mx\/noticias\/apagones-yucatan-rezago-electrico\/"]}]},{"@type":"ImageObject","inLanguage":"es","@id":"https:\/\/reporteroshoy.mx\/noticias\/apagones-yucatan-rezago-electrico\/#primaryimage","url":"https:\/\/reporteroshoy.mx\/noticias\/wp-content\/uploads\/2026\/09\/WhatsApp-Image-2026-09-03-at-5.35.49-PM-scaled.avif","contentUrl":"https:\/\/reporteroshoy.mx\/noticias\/wp-content\/uploads\/2026\/09\/WhatsApp-Image-2026-09-03-at-5.35.49-PM-scaled.avif","width":768,"height":419},{"@type":"BreadcrumbList","@id":"https:\/\/reporteroshoy.mx\/noticias\/apagones-yucatan-rezago-electrico\/#breadcrumb","itemListElement":[{"@type":"ListItem","position":1,"name":"Portada","item":"https:\/\/reporteroshoy.mx\/noticias\/"},{"@type":"ListItem","position":2,"name":"Yucat\u00e1n enfrenta m\u00e1s apagones por rezago el\u00e9ctrico"}]},{"@type":"WebSite","@id":"https:\/\/reporteroshoy.mx\/noticias\/#website","url":"https:\/\/reporteroshoy.mx\/noticias\/","name":"Reporteros Hoy | Noticias de Yucat\u00e1n","description":"Peri\u00f3dico digital con noticias diarias desde M\u00e9rida, Yucat\u00e1n para el mundo.","potentialAction":[{"@type":"SearchAction","target":{"@type":"EntryPoint","urlTemplate":"https:\/\/reporteroshoy.mx\/noticias\/?s={search_term_string}"},"query-input":{"@type":"PropertyValueSpecification","valueRequired":true,"valueName":"search_term_string"}}],"inLanguage":"es"},{"@type":"Person","@id":"https:\/\/reporteroshoy.mx\/noticias\/#\/schema\/person\/17dae1f2305a31fe437930b820d039d2","name":"Reporteros Hoy EM","image":{"@type":"ImageObject","inLanguage":"es","@id":"https:\/\/secure.gravatar.com\/avatar\/3a15973aa4f07c46a3eb7d8f9121204d4000ebdacddf63898dc5d9ac100c7c1b?s=96&d=mm&r=g","url":"https:\/\/secure.gravatar.com\/avatar\/3a15973aa4f07c46a3eb7d8f9121204d4000ebdacddf63898dc5d9ac100c7c1b?s=96&d=mm&r=g","contentUrl":"https:\/\/secure.gravatar.com\/avatar\/3a15973aa4f07c46a3eb7d8f9121204d4000ebdacddf63898dc5d9ac100c7c1b?s=96&d=mm&r=g","caption":"Reporteros Hoy EM"},"url":"https:\/\/reporteroshoy.mx\/noticias\/author\/edgar\/"}]}},"_links":{"self":[{"href":"https:\/\/reporteroshoy.mx\/noticias\/wp-json\/wp\/v2\/posts\/131611","targetHints":{"allow":["GET"]}}],"collection":[{"href":"https:\/\/reporteroshoy.mx\/noticias\/wp-json\/wp\/v2\/posts"}],"about":[{"href":"https:\/\/reporteroshoy.mx\/noticias\/wp-json\/wp\/v2\/types\/post"}],"author":[{"embeddable":true,"href":"https:\/\/reporteroshoy.mx\/noticias\/wp-json\/wp\/v2\/users\/13"}],"replies":[{"embeddable":true,"href":"https:\/\/reporteroshoy.mx\/noticias\/wp-json\/wp\/v2\/comments?post=131611"}],"version-history":[{"count":0,"href":"https:\/\/reporteroshoy.mx\/noticias\/wp-json\/wp\/v2\/posts\/131611\/revisions"}],"wp:featuredmedia":[{"embeddable":true,"href":"https:\/\/reporteroshoy.mx\/noticias\/wp-json\/wp\/v2\/media\/131614"}],"wp:attachment":[{"href":"https:\/\/reporteroshoy.mx\/noticias\/wp-json\/wp\/v2\/media?parent=131611"}],"wp:term":[{"taxonomy":"category","embeddable":true,"href":"https:\/\/reporteroshoy.mx\/noticias\/wp-json\/wp\/v2\/categories?post=131611"},{"taxonomy":"post_tag","embeddable":true,"href":"https:\/\/reporteroshoy.mx\/noticias\/wp-json\/wp\/v2\/tags?post=131611"}],"curies":[{"name":"wp","href":"https:\/\/api.w.org\/{rel}","templated":true}]}}