{"id":131615,"date":"2026-09-03T19:37:29","date_gmt":"2026-09-04T01:37:29","guid":{"rendered":"https:\/\/reporteroshoy.mx\/noticias\/?p=131615"},"modified":"2026-09-03T21:18:37","modified_gmt":"2026-09-04T03:18:37","slug":"prevencion-suicidio-yucatan-ayus-septiembre-2026","status":"publish","type":"post","link":"https:\/\/reporteroshoy.mx\/noticias\/prevencion-suicidio-yucatan-ayus-septiembre-2026\/","title":{"rendered":"AYUS anuncia actividades de septiembre en Yucat\u00e1n"},"content":{"rendered":"<p style=\"text-align: justify;\"><strong>La Asociaci\u00f3n Yucateca de Suicidolog\u00eda prepara jornadas acad\u00e9micas, conversatorios, caminatas y un foro ciudadano durante septiembre de 2026.<\/strong><\/p>\n<h2 style=\"text-align: justify;\"><strong>Prevenci\u00f3n del suicidio en Yucat\u00e1n re\u00fane actividades<\/strong><\/h2>\n<p style=\"text-align: justify;\">La <strong>prevenci\u00f3n del suicidio en Yucat\u00e1n<\/strong> tendr\u00e1 una agenda de actividades durante septiembre, organizada por la Asociaci\u00f3n Yucateca de Suicidolog\u00eda A.C. (AYUS), bajo el lema \u201cCrear esperanza a trav\u00e9s de la acci\u00f3n\u201d.<\/p>\n<p style=\"text-align: justify;\">La programaci\u00f3n contempla espacios acad\u00e9micos, comunitarios y de acompa\u00f1amiento, con la participaci\u00f3n de especialistas, estudiantes, sobrevivientes a una muerte por suicidio y voluntarios.<\/p>\n<p><img loading=\"lazy\" decoding=\"async\" class=\"alignnone size-full wp-image-131616\" src=\"https:\/\/reporteroshoy.mx\/noticias\/wp-content\/uploads\/2026\/09\/suicidio3.avif\" alt=\"\" width=\"678\" height=\"452\" \/><\/p>\n<h3 style=\"text-align: justify;\"><strong>AYUS presenta protocolo para comunidades educativas<\/strong><\/h3>\n<p style=\"text-align: justify;\">El viernes <strong>11 de septiembre<\/strong>, a las 4:00 de la tarde, se presentar\u00e1 el Primer Protocolo de Posvenci\u00f3n en Contextos Educativos en el Auditorio Principal de la UVM Campus M\u00e9rida.<\/p>\n<p style=\"text-align: justify;\">La propuesta fue desarrollada por <strong>AYUS y estudiantes de la UVM<\/strong> para brindar herramientas a docentes y directivos ante una muerte por suicidio dentro de una comunidad escolar.<\/p>\n<p style=\"text-align: justify;\">El s\u00e1bado 12 de septiembre se realizar\u00e1 el conversatorio \u201cVoces que Sanan\u201d, a las 4:00 de la tarde, en el Centro Cultural Lorca. El encuentro estar\u00e1 dirigido a personas que han perdido a un ser querido por suicidio y tendr\u00e1 cupo limitado.<\/p>\n<h2 style=\"text-align: justify;\"><strong>Caminata y encuentro ciudadano en M\u00e9rida<\/strong><\/h2>\n<p style=\"text-align: justify;\">La <strong>III Caminata anual por la Prevenci\u00f3n del Suicidio<\/strong> ser\u00e1 el domingo 13 de septiembre, a las 7:30 de la ma\u00f1ana. El punto de reuni\u00f3n ser\u00e1 la calle 45 entre 56 y 56-A, sobre Paseo de Montejo.<\/p>\n<p style=\"text-align: justify;\">El recorrido avanzar\u00e1 hacia el Monumento a la Patria durante la Bici-Ruta. AYUS invit\u00f3 a portar prendas amarillas, mensajes de aliento y acudir con mascotas.<\/p>\n<p style=\"text-align: justify;\">El domingo 27 de septiembre se realizar\u00e1 el <strong>II Encuentro para la Prevenci\u00f3n del Suicidio<\/strong>, de 9:00 de la ma\u00f1ana a 2:00 de la tarde, en el Centro Cultural Universitario de la UADY.<\/p>\n<p style=\"text-align: justify;\">El programa incluir\u00e1 conferencias, talleres y conversatorios sobre prevenci\u00f3n, intervenci\u00f3n y posvenci\u00f3n.<\/p>\n<p><img loading=\"lazy\" decoding=\"async\" class=\"alignnone size-full wp-image-131618\" src=\"https:\/\/reporteroshoy.mx\/noticias\/wp-content\/uploads\/2026\/09\/suicidio1-scaled.avif\" alt=\"\" width=\"768\" height=\"401\" \/><\/p>\n<h3 style=\"text-align: justify;\"><strong>AYUS fortalece su red de voluntariado<\/strong><\/h3>\n<p style=\"text-align: justify;\">La organizaci\u00f3n inform\u00f3 que <strong>45 facilitadores y voluntarios comunitarios<\/strong> integran su programa 2026, seleccionado entre m\u00e1s de 100 postulaciones.<\/p>\n<p style=\"text-align: justify;\">Tambi\u00e9n anunci\u00f3 una campa\u00f1a digital para difundir informaci\u00f3n cient\u00edfica, combatir mitos sobre la conducta suicida y compartir recursos de apoyo disponibles para la poblaci\u00f3n.<\/p>\n<p><strong>Fuente:<\/strong> Asociaci\u00f3n Yucateca de Suicidolog\u00eda A.C. (AYUS).<\/p>\n","protected":false},"excerpt":{"rendered":"<p>AYUS anuncia actividades de septiembre en M\u00e9rida para fortalecer la prevenci\u00f3n del suicidio mediante jornadas, caminatas y foros.<\/p>\n","protected":false},"author":13,"featured_media":131618,"comment_status":"open","ping_status":"closed","sticky":false,"template":"","format":"standard","meta":{"footnotes":""},"categories":[17],"tags":[29311,29309,992,29312,7319,29310],"class_list":["post-131615","post","type-post","status-publish","format-standard","has-post-thumbnail","hentry","category-yucatan","tag-actividades-septiembre-2026","tag-ayus","tag-prevencion-del-suicidio","tag-prevencion-del-suicidio-en-yucatan","tag-salud-mental","tag-voluntariado-ayus"],"yoast_head":"<!-- This site is optimized with the Yoast SEO plugin v28.4 - https:\/\/yoast.com\/product\/yoast-seo-wordpress\/ -->\n<title>AYUS anuncia actividades de septiembre en Yucat\u00e1n<\/title>\n<meta name=\"description\" content=\"AYUS anuncia actividades de septiembre en M\u00e9rida para fortalecer la prevenci\u00f3n del suicidio mediante jornadas, caminatas y foros.\" \/>\n<meta name=\"robots\" content=\"index, follow, max-snippet:-1, max-image-preview:large, max-video-preview:-1\" \/>\n<link rel=\"canonical\" href=\"https:\/\/reporteroshoy.mx\/noticias\/prevencion-suicidio-yucatan-ayus-septiembre-2026\/\" \/>\n<meta property=\"og:locale\" content=\"es_ES\" \/>\n<meta property=\"og:type\" content=\"article\" \/>\n<meta property=\"og:title\" content=\"AYUS anuncia actividades de septiembre en Yucat\u00e1n\" \/>\n<meta property=\"og:description\" content=\"AYUS anuncia actividades de septiembre en M\u00e9rida para fortalecer la prevenci\u00f3n del suicidio mediante jornadas, caminatas y foros.\" \/>\n<meta property=\"og:url\" content=\"https:\/\/reporteroshoy.mx\/noticias\/prevencion-suicidio-yucatan-ayus-septiembre-2026\/\" \/>\n<meta property=\"og:site_name\" content=\"Reporteros Hoy | Noticias de Yucat\u00e1n\" \/>\n<meta property=\"article:publisher\" content=\"http:\/\/www.facebook.com\/reporteroshoymx\" \/>\n<meta property=\"article:published_time\" content=\"2026-09-04T01:37:29+00:00\" \/>\n<meta property=\"article:modified_time\" content=\"2026-09-04T03:18:37+00:00\" \/>\n<meta property=\"og:image\" content=\"https:\/\/reporteroshoy.mx\/noticias\/wp-content\/uploads\/2026\/09\/suicidio1-scaled.avif\" \/>\n\t<meta property=\"og:image:width\" content=\"768\" \/>\n\t<meta property=\"og:image:height\" content=\"401\" \/>\n\t<meta property=\"og:image:type\" content=\"image\/jpeg\" \/>\n<meta name=\"author\" content=\"Reporteros Hoy EM\" \/>\n<meta name=\"twitter:card\" content=\"summary_large_image\" \/>\n<meta name=\"twitter:creator\" content=\"@reporteroshoy\" \/>\n<meta name=\"twitter:site\" content=\"@reporteroshoy\" \/>\n<meta name=\"twitter:label1\" content=\"Escrito por\" \/>\n\t<meta name=\"twitter:data1\" content=\"Reporteros Hoy EM\" \/>\n\t<meta name=\"twitter:label2\" content=\"Tiempo de lectura\" \/>\n\t<meta name=\"twitter:data2\" content=\"3 minutos\" \/>\n<script type=\"application\/ld+json\" class=\"yoast-schema-graph\">{\"@context\":\"https:\\\/\\\/schema.org\",\"@graph\":[{\"@type\":\"Article\",\"@id\":\"https:\\\/\\\/reporteroshoy.mx\\\/noticias\\\/prevencion-suicidio-yucatan-ayus-septiembre-2026\\\/#article\",\"isPartOf\":{\"@id\":\"https:\\\/\\\/reporteroshoy.mx\\\/noticias\\\/prevencion-suicidio-yucatan-ayus-septiembre-2026\\\/\"},\"author\":{\"name\":\"Reporteros Hoy EM\",\"@id\":\"https:\\\/\\\/reporteroshoy.mx\\\/noticias\\\/#\\\/schema\\\/person\\\/17dae1f2305a31fe437930b820d039d2\"},\"headline\":\"AYUS anuncia actividades de septiembre en Yucat\u00e1n\",\"datePublished\":\"2026-09-04T01:37:29+00:00\",\"dateModified\":\"2026-09-04T03:18:37+00:00\",\"mainEntityOfPage\":{\"@id\":\"https:\\\/\\\/reporteroshoy.mx\\\/noticias\\\/prevencion-suicidio-yucatan-ayus-septiembre-2026\\\/\"},\"wordCount\":387,\"commentCount\":0,\"image\":{\"@id\":\"https:\\\/\\\/reporteroshoy.mx\\\/noticias\\\/prevencion-suicidio-yucatan-ayus-septiembre-2026\\\/#primaryimage\"},\"thumbnailUrl\":\"https:\\\/\\\/reporteroshoy.mx\\\/noticias\\\/wp-content\\\/uploads\\\/2026\\\/09\\\/suicidio1-scaled.avif\",\"keywords\":[\"actividades septiembre 2026\",\"AYUS\",\"prevenci\u00f3n del suicidio\",\"prevenci\u00f3n del suicidio en Yucat\u00e1n\",\"Salud Mental\",\"voluntariado AYUS\"],\"articleSection\":[\"Yucat\u00e1n\"],\"inLanguage\":\"es\",\"potentialAction\":[{\"@type\":\"CommentAction\",\"name\":\"Comment\",\"target\":[\"https:\\\/\\\/reporteroshoy.mx\\\/noticias\\\/prevencion-suicidio-yucatan-ayus-septiembre-2026\\\/#respond\"]}]},{\"@type\":\"WebPage\",\"@id\":\"https:\\\/\\\/reporteroshoy.mx\\\/noticias\\\/prevencion-suicidio-yucatan-ayus-septiembre-2026\\\/\",\"url\":\"https:\\\/\\\/reporteroshoy.mx\\\/noticias\\\/prevencion-suicidio-yucatan-ayus-septiembre-2026\\\/\",\"name\":\"AYUS anuncia actividades de septiembre en Yucat\u00e1n\",\"isPartOf\":{\"@id\":\"https:\\\/\\\/reporteroshoy.mx\\\/noticias\\\/#website\"},\"primaryImageOfPage\":{\"@id\":\"https:\\\/\\\/reporteroshoy.mx\\\/noticias\\\/prevencion-suicidio-yucatan-ayus-septiembre-2026\\\/#primaryimage\"},\"image\":{\"@id\":\"https:\\\/\\\/reporteroshoy.mx\\\/noticias\\\/prevencion-suicidio-yucatan-ayus-septiembre-2026\\\/#primaryimage\"},\"thumbnailUrl\":\"https:\\\/\\\/reporteroshoy.mx\\\/noticias\\\/wp-content\\\/uploads\\\/2026\\\/09\\\/suicidio1-scaled.avif\",\"datePublished\":\"2026-09-04T01:37:29+00:00\",\"dateModified\":\"2026-09-04T03:18:37+00:00\",\"author\":{\"@id\":\"https:\\\/\\\/reporteroshoy.mx\\\/noticias\\\/#\\\/schema\\\/person\\\/17dae1f2305a31fe437930b820d039d2\"},\"description\":\"AYUS anuncia actividades de septiembre en M\u00e9rida para fortalecer la prevenci\u00f3n del suicidio mediante jornadas, caminatas y foros.\",\"breadcrumb\":{\"@id\":\"https:\\\/\\\/reporteroshoy.mx\\\/noticias\\\/prevencion-suicidio-yucatan-ayus-septiembre-2026\\\/#breadcrumb\"},\"inLanguage\":\"es\",\"potentialAction\":[{\"@type\":\"ReadAction\",\"target\":[\"https:\\\/\\\/reporteroshoy.mx\\\/noticias\\\/prevencion-suicidio-yucatan-ayus-septiembre-2026\\\/\"]}]},{\"@type\":\"ImageObject\",\"inLanguage\":\"es\",\"@id\":\"https:\\\/\\\/reporteroshoy.mx\\\/noticias\\\/prevencion-suicidio-yucatan-ayus-septiembre-2026\\\/#primaryimage\",\"url\":\"https:\\\/\\\/reporteroshoy.mx\\\/noticias\\\/wp-content\\\/uploads\\\/2026\\\/09\\\/suicidio1-scaled.avif\",\"contentUrl\":\"https:\\\/\\\/reporteroshoy.mx\\\/noticias\\\/wp-content\\\/uploads\\\/2026\\\/09\\\/suicidio1-scaled.avif\",\"width\":768,\"height\":401},{\"@type\":\"BreadcrumbList\",\"@id\":\"https:\\\/\\\/reporteroshoy.mx\\\/noticias\\\/prevencion-suicidio-yucatan-ayus-septiembre-2026\\\/#breadcrumb\",\"itemListElement\":[{\"@type\":\"ListItem\",\"position\":1,\"name\":\"Portada\",\"item\":\"https:\\\/\\\/reporteroshoy.mx\\\/noticias\\\/\"},{\"@type\":\"ListItem\",\"position\":2,\"name\":\"AYUS anuncia actividades de septiembre en Yucat\u00e1n\"}]},{\"@type\":\"WebSite\",\"@id\":\"https:\\\/\\\/reporteroshoy.mx\\\/noticias\\\/#website\",\"url\":\"https:\\\/\\\/reporteroshoy.mx\\\/noticias\\\/\",\"name\":\"Reporteros Hoy | Noticias de Yucat\u00e1n\",\"description\":\"Peri\u00f3dico digital con noticias diarias desde M\u00e9rida, Yucat\u00e1n para el mundo.\",\"potentialAction\":[{\"@type\":\"SearchAction\",\"target\":{\"@type\":\"EntryPoint\",\"urlTemplate\":\"https:\\\/\\\/reporteroshoy.mx\\\/noticias\\\/?s={search_term_string}\"},\"query-input\":{\"@type\":\"PropertyValueSpecification\",\"valueRequired\":true,\"valueName\":\"search_term_string\"}}],\"inLanguage\":\"es\"},{\"@type\":\"Person\",\"@id\":\"https:\\\/\\\/reporteroshoy.mx\\\/noticias\\\/#\\\/schema\\\/person\\\/17dae1f2305a31fe437930b820d039d2\",\"name\":\"Reporteros Hoy EM\",\"image\":{\"@type\":\"ImageObject\",\"inLanguage\":\"es\",\"@id\":\"https:\\\/\\\/secure.gravatar.com\\\/avatar\\\/3a15973aa4f07c46a3eb7d8f9121204d4000ebdacddf63898dc5d9ac100c7c1b?s=96&d=mm&r=g\",\"url\":\"https:\\\/\\\/secure.gravatar.com\\\/avatar\\\/3a15973aa4f07c46a3eb7d8f9121204d4000ebdacddf63898dc5d9ac100c7c1b?s=96&d=mm&r=g\",\"contentUrl\":\"https:\\\/\\\/secure.gravatar.com\\\/avatar\\\/3a15973aa4f07c46a3eb7d8f9121204d4000ebdacddf63898dc5d9ac100c7c1b?s=96&d=mm&r=g\",\"caption\":\"Reporteros Hoy EM\"},\"url\":\"https:\\\/\\\/reporteroshoy.mx\\\/noticias\\\/author\\\/edgar\\\/\"}]}<\/script>\n<!-- \/ Yoast SEO plugin. -->","yoast_head_json":{"title":"AYUS anuncia actividades de septiembre en Yucat\u00e1n","description":"AYUS anuncia actividades de septiembre en M\u00e9rida para fortalecer la prevenci\u00f3n del suicidio mediante jornadas, caminatas y foros.","robots":{"index":"index","follow":"follow","max-snippet":"max-snippet:-1","max-image-preview":"max-image-preview:large","max-video-preview":"max-video-preview:-1"},"canonical":"https:\/\/reporteroshoy.mx\/noticias\/prevencion-suicidio-yucatan-ayus-septiembre-2026\/","og_locale":"es_ES","og_type":"article","og_title":"AYUS anuncia actividades de septiembre en Yucat\u00e1n","og_description":"AYUS anuncia actividades de septiembre en M\u00e9rida para fortalecer la prevenci\u00f3n del suicidio mediante jornadas, caminatas y foros.","og_url":"https:\/\/reporteroshoy.mx\/noticias\/prevencion-suicidio-yucatan-ayus-septiembre-2026\/","og_site_name":"Reporteros Hoy | Noticias de Yucat\u00e1n","article_publisher":"http:\/\/www.facebook.com\/reporteroshoymx","article_published_time":"2026-09-04T01:37:29+00:00","article_modified_time":"2026-09-04T03:18:37+00:00","og_image":[{"width":768,"height":401,"url":"https:\/\/reporteroshoy.mx\/noticias\/wp-content\/uploads\/2026\/09\/suicidio1-scaled.avif","type":"image\/jpeg"}],"author":"Reporteros Hoy EM","twitter_card":"summary_large_image","twitter_creator":"@reporteroshoy","twitter_site":"@reporteroshoy","twitter_misc":{"Escrito por":"Reporteros Hoy EM","Tiempo de lectura":"3 minutos"},"schema":{"@context":"https:\/\/schema.org","@graph":[{"@type":"Article","@id":"https:\/\/reporteroshoy.mx\/noticias\/prevencion-suicidio-yucatan-ayus-septiembre-2026\/#article","isPartOf":{"@id":"https:\/\/reporteroshoy.mx\/noticias\/prevencion-suicidio-yucatan-ayus-septiembre-2026\/"},"author":{"name":"Reporteros Hoy EM","@id":"https:\/\/reporteroshoy.mx\/noticias\/#\/schema\/person\/17dae1f2305a31fe437930b820d039d2"},"headline":"AYUS anuncia actividades de septiembre en Yucat\u00e1n","datePublished":"2026-09-04T01:37:29+00:00","dateModified":"2026-09-04T03:18:37+00:00","mainEntityOfPage":{"@id":"https:\/\/reporteroshoy.mx\/noticias\/prevencion-suicidio-yucatan-ayus-septiembre-2026\/"},"wordCount":387,"commentCount":0,"image":{"@id":"https:\/\/reporteroshoy.mx\/noticias\/prevencion-suicidio-yucatan-ayus-septiembre-2026\/#primaryimage"},"thumbnailUrl":"https:\/\/reporteroshoy.mx\/noticias\/wp-content\/uploads\/2026\/09\/suicidio1-scaled.avif","keywords":["actividades septiembre 2026","AYUS","prevenci\u00f3n del suicidio","prevenci\u00f3n del suicidio en Yucat\u00e1n","Salud Mental","voluntariado AYUS"],"articleSection":["Yucat\u00e1n"],"inLanguage":"es","potentialAction":[{"@type":"CommentAction","name":"Comment","target":["https:\/\/reporteroshoy.mx\/noticias\/prevencion-suicidio-yucatan-ayus-septiembre-2026\/#respond"]}]},{"@type":"WebPage","@id":"https:\/\/reporteroshoy.mx\/noticias\/prevencion-suicidio-yucatan-ayus-septiembre-2026\/","url":"https:\/\/reporteroshoy.mx\/noticias\/prevencion-suicidio-yucatan-ayus-septiembre-2026\/","name":"AYUS anuncia actividades de septiembre en Yucat\u00e1n","isPartOf":{"@id":"https:\/\/reporteroshoy.mx\/noticias\/#website"},"primaryImageOfPage":{"@id":"https:\/\/reporteroshoy.mx\/noticias\/prevencion-suicidio-yucatan-ayus-septiembre-2026\/#primaryimage"},"image":{"@id":"https:\/\/reporteroshoy.mx\/noticias\/prevencion-suicidio-yucatan-ayus-septiembre-2026\/#primaryimage"},"thumbnailUrl":"https:\/\/reporteroshoy.mx\/noticias\/wp-content\/uploads\/2026\/09\/suicidio1-scaled.avif","datePublished":"2026-09-04T01:37:29+00:00","dateModified":"2026-09-04T03:18:37+00:00","author":{"@id":"https:\/\/reporteroshoy.mx\/noticias\/#\/schema\/person\/17dae1f2305a31fe437930b820d039d2"},"description":"AYUS anuncia actividades de septiembre en M\u00e9rida para fortalecer la prevenci\u00f3n del suicidio mediante jornadas, caminatas y foros.","breadcrumb":{"@id":"https:\/\/reporteroshoy.mx\/noticias\/prevencion-suicidio-yucatan-ayus-septiembre-2026\/#breadcrumb"},"inLanguage":"es","potentialAction":[{"@type":"ReadAction","target":["https:\/\/reporteroshoy.mx\/noticias\/prevencion-suicidio-yucatan-ayus-septiembre-2026\/"]}]},{"@type":"ImageObject","inLanguage":"es","@id":"https:\/\/reporteroshoy.mx\/noticias\/prevencion-suicidio-yucatan-ayus-septiembre-2026\/#primaryimage","url":"https:\/\/reporteroshoy.mx\/noticias\/wp-content\/uploads\/2026\/09\/suicidio1-scaled.avif","contentUrl":"https:\/\/reporteroshoy.mx\/noticias\/wp-content\/uploads\/2026\/09\/suicidio1-scaled.avif","width":768,"height":401},{"@type":"BreadcrumbList","@id":"https:\/\/reporteroshoy.mx\/noticias\/prevencion-suicidio-yucatan-ayus-septiembre-2026\/#breadcrumb","itemListElement":[{"@type":"ListItem","position":1,"name":"Portada","item":"https:\/\/reporteroshoy.mx\/noticias\/"},{"@type":"ListItem","position":2,"name":"AYUS anuncia actividades de septiembre en Yucat\u00e1n"}]},{"@type":"WebSite","@id":"https:\/\/reporteroshoy.mx\/noticias\/#website","url":"https:\/\/reporteroshoy.mx\/noticias\/","name":"Reporteros Hoy | Noticias de Yucat\u00e1n","description":"Peri\u00f3dico digital con noticias diarias desde M\u00e9rida, Yucat\u00e1n para el mundo.","potentialAction":[{"@type":"SearchAction","target":{"@type":"EntryPoint","urlTemplate":"https:\/\/reporteroshoy.mx\/noticias\/?s={search_term_string}"},"query-input":{"@type":"PropertyValueSpecification","valueRequired":true,"valueName":"search_term_string"}}],"inLanguage":"es"},{"@type":"Person","@id":"https:\/\/reporteroshoy.mx\/noticias\/#\/schema\/person\/17dae1f2305a31fe437930b820d039d2","name":"Reporteros Hoy EM","image":{"@type":"ImageObject","inLanguage":"es","@id":"https:\/\/secure.gravatar.com\/avatar\/3a15973aa4f07c46a3eb7d8f9121204d4000ebdacddf63898dc5d9ac100c7c1b?s=96&d=mm&r=g","url":"https:\/\/secure.gravatar.com\/avatar\/3a15973aa4f07c46a3eb7d8f9121204d4000ebdacddf63898dc5d9ac100c7c1b?s=96&d=mm&r=g","contentUrl":"https:\/\/secure.gravatar.com\/avatar\/3a15973aa4f07c46a3eb7d8f9121204d4000ebdacddf63898dc5d9ac100c7c1b?s=96&d=mm&r=g","caption":"Reporteros Hoy EM"},"url":"https:\/\/reporteroshoy.mx\/noticias\/author\/edgar\/"}]}},"_links":{"self":[{"href":"https:\/\/reporteroshoy.mx\/noticias\/wp-json\/wp\/v2\/posts\/131615","targetHints":{"allow":["GET"]}}],"collection":[{"href":"https:\/\/reporteroshoy.mx\/noticias\/wp-json\/wp\/v2\/posts"}],"about":[{"href":"https:\/\/reporteroshoy.mx\/noticias\/wp-json\/wp\/v2\/types\/post"}],"author":[{"embeddable":true,"href":"https:\/\/reporteroshoy.mx\/noticias\/wp-json\/wp\/v2\/users\/13"}],"replies":[{"embeddable":true,"href":"https:\/\/reporteroshoy.mx\/noticias\/wp-json\/wp\/v2\/comments?post=131615"}],"version-history":[{"count":0,"href":"https:\/\/reporteroshoy.mx\/noticias\/wp-json\/wp\/v2\/posts\/131615\/revisions"}],"wp:featuredmedia":[{"embeddable":true,"href":"https:\/\/reporteroshoy.mx\/noticias\/wp-json\/wp\/v2\/media\/131618"}],"wp:attachment":[{"href":"https:\/\/reporteroshoy.mx\/noticias\/wp-json\/wp\/v2\/media?parent=131615"}],"wp:term":[{"taxonomy":"category","embeddable":true,"href":"https:\/\/reporteroshoy.mx\/noticias\/wp-json\/wp\/v2\/categories?post=131615"},{"taxonomy":"post_tag","embeddable":true,"href":"https:\/\/reporteroshoy.mx\/noticias\/wp-json\/wp\/v2\/tags?post=131615"}],"curies":[{"name":"wp","href":"https:\/\/api.w.org\/{rel}","templated":true}]}}