{"id":131619,"date":"2026-09-03T19:50:18","date_gmt":"2026-09-04T01:50:18","guid":{"rendered":"https:\/\/reporteroshoy.mx\/noticias\/?p=131619"},"modified":"2026-09-03T21:20:29","modified_gmt":"2026-09-04T03:20:29","slug":"carrera-dare-2026-merida","status":"publish","type":"post","link":"https:\/\/reporteroshoy.mx\/noticias\/carrera-dare-2026-merida\/","title":{"rendered":"Carrera D.A.R.E. 2026 reunir\u00e1 a familias de M\u00e9rida"},"content":{"rendered":"<p style=\"text-align: justify;\"><strong>El evento se realizar\u00e1 el 27 de septiembre en el Jard\u00edn Bepensa, con una meta de 1,500 participantes.<\/strong><\/p>\n<p><img loading=\"lazy\" decoding=\"async\" class=\"alignnone size-full wp-image-131621\" src=\"https:\/\/reporteroshoy.mx\/noticias\/wp-content\/uploads\/2026\/09\/WhatsApp-Image-2026-09-03-at-5.12.26-PM-scaled.avif\" alt=\"\" width=\"768\" height=\"512\" \/><\/p>\n<h2 style=\"text-align: justify;\"><strong>Carrera D.A.R.E. 2026 promover\u00e1 prevenci\u00f3n en M\u00e9rida<\/strong><\/h2>\n<p style=\"text-align: justify;\">La <strong>Carrera D.A.R.E. 2026<\/strong> se realizar\u00e1 el domingo 27 de septiembre en el Jard\u00edn Bepensa, con una carrera de 5 kil\u00f3metros y una caminata de 3 kil\u00f3metros.<\/p>\n<p style=\"text-align: justify;\">La presidenta municipal <strong>Cecilia Patr\u00f3n Laviada<\/strong> invit\u00f3 a las familias meridanas a participar en esta actividad que conmemora 18 a\u00f1os del programa D.A.R.E. en M\u00e9rida.<\/p>\n<p style=\"text-align: justify;\">El evento busca reunir a <strong>1,500 participantes<\/strong>, entre estudiantes beneficiarios del programa, familias, empresas, instituciones y p\u00fablico general.<\/p>\n<p><img loading=\"lazy\" decoding=\"async\" class=\"alignnone size-full wp-image-131622\" src=\"https:\/\/reporteroshoy.mx\/noticias\/wp-content\/uploads\/2026\/09\/WhatsApp-Image-2026-09-03-at-5.12.24-PM-2-scaled.avif\" alt=\"\" width=\"768\" height=\"512\" srcset=\"https:\/\/reporteroshoy.mx\/noticias\/wp-content\/uploads\/2026\/09\/WhatsApp-Image-2026-09-03-at-5.12.24-PM-2-scaled.avif 768w, https:\/\/reporteroshoy.mx\/noticias\/wp-content\/uploads\/2026\/09\/WhatsApp-Image-2026-09-03-at-5.12.24-PM-2-1536x1023.avif 1536w\" sizes=\"auto, (max-width: 768px) 100vw, 768px\" \/><\/p>\n<h3 style=\"text-align: justify;\"><strong>D.A.R.E. fortalece la prevenci\u00f3n de adicciones<\/strong><\/h3>\n<p style=\"text-align: justify;\">La carrera tendr\u00e1 como lema \u201cCorre con Valent\u00eda y Coraz\u00f3n\u201d. La alcaldesa se\u00f1al\u00f3 que el deporte representa una alternativa de convivencia y una herramienta para fortalecer decisiones seguras entre ni\u00f1as, ni\u00f1os y j\u00f3venes.<\/p>\n<p style=\"text-align: justify;\">La edici\u00f3n 2026 contar\u00e1 con categor\u00edas Juvenil, Libre, M\u00e1ster y Veterano. Los participantes recibir\u00e1n <strong>playera y medalla<\/strong>, mientras que los primeros lugares obtendr\u00e1n trofeos.<\/p>\n<p style=\"text-align: justify;\">Las inscripciones estar\u00e1n disponibles del <strong>3 al 23 de septiembre<\/strong>, con un costo de 250 pesos para el p\u00fablico general.<\/p>\n<p style=\"text-align: justify;\">Los registros podr\u00e1n realizarse mediante <strong><a href=\"http:\/\/www.daremerida.org\/\">www.daremerida.org<\/a><\/strong> y en puntos presenciales ubicados en ProHispen, Showroom VD, Credivive Itz\u00e1es, Credivive Kukulc\u00e1n y el Palacio Municipal.<\/p>\n<p><img loading=\"lazy\" decoding=\"async\" class=\"alignnone size-full wp-image-131620\" src=\"https:\/\/reporteroshoy.mx\/noticias\/wp-content\/uploads\/2026\/09\/WhatsApp-Image-2026-09-03-at-5.12.26-PM-1-scaled.avif\" alt=\"\" width=\"768\" height=\"512\" \/><\/p>\n<h2 style=\"text-align: justify;\"><strong>Programa D.A.R.E. suma 18 a\u00f1os en M\u00e9rida<\/strong><\/h2>\n<p style=\"text-align: justify;\">El programa cuenta con <strong>20 polic\u00edas capacitados y certificados internacionalmente<\/strong> en su modelo preventivo. De acuerdo con el Ayuntamiento, ha atendido a m\u00e1s de 80 mil estudiantes y habitantes mediante cursos, talleres, pl\u00e1ticas y actividades.<\/p>\n<p style=\"text-align: justify;\">La actividad tambi\u00e9n contempla hidrataci\u00f3n y un \u00e1rea de esparcimiento para ni\u00f1as y ni\u00f1os.<\/p>\n<p style=\"text-align: justify;\">Nerio Torres Arcila, presidente de Vive Fundaci\u00f3n, afirm\u00f3 que la prevenci\u00f3n requiere coordinaci\u00f3n entre <strong>familias, escuelas, sociedad civil y gobierno<\/strong>.<\/p>\n<p style=\"text-align: justify;\">La alcaldesa tambi\u00e9n destac\u00f3 acciones municipales relacionadas con el deporte, como la intervenci\u00f3n de 88 canchas de usos m\u00faltiples y la renovaci\u00f3n de luminarias con tecnolog\u00eda LED.<\/p>\n<h4><strong>Fuente: Ayuntamiento de M\u00e9rida.<\/strong><\/h4>\n","protected":false},"excerpt":{"rendered":"<p>La Carrera D.A.R.E. 2026 se realizar\u00e1 el 27 de septiembre en M\u00e9rida con 1,500 participantes y actividades para prevenir adicciones.<\/p>\n","protected":false},"author":13,"featured_media":131623,"comment_status":"open","ping_status":"closed","sticky":false,"template":"","format":"standard","meta":{"footnotes":""},"categories":[24379],"tags":[29313,2529,27526,29314,51,25024],"class_list":["post-131619","post","type-post","status-publish","format-standard","has-post-thumbnail","hentry","category-merida","tag-carrera-d-a-r-e-2026","tag-cecilia-patron","tag-d-a-r-e","tag-jardin-bepensa","tag-merida","tag-prevencion-de-adicciones"],"yoast_head":"<!-- This site is optimized with the Yoast SEO plugin v28.4 - https:\/\/yoast.com\/product\/yoast-seo-wordpress\/ -->\n<title>Carrera D.A.R.E. 2026 reunir\u00e1 a familias de M\u00e9rida<\/title>\n<meta name=\"description\" content=\"La Carrera D.A.R.E. 2026 se realizar\u00e1 el 27 de septiembre en M\u00e9rida con 1,500 participantes y actividades para prevenir adicciones.\" \/>\n<meta name=\"robots\" content=\"index, follow, max-snippet:-1, max-image-preview:large, max-video-preview:-1\" \/>\n<link rel=\"canonical\" href=\"https:\/\/reporteroshoy.mx\/noticias\/carrera-dare-2026-merida\/\" \/>\n<meta property=\"og:locale\" content=\"es_ES\" \/>\n<meta property=\"og:type\" content=\"article\" \/>\n<meta property=\"og:title\" content=\"Carrera D.A.R.E. 2026 reunir\u00e1 a familias de M\u00e9rida\" \/>\n<meta property=\"og:description\" content=\"La Carrera D.A.R.E. 2026 se realizar\u00e1 el 27 de septiembre en M\u00e9rida con 1,500 participantes y actividades para prevenir adicciones.\" \/>\n<meta property=\"og:url\" content=\"https:\/\/reporteroshoy.mx\/noticias\/carrera-dare-2026-merida\/\" \/>\n<meta property=\"og:site_name\" content=\"Reporteros Hoy | Noticias de Yucat\u00e1n\" \/>\n<meta property=\"article:publisher\" content=\"http:\/\/www.facebook.com\/reporteroshoymx\" \/>\n<meta property=\"article:published_time\" content=\"2026-09-04T01:50:18+00:00\" \/>\n<meta property=\"article:modified_time\" content=\"2026-09-04T03:20:29+00:00\" \/>\n<meta property=\"og:image\" content=\"https:\/\/reporteroshoy.mx\/noticias\/wp-content\/uploads\/2026\/09\/WhatsApp-Image-2026-09-03-at-5.12.24-PM-1-scaled.avif\" \/>\n\t<meta property=\"og:image:width\" content=\"768\" \/>\n\t<meta property=\"og:image:height\" content=\"496\" \/>\n\t<meta property=\"og:image:type\" content=\"image\/jpeg\" \/>\n<meta name=\"author\" content=\"Reporteros Hoy EM\" \/>\n<meta name=\"twitter:card\" content=\"summary_large_image\" \/>\n<meta name=\"twitter:creator\" content=\"@reporteroshoy\" \/>\n<meta name=\"twitter:site\" content=\"@reporteroshoy\" \/>\n<meta name=\"twitter:label1\" content=\"Escrito por\" \/>\n\t<meta name=\"twitter:data1\" content=\"Reporteros Hoy EM\" \/>\n\t<meta name=\"twitter:label2\" content=\"Tiempo de lectura\" \/>\n\t<meta name=\"twitter:data2\" content=\"3 minutos\" \/>\n<script type=\"application\/ld+json\" class=\"yoast-schema-graph\">{\"@context\":\"https:\\\/\\\/schema.org\",\"@graph\":[{\"@type\":\"Article\",\"@id\":\"https:\\\/\\\/reporteroshoy.mx\\\/noticias\\\/carrera-dare-2026-merida\\\/#article\",\"isPartOf\":{\"@id\":\"https:\\\/\\\/reporteroshoy.mx\\\/noticias\\\/carrera-dare-2026-merida\\\/\"},\"author\":{\"name\":\"Reporteros Hoy EM\",\"@id\":\"https:\\\/\\\/reporteroshoy.mx\\\/noticias\\\/#\\\/schema\\\/person\\\/17dae1f2305a31fe437930b820d039d2\"},\"headline\":\"Carrera D.A.R.E. 2026 reunir\u00e1 a familias de M\u00e9rida\",\"datePublished\":\"2026-09-04T01:50:18+00:00\",\"dateModified\":\"2026-09-04T03:20:29+00:00\",\"mainEntityOfPage\":{\"@id\":\"https:\\\/\\\/reporteroshoy.mx\\\/noticias\\\/carrera-dare-2026-merida\\\/\"},\"wordCount\":364,\"commentCount\":0,\"image\":{\"@id\":\"https:\\\/\\\/reporteroshoy.mx\\\/noticias\\\/carrera-dare-2026-merida\\\/#primaryimage\"},\"thumbnailUrl\":\"https:\\\/\\\/reporteroshoy.mx\\\/noticias\\\/wp-content\\\/uploads\\\/2026\\\/09\\\/WhatsApp-Image-2026-09-03-at-5.12.24-PM-1-scaled.avif\",\"keywords\":[\"Carrera D.A.R.E. 2026\",\"Cecilia Patr\u00f3n\",\"D.A.R.E.\",\"Jard\u00edn Bepensa.\",\"M\u00e9rida\",\"prevenci\u00f3n de adicciones\"],\"articleSection\":[\"M\u00e9rida\"],\"inLanguage\":\"es\",\"potentialAction\":[{\"@type\":\"CommentAction\",\"name\":\"Comment\",\"target\":[\"https:\\\/\\\/reporteroshoy.mx\\\/noticias\\\/carrera-dare-2026-merida\\\/#respond\"]}]},{\"@type\":\"WebPage\",\"@id\":\"https:\\\/\\\/reporteroshoy.mx\\\/noticias\\\/carrera-dare-2026-merida\\\/\",\"url\":\"https:\\\/\\\/reporteroshoy.mx\\\/noticias\\\/carrera-dare-2026-merida\\\/\",\"name\":\"Carrera D.A.R.E. 2026 reunir\u00e1 a familias de M\u00e9rida\",\"isPartOf\":{\"@id\":\"https:\\\/\\\/reporteroshoy.mx\\\/noticias\\\/#website\"},\"primaryImageOfPage\":{\"@id\":\"https:\\\/\\\/reporteroshoy.mx\\\/noticias\\\/carrera-dare-2026-merida\\\/#primaryimage\"},\"image\":{\"@id\":\"https:\\\/\\\/reporteroshoy.mx\\\/noticias\\\/carrera-dare-2026-merida\\\/#primaryimage\"},\"thumbnailUrl\":\"https:\\\/\\\/reporteroshoy.mx\\\/noticias\\\/wp-content\\\/uploads\\\/2026\\\/09\\\/WhatsApp-Image-2026-09-03-at-5.12.24-PM-1-scaled.avif\",\"datePublished\":\"2026-09-04T01:50:18+00:00\",\"dateModified\":\"2026-09-04T03:20:29+00:00\",\"author\":{\"@id\":\"https:\\\/\\\/reporteroshoy.mx\\\/noticias\\\/#\\\/schema\\\/person\\\/17dae1f2305a31fe437930b820d039d2\"},\"description\":\"La Carrera D.A.R.E. 2026 se realizar\u00e1 el 27 de septiembre en M\u00e9rida con 1,500 participantes y actividades para prevenir adicciones.\",\"breadcrumb\":{\"@id\":\"https:\\\/\\\/reporteroshoy.mx\\\/noticias\\\/carrera-dare-2026-merida\\\/#breadcrumb\"},\"inLanguage\":\"es\",\"potentialAction\":[{\"@type\":\"ReadAction\",\"target\":[\"https:\\\/\\\/reporteroshoy.mx\\\/noticias\\\/carrera-dare-2026-merida\\\/\"]}]},{\"@type\":\"ImageObject\",\"inLanguage\":\"es\",\"@id\":\"https:\\\/\\\/reporteroshoy.mx\\\/noticias\\\/carrera-dare-2026-merida\\\/#primaryimage\",\"url\":\"https:\\\/\\\/reporteroshoy.mx\\\/noticias\\\/wp-content\\\/uploads\\\/2026\\\/09\\\/WhatsApp-Image-2026-09-03-at-5.12.24-PM-1-scaled.avif\",\"contentUrl\":\"https:\\\/\\\/reporteroshoy.mx\\\/noticias\\\/wp-content\\\/uploads\\\/2026\\\/09\\\/WhatsApp-Image-2026-09-03-at-5.12.24-PM-1-scaled.avif\",\"width\":768,\"height\":496},{\"@type\":\"BreadcrumbList\",\"@id\":\"https:\\\/\\\/reporteroshoy.mx\\\/noticias\\\/carrera-dare-2026-merida\\\/#breadcrumb\",\"itemListElement\":[{\"@type\":\"ListItem\",\"position\":1,\"name\":\"Portada\",\"item\":\"https:\\\/\\\/reporteroshoy.mx\\\/noticias\\\/\"},{\"@type\":\"ListItem\",\"position\":2,\"name\":\"Carrera D.A.R.E. 2026 reunir\u00e1 a familias de M\u00e9rida\"}]},{\"@type\":\"WebSite\",\"@id\":\"https:\\\/\\\/reporteroshoy.mx\\\/noticias\\\/#website\",\"url\":\"https:\\\/\\\/reporteroshoy.mx\\\/noticias\\\/\",\"name\":\"Reporteros Hoy | Noticias de Yucat\u00e1n\",\"description\":\"Peri\u00f3dico digital con noticias diarias desde M\u00e9rida, Yucat\u00e1n para el mundo.\",\"potentialAction\":[{\"@type\":\"SearchAction\",\"target\":{\"@type\":\"EntryPoint\",\"urlTemplate\":\"https:\\\/\\\/reporteroshoy.mx\\\/noticias\\\/?s={search_term_string}\"},\"query-input\":{\"@type\":\"PropertyValueSpecification\",\"valueRequired\":true,\"valueName\":\"search_term_string\"}}],\"inLanguage\":\"es\"},{\"@type\":\"Person\",\"@id\":\"https:\\\/\\\/reporteroshoy.mx\\\/noticias\\\/#\\\/schema\\\/person\\\/17dae1f2305a31fe437930b820d039d2\",\"name\":\"Reporteros Hoy EM\",\"image\":{\"@type\":\"ImageObject\",\"inLanguage\":\"es\",\"@id\":\"https:\\\/\\\/secure.gravatar.com\\\/avatar\\\/3a15973aa4f07c46a3eb7d8f9121204d4000ebdacddf63898dc5d9ac100c7c1b?s=96&d=mm&r=g\",\"url\":\"https:\\\/\\\/secure.gravatar.com\\\/avatar\\\/3a15973aa4f07c46a3eb7d8f9121204d4000ebdacddf63898dc5d9ac100c7c1b?s=96&d=mm&r=g\",\"contentUrl\":\"https:\\\/\\\/secure.gravatar.com\\\/avatar\\\/3a15973aa4f07c46a3eb7d8f9121204d4000ebdacddf63898dc5d9ac100c7c1b?s=96&d=mm&r=g\",\"caption\":\"Reporteros Hoy EM\"},\"url\":\"https:\\\/\\\/reporteroshoy.mx\\\/noticias\\\/author\\\/edgar\\\/\"}]}<\/script>\n<!-- \/ Yoast SEO plugin. -->","yoast_head_json":{"title":"Carrera D.A.R.E. 2026 reunir\u00e1 a familias de M\u00e9rida","description":"La Carrera D.A.R.E. 2026 se realizar\u00e1 el 27 de septiembre en M\u00e9rida con 1,500 participantes y actividades para prevenir adicciones.","robots":{"index":"index","follow":"follow","max-snippet":"max-snippet:-1","max-image-preview":"max-image-preview:large","max-video-preview":"max-video-preview:-1"},"canonical":"https:\/\/reporteroshoy.mx\/noticias\/carrera-dare-2026-merida\/","og_locale":"es_ES","og_type":"article","og_title":"Carrera D.A.R.E. 2026 reunir\u00e1 a familias de M\u00e9rida","og_description":"La Carrera D.A.R.E. 2026 se realizar\u00e1 el 27 de septiembre en M\u00e9rida con 1,500 participantes y actividades para prevenir adicciones.","og_url":"https:\/\/reporteroshoy.mx\/noticias\/carrera-dare-2026-merida\/","og_site_name":"Reporteros Hoy | Noticias de Yucat\u00e1n","article_publisher":"http:\/\/www.facebook.com\/reporteroshoymx","article_published_time":"2026-09-04T01:50:18+00:00","article_modified_time":"2026-09-04T03:20:29+00:00","og_image":[{"width":768,"height":496,"url":"https:\/\/reporteroshoy.mx\/noticias\/wp-content\/uploads\/2026\/09\/WhatsApp-Image-2026-09-03-at-5.12.24-PM-1-scaled.avif","type":"image\/jpeg"}],"author":"Reporteros Hoy EM","twitter_card":"summary_large_image","twitter_creator":"@reporteroshoy","twitter_site":"@reporteroshoy","twitter_misc":{"Escrito por":"Reporteros Hoy EM","Tiempo de lectura":"3 minutos"},"schema":{"@context":"https:\/\/schema.org","@graph":[{"@type":"Article","@id":"https:\/\/reporteroshoy.mx\/noticias\/carrera-dare-2026-merida\/#article","isPartOf":{"@id":"https:\/\/reporteroshoy.mx\/noticias\/carrera-dare-2026-merida\/"},"author":{"name":"Reporteros Hoy EM","@id":"https:\/\/reporteroshoy.mx\/noticias\/#\/schema\/person\/17dae1f2305a31fe437930b820d039d2"},"headline":"Carrera D.A.R.E. 2026 reunir\u00e1 a familias de M\u00e9rida","datePublished":"2026-09-04T01:50:18+00:00","dateModified":"2026-09-04T03:20:29+00:00","mainEntityOfPage":{"@id":"https:\/\/reporteroshoy.mx\/noticias\/carrera-dare-2026-merida\/"},"wordCount":364,"commentCount":0,"image":{"@id":"https:\/\/reporteroshoy.mx\/noticias\/carrera-dare-2026-merida\/#primaryimage"},"thumbnailUrl":"https:\/\/reporteroshoy.mx\/noticias\/wp-content\/uploads\/2026\/09\/WhatsApp-Image-2026-09-03-at-5.12.24-PM-1-scaled.avif","keywords":["Carrera D.A.R.E. 2026","Cecilia Patr\u00f3n","D.A.R.E.","Jard\u00edn Bepensa.","M\u00e9rida","prevenci\u00f3n de adicciones"],"articleSection":["M\u00e9rida"],"inLanguage":"es","potentialAction":[{"@type":"CommentAction","name":"Comment","target":["https:\/\/reporteroshoy.mx\/noticias\/carrera-dare-2026-merida\/#respond"]}]},{"@type":"WebPage","@id":"https:\/\/reporteroshoy.mx\/noticias\/carrera-dare-2026-merida\/","url":"https:\/\/reporteroshoy.mx\/noticias\/carrera-dare-2026-merida\/","name":"Carrera D.A.R.E. 2026 reunir\u00e1 a familias de M\u00e9rida","isPartOf":{"@id":"https:\/\/reporteroshoy.mx\/noticias\/#website"},"primaryImageOfPage":{"@id":"https:\/\/reporteroshoy.mx\/noticias\/carrera-dare-2026-merida\/#primaryimage"},"image":{"@id":"https:\/\/reporteroshoy.mx\/noticias\/carrera-dare-2026-merida\/#primaryimage"},"thumbnailUrl":"https:\/\/reporteroshoy.mx\/noticias\/wp-content\/uploads\/2026\/09\/WhatsApp-Image-2026-09-03-at-5.12.24-PM-1-scaled.avif","datePublished":"2026-09-04T01:50:18+00:00","dateModified":"2026-09-04T03:20:29+00:00","author":{"@id":"https:\/\/reporteroshoy.mx\/noticias\/#\/schema\/person\/17dae1f2305a31fe437930b820d039d2"},"description":"La Carrera D.A.R.E. 2026 se realizar\u00e1 el 27 de septiembre en M\u00e9rida con 1,500 participantes y actividades para prevenir adicciones.","breadcrumb":{"@id":"https:\/\/reporteroshoy.mx\/noticias\/carrera-dare-2026-merida\/#breadcrumb"},"inLanguage":"es","potentialAction":[{"@type":"ReadAction","target":["https:\/\/reporteroshoy.mx\/noticias\/carrera-dare-2026-merida\/"]}]},{"@type":"ImageObject","inLanguage":"es","@id":"https:\/\/reporteroshoy.mx\/noticias\/carrera-dare-2026-merida\/#primaryimage","url":"https:\/\/reporteroshoy.mx\/noticias\/wp-content\/uploads\/2026\/09\/WhatsApp-Image-2026-09-03-at-5.12.24-PM-1-scaled.avif","contentUrl":"https:\/\/reporteroshoy.mx\/noticias\/wp-content\/uploads\/2026\/09\/WhatsApp-Image-2026-09-03-at-5.12.24-PM-1-scaled.avif","width":768,"height":496},{"@type":"BreadcrumbList","@id":"https:\/\/reporteroshoy.mx\/noticias\/carrera-dare-2026-merida\/#breadcrumb","itemListElement":[{"@type":"ListItem","position":1,"name":"Portada","item":"https:\/\/reporteroshoy.mx\/noticias\/"},{"@type":"ListItem","position":2,"name":"Carrera D.A.R.E. 2026 reunir\u00e1 a familias de M\u00e9rida"}]},{"@type":"WebSite","@id":"https:\/\/reporteroshoy.mx\/noticias\/#website","url":"https:\/\/reporteroshoy.mx\/noticias\/","name":"Reporteros Hoy | Noticias de Yucat\u00e1n","description":"Peri\u00f3dico digital con noticias diarias desde M\u00e9rida, Yucat\u00e1n para el mundo.","potentialAction":[{"@type":"SearchAction","target":{"@type":"EntryPoint","urlTemplate":"https:\/\/reporteroshoy.mx\/noticias\/?s={search_term_string}"},"query-input":{"@type":"PropertyValueSpecification","valueRequired":true,"valueName":"search_term_string"}}],"inLanguage":"es"},{"@type":"Person","@id":"https:\/\/reporteroshoy.mx\/noticias\/#\/schema\/person\/17dae1f2305a31fe437930b820d039d2","name":"Reporteros Hoy EM","image":{"@type":"ImageObject","inLanguage":"es","@id":"https:\/\/secure.gravatar.com\/avatar\/3a15973aa4f07c46a3eb7d8f9121204d4000ebdacddf63898dc5d9ac100c7c1b?s=96&d=mm&r=g","url":"https:\/\/secure.gravatar.com\/avatar\/3a15973aa4f07c46a3eb7d8f9121204d4000ebdacddf63898dc5d9ac100c7c1b?s=96&d=mm&r=g","contentUrl":"https:\/\/secure.gravatar.com\/avatar\/3a15973aa4f07c46a3eb7d8f9121204d4000ebdacddf63898dc5d9ac100c7c1b?s=96&d=mm&r=g","caption":"Reporteros Hoy EM"},"url":"https:\/\/reporteroshoy.mx\/noticias\/author\/edgar\/"}]}},"_links":{"self":[{"href":"https:\/\/reporteroshoy.mx\/noticias\/wp-json\/wp\/v2\/posts\/131619","targetHints":{"allow":["GET"]}}],"collection":[{"href":"https:\/\/reporteroshoy.mx\/noticias\/wp-json\/wp\/v2\/posts"}],"about":[{"href":"https:\/\/reporteroshoy.mx\/noticias\/wp-json\/wp\/v2\/types\/post"}],"author":[{"embeddable":true,"href":"https:\/\/reporteroshoy.mx\/noticias\/wp-json\/wp\/v2\/users\/13"}],"replies":[{"embeddable":true,"href":"https:\/\/reporteroshoy.mx\/noticias\/wp-json\/wp\/v2\/comments?post=131619"}],"version-history":[{"count":0,"href":"https:\/\/reporteroshoy.mx\/noticias\/wp-json\/wp\/v2\/posts\/131619\/revisions"}],"wp:featuredmedia":[{"embeddable":true,"href":"https:\/\/reporteroshoy.mx\/noticias\/wp-json\/wp\/v2\/media\/131623"}],"wp:attachment":[{"href":"https:\/\/reporteroshoy.mx\/noticias\/wp-json\/wp\/v2\/media?parent=131619"}],"wp:term":[{"taxonomy":"category","embeddable":true,"href":"https:\/\/reporteroshoy.mx\/noticias\/wp-json\/wp\/v2\/categories?post=131619"},{"taxonomy":"post_tag","embeddable":true,"href":"https:\/\/reporteroshoy.mx\/noticias\/wp-json\/wp\/v2\/tags?post=131619"}],"curies":[{"name":"wp","href":"https:\/\/api.w.org\/{rel}","templated":true}]}}