{"id":131625,"date":"2026-09-03T20:08:33","date_gmt":"2026-09-04T02:08:33","guid":{"rendered":"https:\/\/reporteroshoy.mx\/noticias\/?p=131625"},"modified":"2026-09-03T21:20:59","modified_gmt":"2026-09-04T03:20:59","slug":"centro-municipal-musica-primera-generacion-merida","status":"publish","type":"post","link":"https:\/\/reporteroshoy.mx\/noticias\/centro-municipal-musica-primera-generacion-merida\/","title":{"rendered":"Centro Municipal de M\u00fasica grad\u00faa a su primera generaci\u00f3n"},"content":{"rendered":"<p style=\"text-align: justify;\"><strong>Un total de 25 estudiantes recibieron constancias tras concluir su formaci\u00f3n inicial en viol\u00edn, guitarra, piano y coro.<\/strong><\/p>\n<h2 style=\"text-align: justify;\"><strong>Centro Municipal de M\u00fasica entrega constancias<\/strong><\/h2>\n<p style=\"text-align: justify;\">El <strong>Centro Municipal de M\u00fasica<\/strong> de M\u00e9rida entreg\u00f3 constancias a los 25 integrantes de su primera generaci\u00f3n, quienes concluyeron su formaci\u00f3n inicial en viol\u00edn, guitarra, piano y coro.<\/p>\n<p><img loading=\"lazy\" decoding=\"async\" class=\"alignnone size-full wp-image-131626\" src=\"https:\/\/reporteroshoy.mx\/noticias\/wp-content\/uploads\/2026\/09\/WhatsApp-Image-2026-09-03-at-7.32.30-PM-scaled.avif\" alt=\"\" width=\"768\" height=\"512\" \/><\/p>\n<p style=\"text-align: justify;\">La presidenta municipal <strong>Cecilia Patr\u00f3n Laviada<\/strong> encabez\u00f3 la ceremonia y reconoci\u00f3 el esfuerzo de estudiantes, docentes, familiares y tutores durante este proceso formativo.<\/p>\n<p style=\"text-align: justify;\">El centro abri\u00f3 sus puertas en <strong>septiembre de 2023<\/strong> para acercar la iniciaci\u00f3n musical y el desarrollo de capacidades art\u00edsticas a ni\u00f1as, ni\u00f1os y j\u00f3venes de M\u00e9rida.<\/p>\n<p><img loading=\"lazy\" decoding=\"async\" class=\"alignnone size-full wp-image-131629\" src=\"https:\/\/reporteroshoy.mx\/noticias\/wp-content\/uploads\/2026\/09\/WhatsApp-Image-2026-09-03-at-7.32.30-PM-1-scaled.avif\" alt=\"\" width=\"768\" height=\"512\" \/><\/p>\n<h2 style=\"text-align: justify;\"><strong>Formaci\u00f3n musical para ni\u00f1as, ni\u00f1os y j\u00f3venes<\/strong><\/h2>\n<p style=\"text-align: justify;\">El alumnado tiene entre <strong>8 y 17 a\u00f1os<\/strong> y recibe clases en un inmueble ubicado en la calle 52, n\u00famero 427 A, entre 43 y 45, en el Centro de M\u00e9rida.<\/p>\n<p style=\"text-align: justify;\">El espacio cuenta con cinco salones para clases regulares y un sal\u00f3n de usos m\u00faltiples. Tambi\u00e9n funciona como sede de los ensayos de la Orquesta Infantil y Juvenil del Ayuntamiento y del coro del inmueble.<\/p>\n<p><img loading=\"lazy\" decoding=\"async\" class=\"alignnone size-full wp-image-131631\" src=\"https:\/\/reporteroshoy.mx\/noticias\/wp-content\/uploads\/2026\/09\/WhatsApp-Image-2026-09-03-at-7.32.29-PM-scaled.avif\" alt=\"\" width=\"768\" height=\"512\" \/><\/p>\n<p style=\"text-align: justify;\">Karla Berr\u00f3n C\u00e1mara, directora de Identidad y Cultura, felicit\u00f3 a los egresados y destac\u00f3 el acceso a espacios municipales para fortalecer el aprendizaje art\u00edstico.<\/p>\n<p style=\"text-align: justify;\">El Ayuntamiento tambi\u00e9n cuenta con otros centros dedicados al arte y la cultura, entre ellos el <strong>Centro Cultural del Sur<\/strong>, el Centro Municipal de Danza, el Museo de la Ciudad de M\u00e9rida y el Museo de Historia Natural.<\/p>\n<p><img loading=\"lazy\" decoding=\"async\" class=\"alignnone size-full wp-image-131627\" src=\"https:\/\/reporteroshoy.mx\/noticias\/wp-content\/uploads\/2026\/09\/WhatsApp-Image-2026-09-03-at-7.32.31-PM-1-scaled.avif\" alt=\"\" width=\"768\" height=\"512\" \/><\/p>\n<h3 style=\"text-align: justify;\"><strong>Centro Municipal de M\u00fasica ampl\u00eda su oferta<\/strong><\/h3>\n<p style=\"text-align: justify;\">El a\u00f1o pasado comenzaron las clases de <strong>saxof\u00f3n<\/strong> como nueva opci\u00f3n formativa. Este a\u00f1o se incorpor\u00f3 un curso de iniciaci\u00f3n musical para quienes comienzan su acercamiento a esta disciplina antes de elegir un instrumento.<\/p>\n<p style=\"text-align: justify;\">A nombre de los egresados, Magnolia Alejandra Castro Rodr\u00edguez record\u00f3 que la formaci\u00f3n musical tambi\u00e9n implica experimentar, atreverse y llevar la pasi\u00f3n al escenario.<\/p>\n<p style=\"text-align: justify;\">Para el ciclo <strong>2026-2027<\/strong>, un total de 43 alumnos fueron seleccionados para iniciar su formaci\u00f3n art\u00edstica.<\/p>\n<p><strong>Fuente:<\/strong> Ayuntamiento de M\u00e9rida.<\/p>\n","protected":false},"excerpt":{"rendered":"<p>El Centro Municipal de M\u00fasica de M\u00e9rida gradu\u00f3 a su primera generaci\u00f3n con 25 estudiantes de viol\u00edn, guitarra, piano y coro.<\/p>\n","protected":false},"author":13,"featured_media":131630,"comment_status":"open","ping_status":"closed","sticky":false,"template":"","format":"standard","meta":{"footnotes":""},"categories":[3],"tags":[2529,24922,22669,29316,51,29315],"class_list":["post-131625","post","type-post","status-publish","format-standard","has-post-thumbnail","hentry","category-cultura","tag-cecilia-patron","tag-centro-municipal-de-musica","tag-educacion-artistica","tag-formacion-musical","tag-merida","tag-primera-generacion"],"yoast_head":"<!-- This site is optimized with the Yoast SEO plugin v28.4 - https:\/\/yoast.com\/product\/yoast-seo-wordpress\/ -->\n<title>Centro Municipal de M\u00fasica grad\u00faa a su primera generaci\u00f3n<\/title>\n<meta name=\"description\" content=\"El Centro Municipal de M\u00fasica de M\u00e9rida gradu\u00f3 a su primera generaci\u00f3n con 25 estudiantes de viol\u00edn, guitarra, piano y coro.\" \/>\n<meta name=\"robots\" content=\"index, follow, max-snippet:-1, max-image-preview:large, max-video-preview:-1\" \/>\n<link rel=\"canonical\" href=\"https:\/\/reporteroshoy.mx\/noticias\/centro-municipal-musica-primera-generacion-merida\/\" \/>\n<meta property=\"og:locale\" content=\"es_ES\" \/>\n<meta property=\"og:type\" content=\"article\" \/>\n<meta property=\"og:title\" content=\"Centro Municipal de M\u00fasica grad\u00faa a su primera generaci\u00f3n\" \/>\n<meta property=\"og:description\" content=\"El Centro Municipal de M\u00fasica de M\u00e9rida gradu\u00f3 a su primera generaci\u00f3n con 25 estudiantes de viol\u00edn, guitarra, piano y coro.\" \/>\n<meta property=\"og:url\" content=\"https:\/\/reporteroshoy.mx\/noticias\/centro-municipal-musica-primera-generacion-merida\/\" \/>\n<meta property=\"og:site_name\" content=\"Reporteros Hoy | Noticias de Yucat\u00e1n\" \/>\n<meta property=\"article:publisher\" content=\"http:\/\/www.facebook.com\/reporteroshoymx\" \/>\n<meta property=\"article:published_time\" content=\"2026-09-04T02:08:33+00:00\" \/>\n<meta property=\"article:modified_time\" content=\"2026-09-04T03:20:59+00:00\" \/>\n<meta property=\"og:image\" content=\"https:\/\/reporteroshoy.mx\/noticias\/wp-content\/uploads\/2026\/09\/WhatsApp-Image-2026-09-03-at-7.32.29-PM-1-scaled.avif\" \/>\n\t<meta property=\"og:image:width\" content=\"768\" \/>\n\t<meta property=\"og:image:height\" content=\"512\" \/>\n\t<meta property=\"og:image:type\" content=\"image\/jpeg\" \/>\n<meta name=\"author\" content=\"Reporteros Hoy EM\" \/>\n<meta name=\"twitter:card\" content=\"summary_large_image\" \/>\n<meta name=\"twitter:creator\" content=\"@reporteroshoy\" \/>\n<meta name=\"twitter:site\" content=\"@reporteroshoy\" \/>\n<meta name=\"twitter:label1\" content=\"Escrito por\" \/>\n\t<meta name=\"twitter:data1\" content=\"Reporteros Hoy EM\" \/>\n\t<meta name=\"twitter:label2\" content=\"Tiempo de lectura\" \/>\n\t<meta name=\"twitter:data2\" content=\"3 minutos\" \/>\n<script type=\"application\/ld+json\" class=\"yoast-schema-graph\">{\"@context\":\"https:\\\/\\\/schema.org\",\"@graph\":[{\"@type\":\"Article\",\"@id\":\"https:\\\/\\\/reporteroshoy.mx\\\/noticias\\\/centro-municipal-musica-primera-generacion-merida\\\/#article\",\"isPartOf\":{\"@id\":\"https:\\\/\\\/reporteroshoy.mx\\\/noticias\\\/centro-municipal-musica-primera-generacion-merida\\\/\"},\"author\":{\"name\":\"Reporteros Hoy EM\",\"@id\":\"https:\\\/\\\/reporteroshoy.mx\\\/noticias\\\/#\\\/schema\\\/person\\\/17dae1f2305a31fe437930b820d039d2\"},\"headline\":\"Centro Municipal de M\u00fasica grad\u00faa a su primera generaci\u00f3n\",\"datePublished\":\"2026-09-04T02:08:33+00:00\",\"dateModified\":\"2026-09-04T03:20:59+00:00\",\"mainEntityOfPage\":{\"@id\":\"https:\\\/\\\/reporteroshoy.mx\\\/noticias\\\/centro-municipal-musica-primera-generacion-merida\\\/\"},\"wordCount\":368,\"commentCount\":0,\"image\":{\"@id\":\"https:\\\/\\\/reporteroshoy.mx\\\/noticias\\\/centro-municipal-musica-primera-generacion-merida\\\/#primaryimage\"},\"thumbnailUrl\":\"https:\\\/\\\/reporteroshoy.mx\\\/noticias\\\/wp-content\\\/uploads\\\/2026\\\/09\\\/WhatsApp-Image-2026-09-03-at-7.32.29-PM-1-scaled.avif\",\"keywords\":[\"Cecilia Patr\u00f3n\",\"Centro Municipal de M\u00fasica\",\"educaci\u00f3n art\u00edstica\",\"formaci\u00f3n musical\",\"M\u00e9rida\",\"primera generaci\u00f3n\"],\"articleSection\":[\"Cultura\"],\"inLanguage\":\"es\",\"potentialAction\":[{\"@type\":\"CommentAction\",\"name\":\"Comment\",\"target\":[\"https:\\\/\\\/reporteroshoy.mx\\\/noticias\\\/centro-municipal-musica-primera-generacion-merida\\\/#respond\"]}]},{\"@type\":\"WebPage\",\"@id\":\"https:\\\/\\\/reporteroshoy.mx\\\/noticias\\\/centro-municipal-musica-primera-generacion-merida\\\/\",\"url\":\"https:\\\/\\\/reporteroshoy.mx\\\/noticias\\\/centro-municipal-musica-primera-generacion-merida\\\/\",\"name\":\"Centro Municipal de M\u00fasica grad\u00faa a su primera generaci\u00f3n\",\"isPartOf\":{\"@id\":\"https:\\\/\\\/reporteroshoy.mx\\\/noticias\\\/#website\"},\"primaryImageOfPage\":{\"@id\":\"https:\\\/\\\/reporteroshoy.mx\\\/noticias\\\/centro-municipal-musica-primera-generacion-merida\\\/#primaryimage\"},\"image\":{\"@id\":\"https:\\\/\\\/reporteroshoy.mx\\\/noticias\\\/centro-municipal-musica-primera-generacion-merida\\\/#primaryimage\"},\"thumbnailUrl\":\"https:\\\/\\\/reporteroshoy.mx\\\/noticias\\\/wp-content\\\/uploads\\\/2026\\\/09\\\/WhatsApp-Image-2026-09-03-at-7.32.29-PM-1-scaled.avif\",\"datePublished\":\"2026-09-04T02:08:33+00:00\",\"dateModified\":\"2026-09-04T03:20:59+00:00\",\"author\":{\"@id\":\"https:\\\/\\\/reporteroshoy.mx\\\/noticias\\\/#\\\/schema\\\/person\\\/17dae1f2305a31fe437930b820d039d2\"},\"description\":\"El Centro Municipal de M\u00fasica de M\u00e9rida gradu\u00f3 a su primera generaci\u00f3n con 25 estudiantes de viol\u00edn, guitarra, piano y coro.\",\"breadcrumb\":{\"@id\":\"https:\\\/\\\/reporteroshoy.mx\\\/noticias\\\/centro-municipal-musica-primera-generacion-merida\\\/#breadcrumb\"},\"inLanguage\":\"es\",\"potentialAction\":[{\"@type\":\"ReadAction\",\"target\":[\"https:\\\/\\\/reporteroshoy.mx\\\/noticias\\\/centro-municipal-musica-primera-generacion-merida\\\/\"]}]},{\"@type\":\"ImageObject\",\"inLanguage\":\"es\",\"@id\":\"https:\\\/\\\/reporteroshoy.mx\\\/noticias\\\/centro-municipal-musica-primera-generacion-merida\\\/#primaryimage\",\"url\":\"https:\\\/\\\/reporteroshoy.mx\\\/noticias\\\/wp-content\\\/uploads\\\/2026\\\/09\\\/WhatsApp-Image-2026-09-03-at-7.32.29-PM-1-scaled.avif\",\"contentUrl\":\"https:\\\/\\\/reporteroshoy.mx\\\/noticias\\\/wp-content\\\/uploads\\\/2026\\\/09\\\/WhatsApp-Image-2026-09-03-at-7.32.29-PM-1-scaled.avif\",\"width\":768,\"height\":512},{\"@type\":\"BreadcrumbList\",\"@id\":\"https:\\\/\\\/reporteroshoy.mx\\\/noticias\\\/centro-municipal-musica-primera-generacion-merida\\\/#breadcrumb\",\"itemListElement\":[{\"@type\":\"ListItem\",\"position\":1,\"name\":\"Portada\",\"item\":\"https:\\\/\\\/reporteroshoy.mx\\\/noticias\\\/\"},{\"@type\":\"ListItem\",\"position\":2,\"name\":\"Centro Municipal de M\u00fasica grad\u00faa a su primera generaci\u00f3n\"}]},{\"@type\":\"WebSite\",\"@id\":\"https:\\\/\\\/reporteroshoy.mx\\\/noticias\\\/#website\",\"url\":\"https:\\\/\\\/reporteroshoy.mx\\\/noticias\\\/\",\"name\":\"Reporteros Hoy | Noticias de Yucat\u00e1n\",\"description\":\"Peri\u00f3dico digital con noticias diarias desde M\u00e9rida, Yucat\u00e1n para el mundo.\",\"potentialAction\":[{\"@type\":\"SearchAction\",\"target\":{\"@type\":\"EntryPoint\",\"urlTemplate\":\"https:\\\/\\\/reporteroshoy.mx\\\/noticias\\\/?s={search_term_string}\"},\"query-input\":{\"@type\":\"PropertyValueSpecification\",\"valueRequired\":true,\"valueName\":\"search_term_string\"}}],\"inLanguage\":\"es\"},{\"@type\":\"Person\",\"@id\":\"https:\\\/\\\/reporteroshoy.mx\\\/noticias\\\/#\\\/schema\\\/person\\\/17dae1f2305a31fe437930b820d039d2\",\"name\":\"Reporteros Hoy EM\",\"image\":{\"@type\":\"ImageObject\",\"inLanguage\":\"es\",\"@id\":\"https:\\\/\\\/secure.gravatar.com\\\/avatar\\\/3a15973aa4f07c46a3eb7d8f9121204d4000ebdacddf63898dc5d9ac100c7c1b?s=96&d=mm&r=g\",\"url\":\"https:\\\/\\\/secure.gravatar.com\\\/avatar\\\/3a15973aa4f07c46a3eb7d8f9121204d4000ebdacddf63898dc5d9ac100c7c1b?s=96&d=mm&r=g\",\"contentUrl\":\"https:\\\/\\\/secure.gravatar.com\\\/avatar\\\/3a15973aa4f07c46a3eb7d8f9121204d4000ebdacddf63898dc5d9ac100c7c1b?s=96&d=mm&r=g\",\"caption\":\"Reporteros Hoy EM\"},\"url\":\"https:\\\/\\\/reporteroshoy.mx\\\/noticias\\\/author\\\/edgar\\\/\"}]}<\/script>\n<!-- \/ Yoast SEO plugin. -->","yoast_head_json":{"title":"Centro Municipal de M\u00fasica grad\u00faa a su primera generaci\u00f3n","description":"El Centro Municipal de M\u00fasica de M\u00e9rida gradu\u00f3 a su primera generaci\u00f3n con 25 estudiantes de viol\u00edn, guitarra, piano y coro.","robots":{"index":"index","follow":"follow","max-snippet":"max-snippet:-1","max-image-preview":"max-image-preview:large","max-video-preview":"max-video-preview:-1"},"canonical":"https:\/\/reporteroshoy.mx\/noticias\/centro-municipal-musica-primera-generacion-merida\/","og_locale":"es_ES","og_type":"article","og_title":"Centro Municipal de M\u00fasica grad\u00faa a su primera generaci\u00f3n","og_description":"El Centro Municipal de M\u00fasica de M\u00e9rida gradu\u00f3 a su primera generaci\u00f3n con 25 estudiantes de viol\u00edn, guitarra, piano y coro.","og_url":"https:\/\/reporteroshoy.mx\/noticias\/centro-municipal-musica-primera-generacion-merida\/","og_site_name":"Reporteros Hoy | Noticias de Yucat\u00e1n","article_publisher":"http:\/\/www.facebook.com\/reporteroshoymx","article_published_time":"2026-09-04T02:08:33+00:00","article_modified_time":"2026-09-04T03:20:59+00:00","og_image":[{"width":768,"height":512,"url":"https:\/\/reporteroshoy.mx\/noticias\/wp-content\/uploads\/2026\/09\/WhatsApp-Image-2026-09-03-at-7.32.29-PM-1-scaled.avif","type":"image\/jpeg"}],"author":"Reporteros Hoy EM","twitter_card":"summary_large_image","twitter_creator":"@reporteroshoy","twitter_site":"@reporteroshoy","twitter_misc":{"Escrito por":"Reporteros Hoy EM","Tiempo de lectura":"3 minutos"},"schema":{"@context":"https:\/\/schema.org","@graph":[{"@type":"Article","@id":"https:\/\/reporteroshoy.mx\/noticias\/centro-municipal-musica-primera-generacion-merida\/#article","isPartOf":{"@id":"https:\/\/reporteroshoy.mx\/noticias\/centro-municipal-musica-primera-generacion-merida\/"},"author":{"name":"Reporteros Hoy EM","@id":"https:\/\/reporteroshoy.mx\/noticias\/#\/schema\/person\/17dae1f2305a31fe437930b820d039d2"},"headline":"Centro Municipal de M\u00fasica grad\u00faa a su primera generaci\u00f3n","datePublished":"2026-09-04T02:08:33+00:00","dateModified":"2026-09-04T03:20:59+00:00","mainEntityOfPage":{"@id":"https:\/\/reporteroshoy.mx\/noticias\/centro-municipal-musica-primera-generacion-merida\/"},"wordCount":368,"commentCount":0,"image":{"@id":"https:\/\/reporteroshoy.mx\/noticias\/centro-municipal-musica-primera-generacion-merida\/#primaryimage"},"thumbnailUrl":"https:\/\/reporteroshoy.mx\/noticias\/wp-content\/uploads\/2026\/09\/WhatsApp-Image-2026-09-03-at-7.32.29-PM-1-scaled.avif","keywords":["Cecilia Patr\u00f3n","Centro Municipal de M\u00fasica","educaci\u00f3n art\u00edstica","formaci\u00f3n musical","M\u00e9rida","primera generaci\u00f3n"],"articleSection":["Cultura"],"inLanguage":"es","potentialAction":[{"@type":"CommentAction","name":"Comment","target":["https:\/\/reporteroshoy.mx\/noticias\/centro-municipal-musica-primera-generacion-merida\/#respond"]}]},{"@type":"WebPage","@id":"https:\/\/reporteroshoy.mx\/noticias\/centro-municipal-musica-primera-generacion-merida\/","url":"https:\/\/reporteroshoy.mx\/noticias\/centro-municipal-musica-primera-generacion-merida\/","name":"Centro Municipal de M\u00fasica grad\u00faa a su primera generaci\u00f3n","isPartOf":{"@id":"https:\/\/reporteroshoy.mx\/noticias\/#website"},"primaryImageOfPage":{"@id":"https:\/\/reporteroshoy.mx\/noticias\/centro-municipal-musica-primera-generacion-merida\/#primaryimage"},"image":{"@id":"https:\/\/reporteroshoy.mx\/noticias\/centro-municipal-musica-primera-generacion-merida\/#primaryimage"},"thumbnailUrl":"https:\/\/reporteroshoy.mx\/noticias\/wp-content\/uploads\/2026\/09\/WhatsApp-Image-2026-09-03-at-7.32.29-PM-1-scaled.avif","datePublished":"2026-09-04T02:08:33+00:00","dateModified":"2026-09-04T03:20:59+00:00","author":{"@id":"https:\/\/reporteroshoy.mx\/noticias\/#\/schema\/person\/17dae1f2305a31fe437930b820d039d2"},"description":"El Centro Municipal de M\u00fasica de M\u00e9rida gradu\u00f3 a su primera generaci\u00f3n con 25 estudiantes de viol\u00edn, guitarra, piano y coro.","breadcrumb":{"@id":"https:\/\/reporteroshoy.mx\/noticias\/centro-municipal-musica-primera-generacion-merida\/#breadcrumb"},"inLanguage":"es","potentialAction":[{"@type":"ReadAction","target":["https:\/\/reporteroshoy.mx\/noticias\/centro-municipal-musica-primera-generacion-merida\/"]}]},{"@type":"ImageObject","inLanguage":"es","@id":"https:\/\/reporteroshoy.mx\/noticias\/centro-municipal-musica-primera-generacion-merida\/#primaryimage","url":"https:\/\/reporteroshoy.mx\/noticias\/wp-content\/uploads\/2026\/09\/WhatsApp-Image-2026-09-03-at-7.32.29-PM-1-scaled.avif","contentUrl":"https:\/\/reporteroshoy.mx\/noticias\/wp-content\/uploads\/2026\/09\/WhatsApp-Image-2026-09-03-at-7.32.29-PM-1-scaled.avif","width":768,"height":512},{"@type":"BreadcrumbList","@id":"https:\/\/reporteroshoy.mx\/noticias\/centro-municipal-musica-primera-generacion-merida\/#breadcrumb","itemListElement":[{"@type":"ListItem","position":1,"name":"Portada","item":"https:\/\/reporteroshoy.mx\/noticias\/"},{"@type":"ListItem","position":2,"name":"Centro Municipal de M\u00fasica grad\u00faa a su primera generaci\u00f3n"}]},{"@type":"WebSite","@id":"https:\/\/reporteroshoy.mx\/noticias\/#website","url":"https:\/\/reporteroshoy.mx\/noticias\/","name":"Reporteros Hoy | Noticias de Yucat\u00e1n","description":"Peri\u00f3dico digital con noticias diarias desde M\u00e9rida, Yucat\u00e1n para el mundo.","potentialAction":[{"@type":"SearchAction","target":{"@type":"EntryPoint","urlTemplate":"https:\/\/reporteroshoy.mx\/noticias\/?s={search_term_string}"},"query-input":{"@type":"PropertyValueSpecification","valueRequired":true,"valueName":"search_term_string"}}],"inLanguage":"es"},{"@type":"Person","@id":"https:\/\/reporteroshoy.mx\/noticias\/#\/schema\/person\/17dae1f2305a31fe437930b820d039d2","name":"Reporteros Hoy EM","image":{"@type":"ImageObject","inLanguage":"es","@id":"https:\/\/secure.gravatar.com\/avatar\/3a15973aa4f07c46a3eb7d8f9121204d4000ebdacddf63898dc5d9ac100c7c1b?s=96&d=mm&r=g","url":"https:\/\/secure.gravatar.com\/avatar\/3a15973aa4f07c46a3eb7d8f9121204d4000ebdacddf63898dc5d9ac100c7c1b?s=96&d=mm&r=g","contentUrl":"https:\/\/secure.gravatar.com\/avatar\/3a15973aa4f07c46a3eb7d8f9121204d4000ebdacddf63898dc5d9ac100c7c1b?s=96&d=mm&r=g","caption":"Reporteros Hoy EM"},"url":"https:\/\/reporteroshoy.mx\/noticias\/author\/edgar\/"}]}},"_links":{"self":[{"href":"https:\/\/reporteroshoy.mx\/noticias\/wp-json\/wp\/v2\/posts\/131625","targetHints":{"allow":["GET"]}}],"collection":[{"href":"https:\/\/reporteroshoy.mx\/noticias\/wp-json\/wp\/v2\/posts"}],"about":[{"href":"https:\/\/reporteroshoy.mx\/noticias\/wp-json\/wp\/v2\/types\/post"}],"author":[{"embeddable":true,"href":"https:\/\/reporteroshoy.mx\/noticias\/wp-json\/wp\/v2\/users\/13"}],"replies":[{"embeddable":true,"href":"https:\/\/reporteroshoy.mx\/noticias\/wp-json\/wp\/v2\/comments?post=131625"}],"version-history":[{"count":0,"href":"https:\/\/reporteroshoy.mx\/noticias\/wp-json\/wp\/v2\/posts\/131625\/revisions"}],"wp:featuredmedia":[{"embeddable":true,"href":"https:\/\/reporteroshoy.mx\/noticias\/wp-json\/wp\/v2\/media\/131630"}],"wp:attachment":[{"href":"https:\/\/reporteroshoy.mx\/noticias\/wp-json\/wp\/v2\/media?parent=131625"}],"wp:term":[{"taxonomy":"category","embeddable":true,"href":"https:\/\/reporteroshoy.mx\/noticias\/wp-json\/wp\/v2\/categories?post=131625"},{"taxonomy":"post_tag","embeddable":true,"href":"https:\/\/reporteroshoy.mx\/noticias\/wp-json\/wp\/v2\/tags?post=131625"}],"curies":[{"name":"wp","href":"https:\/\/api.w.org\/{rel}","templated":true}]}}