{"id":131632,"date":"2026-09-03T20:34:58","date_gmt":"2026-09-04T02:34:58","guid":{"rendered":"https:\/\/reporteroshoy.mx\/noticias\/?p=131632"},"modified":"2026-09-03T21:19:54","modified_gmt":"2026-09-04T03:19:54","slug":"salarios-yucatan-caida-real-empleo-2026","status":"publish","type":"post","link":"https:\/\/reporteroshoy.mx\/noticias\/salarios-yucatan-caida-real-empleo-2026\/","title":{"rendered":"Salarios en Yucat\u00e1n pierden poder de compra en 2026"},"content":{"rendered":"<p style=\"text-align: justify;\"><strong>El dinero pagado en sueldos creci\u00f3 menos que los precios durante el primer trimestre y el estado perdi\u00f3 m\u00e1s de 15 mil puestos remunerados.<\/strong><\/p>\n<p><img loading=\"lazy\" decoding=\"async\" class=\"alignnone size-full wp-image-116763\" src=\"https:\/\/reporteroshoy.mx\/noticias\/wp-content\/uploads\/2024\/10\/Trabajo_.jpg\" alt=\"\" width=\"608\" height=\"342\" \/><\/p>\n<h2 style=\"text-align: justify;\"><strong>Salarios en Yucat\u00e1n caen frente a la inflaci\u00f3n<\/strong><\/h2>\n<p style=\"text-align: justify;\">Los <strong>salarios en Yucat\u00e1n<\/strong> perdieron poder de compra durante el primer trimestre de 2026, de acuerdo con cifras del INEGI.<\/p>\n<p style=\"text-align: justify;\">El dinero pagado en sueldos aument\u00f3 <strong>3.3 por ciento<\/strong> frente al mismo periodo de 2025, pero los precios avanzaron 4.1 por ciento. Esto representa una ca\u00edda real de 0.8 por ciento.<\/p>\n<p style=\"text-align: justify;\">La serie del INEGI, que comienza en 2005, muestra que esta situaci\u00f3n solo se hab\u00eda presentado en seis trimestres durante 21 a\u00f1os.<\/p>\n<p style=\"text-align: justify;\">La p\u00e9rdida anterior ocurri\u00f3 durante el confinamiento de 2020. Yucat\u00e1n forma parte de un grupo de siete estados donde los salarios quedaron por debajo de la inflaci\u00f3n.<\/p>\n<p><img loading=\"lazy\" decoding=\"async\" class=\"alignnone size-full wp-image-131425\" src=\"https:\/\/reporteroshoy.mx\/noticias\/wp-content\/uploads\/2026\/08\/trabajo-6.avif\" alt=\"\" width=\"600\" height=\"400\" \/><\/p>\n<h2 style=\"text-align: justify;\"><strong>Yucat\u00e1n pierde 15 mil puestos remunerados<\/strong><\/h2>\n<p style=\"text-align: justify;\">El deterioro tambi\u00e9n alcanz\u00f3 al empleo. Los <strong>puestos de trabajo remunerados<\/strong> pasaron de 749 mil 533 a 734 mil 507 en un a\u00f1o.<\/p>\n<p style=\"text-align: justify;\">Esto representa <strong>15 mil 26 puestos menos<\/strong>, una reducci\u00f3n de 2 por ciento. Es la primera disminuci\u00f3n para Yucat\u00e1n desde 2022 y la cuarta m\u00e1s pronunciada entre las entidades federativas.<\/p>\n<p style=\"text-align: justify;\">En contraste, a nivel nacional estos puestos aumentaron 0.3 por ciento.<\/p>\n<p style=\"text-align: justify;\">El promedio por trabajador creci\u00f3 1.2 por ciento por encima de los precios. Sin embargo, el indicador no significa necesariamente que cada trabajador haya recibido un aumento, pues el dinero se distribuy\u00f3 entre menos personas.<\/p>\n<h2 style=\"text-align: justify;\"><strong>Salarios en Yucat\u00e1n conviven con alta informalidad<\/strong><\/h2>\n<p style=\"text-align: justify;\">La desocupaci\u00f3n estatal se ubic\u00f3 en <strong>1.5 por ciento<\/strong>, una de las tasas m\u00e1s bajas del pa\u00eds.<\/p>\n<p style=\"text-align: justify;\">Sin embargo, la informalidad laboral alcanz\u00f3 <strong>59.3 por ciento<\/strong> de la poblaci\u00f3n ocupada, casi cinco puntos por encima del promedio nacional.<\/p>\n<p style=\"text-align: justify;\">Adem\u00e1s, ocho de cada diez trabajadores yucatecos reciben hasta dos salarios m\u00ednimos.<\/p>\n<p style=\"text-align: justify;\">El panorama contrasta con los anuncios oficiales sobre cifras r\u00e9cord de inversi\u00f3n extranjera y plantea dudas sobre la capacidad de esa inversi\u00f3n para traducirse en mejores ingresos y empleos remunerados.<\/p>\n<p><strong>Fuente:<\/strong> INEGI.<\/p>\n","protected":false},"excerpt":{"rendered":"<p>Los salarios en Yucat\u00e1n perdieron 0.8% frente a la inflaci\u00f3n y el estado registr\u00f3 15 mil puestos remunerados menos en el primer trimestre.<\/p>\n","protected":false},"author":13,"featured_media":131426,"comment_status":"open","ping_status":"closed","sticky":false,"template":"","format":"standard","meta":{"footnotes":""},"categories":[17],"tags":[21258,2247,2852,28051,29318,29317],"class_list":["post-131632","post","type-post","status-publish","format-standard","has-post-thumbnail","hentry","category-yucatan","tag-empleo-en-yucatan","tag-inegi","tag-inflacion","tag-informalidad-laboral","tag-puestos-remunerados","tag-salarios-en-yucatan"],"yoast_head":"<!-- This site is optimized with the Yoast SEO plugin v28.4 - https:\/\/yoast.com\/product\/yoast-seo-wordpress\/ -->\n<title>Salarios en Yucat\u00e1n pierden poder de compra en 2026<\/title>\n<meta name=\"description\" content=\"Los salarios en Yucat\u00e1n perdieron 0.8% frente a la inflaci\u00f3n y el estado registr\u00f3 15 mil puestos remunerados menos en el primer trimestre.\" \/>\n<meta name=\"robots\" content=\"index, follow, max-snippet:-1, max-image-preview:large, max-video-preview:-1\" \/>\n<link rel=\"canonical\" href=\"https:\/\/reporteroshoy.mx\/noticias\/salarios-yucatan-caida-real-empleo-2026\/\" \/>\n<meta property=\"og:locale\" content=\"es_ES\" \/>\n<meta property=\"og:type\" content=\"article\" \/>\n<meta property=\"og:title\" content=\"Salarios en Yucat\u00e1n pierden poder de compra en 2026\" \/>\n<meta property=\"og:description\" content=\"Los salarios en Yucat\u00e1n perdieron 0.8% frente a la inflaci\u00f3n y el estado registr\u00f3 15 mil puestos remunerados menos en el primer trimestre.\" \/>\n<meta property=\"og:url\" content=\"https:\/\/reporteroshoy.mx\/noticias\/salarios-yucatan-caida-real-empleo-2026\/\" \/>\n<meta property=\"og:site_name\" content=\"Reporteros Hoy | Noticias de Yucat\u00e1n\" \/>\n<meta property=\"article:publisher\" content=\"http:\/\/www.facebook.com\/reporteroshoymx\" \/>\n<meta property=\"article:published_time\" content=\"2026-09-04T02:34:58+00:00\" \/>\n<meta property=\"article:modified_time\" content=\"2026-09-04T03:19:54+00:00\" \/>\n<meta property=\"og:image\" content=\"https:\/\/reporteroshoy.mx\/noticias\/wp-content\/uploads\/2026\/08\/trabajo-5.avif\" \/>\n\t<meta property=\"og:image:width\" content=\"738\" \/>\n\t<meta property=\"og:image:height\" content=\"414\" \/>\n\t<meta property=\"og:image:type\" content=\"image\/jpeg\" \/>\n<meta name=\"author\" content=\"Reporteros Hoy EM\" \/>\n<meta name=\"twitter:card\" content=\"summary_large_image\" \/>\n<meta name=\"twitter:creator\" content=\"@reporteroshoy\" \/>\n<meta name=\"twitter:site\" content=\"@reporteroshoy\" \/>\n<meta name=\"twitter:label1\" content=\"Escrito por\" \/>\n\t<meta name=\"twitter:data1\" content=\"Reporteros Hoy EM\" \/>\n\t<meta name=\"twitter:label2\" content=\"Tiempo de lectura\" \/>\n\t<meta name=\"twitter:data2\" content=\"3 minutos\" \/>\n<script type=\"application\/ld+json\" class=\"yoast-schema-graph\">{\"@context\":\"https:\\\/\\\/schema.org\",\"@graph\":[{\"@type\":\"Article\",\"@id\":\"https:\\\/\\\/reporteroshoy.mx\\\/noticias\\\/salarios-yucatan-caida-real-empleo-2026\\\/#article\",\"isPartOf\":{\"@id\":\"https:\\\/\\\/reporteroshoy.mx\\\/noticias\\\/salarios-yucatan-caida-real-empleo-2026\\\/\"},\"author\":{\"name\":\"Reporteros Hoy EM\",\"@id\":\"https:\\\/\\\/reporteroshoy.mx\\\/noticias\\\/#\\\/schema\\\/person\\\/17dae1f2305a31fe437930b820d039d2\"},\"headline\":\"Salarios en Yucat\u00e1n pierden poder de compra en 2026\",\"datePublished\":\"2026-09-04T02:34:58+00:00\",\"dateModified\":\"2026-09-04T03:19:54+00:00\",\"mainEntityOfPage\":{\"@id\":\"https:\\\/\\\/reporteroshoy.mx\\\/noticias\\\/salarios-yucatan-caida-real-empleo-2026\\\/\"},\"wordCount\":341,\"commentCount\":0,\"image\":{\"@id\":\"https:\\\/\\\/reporteroshoy.mx\\\/noticias\\\/salarios-yucatan-caida-real-empleo-2026\\\/#primaryimage\"},\"thumbnailUrl\":\"https:\\\/\\\/reporteroshoy.mx\\\/noticias\\\/wp-content\\\/uploads\\\/2026\\\/08\\\/trabajo-5.avif\",\"keywords\":[\"empleo en Yucat\u00e1n\",\"Inegi\",\"Inflaci\u00f3n\",\"Informalidad laboral\",\"puestos remunerados\",\"salarios en Yucat\u00e1n\"],\"articleSection\":[\"Yucat\u00e1n\"],\"inLanguage\":\"es\",\"potentialAction\":[{\"@type\":\"CommentAction\",\"name\":\"Comment\",\"target\":[\"https:\\\/\\\/reporteroshoy.mx\\\/noticias\\\/salarios-yucatan-caida-real-empleo-2026\\\/#respond\"]}]},{\"@type\":\"WebPage\",\"@id\":\"https:\\\/\\\/reporteroshoy.mx\\\/noticias\\\/salarios-yucatan-caida-real-empleo-2026\\\/\",\"url\":\"https:\\\/\\\/reporteroshoy.mx\\\/noticias\\\/salarios-yucatan-caida-real-empleo-2026\\\/\",\"name\":\"Salarios en Yucat\u00e1n pierden poder de compra en 2026\",\"isPartOf\":{\"@id\":\"https:\\\/\\\/reporteroshoy.mx\\\/noticias\\\/#website\"},\"primaryImageOfPage\":{\"@id\":\"https:\\\/\\\/reporteroshoy.mx\\\/noticias\\\/salarios-yucatan-caida-real-empleo-2026\\\/#primaryimage\"},\"image\":{\"@id\":\"https:\\\/\\\/reporteroshoy.mx\\\/noticias\\\/salarios-yucatan-caida-real-empleo-2026\\\/#primaryimage\"},\"thumbnailUrl\":\"https:\\\/\\\/reporteroshoy.mx\\\/noticias\\\/wp-content\\\/uploads\\\/2026\\\/08\\\/trabajo-5.avif\",\"datePublished\":\"2026-09-04T02:34:58+00:00\",\"dateModified\":\"2026-09-04T03:19:54+00:00\",\"author\":{\"@id\":\"https:\\\/\\\/reporteroshoy.mx\\\/noticias\\\/#\\\/schema\\\/person\\\/17dae1f2305a31fe437930b820d039d2\"},\"description\":\"Los salarios en Yucat\u00e1n perdieron 0.8% frente a la inflaci\u00f3n y el estado registr\u00f3 15 mil puestos remunerados menos en el primer trimestre.\",\"breadcrumb\":{\"@id\":\"https:\\\/\\\/reporteroshoy.mx\\\/noticias\\\/salarios-yucatan-caida-real-empleo-2026\\\/#breadcrumb\"},\"inLanguage\":\"es\",\"potentialAction\":[{\"@type\":\"ReadAction\",\"target\":[\"https:\\\/\\\/reporteroshoy.mx\\\/noticias\\\/salarios-yucatan-caida-real-empleo-2026\\\/\"]}]},{\"@type\":\"ImageObject\",\"inLanguage\":\"es\",\"@id\":\"https:\\\/\\\/reporteroshoy.mx\\\/noticias\\\/salarios-yucatan-caida-real-empleo-2026\\\/#primaryimage\",\"url\":\"https:\\\/\\\/reporteroshoy.mx\\\/noticias\\\/wp-content\\\/uploads\\\/2026\\\/08\\\/trabajo-5.avif\",\"contentUrl\":\"https:\\\/\\\/reporteroshoy.mx\\\/noticias\\\/wp-content\\\/uploads\\\/2026\\\/08\\\/trabajo-5.avif\",\"width\":738,\"height\":414},{\"@type\":\"BreadcrumbList\",\"@id\":\"https:\\\/\\\/reporteroshoy.mx\\\/noticias\\\/salarios-yucatan-caida-real-empleo-2026\\\/#breadcrumb\",\"itemListElement\":[{\"@type\":\"ListItem\",\"position\":1,\"name\":\"Portada\",\"item\":\"https:\\\/\\\/reporteroshoy.mx\\\/noticias\\\/\"},{\"@type\":\"ListItem\",\"position\":2,\"name\":\"Salarios en Yucat\u00e1n pierden poder de compra en 2026\"}]},{\"@type\":\"WebSite\",\"@id\":\"https:\\\/\\\/reporteroshoy.mx\\\/noticias\\\/#website\",\"url\":\"https:\\\/\\\/reporteroshoy.mx\\\/noticias\\\/\",\"name\":\"Reporteros Hoy | Noticias de Yucat\u00e1n\",\"description\":\"Peri\u00f3dico digital con noticias diarias desde M\u00e9rida, Yucat\u00e1n para el mundo.\",\"potentialAction\":[{\"@type\":\"SearchAction\",\"target\":{\"@type\":\"EntryPoint\",\"urlTemplate\":\"https:\\\/\\\/reporteroshoy.mx\\\/noticias\\\/?s={search_term_string}\"},\"query-input\":{\"@type\":\"PropertyValueSpecification\",\"valueRequired\":true,\"valueName\":\"search_term_string\"}}],\"inLanguage\":\"es\"},{\"@type\":\"Person\",\"@id\":\"https:\\\/\\\/reporteroshoy.mx\\\/noticias\\\/#\\\/schema\\\/person\\\/17dae1f2305a31fe437930b820d039d2\",\"name\":\"Reporteros Hoy EM\",\"image\":{\"@type\":\"ImageObject\",\"inLanguage\":\"es\",\"@id\":\"https:\\\/\\\/secure.gravatar.com\\\/avatar\\\/3a15973aa4f07c46a3eb7d8f9121204d4000ebdacddf63898dc5d9ac100c7c1b?s=96&d=mm&r=g\",\"url\":\"https:\\\/\\\/secure.gravatar.com\\\/avatar\\\/3a15973aa4f07c46a3eb7d8f9121204d4000ebdacddf63898dc5d9ac100c7c1b?s=96&d=mm&r=g\",\"contentUrl\":\"https:\\\/\\\/secure.gravatar.com\\\/avatar\\\/3a15973aa4f07c46a3eb7d8f9121204d4000ebdacddf63898dc5d9ac100c7c1b?s=96&d=mm&r=g\",\"caption\":\"Reporteros Hoy EM\"},\"url\":\"https:\\\/\\\/reporteroshoy.mx\\\/noticias\\\/author\\\/edgar\\\/\"}]}<\/script>\n<!-- \/ Yoast SEO plugin. -->","yoast_head_json":{"title":"Salarios en Yucat\u00e1n pierden poder de compra en 2026","description":"Los salarios en Yucat\u00e1n perdieron 0.8% frente a la inflaci\u00f3n y el estado registr\u00f3 15 mil puestos remunerados menos en el primer trimestre.","robots":{"index":"index","follow":"follow","max-snippet":"max-snippet:-1","max-image-preview":"max-image-preview:large","max-video-preview":"max-video-preview:-1"},"canonical":"https:\/\/reporteroshoy.mx\/noticias\/salarios-yucatan-caida-real-empleo-2026\/","og_locale":"es_ES","og_type":"article","og_title":"Salarios en Yucat\u00e1n pierden poder de compra en 2026","og_description":"Los salarios en Yucat\u00e1n perdieron 0.8% frente a la inflaci\u00f3n y el estado registr\u00f3 15 mil puestos remunerados menos en el primer trimestre.","og_url":"https:\/\/reporteroshoy.mx\/noticias\/salarios-yucatan-caida-real-empleo-2026\/","og_site_name":"Reporteros Hoy | Noticias de Yucat\u00e1n","article_publisher":"http:\/\/www.facebook.com\/reporteroshoymx","article_published_time":"2026-09-04T02:34:58+00:00","article_modified_time":"2026-09-04T03:19:54+00:00","og_image":[{"width":738,"height":414,"url":"https:\/\/reporteroshoy.mx\/noticias\/wp-content\/uploads\/2026\/08\/trabajo-5.avif","type":"image\/jpeg"}],"author":"Reporteros Hoy EM","twitter_card":"summary_large_image","twitter_creator":"@reporteroshoy","twitter_site":"@reporteroshoy","twitter_misc":{"Escrito por":"Reporteros Hoy EM","Tiempo de lectura":"3 minutos"},"schema":{"@context":"https:\/\/schema.org","@graph":[{"@type":"Article","@id":"https:\/\/reporteroshoy.mx\/noticias\/salarios-yucatan-caida-real-empleo-2026\/#article","isPartOf":{"@id":"https:\/\/reporteroshoy.mx\/noticias\/salarios-yucatan-caida-real-empleo-2026\/"},"author":{"name":"Reporteros Hoy EM","@id":"https:\/\/reporteroshoy.mx\/noticias\/#\/schema\/person\/17dae1f2305a31fe437930b820d039d2"},"headline":"Salarios en Yucat\u00e1n pierden poder de compra en 2026","datePublished":"2026-09-04T02:34:58+00:00","dateModified":"2026-09-04T03:19:54+00:00","mainEntityOfPage":{"@id":"https:\/\/reporteroshoy.mx\/noticias\/salarios-yucatan-caida-real-empleo-2026\/"},"wordCount":341,"commentCount":0,"image":{"@id":"https:\/\/reporteroshoy.mx\/noticias\/salarios-yucatan-caida-real-empleo-2026\/#primaryimage"},"thumbnailUrl":"https:\/\/reporteroshoy.mx\/noticias\/wp-content\/uploads\/2026\/08\/trabajo-5.avif","keywords":["empleo en Yucat\u00e1n","Inegi","Inflaci\u00f3n","Informalidad laboral","puestos remunerados","salarios en Yucat\u00e1n"],"articleSection":["Yucat\u00e1n"],"inLanguage":"es","potentialAction":[{"@type":"CommentAction","name":"Comment","target":["https:\/\/reporteroshoy.mx\/noticias\/salarios-yucatan-caida-real-empleo-2026\/#respond"]}]},{"@type":"WebPage","@id":"https:\/\/reporteroshoy.mx\/noticias\/salarios-yucatan-caida-real-empleo-2026\/","url":"https:\/\/reporteroshoy.mx\/noticias\/salarios-yucatan-caida-real-empleo-2026\/","name":"Salarios en Yucat\u00e1n pierden poder de compra en 2026","isPartOf":{"@id":"https:\/\/reporteroshoy.mx\/noticias\/#website"},"primaryImageOfPage":{"@id":"https:\/\/reporteroshoy.mx\/noticias\/salarios-yucatan-caida-real-empleo-2026\/#primaryimage"},"image":{"@id":"https:\/\/reporteroshoy.mx\/noticias\/salarios-yucatan-caida-real-empleo-2026\/#primaryimage"},"thumbnailUrl":"https:\/\/reporteroshoy.mx\/noticias\/wp-content\/uploads\/2026\/08\/trabajo-5.avif","datePublished":"2026-09-04T02:34:58+00:00","dateModified":"2026-09-04T03:19:54+00:00","author":{"@id":"https:\/\/reporteroshoy.mx\/noticias\/#\/schema\/person\/17dae1f2305a31fe437930b820d039d2"},"description":"Los salarios en Yucat\u00e1n perdieron 0.8% frente a la inflaci\u00f3n y el estado registr\u00f3 15 mil puestos remunerados menos en el primer trimestre.","breadcrumb":{"@id":"https:\/\/reporteroshoy.mx\/noticias\/salarios-yucatan-caida-real-empleo-2026\/#breadcrumb"},"inLanguage":"es","potentialAction":[{"@type":"ReadAction","target":["https:\/\/reporteroshoy.mx\/noticias\/salarios-yucatan-caida-real-empleo-2026\/"]}]},{"@type":"ImageObject","inLanguage":"es","@id":"https:\/\/reporteroshoy.mx\/noticias\/salarios-yucatan-caida-real-empleo-2026\/#primaryimage","url":"https:\/\/reporteroshoy.mx\/noticias\/wp-content\/uploads\/2026\/08\/trabajo-5.avif","contentUrl":"https:\/\/reporteroshoy.mx\/noticias\/wp-content\/uploads\/2026\/08\/trabajo-5.avif","width":738,"height":414},{"@type":"BreadcrumbList","@id":"https:\/\/reporteroshoy.mx\/noticias\/salarios-yucatan-caida-real-empleo-2026\/#breadcrumb","itemListElement":[{"@type":"ListItem","position":1,"name":"Portada","item":"https:\/\/reporteroshoy.mx\/noticias\/"},{"@type":"ListItem","position":2,"name":"Salarios en Yucat\u00e1n pierden poder de compra en 2026"}]},{"@type":"WebSite","@id":"https:\/\/reporteroshoy.mx\/noticias\/#website","url":"https:\/\/reporteroshoy.mx\/noticias\/","name":"Reporteros Hoy | Noticias de Yucat\u00e1n","description":"Peri\u00f3dico digital con noticias diarias desde M\u00e9rida, Yucat\u00e1n para el mundo.","potentialAction":[{"@type":"SearchAction","target":{"@type":"EntryPoint","urlTemplate":"https:\/\/reporteroshoy.mx\/noticias\/?s={search_term_string}"},"query-input":{"@type":"PropertyValueSpecification","valueRequired":true,"valueName":"search_term_string"}}],"inLanguage":"es"},{"@type":"Person","@id":"https:\/\/reporteroshoy.mx\/noticias\/#\/schema\/person\/17dae1f2305a31fe437930b820d039d2","name":"Reporteros Hoy EM","image":{"@type":"ImageObject","inLanguage":"es","@id":"https:\/\/secure.gravatar.com\/avatar\/3a15973aa4f07c46a3eb7d8f9121204d4000ebdacddf63898dc5d9ac100c7c1b?s=96&d=mm&r=g","url":"https:\/\/secure.gravatar.com\/avatar\/3a15973aa4f07c46a3eb7d8f9121204d4000ebdacddf63898dc5d9ac100c7c1b?s=96&d=mm&r=g","contentUrl":"https:\/\/secure.gravatar.com\/avatar\/3a15973aa4f07c46a3eb7d8f9121204d4000ebdacddf63898dc5d9ac100c7c1b?s=96&d=mm&r=g","caption":"Reporteros Hoy EM"},"url":"https:\/\/reporteroshoy.mx\/noticias\/author\/edgar\/"}]}},"_links":{"self":[{"href":"https:\/\/reporteroshoy.mx\/noticias\/wp-json\/wp\/v2\/posts\/131632","targetHints":{"allow":["GET"]}}],"collection":[{"href":"https:\/\/reporteroshoy.mx\/noticias\/wp-json\/wp\/v2\/posts"}],"about":[{"href":"https:\/\/reporteroshoy.mx\/noticias\/wp-json\/wp\/v2\/types\/post"}],"author":[{"embeddable":true,"href":"https:\/\/reporteroshoy.mx\/noticias\/wp-json\/wp\/v2\/users\/13"}],"replies":[{"embeddable":true,"href":"https:\/\/reporteroshoy.mx\/noticias\/wp-json\/wp\/v2\/comments?post=131632"}],"version-history":[{"count":0,"href":"https:\/\/reporteroshoy.mx\/noticias\/wp-json\/wp\/v2\/posts\/131632\/revisions"}],"wp:featuredmedia":[{"embeddable":true,"href":"https:\/\/reporteroshoy.mx\/noticias\/wp-json\/wp\/v2\/media\/131426"}],"wp:attachment":[{"href":"https:\/\/reporteroshoy.mx\/noticias\/wp-json\/wp\/v2\/media?parent=131632"}],"wp:term":[{"taxonomy":"category","embeddable":true,"href":"https:\/\/reporteroshoy.mx\/noticias\/wp-json\/wp\/v2\/categories?post=131632"},{"taxonomy":"post_tag","embeddable":true,"href":"https:\/\/reporteroshoy.mx\/noticias\/wp-json\/wp\/v2\/tags?post=131632"}],"curies":[{"name":"wp","href":"https:\/\/api.w.org\/{rel}","templated":true}]}}