{"id":47865,"date":"2020-10-07T16:00:47","date_gmt":"2020-10-07T21:00:47","guid":{"rendered":"https:\/\/reporteroshoy.mx\/noticias\/?p=47865"},"modified":"2020-10-08T12:08:30","modified_gmt":"2020-10-08T17:08:30","slug":"se-inunda-de-nuevo-el-paso-deprimido","status":"publish","type":"post","link":"https:\/\/reporteroshoy.mx\/noticias\/se-inunda-de-nuevo-el-paso-deprimido\/","title":{"rendered":"Se inunda de nuevo el paso deprimido"},"content":{"rendered":"<p style=\"text-align: justify;\">M\u00e9rida, Yucat\u00e1n; 07 de octubre de 2020 (ACOM).- Vuelven a cerrar el paso a desnivel de Circuito Colonias con Prolongaci\u00f3n Paseo de Montejo, conocido como \u201cDeprimido\u201d al registrarse otra importante inundaci\u00f3n que compromete el tr\u00e1nsito en la zona.<\/p>\n<p style=\"text-align: justify;\">La intensa lluvia que se registr\u00f3 en M\u00e9rida por el paso del hurac\u00e1n \u201cDelta\u201d, gener\u00f3 que otra vez el sistema de filtraci\u00f3n del \u201cpaso deprimido\u00bb se saturara por lo que las autoridades municipales tuvieron que cerrar el sitio para evitar afectaciones a los ciudadanos.<\/p>\n<p style=\"text-align: justify;\">En el lugar, personal del Ayuntamiento vigilaba que el agua estancada se filtrara.<\/p>\n<p style=\"text-align: justify;\">Se pudo apreciar que la gran cantidad de lluvia propici\u00f3 diversas filtraciones de agua desde la cinta asf\u00e1ltica, hasta la parte m\u00e1s baja de este paso a desnivel.<\/p>\n<p><img loading=\"lazy\" decoding=\"async\" class=\"wp-image-47868 aligncenter\" src=\"https:\/\/reporteroshoy.mx\/noticias\/wp-content\/uploads\/2020\/10\/paso-deprimido-inundado.jpg\" alt=\"\" width=\"575\" height=\"334\" \/><\/p>\n<p style=\"text-align: justify;\">En su cuenta de Twitter, el alcalde de M\u00e9rida, Ren\u00e1n Barrera Concha, dio cuenta de esta situaci\u00f3n adem\u00e1s de que confirm\u00f3 el cierre de la vialidad en sus dos carriles.<\/p>\n<p style=\"text-align: justify;\">\u00abSeguimos vigilando el funcionamiento del sistema de bombeo para re abrir en cuanto el tiempo as\u00ed lo permita\u00bb, remat\u00f3.<\/p>\n<p style=\"text-align: justify;\">Cabe recordar que la v\u00eda fue reabierta apenas en agosto pasado, luego de que en el mes de junio, el paso de la tormenta tropical \u00abCrist\u00f3bal\u00bb propiciara una importante inundaci\u00f3n, para lo cual se efectu\u00f3 diversos trabajos para su puesta en funcionamiento.<\/p>\n","protected":false},"excerpt":{"rendered":"<p>Cerrado al tr\u00e1nsito vehicular hasta nuevo aviso, las fuertes lluvias que trajo el hurac\u00e1n Delta inund\u00f3 el paso a desnivel del paseo de Montejo.<\/p>\n","protected":false},"author":6,"featured_media":47868,"comment_status":"open","ping_status":"closed","sticky":false,"template":"","format":"standard","meta":{"footnotes":""},"categories":[11],"tags":[14376,811,12250],"class_list":["post-47865","post","type-post","status-publish","format-standard","has-post-thumbnail","hentry","category-municipios-de-yucatan","tag-huracan-delta","tag-inundaciones","tag-paso-deprimido"],"yoast_head":"<!-- This site is optimized with the Yoast SEO plugin v28.3 - https:\/\/yoast.com\/product\/yoast-seo-wordpress\/ -->\n<title>Se inunda de nuevo el paso deprimido<\/title>\n<meta name=\"description\" content=\"Cerrado al tr\u00e1nsito vehicular hasta nuevo aviso, las fuertes lluvias que trajo el hurac\u00e1n Delta inund\u00f3 el paso a desnivel del paseo de Montejo.\" \/>\n<meta name=\"robots\" content=\"index, follow, max-snippet:-1, max-image-preview:large, max-video-preview:-1\" \/>\n<link rel=\"canonical\" href=\"https:\/\/reporteroshoy.mx\/noticias\/se-inunda-de-nuevo-el-paso-deprimido\/\" \/>\n<meta property=\"og:locale\" content=\"es_ES\" \/>\n<meta property=\"og:type\" content=\"article\" \/>\n<meta property=\"og:title\" content=\"Se inunda de nuevo el paso deprimido\" \/>\n<meta property=\"og:description\" content=\"Cerrado al tr\u00e1nsito vehicular hasta nuevo aviso, las fuertes lluvias que trajo el hurac\u00e1n Delta inund\u00f3 el paso a desnivel del paseo de Montejo.\" \/>\n<meta property=\"og:url\" content=\"https:\/\/reporteroshoy.mx\/noticias\/se-inunda-de-nuevo-el-paso-deprimido\/\" \/>\n<meta property=\"og:site_name\" content=\"Reporteros Hoy | Noticias de Yucat\u00e1n\" \/>\n<meta property=\"article:publisher\" content=\"http:\/\/www.facebook.com\/reporteroshoymx\" \/>\n<meta property=\"article:published_time\" content=\"2020-10-07T21:00:47+00:00\" \/>\n<meta property=\"article:modified_time\" content=\"2020-10-08T17:08:30+00:00\" \/>\n<meta property=\"og:image\" content=\"https:\/\/reporteroshoy.mx\/noticias\/wp-content\/uploads\/2020\/10\/paso-deprimido-inundado.jpg\" \/>\n\t<meta property=\"og:image:width\" content=\"768\" \/>\n\t<meta property=\"og:image:height\" content=\"446\" \/>\n\t<meta property=\"og:image:type\" content=\"image\/jpeg\" \/>\n<meta name=\"author\" content=\"Reporteros Hoy GS\" \/>\n<meta name=\"twitter:card\" content=\"summary_large_image\" \/>\n<meta name=\"twitter:creator\" content=\"@reporteroshoy\" \/>\n<meta name=\"twitter:site\" content=\"@reporteroshoy\" \/>\n<meta name=\"twitter:label1\" content=\"Escrito por\" \/>\n\t<meta name=\"twitter:data1\" content=\"Reporteros Hoy GS\" \/>\n\t<meta name=\"twitter:label2\" content=\"Tiempo de lectura\" \/>\n\t<meta name=\"twitter:data2\" content=\"1 minuto\" \/>\n<script type=\"application\/ld+json\" class=\"yoast-schema-graph\">{\"@context\":\"https:\\\/\\\/schema.org\",\"@graph\":[{\"@type\":\"Article\",\"@id\":\"https:\\\/\\\/reporteroshoy.mx\\\/noticias\\\/se-inunda-de-nuevo-el-paso-deprimido\\\/#article\",\"isPartOf\":{\"@id\":\"https:\\\/\\\/reporteroshoy.mx\\\/noticias\\\/se-inunda-de-nuevo-el-paso-deprimido\\\/\"},\"author\":{\"name\":\"Reporteros Hoy GS\",\"@id\":\"https:\\\/\\\/reporteroshoy.mx\\\/noticias\\\/#\\\/schema\\\/person\\\/49ae631fc906b44554e4ba3866c505d7\"},\"headline\":\"Se inunda de nuevo el paso deprimido\",\"datePublished\":\"2020-10-07T21:00:47+00:00\",\"dateModified\":\"2020-10-08T17:08:30+00:00\",\"mainEntityOfPage\":{\"@id\":\"https:\\\/\\\/reporteroshoy.mx\\\/noticias\\\/se-inunda-de-nuevo-el-paso-deprimido\\\/\"},\"wordCount\":237,\"commentCount\":0,\"image\":{\"@id\":\"https:\\\/\\\/reporteroshoy.mx\\\/noticias\\\/se-inunda-de-nuevo-el-paso-deprimido\\\/#primaryimage\"},\"thumbnailUrl\":\"https:\\\/\\\/reporteroshoy.mx\\\/noticias\\\/wp-content\\\/uploads\\\/2020\\\/10\\\/paso-deprimido-inundado.jpg\",\"keywords\":[\"Hurac\u00e1n Delta\",\"Inundaciones\",\"paso deprimido\"],\"articleSection\":[\"Municipios\"],\"inLanguage\":\"es\",\"potentialAction\":[{\"@type\":\"CommentAction\",\"name\":\"Comment\",\"target\":[\"https:\\\/\\\/reporteroshoy.mx\\\/noticias\\\/se-inunda-de-nuevo-el-paso-deprimido\\\/#respond\"]}]},{\"@type\":\"WebPage\",\"@id\":\"https:\\\/\\\/reporteroshoy.mx\\\/noticias\\\/se-inunda-de-nuevo-el-paso-deprimido\\\/\",\"url\":\"https:\\\/\\\/reporteroshoy.mx\\\/noticias\\\/se-inunda-de-nuevo-el-paso-deprimido\\\/\",\"name\":\"Se inunda de nuevo el paso deprimido\",\"isPartOf\":{\"@id\":\"https:\\\/\\\/reporteroshoy.mx\\\/noticias\\\/#website\"},\"primaryImageOfPage\":{\"@id\":\"https:\\\/\\\/reporteroshoy.mx\\\/noticias\\\/se-inunda-de-nuevo-el-paso-deprimido\\\/#primaryimage\"},\"image\":{\"@id\":\"https:\\\/\\\/reporteroshoy.mx\\\/noticias\\\/se-inunda-de-nuevo-el-paso-deprimido\\\/#primaryimage\"},\"thumbnailUrl\":\"https:\\\/\\\/reporteroshoy.mx\\\/noticias\\\/wp-content\\\/uploads\\\/2020\\\/10\\\/paso-deprimido-inundado.jpg\",\"datePublished\":\"2020-10-07T21:00:47+00:00\",\"dateModified\":\"2020-10-08T17:08:30+00:00\",\"author\":{\"@id\":\"https:\\\/\\\/reporteroshoy.mx\\\/noticias\\\/#\\\/schema\\\/person\\\/49ae631fc906b44554e4ba3866c505d7\"},\"description\":\"Cerrado al tr\u00e1nsito vehicular hasta nuevo aviso, las fuertes lluvias que trajo el hurac\u00e1n Delta inund\u00f3 el paso a desnivel del paseo de Montejo.\",\"breadcrumb\":{\"@id\":\"https:\\\/\\\/reporteroshoy.mx\\\/noticias\\\/se-inunda-de-nuevo-el-paso-deprimido\\\/#breadcrumb\"},\"inLanguage\":\"es\",\"potentialAction\":[{\"@type\":\"ReadAction\",\"target\":[\"https:\\\/\\\/reporteroshoy.mx\\\/noticias\\\/se-inunda-de-nuevo-el-paso-deprimido\\\/\"]}]},{\"@type\":\"ImageObject\",\"inLanguage\":\"es\",\"@id\":\"https:\\\/\\\/reporteroshoy.mx\\\/noticias\\\/se-inunda-de-nuevo-el-paso-deprimido\\\/#primaryimage\",\"url\":\"https:\\\/\\\/reporteroshoy.mx\\\/noticias\\\/wp-content\\\/uploads\\\/2020\\\/10\\\/paso-deprimido-inundado.jpg\",\"contentUrl\":\"https:\\\/\\\/reporteroshoy.mx\\\/noticias\\\/wp-content\\\/uploads\\\/2020\\\/10\\\/paso-deprimido-inundado.jpg\",\"width\":768,\"height\":446},{\"@type\":\"BreadcrumbList\",\"@id\":\"https:\\\/\\\/reporteroshoy.mx\\\/noticias\\\/se-inunda-de-nuevo-el-paso-deprimido\\\/#breadcrumb\",\"itemListElement\":[{\"@type\":\"ListItem\",\"position\":1,\"name\":\"Portada\",\"item\":\"https:\\\/\\\/reporteroshoy.mx\\\/noticias\\\/\"},{\"@type\":\"ListItem\",\"position\":2,\"name\":\"Se inunda de nuevo el paso deprimido\"}]},{\"@type\":\"WebSite\",\"@id\":\"https:\\\/\\\/reporteroshoy.mx\\\/noticias\\\/#website\",\"url\":\"https:\\\/\\\/reporteroshoy.mx\\\/noticias\\\/\",\"name\":\"Reporteros Hoy | Noticias de Yucat\u00e1n\",\"description\":\"Peri\u00f3dico digital con noticias diarias desde M\u00e9rida, Yucat\u00e1n para el mundo.\",\"potentialAction\":[{\"@type\":\"SearchAction\",\"target\":{\"@type\":\"EntryPoint\",\"urlTemplate\":\"https:\\\/\\\/reporteroshoy.mx\\\/noticias\\\/?s={search_term_string}\"},\"query-input\":{\"@type\":\"PropertyValueSpecification\",\"valueRequired\":true,\"valueName\":\"search_term_string\"}}],\"inLanguage\":\"es\"},{\"@type\":\"Person\",\"@id\":\"https:\\\/\\\/reporteroshoy.mx\\\/noticias\\\/#\\\/schema\\\/person\\\/49ae631fc906b44554e4ba3866c505d7\",\"name\":\"Reporteros Hoy GS\",\"image\":{\"@type\":\"ImageObject\",\"inLanguage\":\"es\",\"@id\":\"https:\\\/\\\/secure.gravatar.com\\\/avatar\\\/00d32adb620345c3db2cfc175917f65c584e1e338fdc49ad126aa1f9830eb6a9?s=96&d=mm&r=g\",\"url\":\"https:\\\/\\\/secure.gravatar.com\\\/avatar\\\/00d32adb620345c3db2cfc175917f65c584e1e338fdc49ad126aa1f9830eb6a9?s=96&d=mm&r=g\",\"contentUrl\":\"https:\\\/\\\/secure.gravatar.com\\\/avatar\\\/00d32adb620345c3db2cfc175917f65c584e1e338fdc49ad126aa1f9830eb6a9?s=96&d=mm&r=g\",\"caption\":\"Reporteros Hoy GS\"},\"url\":\"https:\\\/\\\/reporteroshoy.mx\\\/noticias\\\/author\\\/lupis\\\/\"}]}<\/script>\n<!-- \/ Yoast SEO plugin. -->","yoast_head_json":{"title":"Se inunda de nuevo el paso deprimido","description":"Cerrado al tr\u00e1nsito vehicular hasta nuevo aviso, las fuertes lluvias que trajo el hurac\u00e1n Delta inund\u00f3 el paso a desnivel del paseo de Montejo.","robots":{"index":"index","follow":"follow","max-snippet":"max-snippet:-1","max-image-preview":"max-image-preview:large","max-video-preview":"max-video-preview:-1"},"canonical":"https:\/\/reporteroshoy.mx\/noticias\/se-inunda-de-nuevo-el-paso-deprimido\/","og_locale":"es_ES","og_type":"article","og_title":"Se inunda de nuevo el paso deprimido","og_description":"Cerrado al tr\u00e1nsito vehicular hasta nuevo aviso, las fuertes lluvias que trajo el hurac\u00e1n Delta inund\u00f3 el paso a desnivel del paseo de Montejo.","og_url":"https:\/\/reporteroshoy.mx\/noticias\/se-inunda-de-nuevo-el-paso-deprimido\/","og_site_name":"Reporteros Hoy | Noticias de Yucat\u00e1n","article_publisher":"http:\/\/www.facebook.com\/reporteroshoymx","article_published_time":"2020-10-07T21:00:47+00:00","article_modified_time":"2020-10-08T17:08:30+00:00","og_image":[{"width":768,"height":446,"url":"https:\/\/reporteroshoy.mx\/noticias\/wp-content\/uploads\/2020\/10\/paso-deprimido-inundado.jpg","type":"image\/jpeg"}],"author":"Reporteros Hoy GS","twitter_card":"summary_large_image","twitter_creator":"@reporteroshoy","twitter_site":"@reporteroshoy","twitter_misc":{"Escrito por":"Reporteros Hoy GS","Tiempo de lectura":"1 minuto"},"schema":{"@context":"https:\/\/schema.org","@graph":[{"@type":"Article","@id":"https:\/\/reporteroshoy.mx\/noticias\/se-inunda-de-nuevo-el-paso-deprimido\/#article","isPartOf":{"@id":"https:\/\/reporteroshoy.mx\/noticias\/se-inunda-de-nuevo-el-paso-deprimido\/"},"author":{"name":"Reporteros Hoy GS","@id":"https:\/\/reporteroshoy.mx\/noticias\/#\/schema\/person\/49ae631fc906b44554e4ba3866c505d7"},"headline":"Se inunda de nuevo el paso deprimido","datePublished":"2020-10-07T21:00:47+00:00","dateModified":"2020-10-08T17:08:30+00:00","mainEntityOfPage":{"@id":"https:\/\/reporteroshoy.mx\/noticias\/se-inunda-de-nuevo-el-paso-deprimido\/"},"wordCount":237,"commentCount":0,"image":{"@id":"https:\/\/reporteroshoy.mx\/noticias\/se-inunda-de-nuevo-el-paso-deprimido\/#primaryimage"},"thumbnailUrl":"https:\/\/reporteroshoy.mx\/noticias\/wp-content\/uploads\/2020\/10\/paso-deprimido-inundado.jpg","keywords":["Hurac\u00e1n Delta","Inundaciones","paso deprimido"],"articleSection":["Municipios"],"inLanguage":"es","potentialAction":[{"@type":"CommentAction","name":"Comment","target":["https:\/\/reporteroshoy.mx\/noticias\/se-inunda-de-nuevo-el-paso-deprimido\/#respond"]}]},{"@type":"WebPage","@id":"https:\/\/reporteroshoy.mx\/noticias\/se-inunda-de-nuevo-el-paso-deprimido\/","url":"https:\/\/reporteroshoy.mx\/noticias\/se-inunda-de-nuevo-el-paso-deprimido\/","name":"Se inunda de nuevo el paso deprimido","isPartOf":{"@id":"https:\/\/reporteroshoy.mx\/noticias\/#website"},"primaryImageOfPage":{"@id":"https:\/\/reporteroshoy.mx\/noticias\/se-inunda-de-nuevo-el-paso-deprimido\/#primaryimage"},"image":{"@id":"https:\/\/reporteroshoy.mx\/noticias\/se-inunda-de-nuevo-el-paso-deprimido\/#primaryimage"},"thumbnailUrl":"https:\/\/reporteroshoy.mx\/noticias\/wp-content\/uploads\/2020\/10\/paso-deprimido-inundado.jpg","datePublished":"2020-10-07T21:00:47+00:00","dateModified":"2020-10-08T17:08:30+00:00","author":{"@id":"https:\/\/reporteroshoy.mx\/noticias\/#\/schema\/person\/49ae631fc906b44554e4ba3866c505d7"},"description":"Cerrado al tr\u00e1nsito vehicular hasta nuevo aviso, las fuertes lluvias que trajo el hurac\u00e1n Delta inund\u00f3 el paso a desnivel del paseo de Montejo.","breadcrumb":{"@id":"https:\/\/reporteroshoy.mx\/noticias\/se-inunda-de-nuevo-el-paso-deprimido\/#breadcrumb"},"inLanguage":"es","potentialAction":[{"@type":"ReadAction","target":["https:\/\/reporteroshoy.mx\/noticias\/se-inunda-de-nuevo-el-paso-deprimido\/"]}]},{"@type":"ImageObject","inLanguage":"es","@id":"https:\/\/reporteroshoy.mx\/noticias\/se-inunda-de-nuevo-el-paso-deprimido\/#primaryimage","url":"https:\/\/reporteroshoy.mx\/noticias\/wp-content\/uploads\/2020\/10\/paso-deprimido-inundado.jpg","contentUrl":"https:\/\/reporteroshoy.mx\/noticias\/wp-content\/uploads\/2020\/10\/paso-deprimido-inundado.jpg","width":768,"height":446},{"@type":"BreadcrumbList","@id":"https:\/\/reporteroshoy.mx\/noticias\/se-inunda-de-nuevo-el-paso-deprimido\/#breadcrumb","itemListElement":[{"@type":"ListItem","position":1,"name":"Portada","item":"https:\/\/reporteroshoy.mx\/noticias\/"},{"@type":"ListItem","position":2,"name":"Se inunda de nuevo el paso deprimido"}]},{"@type":"WebSite","@id":"https:\/\/reporteroshoy.mx\/noticias\/#website","url":"https:\/\/reporteroshoy.mx\/noticias\/","name":"Reporteros Hoy | Noticias de Yucat\u00e1n","description":"Peri\u00f3dico digital con noticias diarias desde M\u00e9rida, Yucat\u00e1n para el mundo.","potentialAction":[{"@type":"SearchAction","target":{"@type":"EntryPoint","urlTemplate":"https:\/\/reporteroshoy.mx\/noticias\/?s={search_term_string}"},"query-input":{"@type":"PropertyValueSpecification","valueRequired":true,"valueName":"search_term_string"}}],"inLanguage":"es"},{"@type":"Person","@id":"https:\/\/reporteroshoy.mx\/noticias\/#\/schema\/person\/49ae631fc906b44554e4ba3866c505d7","name":"Reporteros Hoy GS","image":{"@type":"ImageObject","inLanguage":"es","@id":"https:\/\/secure.gravatar.com\/avatar\/00d32adb620345c3db2cfc175917f65c584e1e338fdc49ad126aa1f9830eb6a9?s=96&d=mm&r=g","url":"https:\/\/secure.gravatar.com\/avatar\/00d32adb620345c3db2cfc175917f65c584e1e338fdc49ad126aa1f9830eb6a9?s=96&d=mm&r=g","contentUrl":"https:\/\/secure.gravatar.com\/avatar\/00d32adb620345c3db2cfc175917f65c584e1e338fdc49ad126aa1f9830eb6a9?s=96&d=mm&r=g","caption":"Reporteros Hoy GS"},"url":"https:\/\/reporteroshoy.mx\/noticias\/author\/lupis\/"}]}},"_links":{"self":[{"href":"https:\/\/reporteroshoy.mx\/noticias\/wp-json\/wp\/v2\/posts\/47865","targetHints":{"allow":["GET"]}}],"collection":[{"href":"https:\/\/reporteroshoy.mx\/noticias\/wp-json\/wp\/v2\/posts"}],"about":[{"href":"https:\/\/reporteroshoy.mx\/noticias\/wp-json\/wp\/v2\/types\/post"}],"author":[{"embeddable":true,"href":"https:\/\/reporteroshoy.mx\/noticias\/wp-json\/wp\/v2\/users\/6"}],"replies":[{"embeddable":true,"href":"https:\/\/reporteroshoy.mx\/noticias\/wp-json\/wp\/v2\/comments?post=47865"}],"version-history":[{"count":0,"href":"https:\/\/reporteroshoy.mx\/noticias\/wp-json\/wp\/v2\/posts\/47865\/revisions"}],"wp:featuredmedia":[{"embeddable":true,"href":"https:\/\/reporteroshoy.mx\/noticias\/wp-json\/wp\/v2\/media\/47868"}],"wp:attachment":[{"href":"https:\/\/reporteroshoy.mx\/noticias\/wp-json\/wp\/v2\/media?parent=47865"}],"wp:term":[{"taxonomy":"category","embeddable":true,"href":"https:\/\/reporteroshoy.mx\/noticias\/wp-json\/wp\/v2\/categories?post=47865"},{"taxonomy":"post_tag","embeddable":true,"href":"https:\/\/reporteroshoy.mx\/noticias\/wp-json\/wp\/v2\/tags?post=47865"}],"curies":[{"name":"wp","href":"https:\/\/api.w.org\/{rel}","templated":true}]}}