{"id":48181,"date":"2020-10-12T17:30:22","date_gmt":"2020-10-12T22:30:22","guid":{"rendered":"https:\/\/reporteroshoy.mx\/noticias\/?p=48181"},"modified":"2020-10-13T09:23:52","modified_gmt":"2020-10-13T14:23:52","slug":"tras-rina-policias-municipales-corren-a-banistas-del-malecon-de-progreso","status":"publish","type":"post","link":"https:\/\/reporteroshoy.mx\/noticias\/tras-rina-policias-municipales-corren-a-banistas-del-malecon-de-progreso\/","title":{"rendered":"Tras ri\u00f1a, polic\u00edas municipales \u00abcorren\u00bb a ba\u00f1istas del malec\u00f3n de Progreso"},"content":{"rendered":"<p style=\"text-align: justify;\"><span style=\"color: #000000;\">Progreso, Yucat\u00e1n; 12 de octubre de 2020 (ACOM).- Elementos de la polic\u00eda municipal de Progreso retiraron a varias personas que se encontraban en la playa del malec\u00f3n de este puerto, lo que caus\u00f3 incomodidad en los ciudadanos y lugare\u00f1os.<\/span><\/p>\n<p dir=\"auto\" style=\"text-align: justify;\"><span style=\"color: #000000;\">Los agentes llegaron al sitio y solicitaron retirarse a quienes se encontraban en la playa o en el mar, pues afirmaron que a\u00fan no hay apertura al p\u00fablico.<\/span><\/p>\n<p dir=\"auto\" style=\"text-align: justify;\"><span style=\"color: #000000;\">\u00abEstamos en una apertura econ\u00f3mica, no social. Por favor, vamos a retirarnos de la playa\u00bb, se\u00f1alaron los elementos.<\/span><\/p>\n<p dir=\"auto\"><img loading=\"lazy\" decoding=\"async\" class=\"wp-image-48182 aligncenter\" src=\"https:\/\/reporteroshoy.mx\/noticias\/wp-content\/uploads\/2020\/10\/Maleco\u0301n-Progreso.jpg\" alt=\"\" width=\"637\" height=\"390\" \/><\/p>\n<p dir=\"auto\" style=\"text-align: justify;\"><span style=\"color: #000000;\">\u00abNos dijeron que s\u00ed estaba abierto, pero bueno, ni modo. Ya nos vamos\u00bb, respondi\u00f3 una mujer que estaba sentada debajo de una palapa.<\/span><\/p>\n<p dir=\"auto\" style=\"text-align: justify;\"><span style=\"color: #000000;\">Y es que el Ayuntamiento progrese\u00f1a coloc\u00f3 l\u00edneas amarillas y bayas en la zona del malec\u00f3n para evitar el paso de los ciudadanos, aunque esto no fue impedimento para casi un centenar de personas que se presentaron ah\u00ed este d\u00eda.<\/span><\/p>\n<p dir=\"auto\" style=\"text-align: justify;\"><span style=\"color: #000000;\">Algunos lugare\u00f1os externaron su molestia por el accionar de los oficiales, asegurando que esta acci\u00f3n se debi\u00f3 a que ayer se registr\u00f3 una ri\u00f1a entre unas personas que estaban en la playa.<\/span><\/p>\n<p dir=\"auto\" style=\"text-align: justify;\"><span style=\"color: #000000;\">Francisco Gonz\u00e1lez, habitante del puerto, asegur\u00f3 que ayer no hubo impedimento para que los ciudadanos accedan a la playa, lo que muchos aprovecharon, aunque una gresca fue aprovechada por las autoridades para volver a cerrar la playa.<\/span><\/p>\n<p dir=\"auto\" style=\"text-align: justify;\"><span style=\"color: #000000;\">Oficialmente no hay ning\u00fan posicionamiento o permiso que indique que las playas del malec\u00f3n est\u00e9n abiertas.<\/span><\/p>\n","protected":false},"excerpt":{"rendered":"<p>\u00abEstamos en una apertura econ\u00f3mica, no social\u00bb, argumentaron los elementos policiacos, pese a que en d\u00edas pasados permitieron el acceso de decenas de turistas. Habitantes le echan la culpa a un pleito entre turistas.<\/p>\n","protected":false},"author":6,"featured_media":48182,"comment_status":"open","ping_status":"closed","sticky":false,"template":"","format":"standard","meta":{"footnotes":""},"categories":[11],"tags":[3838,113,137],"class_list":["post-48181","post","type-post","status-publish","format-standard","has-post-thumbnail","hentry","category-municipios-de-yucatan","tag-malecon-de-progreso","tag-progreso","tag-yucatan-norte"],"yoast_head":"<!-- This site is optimized with the Yoast SEO plugin v28.4 - https:\/\/yoast.com\/product\/yoast-seo-wordpress\/ -->\n<title>Tras ri\u00f1a, polic\u00eda &quot;corre&quot; a ba\u00f1istas del malec\u00f3n de Progreso<\/title>\n<meta name=\"description\" content=\"&quot;Estamos en una apertura econ\u00f3mica, no social&quot;, argumentaron los elementos policiacos, pese a que en d\u00edas pasados permitieron el acceso de decenas de turistas. Habitantes le echan la culpa a un pleito entre turistas.\" \/>\n<meta name=\"robots\" content=\"index, follow, max-snippet:-1, max-image-preview:large, max-video-preview:-1\" \/>\n<link rel=\"canonical\" href=\"https:\/\/reporteroshoy.mx\/noticias\/tras-rina-policias-municipales-corren-a-banistas-del-malecon-de-progreso\/\" \/>\n<meta property=\"og:locale\" content=\"es_ES\" \/>\n<meta property=\"og:type\" content=\"article\" \/>\n<meta property=\"og:title\" content=\"Tras ri\u00f1a, polic\u00eda &quot;corre&quot; a ba\u00f1istas del malec\u00f3n de Progreso\" \/>\n<meta property=\"og:description\" content=\"&quot;Estamos en una apertura econ\u00f3mica, no social&quot;, argumentaron los elementos policiacos, pese a que en d\u00edas pasados permitieron el acceso de decenas de turistas. Habitantes le echan la culpa a un pleito entre turistas.\" \/>\n<meta property=\"og:url\" content=\"https:\/\/reporteroshoy.mx\/noticias\/tras-rina-policias-municipales-corren-a-banistas-del-malecon-de-progreso\/\" \/>\n<meta property=\"og:site_name\" content=\"Reporteros Hoy | Noticias de Yucat\u00e1n\" \/>\n<meta property=\"article:publisher\" content=\"http:\/\/www.facebook.com\/reporteroshoymx\" \/>\n<meta property=\"article:published_time\" content=\"2020-10-12T22:30:22+00:00\" \/>\n<meta property=\"article:modified_time\" content=\"2020-10-13T14:23:52+00:00\" \/>\n<meta property=\"og:image\" content=\"https:\/\/reporteroshoy.mx\/noticias\/wp-content\/uploads\/2020\/10\/Maleco\u0301n-Progreso.jpg\" \/>\n\t<meta property=\"og:image:width\" content=\"768\" \/>\n\t<meta property=\"og:image:height\" content=\"469\" \/>\n\t<meta property=\"og:image:type\" content=\"image\/jpeg\" \/>\n<meta name=\"author\" content=\"Reporteros Hoy GS\" \/>\n<meta name=\"twitter:card\" content=\"summary_large_image\" \/>\n<meta name=\"twitter:creator\" content=\"@reporteroshoy\" \/>\n<meta name=\"twitter:site\" content=\"@reporteroshoy\" \/>\n<meta name=\"twitter:label1\" content=\"Escrito por\" \/>\n\t<meta name=\"twitter:data1\" content=\"Reporteros Hoy GS\" \/>\n\t<meta name=\"twitter:label2\" content=\"Tiempo de lectura\" \/>\n\t<meta name=\"twitter:data2\" content=\"1 minuto\" \/>\n<script type=\"application\/ld+json\" class=\"yoast-schema-graph\">{\"@context\":\"https:\\\/\\\/schema.org\",\"@graph\":[{\"@type\":\"Article\",\"@id\":\"https:\\\/\\\/reporteroshoy.mx\\\/noticias\\\/tras-rina-policias-municipales-corren-a-banistas-del-malecon-de-progreso\\\/#article\",\"isPartOf\":{\"@id\":\"https:\\\/\\\/reporteroshoy.mx\\\/noticias\\\/tras-rina-policias-municipales-corren-a-banistas-del-malecon-de-progreso\\\/\"},\"author\":{\"name\":\"Reporteros Hoy GS\",\"@id\":\"https:\\\/\\\/reporteroshoy.mx\\\/noticias\\\/#\\\/schema\\\/person\\\/49ae631fc906b44554e4ba3866c505d7\"},\"headline\":\"Tras ri\u00f1a, polic\u00edas municipales \u00abcorren\u00bb a ba\u00f1istas del malec\u00f3n de Progreso\",\"datePublished\":\"2020-10-12T22:30:22+00:00\",\"dateModified\":\"2020-10-13T14:23:52+00:00\",\"mainEntityOfPage\":{\"@id\":\"https:\\\/\\\/reporteroshoy.mx\\\/noticias\\\/tras-rina-policias-municipales-corren-a-banistas-del-malecon-de-progreso\\\/\"},\"wordCount\":266,\"commentCount\":0,\"image\":{\"@id\":\"https:\\\/\\\/reporteroshoy.mx\\\/noticias\\\/tras-rina-policias-municipales-corren-a-banistas-del-malecon-de-progreso\\\/#primaryimage\"},\"thumbnailUrl\":\"https:\\\/\\\/reporteroshoy.mx\\\/noticias\\\/wp-content\\\/uploads\\\/2020\\\/10\\\/Maleco\u0301n-Progreso.jpg\",\"keywords\":[\"malec\u00f3n de progreso\",\"Progreso\",\"Yucat\u00e1n Norte\"],\"articleSection\":[\"Municipios\"],\"inLanguage\":\"es\",\"potentialAction\":[{\"@type\":\"CommentAction\",\"name\":\"Comment\",\"target\":[\"https:\\\/\\\/reporteroshoy.mx\\\/noticias\\\/tras-rina-policias-municipales-corren-a-banistas-del-malecon-de-progreso\\\/#respond\"]}]},{\"@type\":\"WebPage\",\"@id\":\"https:\\\/\\\/reporteroshoy.mx\\\/noticias\\\/tras-rina-policias-municipales-corren-a-banistas-del-malecon-de-progreso\\\/\",\"url\":\"https:\\\/\\\/reporteroshoy.mx\\\/noticias\\\/tras-rina-policias-municipales-corren-a-banistas-del-malecon-de-progreso\\\/\",\"name\":\"Tras ri\u00f1a, polic\u00eda \\\"corre\\\" a ba\u00f1istas del malec\u00f3n de Progreso\",\"isPartOf\":{\"@id\":\"https:\\\/\\\/reporteroshoy.mx\\\/noticias\\\/#website\"},\"primaryImageOfPage\":{\"@id\":\"https:\\\/\\\/reporteroshoy.mx\\\/noticias\\\/tras-rina-policias-municipales-corren-a-banistas-del-malecon-de-progreso\\\/#primaryimage\"},\"image\":{\"@id\":\"https:\\\/\\\/reporteroshoy.mx\\\/noticias\\\/tras-rina-policias-municipales-corren-a-banistas-del-malecon-de-progreso\\\/#primaryimage\"},\"thumbnailUrl\":\"https:\\\/\\\/reporteroshoy.mx\\\/noticias\\\/wp-content\\\/uploads\\\/2020\\\/10\\\/Maleco\u0301n-Progreso.jpg\",\"datePublished\":\"2020-10-12T22:30:22+00:00\",\"dateModified\":\"2020-10-13T14:23:52+00:00\",\"author\":{\"@id\":\"https:\\\/\\\/reporteroshoy.mx\\\/noticias\\\/#\\\/schema\\\/person\\\/49ae631fc906b44554e4ba3866c505d7\"},\"description\":\"\\\"Estamos en una apertura econ\u00f3mica, no social\\\", argumentaron los elementos policiacos, pese a que en d\u00edas pasados permitieron el acceso de decenas de turistas. Habitantes le echan la culpa a un pleito entre turistas.\",\"breadcrumb\":{\"@id\":\"https:\\\/\\\/reporteroshoy.mx\\\/noticias\\\/tras-rina-policias-municipales-corren-a-banistas-del-malecon-de-progreso\\\/#breadcrumb\"},\"inLanguage\":\"es\",\"potentialAction\":[{\"@type\":\"ReadAction\",\"target\":[\"https:\\\/\\\/reporteroshoy.mx\\\/noticias\\\/tras-rina-policias-municipales-corren-a-banistas-del-malecon-de-progreso\\\/\"]}]},{\"@type\":\"ImageObject\",\"inLanguage\":\"es\",\"@id\":\"https:\\\/\\\/reporteroshoy.mx\\\/noticias\\\/tras-rina-policias-municipales-corren-a-banistas-del-malecon-de-progreso\\\/#primaryimage\",\"url\":\"https:\\\/\\\/reporteroshoy.mx\\\/noticias\\\/wp-content\\\/uploads\\\/2020\\\/10\\\/Maleco\u0301n-Progreso.jpg\",\"contentUrl\":\"https:\\\/\\\/reporteroshoy.mx\\\/noticias\\\/wp-content\\\/uploads\\\/2020\\\/10\\\/Maleco\u0301n-Progreso.jpg\",\"width\":768,\"height\":469},{\"@type\":\"BreadcrumbList\",\"@id\":\"https:\\\/\\\/reporteroshoy.mx\\\/noticias\\\/tras-rina-policias-municipales-corren-a-banistas-del-malecon-de-progreso\\\/#breadcrumb\",\"itemListElement\":[{\"@type\":\"ListItem\",\"position\":1,\"name\":\"Portada\",\"item\":\"https:\\\/\\\/reporteroshoy.mx\\\/noticias\\\/\"},{\"@type\":\"ListItem\",\"position\":2,\"name\":\"Tras ri\u00f1a, polic\u00edas municipales \u00abcorren\u00bb a ba\u00f1istas del malec\u00f3n de Progreso\"}]},{\"@type\":\"WebSite\",\"@id\":\"https:\\\/\\\/reporteroshoy.mx\\\/noticias\\\/#website\",\"url\":\"https:\\\/\\\/reporteroshoy.mx\\\/noticias\\\/\",\"name\":\"Reporteros Hoy | Noticias de Yucat\u00e1n\",\"description\":\"Peri\u00f3dico digital con noticias diarias desde M\u00e9rida, Yucat\u00e1n para el mundo.\",\"potentialAction\":[{\"@type\":\"SearchAction\",\"target\":{\"@type\":\"EntryPoint\",\"urlTemplate\":\"https:\\\/\\\/reporteroshoy.mx\\\/noticias\\\/?s={search_term_string}\"},\"query-input\":{\"@type\":\"PropertyValueSpecification\",\"valueRequired\":true,\"valueName\":\"search_term_string\"}}],\"inLanguage\":\"es\"},{\"@type\":\"Person\",\"@id\":\"https:\\\/\\\/reporteroshoy.mx\\\/noticias\\\/#\\\/schema\\\/person\\\/49ae631fc906b44554e4ba3866c505d7\",\"name\":\"Reporteros Hoy GS\",\"image\":{\"@type\":\"ImageObject\",\"inLanguage\":\"es\",\"@id\":\"https:\\\/\\\/secure.gravatar.com\\\/avatar\\\/00d32adb620345c3db2cfc175917f65c584e1e338fdc49ad126aa1f9830eb6a9?s=96&d=mm&r=g\",\"url\":\"https:\\\/\\\/secure.gravatar.com\\\/avatar\\\/00d32adb620345c3db2cfc175917f65c584e1e338fdc49ad126aa1f9830eb6a9?s=96&d=mm&r=g\",\"contentUrl\":\"https:\\\/\\\/secure.gravatar.com\\\/avatar\\\/00d32adb620345c3db2cfc175917f65c584e1e338fdc49ad126aa1f9830eb6a9?s=96&d=mm&r=g\",\"caption\":\"Reporteros Hoy GS\"},\"url\":\"https:\\\/\\\/reporteroshoy.mx\\\/noticias\\\/author\\\/lupis\\\/\"}]}<\/script>\n<!-- \/ Yoast SEO plugin. -->","yoast_head_json":{"title":"Tras ri\u00f1a, polic\u00eda \"corre\" a ba\u00f1istas del malec\u00f3n de Progreso","description":"\"Estamos en una apertura econ\u00f3mica, no social\", argumentaron los elementos policiacos, pese a que en d\u00edas pasados permitieron el acceso de decenas de turistas. Habitantes le echan la culpa a un pleito entre turistas.","robots":{"index":"index","follow":"follow","max-snippet":"max-snippet:-1","max-image-preview":"max-image-preview:large","max-video-preview":"max-video-preview:-1"},"canonical":"https:\/\/reporteroshoy.mx\/noticias\/tras-rina-policias-municipales-corren-a-banistas-del-malecon-de-progreso\/","og_locale":"es_ES","og_type":"article","og_title":"Tras ri\u00f1a, polic\u00eda \"corre\" a ba\u00f1istas del malec\u00f3n de Progreso","og_description":"\"Estamos en una apertura econ\u00f3mica, no social\", argumentaron los elementos policiacos, pese a que en d\u00edas pasados permitieron el acceso de decenas de turistas. Habitantes le echan la culpa a un pleito entre turistas.","og_url":"https:\/\/reporteroshoy.mx\/noticias\/tras-rina-policias-municipales-corren-a-banistas-del-malecon-de-progreso\/","og_site_name":"Reporteros Hoy | Noticias de Yucat\u00e1n","article_publisher":"http:\/\/www.facebook.com\/reporteroshoymx","article_published_time":"2020-10-12T22:30:22+00:00","article_modified_time":"2020-10-13T14:23:52+00:00","og_image":[{"width":768,"height":469,"url":"https:\/\/reporteroshoy.mx\/noticias\/wp-content\/uploads\/2020\/10\/Maleco\u0301n-Progreso.jpg","type":"image\/jpeg"}],"author":"Reporteros Hoy GS","twitter_card":"summary_large_image","twitter_creator":"@reporteroshoy","twitter_site":"@reporteroshoy","twitter_misc":{"Escrito por":"Reporteros Hoy GS","Tiempo de lectura":"1 minuto"},"schema":{"@context":"https:\/\/schema.org","@graph":[{"@type":"Article","@id":"https:\/\/reporteroshoy.mx\/noticias\/tras-rina-policias-municipales-corren-a-banistas-del-malecon-de-progreso\/#article","isPartOf":{"@id":"https:\/\/reporteroshoy.mx\/noticias\/tras-rina-policias-municipales-corren-a-banistas-del-malecon-de-progreso\/"},"author":{"name":"Reporteros Hoy GS","@id":"https:\/\/reporteroshoy.mx\/noticias\/#\/schema\/person\/49ae631fc906b44554e4ba3866c505d7"},"headline":"Tras ri\u00f1a, polic\u00edas municipales \u00abcorren\u00bb a ba\u00f1istas del malec\u00f3n de Progreso","datePublished":"2020-10-12T22:30:22+00:00","dateModified":"2020-10-13T14:23:52+00:00","mainEntityOfPage":{"@id":"https:\/\/reporteroshoy.mx\/noticias\/tras-rina-policias-municipales-corren-a-banistas-del-malecon-de-progreso\/"},"wordCount":266,"commentCount":0,"image":{"@id":"https:\/\/reporteroshoy.mx\/noticias\/tras-rina-policias-municipales-corren-a-banistas-del-malecon-de-progreso\/#primaryimage"},"thumbnailUrl":"https:\/\/reporteroshoy.mx\/noticias\/wp-content\/uploads\/2020\/10\/Maleco\u0301n-Progreso.jpg","keywords":["malec\u00f3n de progreso","Progreso","Yucat\u00e1n Norte"],"articleSection":["Municipios"],"inLanguage":"es","potentialAction":[{"@type":"CommentAction","name":"Comment","target":["https:\/\/reporteroshoy.mx\/noticias\/tras-rina-policias-municipales-corren-a-banistas-del-malecon-de-progreso\/#respond"]}]},{"@type":"WebPage","@id":"https:\/\/reporteroshoy.mx\/noticias\/tras-rina-policias-municipales-corren-a-banistas-del-malecon-de-progreso\/","url":"https:\/\/reporteroshoy.mx\/noticias\/tras-rina-policias-municipales-corren-a-banistas-del-malecon-de-progreso\/","name":"Tras ri\u00f1a, polic\u00eda \"corre\" a ba\u00f1istas del malec\u00f3n de Progreso","isPartOf":{"@id":"https:\/\/reporteroshoy.mx\/noticias\/#website"},"primaryImageOfPage":{"@id":"https:\/\/reporteroshoy.mx\/noticias\/tras-rina-policias-municipales-corren-a-banistas-del-malecon-de-progreso\/#primaryimage"},"image":{"@id":"https:\/\/reporteroshoy.mx\/noticias\/tras-rina-policias-municipales-corren-a-banistas-del-malecon-de-progreso\/#primaryimage"},"thumbnailUrl":"https:\/\/reporteroshoy.mx\/noticias\/wp-content\/uploads\/2020\/10\/Maleco\u0301n-Progreso.jpg","datePublished":"2020-10-12T22:30:22+00:00","dateModified":"2020-10-13T14:23:52+00:00","author":{"@id":"https:\/\/reporteroshoy.mx\/noticias\/#\/schema\/person\/49ae631fc906b44554e4ba3866c505d7"},"description":"\"Estamos en una apertura econ\u00f3mica, no social\", argumentaron los elementos policiacos, pese a que en d\u00edas pasados permitieron el acceso de decenas de turistas. Habitantes le echan la culpa a un pleito entre turistas.","breadcrumb":{"@id":"https:\/\/reporteroshoy.mx\/noticias\/tras-rina-policias-municipales-corren-a-banistas-del-malecon-de-progreso\/#breadcrumb"},"inLanguage":"es","potentialAction":[{"@type":"ReadAction","target":["https:\/\/reporteroshoy.mx\/noticias\/tras-rina-policias-municipales-corren-a-banistas-del-malecon-de-progreso\/"]}]},{"@type":"ImageObject","inLanguage":"es","@id":"https:\/\/reporteroshoy.mx\/noticias\/tras-rina-policias-municipales-corren-a-banistas-del-malecon-de-progreso\/#primaryimage","url":"https:\/\/reporteroshoy.mx\/noticias\/wp-content\/uploads\/2020\/10\/Maleco\u0301n-Progreso.jpg","contentUrl":"https:\/\/reporteroshoy.mx\/noticias\/wp-content\/uploads\/2020\/10\/Maleco\u0301n-Progreso.jpg","width":768,"height":469},{"@type":"BreadcrumbList","@id":"https:\/\/reporteroshoy.mx\/noticias\/tras-rina-policias-municipales-corren-a-banistas-del-malecon-de-progreso\/#breadcrumb","itemListElement":[{"@type":"ListItem","position":1,"name":"Portada","item":"https:\/\/reporteroshoy.mx\/noticias\/"},{"@type":"ListItem","position":2,"name":"Tras ri\u00f1a, polic\u00edas municipales \u00abcorren\u00bb a ba\u00f1istas del malec\u00f3n de Progreso"}]},{"@type":"WebSite","@id":"https:\/\/reporteroshoy.mx\/noticias\/#website","url":"https:\/\/reporteroshoy.mx\/noticias\/","name":"Reporteros Hoy | Noticias de Yucat\u00e1n","description":"Peri\u00f3dico digital con noticias diarias desde M\u00e9rida, Yucat\u00e1n para el mundo.","potentialAction":[{"@type":"SearchAction","target":{"@type":"EntryPoint","urlTemplate":"https:\/\/reporteroshoy.mx\/noticias\/?s={search_term_string}"},"query-input":{"@type":"PropertyValueSpecification","valueRequired":true,"valueName":"search_term_string"}}],"inLanguage":"es"},{"@type":"Person","@id":"https:\/\/reporteroshoy.mx\/noticias\/#\/schema\/person\/49ae631fc906b44554e4ba3866c505d7","name":"Reporteros Hoy GS","image":{"@type":"ImageObject","inLanguage":"es","@id":"https:\/\/secure.gravatar.com\/avatar\/00d32adb620345c3db2cfc175917f65c584e1e338fdc49ad126aa1f9830eb6a9?s=96&d=mm&r=g","url":"https:\/\/secure.gravatar.com\/avatar\/00d32adb620345c3db2cfc175917f65c584e1e338fdc49ad126aa1f9830eb6a9?s=96&d=mm&r=g","contentUrl":"https:\/\/secure.gravatar.com\/avatar\/00d32adb620345c3db2cfc175917f65c584e1e338fdc49ad126aa1f9830eb6a9?s=96&d=mm&r=g","caption":"Reporteros Hoy GS"},"url":"https:\/\/reporteroshoy.mx\/noticias\/author\/lupis\/"}]}},"_links":{"self":[{"href":"https:\/\/reporteroshoy.mx\/noticias\/wp-json\/wp\/v2\/posts\/48181","targetHints":{"allow":["GET"]}}],"collection":[{"href":"https:\/\/reporteroshoy.mx\/noticias\/wp-json\/wp\/v2\/posts"}],"about":[{"href":"https:\/\/reporteroshoy.mx\/noticias\/wp-json\/wp\/v2\/types\/post"}],"author":[{"embeddable":true,"href":"https:\/\/reporteroshoy.mx\/noticias\/wp-json\/wp\/v2\/users\/6"}],"replies":[{"embeddable":true,"href":"https:\/\/reporteroshoy.mx\/noticias\/wp-json\/wp\/v2\/comments?post=48181"}],"version-history":[{"count":0,"href":"https:\/\/reporteroshoy.mx\/noticias\/wp-json\/wp\/v2\/posts\/48181\/revisions"}],"wp:featuredmedia":[{"embeddable":true,"href":"https:\/\/reporteroshoy.mx\/noticias\/wp-json\/wp\/v2\/media\/48182"}],"wp:attachment":[{"href":"https:\/\/reporteroshoy.mx\/noticias\/wp-json\/wp\/v2\/media?parent=48181"}],"wp:term":[{"taxonomy":"category","embeddable":true,"href":"https:\/\/reporteroshoy.mx\/noticias\/wp-json\/wp\/v2\/categories?post=48181"},{"taxonomy":"post_tag","embeddable":true,"href":"https:\/\/reporteroshoy.mx\/noticias\/wp-json\/wp\/v2\/tags?post=48181"}],"curies":[{"name":"wp","href":"https:\/\/api.w.org\/{rel}","templated":true}]}}