{"id":48600,"date":"2020-10-18T14:00:58","date_gmt":"2020-10-18T19:00:58","guid":{"rendered":"https:\/\/reporteroshoy.mx\/noticias\/?p=48600"},"modified":"2020-10-19T14:38:22","modified_gmt":"2020-10-19T19:38:22","slug":"reciben-en-izamal-al-cristo-de-la-exaltacion-de-sitilpech","status":"publish","type":"post","link":"https:\/\/reporteroshoy.mx\/noticias\/reciben-en-izamal-al-cristo-de-la-exaltacion-de-sitilpech\/","title":{"rendered":"Reciben en Izamal al Cristo de la Exaltaci\u00f3n de Sitilpech"},"content":{"rendered":"<p style=\"text-align: justify;\">Izamal, Yucat\u00e1n; 18 de octubre de 2020 (ACOM).- Hoy por la ma\u00f1ana la venerada imagen del Cristo de la Exaltaci\u00f3n sali\u00f3 con rumbo a Izamal para cumplir con la peregrinaci\u00f3n anual que se realiza cada 18 de octubre.<\/p>\n<p style=\"text-align: justify;\">Despu\u00e9s de la misa de despedida que oficio Fray Mario Gabriel Moo Chal\u00e9 la imagen fue depositada en la urna de madera que posteriormente se subi\u00f3 a una camioneta acondicionada para el viaje de aproximadamente 5 kil\u00f3metros hasta la capilla de San Juan en Izamal.<\/p>\n<p style=\"text-align: center;\"><iframe loading=\"lazy\" style=\"border: none; overflow: hidden;\" src=\"https:\/\/www.facebook.com\/plugins\/video.php?href=https%3A%2F%2Fwww.facebook.com%2Freporteroshoy%2Fvideos%2F681189706120118%2F&amp;show_text=0&amp;width=560\" width=\"560\" height=\"308\" frameborder=\"0\" scrolling=\"no\" allowfullscreen=\"allowfullscreen\"><\/iframe><\/p>\n<p style=\"text-align: justify;\">La primeras luces de alba comenzaban a despuntar cuando sali\u00f3 la imagen de la comisar\u00eda y a pesar de la recomendaci\u00f3n de evitar aglomeraciones por el COVID-19 los feligreses viajaron en motos y autom\u00f3viles con rumbo a la Ciudad de las Tres Culturas.<\/p>\n<p style=\"text-align: justify;\">Cerca de las 6: 45 de la ma\u00f1ana el Cristo arrib\u00f3 a la capilla de \u201cSan Juan\u201d donde se celebr\u00f3 la misa de bienvenida, pero antes fue coronado por Fray Mario Gabriel Moo Chal\u00e9.<\/p>\n<p><img loading=\"lazy\" decoding=\"async\" class=\"wp-image-48601 aligncenter\" src=\"https:\/\/reporteroshoy.mx\/noticias\/wp-content\/uploads\/2020\/10\/Cristo-Negro2.jpg\" alt=\"\" width=\"598\" height=\"336\" \/><\/p>\n<p style=\"text-align: justify;\">Por lo general la entrada de la imagen se realiza por la tarde noche en medio del tradicional bronceo que congrega a no menos de 5 mil personas, pero en esta nueva etapa de la llamada nueva normalidad esto no fue posible ya que despu\u00e9s de la ceremonia liturgia nuevamente la imagen fue colocada en la camioneta que lo transport\u00f3 hasta la parroquia de \u201cSan Antonio de Padua\u00bb.<\/p>\n<p style=\"text-align: justify;\">A su llegada al convento franciscano, m\u00e1s de un centenar de fieles recibi\u00f3 al Cristo.<\/p>\n<p><img loading=\"lazy\" decoding=\"async\" class=\"wp-image-48603 aligncenter\" src=\"https:\/\/reporteroshoy.mx\/noticias\/wp-content\/uploads\/2020\/10\/Cristo-Negro1.jpg\" alt=\"\" width=\"598\" height=\"337\" \/><\/p>\n","protected":false},"excerpt":{"rendered":"<p>Una gran cantidad de feligreses recibi\u00f3 a la imagen en el convento franciscano. Se cumpli\u00f3 una vez m\u00e1s la peregrinaci\u00f3n anual.<\/p>\n","protected":false},"author":9,"featured_media":48602,"comment_status":"open","ping_status":"closed","sticky":false,"template":"","format":"standard","meta":{"footnotes":""},"categories":[11],"tags":[7128,239,2020,760],"class_list":["post-48600","post","type-post","status-publish","format-standard","has-post-thumbnail","hentry","category-municipios-de-yucatan","tag-cristo-de-la-exaltacion","tag-izamal","tag-sitilpech","tag-yucatan-centro"],"yoast_head":"<!-- This site is optimized with the Yoast SEO plugin v28.4 - https:\/\/yoast.com\/product\/yoast-seo-wordpress\/ -->\n<title>Reciben en Izamal al Cristo de la Exaltaci\u00f3n de Sitilpech<\/title>\n<meta name=\"description\" content=\"Una gran cantidad de feligreses recibi\u00f3 a la imagen en el convento franciscano. Se cumpli\u00f3 una vez m\u00e1s la peregrinaci\u00f3n anual.\" \/>\n<meta name=\"robots\" content=\"index, follow, max-snippet:-1, max-image-preview:large, max-video-preview:-1\" \/>\n<link rel=\"canonical\" href=\"https:\/\/reporteroshoy.mx\/noticias\/reciben-en-izamal-al-cristo-de-la-exaltacion-de-sitilpech\/\" \/>\n<meta property=\"og:locale\" content=\"es_ES\" \/>\n<meta property=\"og:type\" content=\"article\" \/>\n<meta property=\"og:title\" content=\"Reciben en Izamal al Cristo de la Exaltaci\u00f3n de Sitilpech\" \/>\n<meta property=\"og:description\" content=\"Una gran cantidad de feligreses recibi\u00f3 a la imagen en el convento franciscano. Se cumpli\u00f3 una vez m\u00e1s la peregrinaci\u00f3n anual.\" \/>\n<meta property=\"og:url\" content=\"https:\/\/reporteroshoy.mx\/noticias\/reciben-en-izamal-al-cristo-de-la-exaltacion-de-sitilpech\/\" \/>\n<meta property=\"og:site_name\" content=\"Reporteros Hoy | Noticias de Yucat\u00e1n\" \/>\n<meta property=\"article:publisher\" content=\"http:\/\/www.facebook.com\/reporteroshoymx\" \/>\n<meta property=\"article:published_time\" content=\"2020-10-18T19:00:58+00:00\" \/>\n<meta property=\"article:modified_time\" content=\"2020-10-19T19:38:22+00:00\" \/>\n<meta property=\"og:image\" content=\"https:\/\/reporteroshoy.mx\/noticias\/wp-content\/uploads\/2020\/10\/Cristo-Negro.jpg\" \/>\n\t<meta property=\"og:image:width\" content=\"768\" \/>\n\t<meta property=\"og:image:height\" content=\"432\" \/>\n\t<meta property=\"og:image:type\" content=\"image\/jpeg\" \/>\n<meta name=\"author\" content=\"Reporteros Hoy WP\" \/>\n<meta name=\"twitter:card\" content=\"summary_large_image\" \/>\n<meta name=\"twitter:creator\" content=\"@reporteroshoy\" \/>\n<meta name=\"twitter:site\" content=\"@reporteroshoy\" \/>\n<meta name=\"twitter:label1\" content=\"Escrito por\" \/>\n\t<meta name=\"twitter:data1\" content=\"Reporteros Hoy WP\" \/>\n\t<meta name=\"twitter:label2\" content=\"Tiempo de lectura\" \/>\n\t<meta name=\"twitter:data2\" content=\"1 minuto\" \/>\n<script type=\"application\/ld+json\" class=\"yoast-schema-graph\">{\"@context\":\"https:\\\/\\\/schema.org\",\"@graph\":[{\"@type\":\"Article\",\"@id\":\"https:\\\/\\\/reporteroshoy.mx\\\/noticias\\\/reciben-en-izamal-al-cristo-de-la-exaltacion-de-sitilpech\\\/#article\",\"isPartOf\":{\"@id\":\"https:\\\/\\\/reporteroshoy.mx\\\/noticias\\\/reciben-en-izamal-al-cristo-de-la-exaltacion-de-sitilpech\\\/\"},\"author\":{\"name\":\"Reporteros Hoy WP\",\"@id\":\"https:\\\/\\\/reporteroshoy.mx\\\/noticias\\\/#\\\/schema\\\/person\\\/c977527e57c958a62c5cefe8fe47876e\"},\"headline\":\"Reciben en Izamal al Cristo de la Exaltaci\u00f3n de Sitilpech\",\"datePublished\":\"2020-10-18T19:00:58+00:00\",\"dateModified\":\"2020-10-19T19:38:22+00:00\",\"mainEntityOfPage\":{\"@id\":\"https:\\\/\\\/reporteroshoy.mx\\\/noticias\\\/reciben-en-izamal-al-cristo-de-la-exaltacion-de-sitilpech\\\/\"},\"wordCount\":260,\"commentCount\":0,\"image\":{\"@id\":\"https:\\\/\\\/reporteroshoy.mx\\\/noticias\\\/reciben-en-izamal-al-cristo-de-la-exaltacion-de-sitilpech\\\/#primaryimage\"},\"thumbnailUrl\":\"https:\\\/\\\/reporteroshoy.mx\\\/noticias\\\/wp-content\\\/uploads\\\/2020\\\/10\\\/Cristo-Negro.jpg\",\"keywords\":[\"Cristo de la Exaltaci\u00f3n\",\"izamal\",\"Sitilpech\",\"Yucat\u00e1n Centro\"],\"articleSection\":[\"Municipios\"],\"inLanguage\":\"es\",\"potentialAction\":[{\"@type\":\"CommentAction\",\"name\":\"Comment\",\"target\":[\"https:\\\/\\\/reporteroshoy.mx\\\/noticias\\\/reciben-en-izamal-al-cristo-de-la-exaltacion-de-sitilpech\\\/#respond\"]}]},{\"@type\":\"WebPage\",\"@id\":\"https:\\\/\\\/reporteroshoy.mx\\\/noticias\\\/reciben-en-izamal-al-cristo-de-la-exaltacion-de-sitilpech\\\/\",\"url\":\"https:\\\/\\\/reporteroshoy.mx\\\/noticias\\\/reciben-en-izamal-al-cristo-de-la-exaltacion-de-sitilpech\\\/\",\"name\":\"Reciben en Izamal al Cristo de la Exaltaci\u00f3n de Sitilpech\",\"isPartOf\":{\"@id\":\"https:\\\/\\\/reporteroshoy.mx\\\/noticias\\\/#website\"},\"primaryImageOfPage\":{\"@id\":\"https:\\\/\\\/reporteroshoy.mx\\\/noticias\\\/reciben-en-izamal-al-cristo-de-la-exaltacion-de-sitilpech\\\/#primaryimage\"},\"image\":{\"@id\":\"https:\\\/\\\/reporteroshoy.mx\\\/noticias\\\/reciben-en-izamal-al-cristo-de-la-exaltacion-de-sitilpech\\\/#primaryimage\"},\"thumbnailUrl\":\"https:\\\/\\\/reporteroshoy.mx\\\/noticias\\\/wp-content\\\/uploads\\\/2020\\\/10\\\/Cristo-Negro.jpg\",\"datePublished\":\"2020-10-18T19:00:58+00:00\",\"dateModified\":\"2020-10-19T19:38:22+00:00\",\"author\":{\"@id\":\"https:\\\/\\\/reporteroshoy.mx\\\/noticias\\\/#\\\/schema\\\/person\\\/c977527e57c958a62c5cefe8fe47876e\"},\"description\":\"Una gran cantidad de feligreses recibi\u00f3 a la imagen en el convento franciscano. Se cumpli\u00f3 una vez m\u00e1s la peregrinaci\u00f3n anual.\",\"breadcrumb\":{\"@id\":\"https:\\\/\\\/reporteroshoy.mx\\\/noticias\\\/reciben-en-izamal-al-cristo-de-la-exaltacion-de-sitilpech\\\/#breadcrumb\"},\"inLanguage\":\"es\",\"potentialAction\":[{\"@type\":\"ReadAction\",\"target\":[\"https:\\\/\\\/reporteroshoy.mx\\\/noticias\\\/reciben-en-izamal-al-cristo-de-la-exaltacion-de-sitilpech\\\/\"]}]},{\"@type\":\"ImageObject\",\"inLanguage\":\"es\",\"@id\":\"https:\\\/\\\/reporteroshoy.mx\\\/noticias\\\/reciben-en-izamal-al-cristo-de-la-exaltacion-de-sitilpech\\\/#primaryimage\",\"url\":\"https:\\\/\\\/reporteroshoy.mx\\\/noticias\\\/wp-content\\\/uploads\\\/2020\\\/10\\\/Cristo-Negro.jpg\",\"contentUrl\":\"https:\\\/\\\/reporteroshoy.mx\\\/noticias\\\/wp-content\\\/uploads\\\/2020\\\/10\\\/Cristo-Negro.jpg\",\"width\":768,\"height\":432},{\"@type\":\"BreadcrumbList\",\"@id\":\"https:\\\/\\\/reporteroshoy.mx\\\/noticias\\\/reciben-en-izamal-al-cristo-de-la-exaltacion-de-sitilpech\\\/#breadcrumb\",\"itemListElement\":[{\"@type\":\"ListItem\",\"position\":1,\"name\":\"Portada\",\"item\":\"https:\\\/\\\/reporteroshoy.mx\\\/noticias\\\/\"},{\"@type\":\"ListItem\",\"position\":2,\"name\":\"Reciben en Izamal al Cristo de la Exaltaci\u00f3n de Sitilpech\"}]},{\"@type\":\"WebSite\",\"@id\":\"https:\\\/\\\/reporteroshoy.mx\\\/noticias\\\/#website\",\"url\":\"https:\\\/\\\/reporteroshoy.mx\\\/noticias\\\/\",\"name\":\"Reporteros Hoy | Noticias de Yucat\u00e1n\",\"description\":\"Peri\u00f3dico digital con noticias diarias desde M\u00e9rida, Yucat\u00e1n para el mundo.\",\"potentialAction\":[{\"@type\":\"SearchAction\",\"target\":{\"@type\":\"EntryPoint\",\"urlTemplate\":\"https:\\\/\\\/reporteroshoy.mx\\\/noticias\\\/?s={search_term_string}\"},\"query-input\":{\"@type\":\"PropertyValueSpecification\",\"valueRequired\":true,\"valueName\":\"search_term_string\"}}],\"inLanguage\":\"es\"},{\"@type\":\"Person\",\"@id\":\"https:\\\/\\\/reporteroshoy.mx\\\/noticias\\\/#\\\/schema\\\/person\\\/c977527e57c958a62c5cefe8fe47876e\",\"name\":\"Reporteros Hoy WP\",\"image\":{\"@type\":\"ImageObject\",\"inLanguage\":\"es\",\"@id\":\"https:\\\/\\\/secure.gravatar.com\\\/avatar\\\/fd2917f79a7dae30f8ac9ddc2f35e1756bb59e25e01d1cd09deaa64df7b2f73e?s=96&d=mm&r=g\",\"url\":\"https:\\\/\\\/secure.gravatar.com\\\/avatar\\\/fd2917f79a7dae30f8ac9ddc2f35e1756bb59e25e01d1cd09deaa64df7b2f73e?s=96&d=mm&r=g\",\"contentUrl\":\"https:\\\/\\\/secure.gravatar.com\\\/avatar\\\/fd2917f79a7dae30f8ac9ddc2f35e1756bb59e25e01d1cd09deaa64df7b2f73e?s=96&d=mm&r=g\",\"caption\":\"Reporteros Hoy WP\"},\"url\":\"https:\\\/\\\/reporteroshoy.mx\\\/noticias\\\/author\\\/walfer\\\/\"}]}<\/script>\n<!-- \/ Yoast SEO plugin. -->","yoast_head_json":{"title":"Reciben en Izamal al Cristo de la Exaltaci\u00f3n de Sitilpech","description":"Una gran cantidad de feligreses recibi\u00f3 a la imagen en el convento franciscano. Se cumpli\u00f3 una vez m\u00e1s la peregrinaci\u00f3n anual.","robots":{"index":"index","follow":"follow","max-snippet":"max-snippet:-1","max-image-preview":"max-image-preview:large","max-video-preview":"max-video-preview:-1"},"canonical":"https:\/\/reporteroshoy.mx\/noticias\/reciben-en-izamal-al-cristo-de-la-exaltacion-de-sitilpech\/","og_locale":"es_ES","og_type":"article","og_title":"Reciben en Izamal al Cristo de la Exaltaci\u00f3n de Sitilpech","og_description":"Una gran cantidad de feligreses recibi\u00f3 a la imagen en el convento franciscano. Se cumpli\u00f3 una vez m\u00e1s la peregrinaci\u00f3n anual.","og_url":"https:\/\/reporteroshoy.mx\/noticias\/reciben-en-izamal-al-cristo-de-la-exaltacion-de-sitilpech\/","og_site_name":"Reporteros Hoy | Noticias de Yucat\u00e1n","article_publisher":"http:\/\/www.facebook.com\/reporteroshoymx","article_published_time":"2020-10-18T19:00:58+00:00","article_modified_time":"2020-10-19T19:38:22+00:00","og_image":[{"width":768,"height":432,"url":"https:\/\/reporteroshoy.mx\/noticias\/wp-content\/uploads\/2020\/10\/Cristo-Negro.jpg","type":"image\/jpeg"}],"author":"Reporteros Hoy WP","twitter_card":"summary_large_image","twitter_creator":"@reporteroshoy","twitter_site":"@reporteroshoy","twitter_misc":{"Escrito por":"Reporteros Hoy WP","Tiempo de lectura":"1 minuto"},"schema":{"@context":"https:\/\/schema.org","@graph":[{"@type":"Article","@id":"https:\/\/reporteroshoy.mx\/noticias\/reciben-en-izamal-al-cristo-de-la-exaltacion-de-sitilpech\/#article","isPartOf":{"@id":"https:\/\/reporteroshoy.mx\/noticias\/reciben-en-izamal-al-cristo-de-la-exaltacion-de-sitilpech\/"},"author":{"name":"Reporteros Hoy WP","@id":"https:\/\/reporteroshoy.mx\/noticias\/#\/schema\/person\/c977527e57c958a62c5cefe8fe47876e"},"headline":"Reciben en Izamal al Cristo de la Exaltaci\u00f3n de Sitilpech","datePublished":"2020-10-18T19:00:58+00:00","dateModified":"2020-10-19T19:38:22+00:00","mainEntityOfPage":{"@id":"https:\/\/reporteroshoy.mx\/noticias\/reciben-en-izamal-al-cristo-de-la-exaltacion-de-sitilpech\/"},"wordCount":260,"commentCount":0,"image":{"@id":"https:\/\/reporteroshoy.mx\/noticias\/reciben-en-izamal-al-cristo-de-la-exaltacion-de-sitilpech\/#primaryimage"},"thumbnailUrl":"https:\/\/reporteroshoy.mx\/noticias\/wp-content\/uploads\/2020\/10\/Cristo-Negro.jpg","keywords":["Cristo de la Exaltaci\u00f3n","izamal","Sitilpech","Yucat\u00e1n Centro"],"articleSection":["Municipios"],"inLanguage":"es","potentialAction":[{"@type":"CommentAction","name":"Comment","target":["https:\/\/reporteroshoy.mx\/noticias\/reciben-en-izamal-al-cristo-de-la-exaltacion-de-sitilpech\/#respond"]}]},{"@type":"WebPage","@id":"https:\/\/reporteroshoy.mx\/noticias\/reciben-en-izamal-al-cristo-de-la-exaltacion-de-sitilpech\/","url":"https:\/\/reporteroshoy.mx\/noticias\/reciben-en-izamal-al-cristo-de-la-exaltacion-de-sitilpech\/","name":"Reciben en Izamal al Cristo de la Exaltaci\u00f3n de Sitilpech","isPartOf":{"@id":"https:\/\/reporteroshoy.mx\/noticias\/#website"},"primaryImageOfPage":{"@id":"https:\/\/reporteroshoy.mx\/noticias\/reciben-en-izamal-al-cristo-de-la-exaltacion-de-sitilpech\/#primaryimage"},"image":{"@id":"https:\/\/reporteroshoy.mx\/noticias\/reciben-en-izamal-al-cristo-de-la-exaltacion-de-sitilpech\/#primaryimage"},"thumbnailUrl":"https:\/\/reporteroshoy.mx\/noticias\/wp-content\/uploads\/2020\/10\/Cristo-Negro.jpg","datePublished":"2020-10-18T19:00:58+00:00","dateModified":"2020-10-19T19:38:22+00:00","author":{"@id":"https:\/\/reporteroshoy.mx\/noticias\/#\/schema\/person\/c977527e57c958a62c5cefe8fe47876e"},"description":"Una gran cantidad de feligreses recibi\u00f3 a la imagen en el convento franciscano. Se cumpli\u00f3 una vez m\u00e1s la peregrinaci\u00f3n anual.","breadcrumb":{"@id":"https:\/\/reporteroshoy.mx\/noticias\/reciben-en-izamal-al-cristo-de-la-exaltacion-de-sitilpech\/#breadcrumb"},"inLanguage":"es","potentialAction":[{"@type":"ReadAction","target":["https:\/\/reporteroshoy.mx\/noticias\/reciben-en-izamal-al-cristo-de-la-exaltacion-de-sitilpech\/"]}]},{"@type":"ImageObject","inLanguage":"es","@id":"https:\/\/reporteroshoy.mx\/noticias\/reciben-en-izamal-al-cristo-de-la-exaltacion-de-sitilpech\/#primaryimage","url":"https:\/\/reporteroshoy.mx\/noticias\/wp-content\/uploads\/2020\/10\/Cristo-Negro.jpg","contentUrl":"https:\/\/reporteroshoy.mx\/noticias\/wp-content\/uploads\/2020\/10\/Cristo-Negro.jpg","width":768,"height":432},{"@type":"BreadcrumbList","@id":"https:\/\/reporteroshoy.mx\/noticias\/reciben-en-izamal-al-cristo-de-la-exaltacion-de-sitilpech\/#breadcrumb","itemListElement":[{"@type":"ListItem","position":1,"name":"Portada","item":"https:\/\/reporteroshoy.mx\/noticias\/"},{"@type":"ListItem","position":2,"name":"Reciben en Izamal al Cristo de la Exaltaci\u00f3n de Sitilpech"}]},{"@type":"WebSite","@id":"https:\/\/reporteroshoy.mx\/noticias\/#website","url":"https:\/\/reporteroshoy.mx\/noticias\/","name":"Reporteros Hoy | Noticias de Yucat\u00e1n","description":"Peri\u00f3dico digital con noticias diarias desde M\u00e9rida, Yucat\u00e1n para el mundo.","potentialAction":[{"@type":"SearchAction","target":{"@type":"EntryPoint","urlTemplate":"https:\/\/reporteroshoy.mx\/noticias\/?s={search_term_string}"},"query-input":{"@type":"PropertyValueSpecification","valueRequired":true,"valueName":"search_term_string"}}],"inLanguage":"es"},{"@type":"Person","@id":"https:\/\/reporteroshoy.mx\/noticias\/#\/schema\/person\/c977527e57c958a62c5cefe8fe47876e","name":"Reporteros Hoy WP","image":{"@type":"ImageObject","inLanguage":"es","@id":"https:\/\/secure.gravatar.com\/avatar\/fd2917f79a7dae30f8ac9ddc2f35e1756bb59e25e01d1cd09deaa64df7b2f73e?s=96&d=mm&r=g","url":"https:\/\/secure.gravatar.com\/avatar\/fd2917f79a7dae30f8ac9ddc2f35e1756bb59e25e01d1cd09deaa64df7b2f73e?s=96&d=mm&r=g","contentUrl":"https:\/\/secure.gravatar.com\/avatar\/fd2917f79a7dae30f8ac9ddc2f35e1756bb59e25e01d1cd09deaa64df7b2f73e?s=96&d=mm&r=g","caption":"Reporteros Hoy WP"},"url":"https:\/\/reporteroshoy.mx\/noticias\/author\/walfer\/"}]}},"_links":{"self":[{"href":"https:\/\/reporteroshoy.mx\/noticias\/wp-json\/wp\/v2\/posts\/48600","targetHints":{"allow":["GET"]}}],"collection":[{"href":"https:\/\/reporteroshoy.mx\/noticias\/wp-json\/wp\/v2\/posts"}],"about":[{"href":"https:\/\/reporteroshoy.mx\/noticias\/wp-json\/wp\/v2\/types\/post"}],"author":[{"embeddable":true,"href":"https:\/\/reporteroshoy.mx\/noticias\/wp-json\/wp\/v2\/users\/9"}],"replies":[{"embeddable":true,"href":"https:\/\/reporteroshoy.mx\/noticias\/wp-json\/wp\/v2\/comments?post=48600"}],"version-history":[{"count":0,"href":"https:\/\/reporteroshoy.mx\/noticias\/wp-json\/wp\/v2\/posts\/48600\/revisions"}],"wp:featuredmedia":[{"embeddable":true,"href":"https:\/\/reporteroshoy.mx\/noticias\/wp-json\/wp\/v2\/media\/48602"}],"wp:attachment":[{"href":"https:\/\/reporteroshoy.mx\/noticias\/wp-json\/wp\/v2\/media?parent=48600"}],"wp:term":[{"taxonomy":"category","embeddable":true,"href":"https:\/\/reporteroshoy.mx\/noticias\/wp-json\/wp\/v2\/categories?post=48600"},{"taxonomy":"post_tag","embeddable":true,"href":"https:\/\/reporteroshoy.mx\/noticias\/wp-json\/wp\/v2\/tags?post=48600"}],"curies":[{"name":"wp","href":"https:\/\/api.w.org\/{rel}","templated":true}]}}