{"id":48648,"date":"2020-10-19T11:30:35","date_gmt":"2020-10-19T16:30:35","guid":{"rendered":"https:\/\/reporteroshoy.mx\/noticias\/?p=48648"},"modified":"2020-10-19T14:40:03","modified_gmt":"2020-10-19T19:40:03","slug":"iban-por-trabajo-pero-acaban-en-el-hospital-y-con-el-auto-destrozado","status":"publish","type":"post","link":"https:\/\/reporteroshoy.mx\/noticias\/iban-por-trabajo-pero-acaban-en-el-hospital-y-con-el-auto-destrozado\/","title":{"rendered":"Iban por trabajo, pero acaban en el hospital y con el auto destrozado"},"content":{"rendered":"<p style=\"text-align: justify;\">Kanas\u00edn, Yucat\u00e1n; 19 de octubre de 2020 (ACOM).- Un mal d\u00eda vivi\u00f3 un grupo de amigos, pues desde muy temprano salieron de Izamal para ir en busca de trabajo en Kanas\u00edn, pero los chocaron y acabaron en el hospital.<\/p>\n<p><img loading=\"lazy\" decoding=\"async\" class=\"wp-image-48650 aligncenter\" src=\"https:\/\/reporteroshoy.mx\/noticias\/wp-content\/uploads\/2020\/10\/Accidente1.jpg\" alt=\"\" width=\"600\" height=\"338\" \/><\/p>\n<p style=\"text-align: justify;\">El accidente ocurri\u00f3 en la M\u00e9rida-Acanceh, cuando Guillermo junto a cuatro amigos transitaban en un Volchito con placas UVR-594-D cuando de repente el conductor de un Versa los impact\u00f3 por detr\u00e1s hasta mandarlos al camell\u00f3n central.<\/p>\n<p><img loading=\"lazy\" decoding=\"async\" class=\"wp-image-48651 aligncenter\" src=\"https:\/\/reporteroshoy.mx\/noticias\/wp-content\/uploads\/2020\/10\/Accidente2-scaled.jpg\" alt=\"\" width=\"602\" height=\"339\" \/><\/p>\n<p style=\"text-align: justify;\">Por el fuerte impacto cuatro personas fueron trasladadas a un hospital en M\u00e9rida por las lesiones que presentaron.<\/p>\n<p style=\"text-align: justify;\">Ambos veh\u00edculos terminaron destrozados. Da\u00f1os que se encargar\u00e1 de pagar el seguro del Versa.<\/p>\n<p style=\"text-align: center;\"><iframe loading=\"lazy\" style=\"border: none; overflow: hidden;\" src=\"https:\/\/www.facebook.com\/plugins\/video.php?href=https%3A%2F%2Fwww.facebook.com%2Freporteroshoy%2Fvideos%2F674646976761612%2F&amp;show_text=0&amp;width=560\" width=\"560\" height=\"315\" frameborder=\"0\" scrolling=\"no\" allowfullscreen=\"allowfullscreen\"><\/iframe><\/p>\n","protected":false},"excerpt":{"rendered":"<p>Desde muy temprano salieron de Izamal para ir a buscar empleo en Kanas\u00edn, pero en el camino un Versa los impact\u00f3 brutalmente por detr\u00e1s.<\/p>\n","protected":false},"author":9,"featured_media":48649,"comment_status":"open","ping_status":"closed","sticky":false,"template":"","format":"standard","meta":{"footnotes":""},"categories":[11],"tags":[146,9399,152,2860,9146],"class_list":["post-48648","post","type-post","status-publish","format-standard","has-post-thumbnail","hentry","category-municipios-de-yucatan","tag-accidente","tag-amigos","tag-empleo","tag-versa","tag-vocho"],"yoast_head":"<!-- This site is optimized with the Yoast SEO plugin v28.4 - https:\/\/yoast.com\/product\/yoast-seo-wordpress\/ -->\n<title>Iban por trabajo, pero acaban en el hospital y con el auto destrozado<\/title>\n<meta name=\"description\" content=\"Desde muy temprano salieron de Izamal para ir a buscar empleo en Kanas\u00edn, pero en el camino un Versa los impact\u00f3 brutalmente por detr\u00e1s.\" \/>\n<meta name=\"robots\" content=\"index, follow, max-snippet:-1, max-image-preview:large, max-video-preview:-1\" \/>\n<link rel=\"canonical\" href=\"https:\/\/reporteroshoy.mx\/noticias\/iban-por-trabajo-pero-acaban-en-el-hospital-y-con-el-auto-destrozado\/\" \/>\n<meta property=\"og:locale\" content=\"es_ES\" \/>\n<meta property=\"og:type\" content=\"article\" \/>\n<meta property=\"og:title\" content=\"Iban por trabajo, pero acaban en el hospital y con el auto destrozado\" \/>\n<meta property=\"og:description\" content=\"Desde muy temprano salieron de Izamal para ir a buscar empleo en Kanas\u00edn, pero en el camino un Versa los impact\u00f3 brutalmente por detr\u00e1s.\" \/>\n<meta property=\"og:url\" content=\"https:\/\/reporteroshoy.mx\/noticias\/iban-por-trabajo-pero-acaban-en-el-hospital-y-con-el-auto-destrozado\/\" \/>\n<meta property=\"og:site_name\" content=\"Reporteros Hoy | Noticias de Yucat\u00e1n\" \/>\n<meta property=\"article:publisher\" content=\"http:\/\/www.facebook.com\/reporteroshoymx\" \/>\n<meta property=\"article:published_time\" content=\"2020-10-19T16:30:35+00:00\" \/>\n<meta property=\"article:modified_time\" content=\"2020-10-19T19:40:03+00:00\" \/>\n<meta property=\"og:image\" content=\"https:\/\/reporteroshoy.mx\/noticias\/wp-content\/uploads\/2020\/10\/Accidente.jpg\" \/>\n\t<meta property=\"og:image:width\" content=\"768\" \/>\n\t<meta property=\"og:image:height\" content=\"432\" \/>\n\t<meta property=\"og:image:type\" content=\"image\/jpeg\" \/>\n<meta name=\"author\" content=\"Reporteros Hoy WP\" \/>\n<meta name=\"twitter:card\" content=\"summary_large_image\" \/>\n<meta name=\"twitter:creator\" content=\"@reporteroshoy\" \/>\n<meta name=\"twitter:site\" content=\"@reporteroshoy\" \/>\n<meta name=\"twitter:label1\" content=\"Escrito por\" \/>\n\t<meta name=\"twitter:data1\" content=\"Reporteros Hoy WP\" \/>\n\t<meta name=\"twitter:label2\" content=\"Tiempo de lectura\" \/>\n\t<meta name=\"twitter:data2\" content=\"1 minuto\" \/>\n<script type=\"application\/ld+json\" class=\"yoast-schema-graph\">{\"@context\":\"https:\\\/\\\/schema.org\",\"@graph\":[{\"@type\":\"Article\",\"@id\":\"https:\\\/\\\/reporteroshoy.mx\\\/noticias\\\/iban-por-trabajo-pero-acaban-en-el-hospital-y-con-el-auto-destrozado\\\/#article\",\"isPartOf\":{\"@id\":\"https:\\\/\\\/reporteroshoy.mx\\\/noticias\\\/iban-por-trabajo-pero-acaban-en-el-hospital-y-con-el-auto-destrozado\\\/\"},\"author\":{\"name\":\"Reporteros Hoy WP\",\"@id\":\"https:\\\/\\\/reporteroshoy.mx\\\/noticias\\\/#\\\/schema\\\/person\\\/c977527e57c958a62c5cefe8fe47876e\"},\"headline\":\"Iban por trabajo, pero acaban en el hospital y con el auto destrozado\",\"datePublished\":\"2020-10-19T16:30:35+00:00\",\"dateModified\":\"2020-10-19T19:40:03+00:00\",\"mainEntityOfPage\":{\"@id\":\"https:\\\/\\\/reporteroshoy.mx\\\/noticias\\\/iban-por-trabajo-pero-acaban-en-el-hospital-y-con-el-auto-destrozado\\\/\"},\"wordCount\":130,\"commentCount\":0,\"image\":{\"@id\":\"https:\\\/\\\/reporteroshoy.mx\\\/noticias\\\/iban-por-trabajo-pero-acaban-en-el-hospital-y-con-el-auto-destrozado\\\/#primaryimage\"},\"thumbnailUrl\":\"https:\\\/\\\/reporteroshoy.mx\\\/noticias\\\/wp-content\\\/uploads\\\/2020\\\/10\\\/Accidente.jpg\",\"keywords\":[\"accidente\",\"Amigos\",\"empleo\",\"Versa\",\"Vocho\"],\"articleSection\":[\"Municipios\"],\"inLanguage\":\"es\",\"potentialAction\":[{\"@type\":\"CommentAction\",\"name\":\"Comment\",\"target\":[\"https:\\\/\\\/reporteroshoy.mx\\\/noticias\\\/iban-por-trabajo-pero-acaban-en-el-hospital-y-con-el-auto-destrozado\\\/#respond\"]}]},{\"@type\":\"WebPage\",\"@id\":\"https:\\\/\\\/reporteroshoy.mx\\\/noticias\\\/iban-por-trabajo-pero-acaban-en-el-hospital-y-con-el-auto-destrozado\\\/\",\"url\":\"https:\\\/\\\/reporteroshoy.mx\\\/noticias\\\/iban-por-trabajo-pero-acaban-en-el-hospital-y-con-el-auto-destrozado\\\/\",\"name\":\"Iban por trabajo, pero acaban en el hospital y con el auto destrozado\",\"isPartOf\":{\"@id\":\"https:\\\/\\\/reporteroshoy.mx\\\/noticias\\\/#website\"},\"primaryImageOfPage\":{\"@id\":\"https:\\\/\\\/reporteroshoy.mx\\\/noticias\\\/iban-por-trabajo-pero-acaban-en-el-hospital-y-con-el-auto-destrozado\\\/#primaryimage\"},\"image\":{\"@id\":\"https:\\\/\\\/reporteroshoy.mx\\\/noticias\\\/iban-por-trabajo-pero-acaban-en-el-hospital-y-con-el-auto-destrozado\\\/#primaryimage\"},\"thumbnailUrl\":\"https:\\\/\\\/reporteroshoy.mx\\\/noticias\\\/wp-content\\\/uploads\\\/2020\\\/10\\\/Accidente.jpg\",\"datePublished\":\"2020-10-19T16:30:35+00:00\",\"dateModified\":\"2020-10-19T19:40:03+00:00\",\"author\":{\"@id\":\"https:\\\/\\\/reporteroshoy.mx\\\/noticias\\\/#\\\/schema\\\/person\\\/c977527e57c958a62c5cefe8fe47876e\"},\"description\":\"Desde muy temprano salieron de Izamal para ir a buscar empleo en Kanas\u00edn, pero en el camino un Versa los impact\u00f3 brutalmente por detr\u00e1s.\",\"breadcrumb\":{\"@id\":\"https:\\\/\\\/reporteroshoy.mx\\\/noticias\\\/iban-por-trabajo-pero-acaban-en-el-hospital-y-con-el-auto-destrozado\\\/#breadcrumb\"},\"inLanguage\":\"es\",\"potentialAction\":[{\"@type\":\"ReadAction\",\"target\":[\"https:\\\/\\\/reporteroshoy.mx\\\/noticias\\\/iban-por-trabajo-pero-acaban-en-el-hospital-y-con-el-auto-destrozado\\\/\"]}]},{\"@type\":\"ImageObject\",\"inLanguage\":\"es\",\"@id\":\"https:\\\/\\\/reporteroshoy.mx\\\/noticias\\\/iban-por-trabajo-pero-acaban-en-el-hospital-y-con-el-auto-destrozado\\\/#primaryimage\",\"url\":\"https:\\\/\\\/reporteroshoy.mx\\\/noticias\\\/wp-content\\\/uploads\\\/2020\\\/10\\\/Accidente.jpg\",\"contentUrl\":\"https:\\\/\\\/reporteroshoy.mx\\\/noticias\\\/wp-content\\\/uploads\\\/2020\\\/10\\\/Accidente.jpg\",\"width\":768,\"height\":432},{\"@type\":\"BreadcrumbList\",\"@id\":\"https:\\\/\\\/reporteroshoy.mx\\\/noticias\\\/iban-por-trabajo-pero-acaban-en-el-hospital-y-con-el-auto-destrozado\\\/#breadcrumb\",\"itemListElement\":[{\"@type\":\"ListItem\",\"position\":1,\"name\":\"Portada\",\"item\":\"https:\\\/\\\/reporteroshoy.mx\\\/noticias\\\/\"},{\"@type\":\"ListItem\",\"position\":2,\"name\":\"Iban por trabajo, pero acaban en el hospital y con el auto destrozado\"}]},{\"@type\":\"WebSite\",\"@id\":\"https:\\\/\\\/reporteroshoy.mx\\\/noticias\\\/#website\",\"url\":\"https:\\\/\\\/reporteroshoy.mx\\\/noticias\\\/\",\"name\":\"Reporteros Hoy | Noticias de Yucat\u00e1n\",\"description\":\"Peri\u00f3dico digital con noticias diarias desde M\u00e9rida, Yucat\u00e1n para el mundo.\",\"potentialAction\":[{\"@type\":\"SearchAction\",\"target\":{\"@type\":\"EntryPoint\",\"urlTemplate\":\"https:\\\/\\\/reporteroshoy.mx\\\/noticias\\\/?s={search_term_string}\"},\"query-input\":{\"@type\":\"PropertyValueSpecification\",\"valueRequired\":true,\"valueName\":\"search_term_string\"}}],\"inLanguage\":\"es\"},{\"@type\":\"Person\",\"@id\":\"https:\\\/\\\/reporteroshoy.mx\\\/noticias\\\/#\\\/schema\\\/person\\\/c977527e57c958a62c5cefe8fe47876e\",\"name\":\"Reporteros Hoy WP\",\"image\":{\"@type\":\"ImageObject\",\"inLanguage\":\"es\",\"@id\":\"https:\\\/\\\/secure.gravatar.com\\\/avatar\\\/fd2917f79a7dae30f8ac9ddc2f35e1756bb59e25e01d1cd09deaa64df7b2f73e?s=96&d=mm&r=g\",\"url\":\"https:\\\/\\\/secure.gravatar.com\\\/avatar\\\/fd2917f79a7dae30f8ac9ddc2f35e1756bb59e25e01d1cd09deaa64df7b2f73e?s=96&d=mm&r=g\",\"contentUrl\":\"https:\\\/\\\/secure.gravatar.com\\\/avatar\\\/fd2917f79a7dae30f8ac9ddc2f35e1756bb59e25e01d1cd09deaa64df7b2f73e?s=96&d=mm&r=g\",\"caption\":\"Reporteros Hoy WP\"},\"url\":\"https:\\\/\\\/reporteroshoy.mx\\\/noticias\\\/author\\\/walfer\\\/\"}]}<\/script>\n<!-- \/ Yoast SEO plugin. -->","yoast_head_json":{"title":"Iban por trabajo, pero acaban en el hospital y con el auto destrozado","description":"Desde muy temprano salieron de Izamal para ir a buscar empleo en Kanas\u00edn, pero en el camino un Versa los impact\u00f3 brutalmente por detr\u00e1s.","robots":{"index":"index","follow":"follow","max-snippet":"max-snippet:-1","max-image-preview":"max-image-preview:large","max-video-preview":"max-video-preview:-1"},"canonical":"https:\/\/reporteroshoy.mx\/noticias\/iban-por-trabajo-pero-acaban-en-el-hospital-y-con-el-auto-destrozado\/","og_locale":"es_ES","og_type":"article","og_title":"Iban por trabajo, pero acaban en el hospital y con el auto destrozado","og_description":"Desde muy temprano salieron de Izamal para ir a buscar empleo en Kanas\u00edn, pero en el camino un Versa los impact\u00f3 brutalmente por detr\u00e1s.","og_url":"https:\/\/reporteroshoy.mx\/noticias\/iban-por-trabajo-pero-acaban-en-el-hospital-y-con-el-auto-destrozado\/","og_site_name":"Reporteros Hoy | Noticias de Yucat\u00e1n","article_publisher":"http:\/\/www.facebook.com\/reporteroshoymx","article_published_time":"2020-10-19T16:30:35+00:00","article_modified_time":"2020-10-19T19:40:03+00:00","og_image":[{"width":768,"height":432,"url":"https:\/\/reporteroshoy.mx\/noticias\/wp-content\/uploads\/2020\/10\/Accidente.jpg","type":"image\/jpeg"}],"author":"Reporteros Hoy WP","twitter_card":"summary_large_image","twitter_creator":"@reporteroshoy","twitter_site":"@reporteroshoy","twitter_misc":{"Escrito por":"Reporteros Hoy WP","Tiempo de lectura":"1 minuto"},"schema":{"@context":"https:\/\/schema.org","@graph":[{"@type":"Article","@id":"https:\/\/reporteroshoy.mx\/noticias\/iban-por-trabajo-pero-acaban-en-el-hospital-y-con-el-auto-destrozado\/#article","isPartOf":{"@id":"https:\/\/reporteroshoy.mx\/noticias\/iban-por-trabajo-pero-acaban-en-el-hospital-y-con-el-auto-destrozado\/"},"author":{"name":"Reporteros Hoy WP","@id":"https:\/\/reporteroshoy.mx\/noticias\/#\/schema\/person\/c977527e57c958a62c5cefe8fe47876e"},"headline":"Iban por trabajo, pero acaban en el hospital y con el auto destrozado","datePublished":"2020-10-19T16:30:35+00:00","dateModified":"2020-10-19T19:40:03+00:00","mainEntityOfPage":{"@id":"https:\/\/reporteroshoy.mx\/noticias\/iban-por-trabajo-pero-acaban-en-el-hospital-y-con-el-auto-destrozado\/"},"wordCount":130,"commentCount":0,"image":{"@id":"https:\/\/reporteroshoy.mx\/noticias\/iban-por-trabajo-pero-acaban-en-el-hospital-y-con-el-auto-destrozado\/#primaryimage"},"thumbnailUrl":"https:\/\/reporteroshoy.mx\/noticias\/wp-content\/uploads\/2020\/10\/Accidente.jpg","keywords":["accidente","Amigos","empleo","Versa","Vocho"],"articleSection":["Municipios"],"inLanguage":"es","potentialAction":[{"@type":"CommentAction","name":"Comment","target":["https:\/\/reporteroshoy.mx\/noticias\/iban-por-trabajo-pero-acaban-en-el-hospital-y-con-el-auto-destrozado\/#respond"]}]},{"@type":"WebPage","@id":"https:\/\/reporteroshoy.mx\/noticias\/iban-por-trabajo-pero-acaban-en-el-hospital-y-con-el-auto-destrozado\/","url":"https:\/\/reporteroshoy.mx\/noticias\/iban-por-trabajo-pero-acaban-en-el-hospital-y-con-el-auto-destrozado\/","name":"Iban por trabajo, pero acaban en el hospital y con el auto destrozado","isPartOf":{"@id":"https:\/\/reporteroshoy.mx\/noticias\/#website"},"primaryImageOfPage":{"@id":"https:\/\/reporteroshoy.mx\/noticias\/iban-por-trabajo-pero-acaban-en-el-hospital-y-con-el-auto-destrozado\/#primaryimage"},"image":{"@id":"https:\/\/reporteroshoy.mx\/noticias\/iban-por-trabajo-pero-acaban-en-el-hospital-y-con-el-auto-destrozado\/#primaryimage"},"thumbnailUrl":"https:\/\/reporteroshoy.mx\/noticias\/wp-content\/uploads\/2020\/10\/Accidente.jpg","datePublished":"2020-10-19T16:30:35+00:00","dateModified":"2020-10-19T19:40:03+00:00","author":{"@id":"https:\/\/reporteroshoy.mx\/noticias\/#\/schema\/person\/c977527e57c958a62c5cefe8fe47876e"},"description":"Desde muy temprano salieron de Izamal para ir a buscar empleo en Kanas\u00edn, pero en el camino un Versa los impact\u00f3 brutalmente por detr\u00e1s.","breadcrumb":{"@id":"https:\/\/reporteroshoy.mx\/noticias\/iban-por-trabajo-pero-acaban-en-el-hospital-y-con-el-auto-destrozado\/#breadcrumb"},"inLanguage":"es","potentialAction":[{"@type":"ReadAction","target":["https:\/\/reporteroshoy.mx\/noticias\/iban-por-trabajo-pero-acaban-en-el-hospital-y-con-el-auto-destrozado\/"]}]},{"@type":"ImageObject","inLanguage":"es","@id":"https:\/\/reporteroshoy.mx\/noticias\/iban-por-trabajo-pero-acaban-en-el-hospital-y-con-el-auto-destrozado\/#primaryimage","url":"https:\/\/reporteroshoy.mx\/noticias\/wp-content\/uploads\/2020\/10\/Accidente.jpg","contentUrl":"https:\/\/reporteroshoy.mx\/noticias\/wp-content\/uploads\/2020\/10\/Accidente.jpg","width":768,"height":432},{"@type":"BreadcrumbList","@id":"https:\/\/reporteroshoy.mx\/noticias\/iban-por-trabajo-pero-acaban-en-el-hospital-y-con-el-auto-destrozado\/#breadcrumb","itemListElement":[{"@type":"ListItem","position":1,"name":"Portada","item":"https:\/\/reporteroshoy.mx\/noticias\/"},{"@type":"ListItem","position":2,"name":"Iban por trabajo, pero acaban en el hospital y con el auto destrozado"}]},{"@type":"WebSite","@id":"https:\/\/reporteroshoy.mx\/noticias\/#website","url":"https:\/\/reporteroshoy.mx\/noticias\/","name":"Reporteros Hoy | Noticias de Yucat\u00e1n","description":"Peri\u00f3dico digital con noticias diarias desde M\u00e9rida, Yucat\u00e1n para el mundo.","potentialAction":[{"@type":"SearchAction","target":{"@type":"EntryPoint","urlTemplate":"https:\/\/reporteroshoy.mx\/noticias\/?s={search_term_string}"},"query-input":{"@type":"PropertyValueSpecification","valueRequired":true,"valueName":"search_term_string"}}],"inLanguage":"es"},{"@type":"Person","@id":"https:\/\/reporteroshoy.mx\/noticias\/#\/schema\/person\/c977527e57c958a62c5cefe8fe47876e","name":"Reporteros Hoy WP","image":{"@type":"ImageObject","inLanguage":"es","@id":"https:\/\/secure.gravatar.com\/avatar\/fd2917f79a7dae30f8ac9ddc2f35e1756bb59e25e01d1cd09deaa64df7b2f73e?s=96&d=mm&r=g","url":"https:\/\/secure.gravatar.com\/avatar\/fd2917f79a7dae30f8ac9ddc2f35e1756bb59e25e01d1cd09deaa64df7b2f73e?s=96&d=mm&r=g","contentUrl":"https:\/\/secure.gravatar.com\/avatar\/fd2917f79a7dae30f8ac9ddc2f35e1756bb59e25e01d1cd09deaa64df7b2f73e?s=96&d=mm&r=g","caption":"Reporteros Hoy WP"},"url":"https:\/\/reporteroshoy.mx\/noticias\/author\/walfer\/"}]}},"_links":{"self":[{"href":"https:\/\/reporteroshoy.mx\/noticias\/wp-json\/wp\/v2\/posts\/48648","targetHints":{"allow":["GET"]}}],"collection":[{"href":"https:\/\/reporteroshoy.mx\/noticias\/wp-json\/wp\/v2\/posts"}],"about":[{"href":"https:\/\/reporteroshoy.mx\/noticias\/wp-json\/wp\/v2\/types\/post"}],"author":[{"embeddable":true,"href":"https:\/\/reporteroshoy.mx\/noticias\/wp-json\/wp\/v2\/users\/9"}],"replies":[{"embeddable":true,"href":"https:\/\/reporteroshoy.mx\/noticias\/wp-json\/wp\/v2\/comments?post=48648"}],"version-history":[{"count":0,"href":"https:\/\/reporteroshoy.mx\/noticias\/wp-json\/wp\/v2\/posts\/48648\/revisions"}],"wp:featuredmedia":[{"embeddable":true,"href":"https:\/\/reporteroshoy.mx\/noticias\/wp-json\/wp\/v2\/media\/48649"}],"wp:attachment":[{"href":"https:\/\/reporteroshoy.mx\/noticias\/wp-json\/wp\/v2\/media?parent=48648"}],"wp:term":[{"taxonomy":"category","embeddable":true,"href":"https:\/\/reporteroshoy.mx\/noticias\/wp-json\/wp\/v2\/categories?post=48648"},{"taxonomy":"post_tag","embeddable":true,"href":"https:\/\/reporteroshoy.mx\/noticias\/wp-json\/wp\/v2\/tags?post=48648"}],"curies":[{"name":"wp","href":"https:\/\/api.w.org\/{rel}","templated":true}]}}