{"id":48827,"date":"2020-10-21T09:30:54","date_gmt":"2020-10-21T14:30:54","guid":{"rendered":"https:\/\/reporteroshoy.mx\/noticias\/?p=48827"},"modified":"2020-10-21T20:28:49","modified_gmt":"2020-10-22T01:28:49","slug":"desempleo-en-mexico-bajo-a-5-1-inegi","status":"publish","type":"post","link":"https:\/\/reporteroshoy.mx\/noticias\/desempleo-en-mexico-bajo-a-5-1-inegi\/","title":{"rendered":"Desempleo en M\u00e9xico baj\u00f3 a 5.1%: Inegi"},"content":{"rendered":"<p style=\"text-align: justify;\">Ciudad de M\u00e9xico; 21 de octubre de 2020 (Exc\u00e9lsior).- La tasa de desempleo de M\u00e9xico baj\u00f3 ligeramente a 5.1% en septiembre, luego de marcar 5.2% en el mes previo, inform\u00f3 el mi\u00e9rcoles la agencia estatal de estad\u00edsticas Inegi.<\/p>\n<p style=\"text-align: justify;\">El instituto, que vio interrumpidos los informes sobre desocupaci\u00f3n por la pandemia de coronavirus, no entreg\u00f3 cifras desestacionalizadas para el noveno mes del a\u00f1o.<\/p>\n<p><img loading=\"lazy\" decoding=\"async\" class=\"wp-image-48828 aligncenter\" src=\"https:\/\/reporteroshoy.mx\/noticias\/wp-content\/uploads\/2020\/10\/Desempleo.jpg\" alt=\"\" width=\"600\" height=\"338\" \/><\/p>\n<h4 style=\"text-align: justify;\"><strong>En el informe del Inegi, se puntualiza:<\/strong><\/h4>\n<p style=\"text-align: justify;\">La incorporaci\u00f3n de 621 mil personas a la Poblaci\u00f3n Econ\u00f3micamente Activa\u00a0(PEA), al pasar de 53.2 millones a 53.8 millones. De los 12 millones de personas que salieron de la PEA en abril, se han incorporado alrededor de 8.4 millones para septiembre.<\/p>\n<p style=\"text-align: justify;\">La poblaci\u00f3n ocupada fue de 51.1 millones de personas en septiembre, con un aumento de 638 mil ocupados en jornadas de 15 a 34 horas semanales, al pasar de 9.2 millones a 9.8 millones y un crecimiento en los micronegocios de 627 mil ocupados, al pasar de 19.6 millones a 20.3 millones.<\/p>\n<p style=\"text-align: justify;\">La poblaci\u00f3n subocupada fue de 8 millones de personas equivalente al 15.7% de la poblaci\u00f3n ocupada,\u00a0con una disminuci\u00f3n de 583 mil personas respecto a agosto. En marzo de 2020, esta poblaci\u00f3n era de 5.1 millones de personas.<\/p>\n<p style=\"text-align: justify;\">La poblaci\u00f3n ocupada ausente con v\u00ednculo laboral disminuy\u00f3 un mill\u00f3n de personas,\u00a0al reducirse de 2.6 millones a 1.5 millones de personas. En abril, esta cifra lleg\u00f3 a 9.5 millones de personas.<\/p>\n<p style=\"text-align: justify;\">Para septiembre se observa una recuperaci\u00f3n en el volumen de poblaci\u00f3n ocupada en el sector terciario de 1.1 millones de ocupados, impulsada por el aumento de la ocupaci\u00f3n en el comercio de 515 mil personas y en los servicios sociales de 413 mil personas, mientras que los restaurantes y servicios de alojamiento siguen estancados en 3.3 millones de ocupados.<\/p>\n","protected":false},"excerpt":{"rendered":"<p>Aument\u00f3 la ocupaci\u00f3n en el comercio de 515 mil personas, se\u00f1al\u00f3 el instituto.<\/p>\n","protected":false},"author":9,"featured_media":48828,"comment_status":"open","ping_status":"closed","sticky":false,"template":"","format":"standard","meta":{"footnotes":""},"categories":[9],"tags":[3152,2247],"class_list":["post-48827","post","type-post","status-publish","format-standard","has-post-thumbnail","hentry","category-mexico","tag-desempleo","tag-inegi"],"yoast_head":"<!-- This site is optimized with the Yoast SEO plugin v28.4 - https:\/\/yoast.com\/product\/yoast-seo-wordpress\/ -->\n<title>Desempleo en M\u00e9xico baj\u00f3 a 5.1%: Inegi<\/title>\n<meta name=\"description\" content=\"Aument\u00f3 la ocupaci\u00f3n en el comercio de 515 mil personas, se\u00f1al\u00f3 el instituto.\" \/>\n<meta name=\"robots\" content=\"index, follow, max-snippet:-1, max-image-preview:large, max-video-preview:-1\" \/>\n<link rel=\"canonical\" href=\"https:\/\/reporteroshoy.mx\/noticias\/desempleo-en-mexico-bajo-a-5-1-inegi\/\" \/>\n<meta property=\"og:locale\" content=\"es_ES\" \/>\n<meta property=\"og:type\" content=\"article\" \/>\n<meta property=\"og:title\" content=\"Desempleo en M\u00e9xico baj\u00f3 a 5.1%: Inegi\" \/>\n<meta property=\"og:description\" content=\"Aument\u00f3 la ocupaci\u00f3n en el comercio de 515 mil personas, se\u00f1al\u00f3 el instituto.\" \/>\n<meta property=\"og:url\" content=\"https:\/\/reporteroshoy.mx\/noticias\/desempleo-en-mexico-bajo-a-5-1-inegi\/\" \/>\n<meta property=\"og:site_name\" content=\"Reporteros Hoy | Noticias de Yucat\u00e1n\" \/>\n<meta property=\"article:publisher\" content=\"http:\/\/www.facebook.com\/reporteroshoymx\" \/>\n<meta property=\"article:published_time\" content=\"2020-10-21T14:30:54+00:00\" \/>\n<meta property=\"article:modified_time\" content=\"2020-10-22T01:28:49+00:00\" \/>\n<meta property=\"og:image\" content=\"https:\/\/reporteroshoy.mx\/noticias\/wp-content\/uploads\/2020\/10\/Desempleo.jpg\" \/>\n\t<meta property=\"og:image:width\" content=\"768\" \/>\n\t<meta property=\"og:image:height\" content=\"432\" \/>\n\t<meta property=\"og:image:type\" content=\"image\/jpeg\" \/>\n<meta name=\"author\" content=\"Reporteros Hoy WP\" \/>\n<meta name=\"twitter:card\" content=\"summary_large_image\" \/>\n<meta name=\"twitter:creator\" content=\"@reporteroshoy\" \/>\n<meta name=\"twitter:site\" content=\"@reporteroshoy\" \/>\n<meta name=\"twitter:label1\" content=\"Escrito por\" \/>\n\t<meta name=\"twitter:data1\" content=\"Reporteros Hoy WP\" \/>\n\t<meta name=\"twitter:label2\" content=\"Tiempo de lectura\" \/>\n\t<meta name=\"twitter:data2\" content=\"1 minuto\" \/>\n<script type=\"application\/ld+json\" class=\"yoast-schema-graph\">{\"@context\":\"https:\\\/\\\/schema.org\",\"@graph\":[{\"@type\":\"Article\",\"@id\":\"https:\\\/\\\/reporteroshoy.mx\\\/noticias\\\/desempleo-en-mexico-bajo-a-5-1-inegi\\\/#article\",\"isPartOf\":{\"@id\":\"https:\\\/\\\/reporteroshoy.mx\\\/noticias\\\/desempleo-en-mexico-bajo-a-5-1-inegi\\\/\"},\"author\":{\"name\":\"Reporteros Hoy WP\",\"@id\":\"https:\\\/\\\/reporteroshoy.mx\\\/noticias\\\/#\\\/schema\\\/person\\\/c977527e57c958a62c5cefe8fe47876e\"},\"headline\":\"Desempleo en M\u00e9xico baj\u00f3 a 5.1%: Inegi\",\"datePublished\":\"2020-10-21T14:30:54+00:00\",\"dateModified\":\"2020-10-22T01:28:49+00:00\",\"mainEntityOfPage\":{\"@id\":\"https:\\\/\\\/reporteroshoy.mx\\\/noticias\\\/desempleo-en-mexico-bajo-a-5-1-inegi\\\/\"},\"wordCount\":291,\"commentCount\":0,\"image\":{\"@id\":\"https:\\\/\\\/reporteroshoy.mx\\\/noticias\\\/desempleo-en-mexico-bajo-a-5-1-inegi\\\/#primaryimage\"},\"thumbnailUrl\":\"https:\\\/\\\/reporteroshoy.mx\\\/noticias\\\/wp-content\\\/uploads\\\/2020\\\/10\\\/Desempleo.jpg\",\"keywords\":[\"Desempleo\",\"Inegi\"],\"articleSection\":[\"M\u00e9xico\"],\"inLanguage\":\"es\",\"potentialAction\":[{\"@type\":\"CommentAction\",\"name\":\"Comment\",\"target\":[\"https:\\\/\\\/reporteroshoy.mx\\\/noticias\\\/desempleo-en-mexico-bajo-a-5-1-inegi\\\/#respond\"]}]},{\"@type\":\"WebPage\",\"@id\":\"https:\\\/\\\/reporteroshoy.mx\\\/noticias\\\/desempleo-en-mexico-bajo-a-5-1-inegi\\\/\",\"url\":\"https:\\\/\\\/reporteroshoy.mx\\\/noticias\\\/desempleo-en-mexico-bajo-a-5-1-inegi\\\/\",\"name\":\"Desempleo en M\u00e9xico baj\u00f3 a 5.1%: Inegi\",\"isPartOf\":{\"@id\":\"https:\\\/\\\/reporteroshoy.mx\\\/noticias\\\/#website\"},\"primaryImageOfPage\":{\"@id\":\"https:\\\/\\\/reporteroshoy.mx\\\/noticias\\\/desempleo-en-mexico-bajo-a-5-1-inegi\\\/#primaryimage\"},\"image\":{\"@id\":\"https:\\\/\\\/reporteroshoy.mx\\\/noticias\\\/desempleo-en-mexico-bajo-a-5-1-inegi\\\/#primaryimage\"},\"thumbnailUrl\":\"https:\\\/\\\/reporteroshoy.mx\\\/noticias\\\/wp-content\\\/uploads\\\/2020\\\/10\\\/Desempleo.jpg\",\"datePublished\":\"2020-10-21T14:30:54+00:00\",\"dateModified\":\"2020-10-22T01:28:49+00:00\",\"author\":{\"@id\":\"https:\\\/\\\/reporteroshoy.mx\\\/noticias\\\/#\\\/schema\\\/person\\\/c977527e57c958a62c5cefe8fe47876e\"},\"description\":\"Aument\u00f3 la ocupaci\u00f3n en el comercio de 515 mil personas, se\u00f1al\u00f3 el instituto.\",\"breadcrumb\":{\"@id\":\"https:\\\/\\\/reporteroshoy.mx\\\/noticias\\\/desempleo-en-mexico-bajo-a-5-1-inegi\\\/#breadcrumb\"},\"inLanguage\":\"es\",\"potentialAction\":[{\"@type\":\"ReadAction\",\"target\":[\"https:\\\/\\\/reporteroshoy.mx\\\/noticias\\\/desempleo-en-mexico-bajo-a-5-1-inegi\\\/\"]}]},{\"@type\":\"ImageObject\",\"inLanguage\":\"es\",\"@id\":\"https:\\\/\\\/reporteroshoy.mx\\\/noticias\\\/desempleo-en-mexico-bajo-a-5-1-inegi\\\/#primaryimage\",\"url\":\"https:\\\/\\\/reporteroshoy.mx\\\/noticias\\\/wp-content\\\/uploads\\\/2020\\\/10\\\/Desempleo.jpg\",\"contentUrl\":\"https:\\\/\\\/reporteroshoy.mx\\\/noticias\\\/wp-content\\\/uploads\\\/2020\\\/10\\\/Desempleo.jpg\",\"width\":768,\"height\":432},{\"@type\":\"BreadcrumbList\",\"@id\":\"https:\\\/\\\/reporteroshoy.mx\\\/noticias\\\/desempleo-en-mexico-bajo-a-5-1-inegi\\\/#breadcrumb\",\"itemListElement\":[{\"@type\":\"ListItem\",\"position\":1,\"name\":\"Portada\",\"item\":\"https:\\\/\\\/reporteroshoy.mx\\\/noticias\\\/\"},{\"@type\":\"ListItem\",\"position\":2,\"name\":\"Desempleo en M\u00e9xico baj\u00f3 a 5.1%: Inegi\"}]},{\"@type\":\"WebSite\",\"@id\":\"https:\\\/\\\/reporteroshoy.mx\\\/noticias\\\/#website\",\"url\":\"https:\\\/\\\/reporteroshoy.mx\\\/noticias\\\/\",\"name\":\"Reporteros Hoy | Noticias de Yucat\u00e1n\",\"description\":\"Peri\u00f3dico digital con noticias diarias desde M\u00e9rida, Yucat\u00e1n para el mundo.\",\"potentialAction\":[{\"@type\":\"SearchAction\",\"target\":{\"@type\":\"EntryPoint\",\"urlTemplate\":\"https:\\\/\\\/reporteroshoy.mx\\\/noticias\\\/?s={search_term_string}\"},\"query-input\":{\"@type\":\"PropertyValueSpecification\",\"valueRequired\":true,\"valueName\":\"search_term_string\"}}],\"inLanguage\":\"es\"},{\"@type\":\"Person\",\"@id\":\"https:\\\/\\\/reporteroshoy.mx\\\/noticias\\\/#\\\/schema\\\/person\\\/c977527e57c958a62c5cefe8fe47876e\",\"name\":\"Reporteros Hoy WP\",\"image\":{\"@type\":\"ImageObject\",\"inLanguage\":\"es\",\"@id\":\"https:\\\/\\\/secure.gravatar.com\\\/avatar\\\/fd2917f79a7dae30f8ac9ddc2f35e1756bb59e25e01d1cd09deaa64df7b2f73e?s=96&d=mm&r=g\",\"url\":\"https:\\\/\\\/secure.gravatar.com\\\/avatar\\\/fd2917f79a7dae30f8ac9ddc2f35e1756bb59e25e01d1cd09deaa64df7b2f73e?s=96&d=mm&r=g\",\"contentUrl\":\"https:\\\/\\\/secure.gravatar.com\\\/avatar\\\/fd2917f79a7dae30f8ac9ddc2f35e1756bb59e25e01d1cd09deaa64df7b2f73e?s=96&d=mm&r=g\",\"caption\":\"Reporteros Hoy WP\"},\"url\":\"https:\\\/\\\/reporteroshoy.mx\\\/noticias\\\/author\\\/walfer\\\/\"}]}<\/script>\n<!-- \/ Yoast SEO plugin. -->","yoast_head_json":{"title":"Desempleo en M\u00e9xico baj\u00f3 a 5.1%: Inegi","description":"Aument\u00f3 la ocupaci\u00f3n en el comercio de 515 mil personas, se\u00f1al\u00f3 el instituto.","robots":{"index":"index","follow":"follow","max-snippet":"max-snippet:-1","max-image-preview":"max-image-preview:large","max-video-preview":"max-video-preview:-1"},"canonical":"https:\/\/reporteroshoy.mx\/noticias\/desempleo-en-mexico-bajo-a-5-1-inegi\/","og_locale":"es_ES","og_type":"article","og_title":"Desempleo en M\u00e9xico baj\u00f3 a 5.1%: Inegi","og_description":"Aument\u00f3 la ocupaci\u00f3n en el comercio de 515 mil personas, se\u00f1al\u00f3 el instituto.","og_url":"https:\/\/reporteroshoy.mx\/noticias\/desempleo-en-mexico-bajo-a-5-1-inegi\/","og_site_name":"Reporteros Hoy | Noticias de Yucat\u00e1n","article_publisher":"http:\/\/www.facebook.com\/reporteroshoymx","article_published_time":"2020-10-21T14:30:54+00:00","article_modified_time":"2020-10-22T01:28:49+00:00","og_image":[{"width":768,"height":432,"url":"https:\/\/reporteroshoy.mx\/noticias\/wp-content\/uploads\/2020\/10\/Desempleo.jpg","type":"image\/jpeg"}],"author":"Reporteros Hoy WP","twitter_card":"summary_large_image","twitter_creator":"@reporteroshoy","twitter_site":"@reporteroshoy","twitter_misc":{"Escrito por":"Reporteros Hoy WP","Tiempo de lectura":"1 minuto"},"schema":{"@context":"https:\/\/schema.org","@graph":[{"@type":"Article","@id":"https:\/\/reporteroshoy.mx\/noticias\/desempleo-en-mexico-bajo-a-5-1-inegi\/#article","isPartOf":{"@id":"https:\/\/reporteroshoy.mx\/noticias\/desempleo-en-mexico-bajo-a-5-1-inegi\/"},"author":{"name":"Reporteros Hoy WP","@id":"https:\/\/reporteroshoy.mx\/noticias\/#\/schema\/person\/c977527e57c958a62c5cefe8fe47876e"},"headline":"Desempleo en M\u00e9xico baj\u00f3 a 5.1%: Inegi","datePublished":"2020-10-21T14:30:54+00:00","dateModified":"2020-10-22T01:28:49+00:00","mainEntityOfPage":{"@id":"https:\/\/reporteroshoy.mx\/noticias\/desempleo-en-mexico-bajo-a-5-1-inegi\/"},"wordCount":291,"commentCount":0,"image":{"@id":"https:\/\/reporteroshoy.mx\/noticias\/desempleo-en-mexico-bajo-a-5-1-inegi\/#primaryimage"},"thumbnailUrl":"https:\/\/reporteroshoy.mx\/noticias\/wp-content\/uploads\/2020\/10\/Desempleo.jpg","keywords":["Desempleo","Inegi"],"articleSection":["M\u00e9xico"],"inLanguage":"es","potentialAction":[{"@type":"CommentAction","name":"Comment","target":["https:\/\/reporteroshoy.mx\/noticias\/desempleo-en-mexico-bajo-a-5-1-inegi\/#respond"]}]},{"@type":"WebPage","@id":"https:\/\/reporteroshoy.mx\/noticias\/desempleo-en-mexico-bajo-a-5-1-inegi\/","url":"https:\/\/reporteroshoy.mx\/noticias\/desempleo-en-mexico-bajo-a-5-1-inegi\/","name":"Desempleo en M\u00e9xico baj\u00f3 a 5.1%: Inegi","isPartOf":{"@id":"https:\/\/reporteroshoy.mx\/noticias\/#website"},"primaryImageOfPage":{"@id":"https:\/\/reporteroshoy.mx\/noticias\/desempleo-en-mexico-bajo-a-5-1-inegi\/#primaryimage"},"image":{"@id":"https:\/\/reporteroshoy.mx\/noticias\/desempleo-en-mexico-bajo-a-5-1-inegi\/#primaryimage"},"thumbnailUrl":"https:\/\/reporteroshoy.mx\/noticias\/wp-content\/uploads\/2020\/10\/Desempleo.jpg","datePublished":"2020-10-21T14:30:54+00:00","dateModified":"2020-10-22T01:28:49+00:00","author":{"@id":"https:\/\/reporteroshoy.mx\/noticias\/#\/schema\/person\/c977527e57c958a62c5cefe8fe47876e"},"description":"Aument\u00f3 la ocupaci\u00f3n en el comercio de 515 mil personas, se\u00f1al\u00f3 el instituto.","breadcrumb":{"@id":"https:\/\/reporteroshoy.mx\/noticias\/desempleo-en-mexico-bajo-a-5-1-inegi\/#breadcrumb"},"inLanguage":"es","potentialAction":[{"@type":"ReadAction","target":["https:\/\/reporteroshoy.mx\/noticias\/desempleo-en-mexico-bajo-a-5-1-inegi\/"]}]},{"@type":"ImageObject","inLanguage":"es","@id":"https:\/\/reporteroshoy.mx\/noticias\/desempleo-en-mexico-bajo-a-5-1-inegi\/#primaryimage","url":"https:\/\/reporteroshoy.mx\/noticias\/wp-content\/uploads\/2020\/10\/Desempleo.jpg","contentUrl":"https:\/\/reporteroshoy.mx\/noticias\/wp-content\/uploads\/2020\/10\/Desempleo.jpg","width":768,"height":432},{"@type":"BreadcrumbList","@id":"https:\/\/reporteroshoy.mx\/noticias\/desempleo-en-mexico-bajo-a-5-1-inegi\/#breadcrumb","itemListElement":[{"@type":"ListItem","position":1,"name":"Portada","item":"https:\/\/reporteroshoy.mx\/noticias\/"},{"@type":"ListItem","position":2,"name":"Desempleo en M\u00e9xico baj\u00f3 a 5.1%: Inegi"}]},{"@type":"WebSite","@id":"https:\/\/reporteroshoy.mx\/noticias\/#website","url":"https:\/\/reporteroshoy.mx\/noticias\/","name":"Reporteros Hoy | Noticias de Yucat\u00e1n","description":"Peri\u00f3dico digital con noticias diarias desde M\u00e9rida, Yucat\u00e1n para el mundo.","potentialAction":[{"@type":"SearchAction","target":{"@type":"EntryPoint","urlTemplate":"https:\/\/reporteroshoy.mx\/noticias\/?s={search_term_string}"},"query-input":{"@type":"PropertyValueSpecification","valueRequired":true,"valueName":"search_term_string"}}],"inLanguage":"es"},{"@type":"Person","@id":"https:\/\/reporteroshoy.mx\/noticias\/#\/schema\/person\/c977527e57c958a62c5cefe8fe47876e","name":"Reporteros Hoy WP","image":{"@type":"ImageObject","inLanguage":"es","@id":"https:\/\/secure.gravatar.com\/avatar\/fd2917f79a7dae30f8ac9ddc2f35e1756bb59e25e01d1cd09deaa64df7b2f73e?s=96&d=mm&r=g","url":"https:\/\/secure.gravatar.com\/avatar\/fd2917f79a7dae30f8ac9ddc2f35e1756bb59e25e01d1cd09deaa64df7b2f73e?s=96&d=mm&r=g","contentUrl":"https:\/\/secure.gravatar.com\/avatar\/fd2917f79a7dae30f8ac9ddc2f35e1756bb59e25e01d1cd09deaa64df7b2f73e?s=96&d=mm&r=g","caption":"Reporteros Hoy WP"},"url":"https:\/\/reporteroshoy.mx\/noticias\/author\/walfer\/"}]}},"_links":{"self":[{"href":"https:\/\/reporteroshoy.mx\/noticias\/wp-json\/wp\/v2\/posts\/48827","targetHints":{"allow":["GET"]}}],"collection":[{"href":"https:\/\/reporteroshoy.mx\/noticias\/wp-json\/wp\/v2\/posts"}],"about":[{"href":"https:\/\/reporteroshoy.mx\/noticias\/wp-json\/wp\/v2\/types\/post"}],"author":[{"embeddable":true,"href":"https:\/\/reporteroshoy.mx\/noticias\/wp-json\/wp\/v2\/users\/9"}],"replies":[{"embeddable":true,"href":"https:\/\/reporteroshoy.mx\/noticias\/wp-json\/wp\/v2\/comments?post=48827"}],"version-history":[{"count":0,"href":"https:\/\/reporteroshoy.mx\/noticias\/wp-json\/wp\/v2\/posts\/48827\/revisions"}],"wp:featuredmedia":[{"embeddable":true,"href":"https:\/\/reporteroshoy.mx\/noticias\/wp-json\/wp\/v2\/media\/48828"}],"wp:attachment":[{"href":"https:\/\/reporteroshoy.mx\/noticias\/wp-json\/wp\/v2\/media?parent=48827"}],"wp:term":[{"taxonomy":"category","embeddable":true,"href":"https:\/\/reporteroshoy.mx\/noticias\/wp-json\/wp\/v2\/categories?post=48827"},{"taxonomy":"post_tag","embeddable":true,"href":"https:\/\/reporteroshoy.mx\/noticias\/wp-json\/wp\/v2\/tags?post=48827"}],"curies":[{"name":"wp","href":"https:\/\/api.w.org\/{rel}","templated":true}]}}