{"id":48833,"date":"2020-10-21T11:00:49","date_gmt":"2020-10-21T16:00:49","guid":{"rendered":"https:\/\/reporteroshoy.mx\/noticias\/?p=48833"},"modified":"2020-10-21T20:29:19","modified_gmt":"2020-10-22T01:29:19","slug":"muere-german-pasos-cronista-de-la-comunidad-lgbt-en-yucatan","status":"publish","type":"post","link":"https:\/\/reporteroshoy.mx\/noticias\/muere-german-pasos-cronista-de-la-comunidad-lgbt-en-yucatan\/","title":{"rendered":"Muere Germ\u00e1n Pasos, cronista de la comunidad LGBT+ en Yucat\u00e1n"},"content":{"rendered":"<p style=\"text-align: justify;\">M\u00e9rida, Yucat\u00e1n; 21 de octubre de 2020 (El Cronista Yucat\u00e1n).- Germ\u00e1n Pasos Tzec, antrop\u00f3logo, escritor, periodista y activista en pro de los derechos LGBTTT, falleci\u00f3 en la ciudad de M\u00e9rida, Yucat\u00e1n, a causa de una dolencia en los ri\u00f1ones.<\/p>\n<p style=\"text-align: justify;\">Egresado de la Facultad de Ciencias Antropol\u00f3gicas de la Universidad Aut\u00f3noma de Yucat\u00e1n, fue el autor de la primera tesis universitaria en Yucat\u00e1n sobre homosexualidad en 1992.<\/p>\n<p style=\"text-align: justify;\">Dedic\u00f3 su vida a luchar contra la discriminaci\u00f3n y al ser el primero en escribir una tesis universitaria sobre la homosexualidad y al haber documentado esos hechos sociales, la Red de Personas Afectadas con VIH (REPAVIH), lo nombr\u00f3 cronista vitalicio de la comunidad LGBTTT desde el a\u00f1o 2019.<\/p>\n<p><img loading=\"lazy\" decoding=\"async\" class=\"wp-image-48834 aligncenter\" src=\"https:\/\/reporteroshoy.mx\/noticias\/wp-content\/uploads\/2020\/10\/German-Pasos.jpg\" alt=\"\" width=\"600\" height=\"338\" \/><\/p>\n<p style=\"text-align: justify;\">Pasos Tzec document\u00f3 todas las violencias que enfrenta la comunidad LGBT de M\u00e9rida, incluso desde su perspectiva de periodista.\u00a0\u00c9l form\u00f3 parte del trabajo de los primeros grupos de activistas que lucharon por defender sus derechos y tambi\u00e9n vivi\u00f3 las razzias polic\u00edacas, como lo denunci\u00f3 en su libro Travestis, transg\u00e9neros y transexuales de M\u00e9rida, obra en la que el cronista tiene un cap\u00edtulo.<\/p>\n<p style=\"text-align: justify;\">En el a\u00f1o 2013 fue recipiendario de la medalla al Periodismo de Espect\u00e1culos \u201cOswaldo Baqueiro L\u00f3pez\u201d. La presea la recibi\u00f3 de manos del Gobernador Rolando Zapata Bello y en su discurso de agradecimiento tras recibirla destac\u00f3 que el periodismo de espect\u00e1culos es mucho m\u00e1s que historias de la vida privada de artistas, pues debe ser un espacio para la difusi\u00f3n de las diversas expresiones art\u00edsticas de la sociedad.<\/p>\n<p style=\"text-align: justify;\">En ese momento resalt\u00f3 la necesidad de que esta variante del periodismo se profesionalice, a fin de que los reporteros sean capaces de proyectar a la sociedad la visi\u00f3n personal de los creadores, adem\u00e1s de formar p\u00fablico conocedor de las diferentes expresiones culturales.<\/p>\n<p style=\"text-align: justify;\">Pasos Tzec inici\u00f3 en el Diario del Sureste como periodista hace m\u00e1s de 30 a\u00f1os. Trabaj\u00f3 directamente con personajes como Baqueiro L\u00f3pez, a quien siempre defini\u00f3 como maestro de varias generaciones de profesionales de la comunicaci\u00f3n, as\u00ed como una persona \u00absencilla, transparente y culta\u201d.<\/p>\n<p style=\"text-align: justify;\">Su libro \u201cM\u00e9rida Gay. Cr\u00f3nica de los movimientos LGBTTT en la ciudad de M\u00e9rida 1960-2014\u201d fue seleccionado para su edici\u00f3n en 2014 por el Consejo Nacional para la Cultura y las Artes, y el Ayuntamiento de M\u00e9rida a trav\u00e9s de la Direcci\u00f3n de Cultura.<\/p>\n<p style=\"text-align: justify;\">En el sitio web Libros en Red se coment\u00f3 que \u201cen M\u00e9xico es muy escasa la producci\u00f3n bibliogr\u00e1fica acerca de la lucha de los colectivos de la diversidad gen\u00e9rica en los contextos particulares de la provincia, que tambi\u00e9n pueda servir de informaci\u00f3n a los activistas locales y referente para los movimientos LGBTTT en otras latitudes\u201d.<\/p>\n<p style=\"text-align: justify;\">Sobre el texto de Pasos Tzec se indic\u00f3 que \u201ceste libro, primero en su tipo en M\u00e9xico, documenta sucesos y hechos a trav\u00e9s de entrevistas y recopilaci\u00f3n period\u00edstica con el objetivo de ofrecer, a manera de cr\u00f3nica, las m\u00e1s importantes manifestaciones de los colectivos LGBTTT en la ciudad de M\u00e9rida para hacerse visibles y acceder a los derechos ciudadanos\u201d.<\/p>\n<p style=\"text-align: justify;\">El periodista tambi\u00e9n public\u00f3 Travestis, transg\u00e9neros y transexuales de M\u00e9rida (2008), editado por el Ayuntamiento de M\u00e9rida y fue coautor de Anecdotario Felipe Carrillo Puerto en la Memoria (2014), editado por la Secretaria de Educaci\u00f3n del Gobierno del Estado de Yucat\u00e1n<\/p>\n<p style=\"text-align: justify;\">Cuando se transformaba sacaba a la luz a Neifa Celiana, una mujer madura, toda una dama que sol\u00eda alzar la voz en contra de las discriminaciones. En la primera marcha de la comunidad l\u00e9sbico gay en M\u00e9rida, en los a\u00f1os noventa del siglo pasado se present\u00f3 vestida de la Virgen de Zapopan. Todo un esc\u00e1ndalo en la \u00e9poca.<\/p>\n","protected":false},"excerpt":{"rendered":"<p>El antrop\u00f3logo, periodista y activista en pro de los derechos LGBTTT perdi\u00f3 la vida a causa de una dolencia en los ri\u00f1ones.<\/p>\n","protected":false},"author":9,"featured_media":48834,"comment_status":"open","ping_status":"closed","sticky":false,"template":"","format":"standard","meta":{"footnotes":""},"categories":[17],"tags":[12573,14576,2298],"class_list":["post-48833","post","type-post","status-publish","format-standard","has-post-thumbnail","hentry","category-yucatan","tag-cronista","tag-german-pasos","tag-lgbt"],"yoast_head":"<!-- This site is optimized with the Yoast SEO plugin v28.3 - https:\/\/yoast.com\/product\/yoast-seo-wordpress\/ -->\n<title>Muere Germ\u00e1n Pasos, cronista de la comunidad LGBT+ en Yucat\u00e1n<\/title>\n<meta name=\"description\" content=\"El antrop\u00f3logo, periodista y activista en pro de los derechos LGBTTT perdi\u00f3 la vida a causa de una dolencia en los ri\u00f1ones.\" \/>\n<meta name=\"robots\" content=\"index, follow, max-snippet:-1, max-image-preview:large, max-video-preview:-1\" \/>\n<link rel=\"canonical\" href=\"https:\/\/reporteroshoy.mx\/noticias\/muere-german-pasos-cronista-de-la-comunidad-lgbt-en-yucatan\/\" \/>\n<meta property=\"og:locale\" content=\"es_ES\" \/>\n<meta property=\"og:type\" content=\"article\" \/>\n<meta property=\"og:title\" content=\"Muere Germ\u00e1n Pasos, cronista de la comunidad LGBT+ en Yucat\u00e1n\" \/>\n<meta property=\"og:description\" content=\"El antrop\u00f3logo, periodista y activista en pro de los derechos LGBTTT perdi\u00f3 la vida a causa de una dolencia en los ri\u00f1ones.\" \/>\n<meta property=\"og:url\" content=\"https:\/\/reporteroshoy.mx\/noticias\/muere-german-pasos-cronista-de-la-comunidad-lgbt-en-yucatan\/\" \/>\n<meta property=\"og:site_name\" content=\"Reporteros Hoy | Noticias de Yucat\u00e1n\" \/>\n<meta property=\"article:publisher\" content=\"http:\/\/www.facebook.com\/reporteroshoymx\" \/>\n<meta property=\"article:published_time\" content=\"2020-10-21T16:00:49+00:00\" \/>\n<meta property=\"article:modified_time\" content=\"2020-10-22T01:29:19+00:00\" \/>\n<meta property=\"og:image\" content=\"https:\/\/reporteroshoy.mx\/noticias\/wp-content\/uploads\/2020\/10\/German-Pasos.jpg\" \/>\n\t<meta property=\"og:image:width\" content=\"768\" \/>\n\t<meta property=\"og:image:height\" content=\"432\" \/>\n\t<meta property=\"og:image:type\" content=\"image\/jpeg\" \/>\n<meta name=\"author\" content=\"Reporteros Hoy WP\" \/>\n<meta name=\"twitter:card\" content=\"summary_large_image\" \/>\n<meta name=\"twitter:creator\" content=\"@reporteroshoy\" \/>\n<meta name=\"twitter:site\" content=\"@reporteroshoy\" \/>\n<meta name=\"twitter:label1\" content=\"Escrito por\" \/>\n\t<meta name=\"twitter:data1\" content=\"Reporteros Hoy WP\" \/>\n\t<meta name=\"twitter:label2\" content=\"Tiempo de lectura\" \/>\n\t<meta name=\"twitter:data2\" content=\"3 minutos\" \/>\n<script type=\"application\/ld+json\" class=\"yoast-schema-graph\">{\"@context\":\"https:\\\/\\\/schema.org\",\"@graph\":[{\"@type\":\"Article\",\"@id\":\"https:\\\/\\\/reporteroshoy.mx\\\/noticias\\\/muere-german-pasos-cronista-de-la-comunidad-lgbt-en-yucatan\\\/#article\",\"isPartOf\":{\"@id\":\"https:\\\/\\\/reporteroshoy.mx\\\/noticias\\\/muere-german-pasos-cronista-de-la-comunidad-lgbt-en-yucatan\\\/\"},\"author\":{\"name\":\"Reporteros Hoy WP\",\"@id\":\"https:\\\/\\\/reporteroshoy.mx\\\/noticias\\\/#\\\/schema\\\/person\\\/c977527e57c958a62c5cefe8fe47876e\"},\"headline\":\"Muere Germ\u00e1n Pasos, cronista de la comunidad LGBT+ en Yucat\u00e1n\",\"datePublished\":\"2020-10-21T16:00:49+00:00\",\"dateModified\":\"2020-10-22T01:29:19+00:00\",\"mainEntityOfPage\":{\"@id\":\"https:\\\/\\\/reporteroshoy.mx\\\/noticias\\\/muere-german-pasos-cronista-de-la-comunidad-lgbt-en-yucatan\\\/\"},\"wordCount\":658,\"commentCount\":0,\"image\":{\"@id\":\"https:\\\/\\\/reporteroshoy.mx\\\/noticias\\\/muere-german-pasos-cronista-de-la-comunidad-lgbt-en-yucatan\\\/#primaryimage\"},\"thumbnailUrl\":\"https:\\\/\\\/reporteroshoy.mx\\\/noticias\\\/wp-content\\\/uploads\\\/2020\\\/10\\\/German-Pasos.jpg\",\"keywords\":[\"Cronista\",\"Germ\u00e1n Pasos\",\"LGBT\"],\"articleSection\":[\"Yucat\u00e1n\"],\"inLanguage\":\"es\",\"potentialAction\":[{\"@type\":\"CommentAction\",\"name\":\"Comment\",\"target\":[\"https:\\\/\\\/reporteroshoy.mx\\\/noticias\\\/muere-german-pasos-cronista-de-la-comunidad-lgbt-en-yucatan\\\/#respond\"]}]},{\"@type\":\"WebPage\",\"@id\":\"https:\\\/\\\/reporteroshoy.mx\\\/noticias\\\/muere-german-pasos-cronista-de-la-comunidad-lgbt-en-yucatan\\\/\",\"url\":\"https:\\\/\\\/reporteroshoy.mx\\\/noticias\\\/muere-german-pasos-cronista-de-la-comunidad-lgbt-en-yucatan\\\/\",\"name\":\"Muere Germ\u00e1n Pasos, cronista de la comunidad LGBT+ en Yucat\u00e1n\",\"isPartOf\":{\"@id\":\"https:\\\/\\\/reporteroshoy.mx\\\/noticias\\\/#website\"},\"primaryImageOfPage\":{\"@id\":\"https:\\\/\\\/reporteroshoy.mx\\\/noticias\\\/muere-german-pasos-cronista-de-la-comunidad-lgbt-en-yucatan\\\/#primaryimage\"},\"image\":{\"@id\":\"https:\\\/\\\/reporteroshoy.mx\\\/noticias\\\/muere-german-pasos-cronista-de-la-comunidad-lgbt-en-yucatan\\\/#primaryimage\"},\"thumbnailUrl\":\"https:\\\/\\\/reporteroshoy.mx\\\/noticias\\\/wp-content\\\/uploads\\\/2020\\\/10\\\/German-Pasos.jpg\",\"datePublished\":\"2020-10-21T16:00:49+00:00\",\"dateModified\":\"2020-10-22T01:29:19+00:00\",\"author\":{\"@id\":\"https:\\\/\\\/reporteroshoy.mx\\\/noticias\\\/#\\\/schema\\\/person\\\/c977527e57c958a62c5cefe8fe47876e\"},\"description\":\"El antrop\u00f3logo, periodista y activista en pro de los derechos LGBTTT perdi\u00f3 la vida a causa de una dolencia en los ri\u00f1ones.\",\"breadcrumb\":{\"@id\":\"https:\\\/\\\/reporteroshoy.mx\\\/noticias\\\/muere-german-pasos-cronista-de-la-comunidad-lgbt-en-yucatan\\\/#breadcrumb\"},\"inLanguage\":\"es\",\"potentialAction\":[{\"@type\":\"ReadAction\",\"target\":[\"https:\\\/\\\/reporteroshoy.mx\\\/noticias\\\/muere-german-pasos-cronista-de-la-comunidad-lgbt-en-yucatan\\\/\"]}]},{\"@type\":\"ImageObject\",\"inLanguage\":\"es\",\"@id\":\"https:\\\/\\\/reporteroshoy.mx\\\/noticias\\\/muere-german-pasos-cronista-de-la-comunidad-lgbt-en-yucatan\\\/#primaryimage\",\"url\":\"https:\\\/\\\/reporteroshoy.mx\\\/noticias\\\/wp-content\\\/uploads\\\/2020\\\/10\\\/German-Pasos.jpg\",\"contentUrl\":\"https:\\\/\\\/reporteroshoy.mx\\\/noticias\\\/wp-content\\\/uploads\\\/2020\\\/10\\\/German-Pasos.jpg\",\"width\":768,\"height\":432},{\"@type\":\"BreadcrumbList\",\"@id\":\"https:\\\/\\\/reporteroshoy.mx\\\/noticias\\\/muere-german-pasos-cronista-de-la-comunidad-lgbt-en-yucatan\\\/#breadcrumb\",\"itemListElement\":[{\"@type\":\"ListItem\",\"position\":1,\"name\":\"Portada\",\"item\":\"https:\\\/\\\/reporteroshoy.mx\\\/noticias\\\/\"},{\"@type\":\"ListItem\",\"position\":2,\"name\":\"Muere Germ\u00e1n Pasos, cronista de la comunidad LGBT+ en Yucat\u00e1n\"}]},{\"@type\":\"WebSite\",\"@id\":\"https:\\\/\\\/reporteroshoy.mx\\\/noticias\\\/#website\",\"url\":\"https:\\\/\\\/reporteroshoy.mx\\\/noticias\\\/\",\"name\":\"Reporteros Hoy | Noticias de Yucat\u00e1n\",\"description\":\"Peri\u00f3dico digital con noticias diarias desde M\u00e9rida, Yucat\u00e1n para el mundo.\",\"potentialAction\":[{\"@type\":\"SearchAction\",\"target\":{\"@type\":\"EntryPoint\",\"urlTemplate\":\"https:\\\/\\\/reporteroshoy.mx\\\/noticias\\\/?s={search_term_string}\"},\"query-input\":{\"@type\":\"PropertyValueSpecification\",\"valueRequired\":true,\"valueName\":\"search_term_string\"}}],\"inLanguage\":\"es\"},{\"@type\":\"Person\",\"@id\":\"https:\\\/\\\/reporteroshoy.mx\\\/noticias\\\/#\\\/schema\\\/person\\\/c977527e57c958a62c5cefe8fe47876e\",\"name\":\"Reporteros Hoy WP\",\"image\":{\"@type\":\"ImageObject\",\"inLanguage\":\"es\",\"@id\":\"https:\\\/\\\/secure.gravatar.com\\\/avatar\\\/fd2917f79a7dae30f8ac9ddc2f35e1756bb59e25e01d1cd09deaa64df7b2f73e?s=96&d=mm&r=g\",\"url\":\"https:\\\/\\\/secure.gravatar.com\\\/avatar\\\/fd2917f79a7dae30f8ac9ddc2f35e1756bb59e25e01d1cd09deaa64df7b2f73e?s=96&d=mm&r=g\",\"contentUrl\":\"https:\\\/\\\/secure.gravatar.com\\\/avatar\\\/fd2917f79a7dae30f8ac9ddc2f35e1756bb59e25e01d1cd09deaa64df7b2f73e?s=96&d=mm&r=g\",\"caption\":\"Reporteros Hoy WP\"},\"url\":\"https:\\\/\\\/reporteroshoy.mx\\\/noticias\\\/author\\\/walfer\\\/\"}]}<\/script>\n<!-- \/ Yoast SEO plugin. -->","yoast_head_json":{"title":"Muere Germ\u00e1n Pasos, cronista de la comunidad LGBT+ en Yucat\u00e1n","description":"El antrop\u00f3logo, periodista y activista en pro de los derechos LGBTTT perdi\u00f3 la vida a causa de una dolencia en los ri\u00f1ones.","robots":{"index":"index","follow":"follow","max-snippet":"max-snippet:-1","max-image-preview":"max-image-preview:large","max-video-preview":"max-video-preview:-1"},"canonical":"https:\/\/reporteroshoy.mx\/noticias\/muere-german-pasos-cronista-de-la-comunidad-lgbt-en-yucatan\/","og_locale":"es_ES","og_type":"article","og_title":"Muere Germ\u00e1n Pasos, cronista de la comunidad LGBT+ en Yucat\u00e1n","og_description":"El antrop\u00f3logo, periodista y activista en pro de los derechos LGBTTT perdi\u00f3 la vida a causa de una dolencia en los ri\u00f1ones.","og_url":"https:\/\/reporteroshoy.mx\/noticias\/muere-german-pasos-cronista-de-la-comunidad-lgbt-en-yucatan\/","og_site_name":"Reporteros Hoy | Noticias de Yucat\u00e1n","article_publisher":"http:\/\/www.facebook.com\/reporteroshoymx","article_published_time":"2020-10-21T16:00:49+00:00","article_modified_time":"2020-10-22T01:29:19+00:00","og_image":[{"width":768,"height":432,"url":"https:\/\/reporteroshoy.mx\/noticias\/wp-content\/uploads\/2020\/10\/German-Pasos.jpg","type":"image\/jpeg"}],"author":"Reporteros Hoy WP","twitter_card":"summary_large_image","twitter_creator":"@reporteroshoy","twitter_site":"@reporteroshoy","twitter_misc":{"Escrito por":"Reporteros Hoy WP","Tiempo de lectura":"3 minutos"},"schema":{"@context":"https:\/\/schema.org","@graph":[{"@type":"Article","@id":"https:\/\/reporteroshoy.mx\/noticias\/muere-german-pasos-cronista-de-la-comunidad-lgbt-en-yucatan\/#article","isPartOf":{"@id":"https:\/\/reporteroshoy.mx\/noticias\/muere-german-pasos-cronista-de-la-comunidad-lgbt-en-yucatan\/"},"author":{"name":"Reporteros Hoy WP","@id":"https:\/\/reporteroshoy.mx\/noticias\/#\/schema\/person\/c977527e57c958a62c5cefe8fe47876e"},"headline":"Muere Germ\u00e1n Pasos, cronista de la comunidad LGBT+ en Yucat\u00e1n","datePublished":"2020-10-21T16:00:49+00:00","dateModified":"2020-10-22T01:29:19+00:00","mainEntityOfPage":{"@id":"https:\/\/reporteroshoy.mx\/noticias\/muere-german-pasos-cronista-de-la-comunidad-lgbt-en-yucatan\/"},"wordCount":658,"commentCount":0,"image":{"@id":"https:\/\/reporteroshoy.mx\/noticias\/muere-german-pasos-cronista-de-la-comunidad-lgbt-en-yucatan\/#primaryimage"},"thumbnailUrl":"https:\/\/reporteroshoy.mx\/noticias\/wp-content\/uploads\/2020\/10\/German-Pasos.jpg","keywords":["Cronista","Germ\u00e1n Pasos","LGBT"],"articleSection":["Yucat\u00e1n"],"inLanguage":"es","potentialAction":[{"@type":"CommentAction","name":"Comment","target":["https:\/\/reporteroshoy.mx\/noticias\/muere-german-pasos-cronista-de-la-comunidad-lgbt-en-yucatan\/#respond"]}]},{"@type":"WebPage","@id":"https:\/\/reporteroshoy.mx\/noticias\/muere-german-pasos-cronista-de-la-comunidad-lgbt-en-yucatan\/","url":"https:\/\/reporteroshoy.mx\/noticias\/muere-german-pasos-cronista-de-la-comunidad-lgbt-en-yucatan\/","name":"Muere Germ\u00e1n Pasos, cronista de la comunidad LGBT+ en Yucat\u00e1n","isPartOf":{"@id":"https:\/\/reporteroshoy.mx\/noticias\/#website"},"primaryImageOfPage":{"@id":"https:\/\/reporteroshoy.mx\/noticias\/muere-german-pasos-cronista-de-la-comunidad-lgbt-en-yucatan\/#primaryimage"},"image":{"@id":"https:\/\/reporteroshoy.mx\/noticias\/muere-german-pasos-cronista-de-la-comunidad-lgbt-en-yucatan\/#primaryimage"},"thumbnailUrl":"https:\/\/reporteroshoy.mx\/noticias\/wp-content\/uploads\/2020\/10\/German-Pasos.jpg","datePublished":"2020-10-21T16:00:49+00:00","dateModified":"2020-10-22T01:29:19+00:00","author":{"@id":"https:\/\/reporteroshoy.mx\/noticias\/#\/schema\/person\/c977527e57c958a62c5cefe8fe47876e"},"description":"El antrop\u00f3logo, periodista y activista en pro de los derechos LGBTTT perdi\u00f3 la vida a causa de una dolencia en los ri\u00f1ones.","breadcrumb":{"@id":"https:\/\/reporteroshoy.mx\/noticias\/muere-german-pasos-cronista-de-la-comunidad-lgbt-en-yucatan\/#breadcrumb"},"inLanguage":"es","potentialAction":[{"@type":"ReadAction","target":["https:\/\/reporteroshoy.mx\/noticias\/muere-german-pasos-cronista-de-la-comunidad-lgbt-en-yucatan\/"]}]},{"@type":"ImageObject","inLanguage":"es","@id":"https:\/\/reporteroshoy.mx\/noticias\/muere-german-pasos-cronista-de-la-comunidad-lgbt-en-yucatan\/#primaryimage","url":"https:\/\/reporteroshoy.mx\/noticias\/wp-content\/uploads\/2020\/10\/German-Pasos.jpg","contentUrl":"https:\/\/reporteroshoy.mx\/noticias\/wp-content\/uploads\/2020\/10\/German-Pasos.jpg","width":768,"height":432},{"@type":"BreadcrumbList","@id":"https:\/\/reporteroshoy.mx\/noticias\/muere-german-pasos-cronista-de-la-comunidad-lgbt-en-yucatan\/#breadcrumb","itemListElement":[{"@type":"ListItem","position":1,"name":"Portada","item":"https:\/\/reporteroshoy.mx\/noticias\/"},{"@type":"ListItem","position":2,"name":"Muere Germ\u00e1n Pasos, cronista de la comunidad LGBT+ en Yucat\u00e1n"}]},{"@type":"WebSite","@id":"https:\/\/reporteroshoy.mx\/noticias\/#website","url":"https:\/\/reporteroshoy.mx\/noticias\/","name":"Reporteros Hoy | Noticias de Yucat\u00e1n","description":"Peri\u00f3dico digital con noticias diarias desde M\u00e9rida, Yucat\u00e1n para el mundo.","potentialAction":[{"@type":"SearchAction","target":{"@type":"EntryPoint","urlTemplate":"https:\/\/reporteroshoy.mx\/noticias\/?s={search_term_string}"},"query-input":{"@type":"PropertyValueSpecification","valueRequired":true,"valueName":"search_term_string"}}],"inLanguage":"es"},{"@type":"Person","@id":"https:\/\/reporteroshoy.mx\/noticias\/#\/schema\/person\/c977527e57c958a62c5cefe8fe47876e","name":"Reporteros Hoy WP","image":{"@type":"ImageObject","inLanguage":"es","@id":"https:\/\/secure.gravatar.com\/avatar\/fd2917f79a7dae30f8ac9ddc2f35e1756bb59e25e01d1cd09deaa64df7b2f73e?s=96&d=mm&r=g","url":"https:\/\/secure.gravatar.com\/avatar\/fd2917f79a7dae30f8ac9ddc2f35e1756bb59e25e01d1cd09deaa64df7b2f73e?s=96&d=mm&r=g","contentUrl":"https:\/\/secure.gravatar.com\/avatar\/fd2917f79a7dae30f8ac9ddc2f35e1756bb59e25e01d1cd09deaa64df7b2f73e?s=96&d=mm&r=g","caption":"Reporteros Hoy WP"},"url":"https:\/\/reporteroshoy.mx\/noticias\/author\/walfer\/"}]}},"_links":{"self":[{"href":"https:\/\/reporteroshoy.mx\/noticias\/wp-json\/wp\/v2\/posts\/48833","targetHints":{"allow":["GET"]}}],"collection":[{"href":"https:\/\/reporteroshoy.mx\/noticias\/wp-json\/wp\/v2\/posts"}],"about":[{"href":"https:\/\/reporteroshoy.mx\/noticias\/wp-json\/wp\/v2\/types\/post"}],"author":[{"embeddable":true,"href":"https:\/\/reporteroshoy.mx\/noticias\/wp-json\/wp\/v2\/users\/9"}],"replies":[{"embeddable":true,"href":"https:\/\/reporteroshoy.mx\/noticias\/wp-json\/wp\/v2\/comments?post=48833"}],"version-history":[{"count":0,"href":"https:\/\/reporteroshoy.mx\/noticias\/wp-json\/wp\/v2\/posts\/48833\/revisions"}],"wp:featuredmedia":[{"embeddable":true,"href":"https:\/\/reporteroshoy.mx\/noticias\/wp-json\/wp\/v2\/media\/48834"}],"wp:attachment":[{"href":"https:\/\/reporteroshoy.mx\/noticias\/wp-json\/wp\/v2\/media?parent=48833"}],"wp:term":[{"taxonomy":"category","embeddable":true,"href":"https:\/\/reporteroshoy.mx\/noticias\/wp-json\/wp\/v2\/categories?post=48833"},{"taxonomy":"post_tag","embeddable":true,"href":"https:\/\/reporteroshoy.mx\/noticias\/wp-json\/wp\/v2\/tags?post=48833"}],"curies":[{"name":"wp","href":"https:\/\/api.w.org\/{rel}","templated":true}]}}