{"id":48935,"date":"2020-10-22T10:00:41","date_gmt":"2020-10-22T15:00:41","guid":{"rendered":"https:\/\/reporteroshoy.mx\/noticias\/?p=48935"},"modified":"2020-10-22T22:00:08","modified_gmt":"2020-10-23T03:00:08","slug":"epsilon-se-degrado-a-huracan-categoria-2","status":"publish","type":"post","link":"https:\/\/reporteroshoy.mx\/noticias\/epsilon-se-degrado-a-huracan-categoria-2\/","title":{"rendered":"Epsilon se degrad\u00f3 a hurac\u00e1n categor\u00eda 2"},"content":{"rendered":"<p style=\"text-align: justify;\">Estados Unidos; 22 de octubre de 2020 (adn40).- El Servicio Meteorol\u00f3gico Nacional (SMN)\u00a0inform\u00f3 que el hurac\u00e1n Epsil\u00f3n se degrad\u00f3 a categor\u00eda 2 y su centro se localiza a 2 mil 790 kil\u00f3metros al este-noreste de las costas de\u00a0Quintana Roo.<\/p>\n<p style=\"text-align: justify;\">El fen\u00f3meno presenta un desplazamiento hacia el noroeste con\u00a0vientos m\u00e1ximos sostenidos\u00a0de 175 kil\u00f3metros por hora y\u00a0rachas\u00a0de hasta 215 km\/h.<\/p>\n<p><img loading=\"lazy\" decoding=\"async\" class=\"wp-image-48936 aligncenter\" src=\"https:\/\/reporteroshoy.mx\/noticias\/wp-content\/uploads\/2020\/10\/Epsilon.jpg\" alt=\"\" width=\"600\" height=\"338\" \/><\/p>\n<p style=\"text-align: justify;\">Se espera que el hurac\u00e1n se mantenga con la misma intensidad hasta la tarde del viernes 23 de octubre, cuando el cicl\u00f3n podr\u00eda degradarse a categor\u00eda 1 al noreste de\u00a0Cabo Catoche, Quintana Roo.<\/p>\n<p style=\"text-align: justify;\">Aunque el hurac\u00e1n no presenta peligro para el territorio mexicano, se recomienda estar al pendiente de los avisos de\u00a0Protecci\u00f3n Civil\u00a0y autoridades estatales.<\/p>\n","protected":false},"excerpt":{"rendered":"<p>El cicl\u00f3n que se ubica al este-noreste de las costas de Quintana Roo, no representa peligro para territorio mexicano.<\/p>\n","protected":false},"author":9,"featured_media":48936,"comment_status":"open","ping_status":"closed","sticky":false,"template":"","format":"standard","meta":{"footnotes":""},"categories":[10],"tags":[14601,10397],"class_list":["post-48935","post","type-post","status-publish","format-standard","has-post-thumbnail","hentry","category-internacional","tag-epsilon","tag-huracan"],"yoast_head":"<!-- This site is optimized with the Yoast SEO plugin v28.4 - https:\/\/yoast.com\/product\/yoast-seo-wordpress\/ -->\n<title>Epsilon se degrad\u00f3 a hurac\u00e1n categor\u00eda 2<\/title>\n<meta name=\"description\" content=\"El cicl\u00f3n que se ubica al este-noreste de las costas de Quintana Roo, no representa peligro para territorio mexicano.\" \/>\n<meta name=\"robots\" content=\"index, follow, max-snippet:-1, max-image-preview:large, max-video-preview:-1\" \/>\n<link rel=\"canonical\" href=\"https:\/\/reporteroshoy.mx\/noticias\/epsilon-se-degrado-a-huracan-categoria-2\/\" \/>\n<meta property=\"og:locale\" content=\"es_ES\" \/>\n<meta property=\"og:type\" content=\"article\" \/>\n<meta property=\"og:title\" content=\"Epsilon se degrad\u00f3 a hurac\u00e1n categor\u00eda 2\" \/>\n<meta property=\"og:description\" content=\"El cicl\u00f3n que se ubica al este-noreste de las costas de Quintana Roo, no representa peligro para territorio mexicano.\" \/>\n<meta property=\"og:url\" content=\"https:\/\/reporteroshoy.mx\/noticias\/epsilon-se-degrado-a-huracan-categoria-2\/\" \/>\n<meta property=\"og:site_name\" content=\"Reporteros Hoy | Noticias de Yucat\u00e1n\" \/>\n<meta property=\"article:publisher\" content=\"http:\/\/www.facebook.com\/reporteroshoymx\" \/>\n<meta property=\"article:published_time\" content=\"2020-10-22T15:00:41+00:00\" \/>\n<meta property=\"article:modified_time\" content=\"2020-10-23T03:00:08+00:00\" \/>\n<meta property=\"og:image\" content=\"https:\/\/reporteroshoy.mx\/noticias\/wp-content\/uploads\/2020\/10\/Epsilon.jpg\" \/>\n\t<meta property=\"og:image:width\" content=\"768\" \/>\n\t<meta property=\"og:image:height\" content=\"432\" \/>\n\t<meta property=\"og:image:type\" content=\"image\/jpeg\" \/>\n<meta name=\"author\" content=\"Reporteros Hoy WP\" \/>\n<meta name=\"twitter:card\" content=\"summary_large_image\" \/>\n<meta name=\"twitter:creator\" content=\"@reporteroshoy\" \/>\n<meta name=\"twitter:site\" content=\"@reporteroshoy\" \/>\n<meta name=\"twitter:label1\" content=\"Escrito por\" \/>\n\t<meta name=\"twitter:data1\" content=\"Reporteros Hoy WP\" \/>\n\t<meta name=\"twitter:label2\" content=\"Tiempo de lectura\" \/>\n\t<meta name=\"twitter:data2\" content=\"1 minuto\" \/>\n<script type=\"application\/ld+json\" class=\"yoast-schema-graph\">{\"@context\":\"https:\\\/\\\/schema.org\",\"@graph\":[{\"@type\":\"Article\",\"@id\":\"https:\\\/\\\/reporteroshoy.mx\\\/noticias\\\/epsilon-se-degrado-a-huracan-categoria-2\\\/#article\",\"isPartOf\":{\"@id\":\"https:\\\/\\\/reporteroshoy.mx\\\/noticias\\\/epsilon-se-degrado-a-huracan-categoria-2\\\/\"},\"author\":{\"name\":\"Reporteros Hoy WP\",\"@id\":\"https:\\\/\\\/reporteroshoy.mx\\\/noticias\\\/#\\\/schema\\\/person\\\/c977527e57c958a62c5cefe8fe47876e\"},\"headline\":\"Epsilon se degrad\u00f3 a hurac\u00e1n categor\u00eda 2\",\"datePublished\":\"2020-10-22T15:00:41+00:00\",\"dateModified\":\"2020-10-23T03:00:08+00:00\",\"mainEntityOfPage\":{\"@id\":\"https:\\\/\\\/reporteroshoy.mx\\\/noticias\\\/epsilon-se-degrado-a-huracan-categoria-2\\\/\"},\"wordCount\":137,\"commentCount\":0,\"image\":{\"@id\":\"https:\\\/\\\/reporteroshoy.mx\\\/noticias\\\/epsilon-se-degrado-a-huracan-categoria-2\\\/#primaryimage\"},\"thumbnailUrl\":\"https:\\\/\\\/reporteroshoy.mx\\\/noticias\\\/wp-content\\\/uploads\\\/2020\\\/10\\\/Epsilon.jpg\",\"keywords\":[\"Epsilon\",\"hurac\u00e1n\"],\"articleSection\":[\"Internacional\"],\"inLanguage\":\"es\",\"potentialAction\":[{\"@type\":\"CommentAction\",\"name\":\"Comment\",\"target\":[\"https:\\\/\\\/reporteroshoy.mx\\\/noticias\\\/epsilon-se-degrado-a-huracan-categoria-2\\\/#respond\"]}]},{\"@type\":\"WebPage\",\"@id\":\"https:\\\/\\\/reporteroshoy.mx\\\/noticias\\\/epsilon-se-degrado-a-huracan-categoria-2\\\/\",\"url\":\"https:\\\/\\\/reporteroshoy.mx\\\/noticias\\\/epsilon-se-degrado-a-huracan-categoria-2\\\/\",\"name\":\"Epsilon se degrad\u00f3 a hurac\u00e1n categor\u00eda 2\",\"isPartOf\":{\"@id\":\"https:\\\/\\\/reporteroshoy.mx\\\/noticias\\\/#website\"},\"primaryImageOfPage\":{\"@id\":\"https:\\\/\\\/reporteroshoy.mx\\\/noticias\\\/epsilon-se-degrado-a-huracan-categoria-2\\\/#primaryimage\"},\"image\":{\"@id\":\"https:\\\/\\\/reporteroshoy.mx\\\/noticias\\\/epsilon-se-degrado-a-huracan-categoria-2\\\/#primaryimage\"},\"thumbnailUrl\":\"https:\\\/\\\/reporteroshoy.mx\\\/noticias\\\/wp-content\\\/uploads\\\/2020\\\/10\\\/Epsilon.jpg\",\"datePublished\":\"2020-10-22T15:00:41+00:00\",\"dateModified\":\"2020-10-23T03:00:08+00:00\",\"author\":{\"@id\":\"https:\\\/\\\/reporteroshoy.mx\\\/noticias\\\/#\\\/schema\\\/person\\\/c977527e57c958a62c5cefe8fe47876e\"},\"description\":\"El cicl\u00f3n que se ubica al este-noreste de las costas de Quintana Roo, no representa peligro para territorio mexicano.\",\"breadcrumb\":{\"@id\":\"https:\\\/\\\/reporteroshoy.mx\\\/noticias\\\/epsilon-se-degrado-a-huracan-categoria-2\\\/#breadcrumb\"},\"inLanguage\":\"es\",\"potentialAction\":[{\"@type\":\"ReadAction\",\"target\":[\"https:\\\/\\\/reporteroshoy.mx\\\/noticias\\\/epsilon-se-degrado-a-huracan-categoria-2\\\/\"]}]},{\"@type\":\"ImageObject\",\"inLanguage\":\"es\",\"@id\":\"https:\\\/\\\/reporteroshoy.mx\\\/noticias\\\/epsilon-se-degrado-a-huracan-categoria-2\\\/#primaryimage\",\"url\":\"https:\\\/\\\/reporteroshoy.mx\\\/noticias\\\/wp-content\\\/uploads\\\/2020\\\/10\\\/Epsilon.jpg\",\"contentUrl\":\"https:\\\/\\\/reporteroshoy.mx\\\/noticias\\\/wp-content\\\/uploads\\\/2020\\\/10\\\/Epsilon.jpg\",\"width\":768,\"height\":432},{\"@type\":\"BreadcrumbList\",\"@id\":\"https:\\\/\\\/reporteroshoy.mx\\\/noticias\\\/epsilon-se-degrado-a-huracan-categoria-2\\\/#breadcrumb\",\"itemListElement\":[{\"@type\":\"ListItem\",\"position\":1,\"name\":\"Portada\",\"item\":\"https:\\\/\\\/reporteroshoy.mx\\\/noticias\\\/\"},{\"@type\":\"ListItem\",\"position\":2,\"name\":\"Epsilon se degrad\u00f3 a hurac\u00e1n categor\u00eda 2\"}]},{\"@type\":\"WebSite\",\"@id\":\"https:\\\/\\\/reporteroshoy.mx\\\/noticias\\\/#website\",\"url\":\"https:\\\/\\\/reporteroshoy.mx\\\/noticias\\\/\",\"name\":\"Reporteros Hoy | Noticias de Yucat\u00e1n\",\"description\":\"Peri\u00f3dico digital con noticias diarias desde M\u00e9rida, Yucat\u00e1n para el mundo.\",\"potentialAction\":[{\"@type\":\"SearchAction\",\"target\":{\"@type\":\"EntryPoint\",\"urlTemplate\":\"https:\\\/\\\/reporteroshoy.mx\\\/noticias\\\/?s={search_term_string}\"},\"query-input\":{\"@type\":\"PropertyValueSpecification\",\"valueRequired\":true,\"valueName\":\"search_term_string\"}}],\"inLanguage\":\"es\"},{\"@type\":\"Person\",\"@id\":\"https:\\\/\\\/reporteroshoy.mx\\\/noticias\\\/#\\\/schema\\\/person\\\/c977527e57c958a62c5cefe8fe47876e\",\"name\":\"Reporteros Hoy WP\",\"image\":{\"@type\":\"ImageObject\",\"inLanguage\":\"es\",\"@id\":\"https:\\\/\\\/secure.gravatar.com\\\/avatar\\\/fd2917f79a7dae30f8ac9ddc2f35e1756bb59e25e01d1cd09deaa64df7b2f73e?s=96&d=mm&r=g\",\"url\":\"https:\\\/\\\/secure.gravatar.com\\\/avatar\\\/fd2917f79a7dae30f8ac9ddc2f35e1756bb59e25e01d1cd09deaa64df7b2f73e?s=96&d=mm&r=g\",\"contentUrl\":\"https:\\\/\\\/secure.gravatar.com\\\/avatar\\\/fd2917f79a7dae30f8ac9ddc2f35e1756bb59e25e01d1cd09deaa64df7b2f73e?s=96&d=mm&r=g\",\"caption\":\"Reporteros Hoy WP\"},\"url\":\"https:\\\/\\\/reporteroshoy.mx\\\/noticias\\\/author\\\/walfer\\\/\"}]}<\/script>\n<!-- \/ Yoast SEO plugin. -->","yoast_head_json":{"title":"Epsilon se degrad\u00f3 a hurac\u00e1n categor\u00eda 2","description":"El cicl\u00f3n que se ubica al este-noreste de las costas de Quintana Roo, no representa peligro para territorio mexicano.","robots":{"index":"index","follow":"follow","max-snippet":"max-snippet:-1","max-image-preview":"max-image-preview:large","max-video-preview":"max-video-preview:-1"},"canonical":"https:\/\/reporteroshoy.mx\/noticias\/epsilon-se-degrado-a-huracan-categoria-2\/","og_locale":"es_ES","og_type":"article","og_title":"Epsilon se degrad\u00f3 a hurac\u00e1n categor\u00eda 2","og_description":"El cicl\u00f3n que se ubica al este-noreste de las costas de Quintana Roo, no representa peligro para territorio mexicano.","og_url":"https:\/\/reporteroshoy.mx\/noticias\/epsilon-se-degrado-a-huracan-categoria-2\/","og_site_name":"Reporteros Hoy | Noticias de Yucat\u00e1n","article_publisher":"http:\/\/www.facebook.com\/reporteroshoymx","article_published_time":"2020-10-22T15:00:41+00:00","article_modified_time":"2020-10-23T03:00:08+00:00","og_image":[{"width":768,"height":432,"url":"https:\/\/reporteroshoy.mx\/noticias\/wp-content\/uploads\/2020\/10\/Epsilon.jpg","type":"image\/jpeg"}],"author":"Reporteros Hoy WP","twitter_card":"summary_large_image","twitter_creator":"@reporteroshoy","twitter_site":"@reporteroshoy","twitter_misc":{"Escrito por":"Reporteros Hoy WP","Tiempo de lectura":"1 minuto"},"schema":{"@context":"https:\/\/schema.org","@graph":[{"@type":"Article","@id":"https:\/\/reporteroshoy.mx\/noticias\/epsilon-se-degrado-a-huracan-categoria-2\/#article","isPartOf":{"@id":"https:\/\/reporteroshoy.mx\/noticias\/epsilon-se-degrado-a-huracan-categoria-2\/"},"author":{"name":"Reporteros Hoy WP","@id":"https:\/\/reporteroshoy.mx\/noticias\/#\/schema\/person\/c977527e57c958a62c5cefe8fe47876e"},"headline":"Epsilon se degrad\u00f3 a hurac\u00e1n categor\u00eda 2","datePublished":"2020-10-22T15:00:41+00:00","dateModified":"2020-10-23T03:00:08+00:00","mainEntityOfPage":{"@id":"https:\/\/reporteroshoy.mx\/noticias\/epsilon-se-degrado-a-huracan-categoria-2\/"},"wordCount":137,"commentCount":0,"image":{"@id":"https:\/\/reporteroshoy.mx\/noticias\/epsilon-se-degrado-a-huracan-categoria-2\/#primaryimage"},"thumbnailUrl":"https:\/\/reporteroshoy.mx\/noticias\/wp-content\/uploads\/2020\/10\/Epsilon.jpg","keywords":["Epsilon","hurac\u00e1n"],"articleSection":["Internacional"],"inLanguage":"es","potentialAction":[{"@type":"CommentAction","name":"Comment","target":["https:\/\/reporteroshoy.mx\/noticias\/epsilon-se-degrado-a-huracan-categoria-2\/#respond"]}]},{"@type":"WebPage","@id":"https:\/\/reporteroshoy.mx\/noticias\/epsilon-se-degrado-a-huracan-categoria-2\/","url":"https:\/\/reporteroshoy.mx\/noticias\/epsilon-se-degrado-a-huracan-categoria-2\/","name":"Epsilon se degrad\u00f3 a hurac\u00e1n categor\u00eda 2","isPartOf":{"@id":"https:\/\/reporteroshoy.mx\/noticias\/#website"},"primaryImageOfPage":{"@id":"https:\/\/reporteroshoy.mx\/noticias\/epsilon-se-degrado-a-huracan-categoria-2\/#primaryimage"},"image":{"@id":"https:\/\/reporteroshoy.mx\/noticias\/epsilon-se-degrado-a-huracan-categoria-2\/#primaryimage"},"thumbnailUrl":"https:\/\/reporteroshoy.mx\/noticias\/wp-content\/uploads\/2020\/10\/Epsilon.jpg","datePublished":"2020-10-22T15:00:41+00:00","dateModified":"2020-10-23T03:00:08+00:00","author":{"@id":"https:\/\/reporteroshoy.mx\/noticias\/#\/schema\/person\/c977527e57c958a62c5cefe8fe47876e"},"description":"El cicl\u00f3n que se ubica al este-noreste de las costas de Quintana Roo, no representa peligro para territorio mexicano.","breadcrumb":{"@id":"https:\/\/reporteroshoy.mx\/noticias\/epsilon-se-degrado-a-huracan-categoria-2\/#breadcrumb"},"inLanguage":"es","potentialAction":[{"@type":"ReadAction","target":["https:\/\/reporteroshoy.mx\/noticias\/epsilon-se-degrado-a-huracan-categoria-2\/"]}]},{"@type":"ImageObject","inLanguage":"es","@id":"https:\/\/reporteroshoy.mx\/noticias\/epsilon-se-degrado-a-huracan-categoria-2\/#primaryimage","url":"https:\/\/reporteroshoy.mx\/noticias\/wp-content\/uploads\/2020\/10\/Epsilon.jpg","contentUrl":"https:\/\/reporteroshoy.mx\/noticias\/wp-content\/uploads\/2020\/10\/Epsilon.jpg","width":768,"height":432},{"@type":"BreadcrumbList","@id":"https:\/\/reporteroshoy.mx\/noticias\/epsilon-se-degrado-a-huracan-categoria-2\/#breadcrumb","itemListElement":[{"@type":"ListItem","position":1,"name":"Portada","item":"https:\/\/reporteroshoy.mx\/noticias\/"},{"@type":"ListItem","position":2,"name":"Epsilon se degrad\u00f3 a hurac\u00e1n categor\u00eda 2"}]},{"@type":"WebSite","@id":"https:\/\/reporteroshoy.mx\/noticias\/#website","url":"https:\/\/reporteroshoy.mx\/noticias\/","name":"Reporteros Hoy | Noticias de Yucat\u00e1n","description":"Peri\u00f3dico digital con noticias diarias desde M\u00e9rida, Yucat\u00e1n para el mundo.","potentialAction":[{"@type":"SearchAction","target":{"@type":"EntryPoint","urlTemplate":"https:\/\/reporteroshoy.mx\/noticias\/?s={search_term_string}"},"query-input":{"@type":"PropertyValueSpecification","valueRequired":true,"valueName":"search_term_string"}}],"inLanguage":"es"},{"@type":"Person","@id":"https:\/\/reporteroshoy.mx\/noticias\/#\/schema\/person\/c977527e57c958a62c5cefe8fe47876e","name":"Reporteros Hoy WP","image":{"@type":"ImageObject","inLanguage":"es","@id":"https:\/\/secure.gravatar.com\/avatar\/fd2917f79a7dae30f8ac9ddc2f35e1756bb59e25e01d1cd09deaa64df7b2f73e?s=96&d=mm&r=g","url":"https:\/\/secure.gravatar.com\/avatar\/fd2917f79a7dae30f8ac9ddc2f35e1756bb59e25e01d1cd09deaa64df7b2f73e?s=96&d=mm&r=g","contentUrl":"https:\/\/secure.gravatar.com\/avatar\/fd2917f79a7dae30f8ac9ddc2f35e1756bb59e25e01d1cd09deaa64df7b2f73e?s=96&d=mm&r=g","caption":"Reporteros Hoy WP"},"url":"https:\/\/reporteroshoy.mx\/noticias\/author\/walfer\/"}]}},"_links":{"self":[{"href":"https:\/\/reporteroshoy.mx\/noticias\/wp-json\/wp\/v2\/posts\/48935","targetHints":{"allow":["GET"]}}],"collection":[{"href":"https:\/\/reporteroshoy.mx\/noticias\/wp-json\/wp\/v2\/posts"}],"about":[{"href":"https:\/\/reporteroshoy.mx\/noticias\/wp-json\/wp\/v2\/types\/post"}],"author":[{"embeddable":true,"href":"https:\/\/reporteroshoy.mx\/noticias\/wp-json\/wp\/v2\/users\/9"}],"replies":[{"embeddable":true,"href":"https:\/\/reporteroshoy.mx\/noticias\/wp-json\/wp\/v2\/comments?post=48935"}],"version-history":[{"count":0,"href":"https:\/\/reporteroshoy.mx\/noticias\/wp-json\/wp\/v2\/posts\/48935\/revisions"}],"wp:featuredmedia":[{"embeddable":true,"href":"https:\/\/reporteroshoy.mx\/noticias\/wp-json\/wp\/v2\/media\/48936"}],"wp:attachment":[{"href":"https:\/\/reporteroshoy.mx\/noticias\/wp-json\/wp\/v2\/media?parent=48935"}],"wp:term":[{"taxonomy":"category","embeddable":true,"href":"https:\/\/reporteroshoy.mx\/noticias\/wp-json\/wp\/v2\/categories?post=48935"},{"taxonomy":"post_tag","embeddable":true,"href":"https:\/\/reporteroshoy.mx\/noticias\/wp-json\/wp\/v2\/tags?post=48935"}],"curies":[{"name":"wp","href":"https:\/\/api.w.org\/{rel}","templated":true}]}}