{"id":48958,"date":"2020-10-22T14:00:03","date_gmt":"2020-10-22T19:00:03","guid":{"rendered":"https:\/\/reporteroshoy.mx\/noticias\/?p=48958"},"modified":"2020-10-22T22:00:56","modified_gmt":"2020-10-23T03:00:56","slug":"aumentan-las-denuncias-por-violencia-familiar-en-yucatan","status":"publish","type":"post","link":"https:\/\/reporteroshoy.mx\/noticias\/aumentan-las-denuncias-por-violencia-familiar-en-yucatan\/","title":{"rendered":"Aumentan las denuncias por violencia familiar en Yucat\u00e1n"},"content":{"rendered":"<p style=\"text-align: justify;\">M\u00e9rida, Yucat\u00e1n; 22 de octubre de 2020 (ACOM).- Reportan un incremento en las denuncias por violencia familiar en Yucat\u00e1n, seg\u00fan el \u00faltimo informe del Secretariado Ejecutivo del Sistema Nacional de Seguridad P\u00fablica (SESNSP).<\/p>\n<p style=\"text-align: justify;\">Al presentar el informe sobre la incidencia delictiva y denuncias presentadas hasta el mes de septiembre en el estado, esta instancia federal inform\u00f3 que en dicho periodo se recibieron 71 denuncias por este delito, cifra que increment\u00f3 con respecto al mes de agosto, cuando se contabilizaron 45.<\/p>\n<p style=\"text-align: justify;\">Es decir, las quejas aumentaron cerca de un 37% entre agosto y septiembre, seg\u00fan las cifras presentadas.<\/p>\n<p><img loading=\"lazy\" decoding=\"async\" class=\"wp-image-48959 aligncenter\" src=\"https:\/\/reporteroshoy.mx\/noticias\/wp-content\/uploads\/2020\/10\/Violencia-familiar-1.jpg\" alt=\"\" width=\"598\" height=\"337\" \/><\/p>\n<p style=\"text-align: justify;\">De igual manera, el delito de feminicidio tuvo un repunte importante este a\u00f1o, al duplicarse la cifra de casos contabilizados hasta ahora, report\u00e1ndose 6 hasta septiembre del 2020, mientras que en el mismo periodo pero del 2019, se contabilizaron 3 denuncias.<\/p>\n<p style=\"text-align: justify;\">Por otro lado, el mismo informe indica que las denuncias por narcomenudeo crecieron un 60% el pasado mes, al pasar de 8 contabilizadas en agosto a 20, en septiembre de este a\u00f1o.<\/p>\n<p style=\"text-align: justify;\">Seg\u00fan la herramienta del Sem\u00e1foro Delictivo, la cual mide la situaci\u00f3n en cuanto a delitos cometidos en el pa\u00eds, Yucat\u00e1n se encuentra en verde en la mayor\u00eda de los casilleros, como robo a casa habitaci\u00f3n, robo a comercio y otros m\u00e1s.<\/p>\n","protected":false},"excerpt":{"rendered":"<p>Seg\u00fan el reporte del Secretariado Ejecutivo del Sistema Nacional de Seguridad P\u00fablica las quejas aumentaron un 37% entre agosto y septiembre.<\/p>\n","protected":false},"author":9,"featured_media":48959,"comment_status":"open","ping_status":"closed","sticky":false,"template":"","format":"standard","meta":{"footnotes":""},"categories":[17],"tags":[14607,14608,5429],"class_list":["post-48958","post","type-post","status-publish","format-standard","has-post-thumbnail","hentry","category-yucatan","tag-secretariado-ejecutivo-del-sistema-nacional-de-seguridad-publica","tag-sesnsp","tag-violencia-familiar"],"yoast_head":"<!-- This site is optimized with the Yoast SEO plugin v28.3 - https:\/\/yoast.com\/product\/yoast-seo-wordpress\/ -->\n<title>Aumentan las denuncias por violencia familiar en Yucat\u00e1n<\/title>\n<meta name=\"description\" content=\"Seg\u00fan el reporte del Secretariado Ejecutivo del Sistema Nacional de Seguridad P\u00fablica las quejas aumentaron un 37% entre agosto y septiembre.\" \/>\n<meta name=\"robots\" content=\"index, follow, max-snippet:-1, max-image-preview:large, max-video-preview:-1\" \/>\n<link rel=\"canonical\" href=\"https:\/\/reporteroshoy.mx\/noticias\/aumentan-las-denuncias-por-violencia-familiar-en-yucatan\/\" \/>\n<meta property=\"og:locale\" content=\"es_ES\" \/>\n<meta property=\"og:type\" content=\"article\" \/>\n<meta property=\"og:title\" content=\"Aumentan las denuncias por violencia familiar en Yucat\u00e1n\" \/>\n<meta property=\"og:description\" content=\"Seg\u00fan el reporte del Secretariado Ejecutivo del Sistema Nacional de Seguridad P\u00fablica las quejas aumentaron un 37% entre agosto y septiembre.\" \/>\n<meta property=\"og:url\" content=\"https:\/\/reporteroshoy.mx\/noticias\/aumentan-las-denuncias-por-violencia-familiar-en-yucatan\/\" \/>\n<meta property=\"og:site_name\" content=\"Reporteros Hoy | Noticias de Yucat\u00e1n\" \/>\n<meta property=\"article:publisher\" content=\"http:\/\/www.facebook.com\/reporteroshoymx\" \/>\n<meta property=\"article:published_time\" content=\"2020-10-22T19:00:03+00:00\" \/>\n<meta property=\"article:modified_time\" content=\"2020-10-23T03:00:56+00:00\" \/>\n<meta property=\"og:image\" content=\"https:\/\/reporteroshoy.mx\/noticias\/wp-content\/uploads\/2020\/10\/Violencia-familiar-1.jpg\" \/>\n\t<meta property=\"og:image:width\" content=\"768\" \/>\n\t<meta property=\"og:image:height\" content=\"432\" \/>\n\t<meta property=\"og:image:type\" content=\"image\/jpeg\" \/>\n<meta name=\"author\" content=\"Reporteros Hoy WP\" \/>\n<meta name=\"twitter:card\" content=\"summary_large_image\" \/>\n<meta name=\"twitter:creator\" content=\"@reporteroshoy\" \/>\n<meta name=\"twitter:site\" content=\"@reporteroshoy\" \/>\n<meta name=\"twitter:label1\" content=\"Escrito por\" \/>\n\t<meta name=\"twitter:data1\" content=\"Reporteros Hoy WP\" \/>\n\t<meta name=\"twitter:label2\" content=\"Tiempo de lectura\" \/>\n\t<meta name=\"twitter:data2\" content=\"1 minuto\" \/>\n<script type=\"application\/ld+json\" class=\"yoast-schema-graph\">{\"@context\":\"https:\\\/\\\/schema.org\",\"@graph\":[{\"@type\":\"Article\",\"@id\":\"https:\\\/\\\/reporteroshoy.mx\\\/noticias\\\/aumentan-las-denuncias-por-violencia-familiar-en-yucatan\\\/#article\",\"isPartOf\":{\"@id\":\"https:\\\/\\\/reporteroshoy.mx\\\/noticias\\\/aumentan-las-denuncias-por-violencia-familiar-en-yucatan\\\/\"},\"author\":{\"name\":\"Reporteros Hoy WP\",\"@id\":\"https:\\\/\\\/reporteroshoy.mx\\\/noticias\\\/#\\\/schema\\\/person\\\/c977527e57c958a62c5cefe8fe47876e\"},\"headline\":\"Aumentan las denuncias por violencia familiar en Yucat\u00e1n\",\"datePublished\":\"2020-10-22T19:00:03+00:00\",\"dateModified\":\"2020-10-23T03:00:56+00:00\",\"mainEntityOfPage\":{\"@id\":\"https:\\\/\\\/reporteroshoy.mx\\\/noticias\\\/aumentan-las-denuncias-por-violencia-familiar-en-yucatan\\\/\"},\"wordCount\":226,\"commentCount\":0,\"image\":{\"@id\":\"https:\\\/\\\/reporteroshoy.mx\\\/noticias\\\/aumentan-las-denuncias-por-violencia-familiar-en-yucatan\\\/#primaryimage\"},\"thumbnailUrl\":\"https:\\\/\\\/reporteroshoy.mx\\\/noticias\\\/wp-content\\\/uploads\\\/2020\\\/10\\\/Violencia-familiar-1.jpg\",\"keywords\":[\"Secretariado Ejecutivo del Sistema Nacional de Seguridad P\u00fablica\",\"SESNSP\",\"Violencia Familiar\"],\"articleSection\":[\"Yucat\u00e1n\"],\"inLanguage\":\"es\",\"potentialAction\":[{\"@type\":\"CommentAction\",\"name\":\"Comment\",\"target\":[\"https:\\\/\\\/reporteroshoy.mx\\\/noticias\\\/aumentan-las-denuncias-por-violencia-familiar-en-yucatan\\\/#respond\"]}]},{\"@type\":\"WebPage\",\"@id\":\"https:\\\/\\\/reporteroshoy.mx\\\/noticias\\\/aumentan-las-denuncias-por-violencia-familiar-en-yucatan\\\/\",\"url\":\"https:\\\/\\\/reporteroshoy.mx\\\/noticias\\\/aumentan-las-denuncias-por-violencia-familiar-en-yucatan\\\/\",\"name\":\"Aumentan las denuncias por violencia familiar en Yucat\u00e1n\",\"isPartOf\":{\"@id\":\"https:\\\/\\\/reporteroshoy.mx\\\/noticias\\\/#website\"},\"primaryImageOfPage\":{\"@id\":\"https:\\\/\\\/reporteroshoy.mx\\\/noticias\\\/aumentan-las-denuncias-por-violencia-familiar-en-yucatan\\\/#primaryimage\"},\"image\":{\"@id\":\"https:\\\/\\\/reporteroshoy.mx\\\/noticias\\\/aumentan-las-denuncias-por-violencia-familiar-en-yucatan\\\/#primaryimage\"},\"thumbnailUrl\":\"https:\\\/\\\/reporteroshoy.mx\\\/noticias\\\/wp-content\\\/uploads\\\/2020\\\/10\\\/Violencia-familiar-1.jpg\",\"datePublished\":\"2020-10-22T19:00:03+00:00\",\"dateModified\":\"2020-10-23T03:00:56+00:00\",\"author\":{\"@id\":\"https:\\\/\\\/reporteroshoy.mx\\\/noticias\\\/#\\\/schema\\\/person\\\/c977527e57c958a62c5cefe8fe47876e\"},\"description\":\"Seg\u00fan el reporte del Secretariado Ejecutivo del Sistema Nacional de Seguridad P\u00fablica las quejas aumentaron un 37% entre agosto y septiembre.\",\"breadcrumb\":{\"@id\":\"https:\\\/\\\/reporteroshoy.mx\\\/noticias\\\/aumentan-las-denuncias-por-violencia-familiar-en-yucatan\\\/#breadcrumb\"},\"inLanguage\":\"es\",\"potentialAction\":[{\"@type\":\"ReadAction\",\"target\":[\"https:\\\/\\\/reporteroshoy.mx\\\/noticias\\\/aumentan-las-denuncias-por-violencia-familiar-en-yucatan\\\/\"]}]},{\"@type\":\"ImageObject\",\"inLanguage\":\"es\",\"@id\":\"https:\\\/\\\/reporteroshoy.mx\\\/noticias\\\/aumentan-las-denuncias-por-violencia-familiar-en-yucatan\\\/#primaryimage\",\"url\":\"https:\\\/\\\/reporteroshoy.mx\\\/noticias\\\/wp-content\\\/uploads\\\/2020\\\/10\\\/Violencia-familiar-1.jpg\",\"contentUrl\":\"https:\\\/\\\/reporteroshoy.mx\\\/noticias\\\/wp-content\\\/uploads\\\/2020\\\/10\\\/Violencia-familiar-1.jpg\",\"width\":768,\"height\":432},{\"@type\":\"BreadcrumbList\",\"@id\":\"https:\\\/\\\/reporteroshoy.mx\\\/noticias\\\/aumentan-las-denuncias-por-violencia-familiar-en-yucatan\\\/#breadcrumb\",\"itemListElement\":[{\"@type\":\"ListItem\",\"position\":1,\"name\":\"Portada\",\"item\":\"https:\\\/\\\/reporteroshoy.mx\\\/noticias\\\/\"},{\"@type\":\"ListItem\",\"position\":2,\"name\":\"Aumentan las denuncias por violencia familiar en Yucat\u00e1n\"}]},{\"@type\":\"WebSite\",\"@id\":\"https:\\\/\\\/reporteroshoy.mx\\\/noticias\\\/#website\",\"url\":\"https:\\\/\\\/reporteroshoy.mx\\\/noticias\\\/\",\"name\":\"Reporteros Hoy | Noticias de Yucat\u00e1n\",\"description\":\"Peri\u00f3dico digital con noticias diarias desde M\u00e9rida, Yucat\u00e1n para el mundo.\",\"potentialAction\":[{\"@type\":\"SearchAction\",\"target\":{\"@type\":\"EntryPoint\",\"urlTemplate\":\"https:\\\/\\\/reporteroshoy.mx\\\/noticias\\\/?s={search_term_string}\"},\"query-input\":{\"@type\":\"PropertyValueSpecification\",\"valueRequired\":true,\"valueName\":\"search_term_string\"}}],\"inLanguage\":\"es\"},{\"@type\":\"Person\",\"@id\":\"https:\\\/\\\/reporteroshoy.mx\\\/noticias\\\/#\\\/schema\\\/person\\\/c977527e57c958a62c5cefe8fe47876e\",\"name\":\"Reporteros Hoy WP\",\"image\":{\"@type\":\"ImageObject\",\"inLanguage\":\"es\",\"@id\":\"https:\\\/\\\/secure.gravatar.com\\\/avatar\\\/fd2917f79a7dae30f8ac9ddc2f35e1756bb59e25e01d1cd09deaa64df7b2f73e?s=96&d=mm&r=g\",\"url\":\"https:\\\/\\\/secure.gravatar.com\\\/avatar\\\/fd2917f79a7dae30f8ac9ddc2f35e1756bb59e25e01d1cd09deaa64df7b2f73e?s=96&d=mm&r=g\",\"contentUrl\":\"https:\\\/\\\/secure.gravatar.com\\\/avatar\\\/fd2917f79a7dae30f8ac9ddc2f35e1756bb59e25e01d1cd09deaa64df7b2f73e?s=96&d=mm&r=g\",\"caption\":\"Reporteros Hoy WP\"},\"url\":\"https:\\\/\\\/reporteroshoy.mx\\\/noticias\\\/author\\\/walfer\\\/\"}]}<\/script>\n<!-- \/ Yoast SEO plugin. -->","yoast_head_json":{"title":"Aumentan las denuncias por violencia familiar en Yucat\u00e1n","description":"Seg\u00fan el reporte del Secretariado Ejecutivo del Sistema Nacional de Seguridad P\u00fablica las quejas aumentaron un 37% entre agosto y septiembre.","robots":{"index":"index","follow":"follow","max-snippet":"max-snippet:-1","max-image-preview":"max-image-preview:large","max-video-preview":"max-video-preview:-1"},"canonical":"https:\/\/reporteroshoy.mx\/noticias\/aumentan-las-denuncias-por-violencia-familiar-en-yucatan\/","og_locale":"es_ES","og_type":"article","og_title":"Aumentan las denuncias por violencia familiar en Yucat\u00e1n","og_description":"Seg\u00fan el reporte del Secretariado Ejecutivo del Sistema Nacional de Seguridad P\u00fablica las quejas aumentaron un 37% entre agosto y septiembre.","og_url":"https:\/\/reporteroshoy.mx\/noticias\/aumentan-las-denuncias-por-violencia-familiar-en-yucatan\/","og_site_name":"Reporteros Hoy | Noticias de Yucat\u00e1n","article_publisher":"http:\/\/www.facebook.com\/reporteroshoymx","article_published_time":"2020-10-22T19:00:03+00:00","article_modified_time":"2020-10-23T03:00:56+00:00","og_image":[{"width":768,"height":432,"url":"https:\/\/reporteroshoy.mx\/noticias\/wp-content\/uploads\/2020\/10\/Violencia-familiar-1.jpg","type":"image\/jpeg"}],"author":"Reporteros Hoy WP","twitter_card":"summary_large_image","twitter_creator":"@reporteroshoy","twitter_site":"@reporteroshoy","twitter_misc":{"Escrito por":"Reporteros Hoy WP","Tiempo de lectura":"1 minuto"},"schema":{"@context":"https:\/\/schema.org","@graph":[{"@type":"Article","@id":"https:\/\/reporteroshoy.mx\/noticias\/aumentan-las-denuncias-por-violencia-familiar-en-yucatan\/#article","isPartOf":{"@id":"https:\/\/reporteroshoy.mx\/noticias\/aumentan-las-denuncias-por-violencia-familiar-en-yucatan\/"},"author":{"name":"Reporteros Hoy WP","@id":"https:\/\/reporteroshoy.mx\/noticias\/#\/schema\/person\/c977527e57c958a62c5cefe8fe47876e"},"headline":"Aumentan las denuncias por violencia familiar en Yucat\u00e1n","datePublished":"2020-10-22T19:00:03+00:00","dateModified":"2020-10-23T03:00:56+00:00","mainEntityOfPage":{"@id":"https:\/\/reporteroshoy.mx\/noticias\/aumentan-las-denuncias-por-violencia-familiar-en-yucatan\/"},"wordCount":226,"commentCount":0,"image":{"@id":"https:\/\/reporteroshoy.mx\/noticias\/aumentan-las-denuncias-por-violencia-familiar-en-yucatan\/#primaryimage"},"thumbnailUrl":"https:\/\/reporteroshoy.mx\/noticias\/wp-content\/uploads\/2020\/10\/Violencia-familiar-1.jpg","keywords":["Secretariado Ejecutivo del Sistema Nacional de Seguridad P\u00fablica","SESNSP","Violencia Familiar"],"articleSection":["Yucat\u00e1n"],"inLanguage":"es","potentialAction":[{"@type":"CommentAction","name":"Comment","target":["https:\/\/reporteroshoy.mx\/noticias\/aumentan-las-denuncias-por-violencia-familiar-en-yucatan\/#respond"]}]},{"@type":"WebPage","@id":"https:\/\/reporteroshoy.mx\/noticias\/aumentan-las-denuncias-por-violencia-familiar-en-yucatan\/","url":"https:\/\/reporteroshoy.mx\/noticias\/aumentan-las-denuncias-por-violencia-familiar-en-yucatan\/","name":"Aumentan las denuncias por violencia familiar en Yucat\u00e1n","isPartOf":{"@id":"https:\/\/reporteroshoy.mx\/noticias\/#website"},"primaryImageOfPage":{"@id":"https:\/\/reporteroshoy.mx\/noticias\/aumentan-las-denuncias-por-violencia-familiar-en-yucatan\/#primaryimage"},"image":{"@id":"https:\/\/reporteroshoy.mx\/noticias\/aumentan-las-denuncias-por-violencia-familiar-en-yucatan\/#primaryimage"},"thumbnailUrl":"https:\/\/reporteroshoy.mx\/noticias\/wp-content\/uploads\/2020\/10\/Violencia-familiar-1.jpg","datePublished":"2020-10-22T19:00:03+00:00","dateModified":"2020-10-23T03:00:56+00:00","author":{"@id":"https:\/\/reporteroshoy.mx\/noticias\/#\/schema\/person\/c977527e57c958a62c5cefe8fe47876e"},"description":"Seg\u00fan el reporte del Secretariado Ejecutivo del Sistema Nacional de Seguridad P\u00fablica las quejas aumentaron un 37% entre agosto y septiembre.","breadcrumb":{"@id":"https:\/\/reporteroshoy.mx\/noticias\/aumentan-las-denuncias-por-violencia-familiar-en-yucatan\/#breadcrumb"},"inLanguage":"es","potentialAction":[{"@type":"ReadAction","target":["https:\/\/reporteroshoy.mx\/noticias\/aumentan-las-denuncias-por-violencia-familiar-en-yucatan\/"]}]},{"@type":"ImageObject","inLanguage":"es","@id":"https:\/\/reporteroshoy.mx\/noticias\/aumentan-las-denuncias-por-violencia-familiar-en-yucatan\/#primaryimage","url":"https:\/\/reporteroshoy.mx\/noticias\/wp-content\/uploads\/2020\/10\/Violencia-familiar-1.jpg","contentUrl":"https:\/\/reporteroshoy.mx\/noticias\/wp-content\/uploads\/2020\/10\/Violencia-familiar-1.jpg","width":768,"height":432},{"@type":"BreadcrumbList","@id":"https:\/\/reporteroshoy.mx\/noticias\/aumentan-las-denuncias-por-violencia-familiar-en-yucatan\/#breadcrumb","itemListElement":[{"@type":"ListItem","position":1,"name":"Portada","item":"https:\/\/reporteroshoy.mx\/noticias\/"},{"@type":"ListItem","position":2,"name":"Aumentan las denuncias por violencia familiar en Yucat\u00e1n"}]},{"@type":"WebSite","@id":"https:\/\/reporteroshoy.mx\/noticias\/#website","url":"https:\/\/reporteroshoy.mx\/noticias\/","name":"Reporteros Hoy | Noticias de Yucat\u00e1n","description":"Peri\u00f3dico digital con noticias diarias desde M\u00e9rida, Yucat\u00e1n para el mundo.","potentialAction":[{"@type":"SearchAction","target":{"@type":"EntryPoint","urlTemplate":"https:\/\/reporteroshoy.mx\/noticias\/?s={search_term_string}"},"query-input":{"@type":"PropertyValueSpecification","valueRequired":true,"valueName":"search_term_string"}}],"inLanguage":"es"},{"@type":"Person","@id":"https:\/\/reporteroshoy.mx\/noticias\/#\/schema\/person\/c977527e57c958a62c5cefe8fe47876e","name":"Reporteros Hoy WP","image":{"@type":"ImageObject","inLanguage":"es","@id":"https:\/\/secure.gravatar.com\/avatar\/fd2917f79a7dae30f8ac9ddc2f35e1756bb59e25e01d1cd09deaa64df7b2f73e?s=96&d=mm&r=g","url":"https:\/\/secure.gravatar.com\/avatar\/fd2917f79a7dae30f8ac9ddc2f35e1756bb59e25e01d1cd09deaa64df7b2f73e?s=96&d=mm&r=g","contentUrl":"https:\/\/secure.gravatar.com\/avatar\/fd2917f79a7dae30f8ac9ddc2f35e1756bb59e25e01d1cd09deaa64df7b2f73e?s=96&d=mm&r=g","caption":"Reporteros Hoy WP"},"url":"https:\/\/reporteroshoy.mx\/noticias\/author\/walfer\/"}]}},"_links":{"self":[{"href":"https:\/\/reporteroshoy.mx\/noticias\/wp-json\/wp\/v2\/posts\/48958","targetHints":{"allow":["GET"]}}],"collection":[{"href":"https:\/\/reporteroshoy.mx\/noticias\/wp-json\/wp\/v2\/posts"}],"about":[{"href":"https:\/\/reporteroshoy.mx\/noticias\/wp-json\/wp\/v2\/types\/post"}],"author":[{"embeddable":true,"href":"https:\/\/reporteroshoy.mx\/noticias\/wp-json\/wp\/v2\/users\/9"}],"replies":[{"embeddable":true,"href":"https:\/\/reporteroshoy.mx\/noticias\/wp-json\/wp\/v2\/comments?post=48958"}],"version-history":[{"count":0,"href":"https:\/\/reporteroshoy.mx\/noticias\/wp-json\/wp\/v2\/posts\/48958\/revisions"}],"wp:featuredmedia":[{"embeddable":true,"href":"https:\/\/reporteroshoy.mx\/noticias\/wp-json\/wp\/v2\/media\/48959"}],"wp:attachment":[{"href":"https:\/\/reporteroshoy.mx\/noticias\/wp-json\/wp\/v2\/media?parent=48958"}],"wp:term":[{"taxonomy":"category","embeddable":true,"href":"https:\/\/reporteroshoy.mx\/noticias\/wp-json\/wp\/v2\/categories?post=48958"},{"taxonomy":"post_tag","embeddable":true,"href":"https:\/\/reporteroshoy.mx\/noticias\/wp-json\/wp\/v2\/tags?post=48958"}],"curies":[{"name":"wp","href":"https:\/\/api.w.org\/{rel}","templated":true}]}}