{"id":49025,"date":"2020-10-23T10:30:49","date_gmt":"2020-10-23T15:30:49","guid":{"rendered":"https:\/\/reporteroshoy.mx\/noticias\/?p=49025"},"modified":"2020-10-24T05:39:18","modified_gmt":"2020-10-24T10:39:18","slug":"accidentada-sesion-en-f1-se-incendia-auto-de-gasly","status":"publish","type":"post","link":"https:\/\/reporteroshoy.mx\/noticias\/accidentada-sesion-en-f1-se-incendia-auto-de-gasly\/","title":{"rendered":"Accidentada sesi\u00f3n en F1: se incendia auto de Gasly"},"content":{"rendered":"<p style=\"text-align: justify;\">Madrid, Espa\u00f1a; 23 de octubre de 2020 (Europa Press).- El piloto finland\u00e9s Valtteri Bottas\u00a0(Mercedes) marc\u00f3 el mejor tiempo en la primera jornada de entrenamientos libres del\u00a0Gran Premio de Portugal, donde\u00a0McLaren\u00a0protagoniz\u00f3 un ilusionante arranque al colocar a sus dos pilotos entre las cinco primeras posiciones.\u00a0La segunda sesi\u00f3n fue algo accidentada.<\/p>\n<p style=\"text-align: justify;\">El debut de la F\u00f3rmula 1 en el Aut\u00f3dromo Internacional do Algarve, circuito in\u00e9dito hasta ahora en la competici\u00f3n, se sald\u00f3 en su primera toma de contacto con el dominio habitual de Mercedes, representado esta vez por Bottas, el \u00fanico piloto capaz de bajar de 1:18 al parar el cron\u00f3metro en 1:17.940.<\/p>\n<p style=\"text-align: justify;\">Sin embargo, todos los tiempos de la jornada quedan marcados por un asterisco, ya que los equipos no pudieron realizar su trabajo habitual de las sesiones libres, m\u00e1s necesario que nunca en trazado desconocido, debido a los incidentes a los que colabor\u00f3 la\u00a0falta de agarre provocada por el reciente reasfaltado de Portimao.<\/p>\n<p><img loading=\"lazy\" decoding=\"async\" class=\"wp-image-49026 aligncenter\" src=\"https:\/\/reporteroshoy.mx\/noticias\/wp-content\/uploads\/2020\/10\/F1.jpg\" alt=\"\" width=\"602\" height=\"339\" \/><\/p>\n<p style=\"text-align: justify;\">Despu\u00e9s de una tanda matinal relativamente tranquila, con varios trompos que no fueron a m\u00e1s, en la vespertina lleg\u00f3 a ondear la\u00a0bandera roja en dos ocasiones. La primera en el ecuador de la sesi\u00f3n, cuando el Alpha Tauri de\u00a0Pierre Gasly se incendi\u00f3\u00a0sin que mediara un choque previo. El franc\u00e9s no sufri\u00f3 ning\u00fan da\u00f1o en este percance que prolong\u00f3 la inactividad durante un cuarto de hora.<\/p>\n<p style=\"text-align: justify;\">Unos minutos m\u00e1s tarde,\u00a0Lance Stroll\u00a0(Racing Point) y\u00a0Max Verstappen\u00a0(Red Bull) chocaron al final de la recta de meta. \u00ab\u00bfEst\u00e1 ciego? \u00bfQu\u00e9 co\u00f1o le pasa?\u00bb, se le oy\u00f3 decir al neerland\u00e9s por la radio del equipo, pese a que pareci\u00f3, como m\u00ednimo, tan responsable como el canadiense del incidente. La sesi\u00f3n estuvo otros 20 minutos parada y apenas quedaron cinco finales para rodar.<\/p>\n<h4 style=\"text-align: justify;\"><strong>MCLAREN, SOBRE LA BOCINA<\/strong><\/h4>\n<p style=\"text-align: justify;\">Ese tiempo le bast\u00f3 a Carlos Sainz para marcar el quinto mejor tiempo del d\u00eda y a su compa\u00f1ero Lando Norris para hacerlo todav\u00eda un poco mejor y situarse tercero. Un esperanzador inicio para McLaren, que sue\u00f1a con lograr el pr\u00f3ximo domingo su tercer podio de la temporada y batir a Racing Point y Renault en su particular lucha por la tercera posici\u00f3n en el campeonato de constructores.<\/p>\n<p style=\"text-align: justify;\">Por delante, la segunda posici\u00f3n fue para Verstappen, que perdi\u00f3 medio segundo respecto a Bottas, mientras que Ferrari tambi\u00e9n empez\u00f3 a mejor nivel que anteriores fines de semana al situar a Charles Leclerc y Sebastian Vettel cuarto y sexto, respectivamente.<\/p>\n<p style=\"text-align: justify;\">Hasta la octava plaza del d\u00eda hubo que remontarse para encontrar a Lewis Hamilton, un resultado que se antoja bastante enga\u00f1oso, m\u00e1s a\u00fan comprobando que en la primera sesi\u00f3n sell\u00f3 el doblete de Mercedes por detr\u00e1s de un Bottas intratable durante toda la jornada. Cerraron el &#8216;Top 10&#8217; el propio Gasly, s\u00e9ptimo, junto con Estaban Ocon (Renault) y Alex Albon (Red Bull).<\/p>\n<p style=\"text-align: justify;\">El\u00a0mexicano Sergio\u00a0Checo\u00a0P\u00e9rez\u00a0finaliz\u00f3 en el sitio 12.<\/p>\n","protected":false},"excerpt":{"rendered":"<p>El monoplaza se incendi\u00f3 sin que hubiera un choque de por medio, el piloto sali\u00f3 ileso.<\/p>\n","protected":false},"author":9,"featured_media":49026,"comment_status":"open","ping_status":"closed","sticky":false,"template":"","format":"standard","meta":{"footnotes":""},"categories":[4],"tags":[2973,14614,150,3256],"class_list":["post-49025","post","type-post","status-publish","format-standard","has-post-thumbnail","hentry","category-deportes","tag-formula-1","tag-gasly","tag-incendio","tag-piloto"],"yoast_head":"<!-- This site is optimized with the Yoast SEO plugin v28.3 - https:\/\/yoast.com\/product\/yoast-seo-wordpress\/ -->\n<title>Accidentada sesi\u00f3n en F1: se incendia auto de Gasly<\/title>\n<meta name=\"description\" content=\"El monoplaza se incendi\u00f3 sin que hubiera un choque de por medio, el piloto sali\u00f3 ileso.\" \/>\n<meta name=\"robots\" content=\"index, follow, max-snippet:-1, max-image-preview:large, max-video-preview:-1\" \/>\n<link rel=\"canonical\" href=\"https:\/\/reporteroshoy.mx\/noticias\/accidentada-sesion-en-f1-se-incendia-auto-de-gasly\/\" \/>\n<meta property=\"og:locale\" content=\"es_ES\" \/>\n<meta property=\"og:type\" content=\"article\" \/>\n<meta property=\"og:title\" content=\"Accidentada sesi\u00f3n en F1: se incendia auto de Gasly\" \/>\n<meta property=\"og:description\" content=\"El monoplaza se incendi\u00f3 sin que hubiera un choque de por medio, el piloto sali\u00f3 ileso.\" \/>\n<meta property=\"og:url\" content=\"https:\/\/reporteroshoy.mx\/noticias\/accidentada-sesion-en-f1-se-incendia-auto-de-gasly\/\" \/>\n<meta property=\"og:site_name\" content=\"Reporteros Hoy | Noticias de Yucat\u00e1n\" \/>\n<meta property=\"article:publisher\" content=\"http:\/\/www.facebook.com\/reporteroshoymx\" \/>\n<meta property=\"article:published_time\" content=\"2020-10-23T15:30:49+00:00\" \/>\n<meta property=\"article:modified_time\" content=\"2020-10-24T10:39:18+00:00\" \/>\n<meta property=\"og:image\" content=\"https:\/\/reporteroshoy.mx\/noticias\/wp-content\/uploads\/2020\/10\/F1.jpg\" \/>\n\t<meta property=\"og:image:width\" content=\"768\" \/>\n\t<meta property=\"og:image:height\" content=\"432\" \/>\n\t<meta property=\"og:image:type\" content=\"image\/jpeg\" \/>\n<meta name=\"author\" content=\"Reporteros Hoy WP\" \/>\n<meta name=\"twitter:card\" content=\"summary_large_image\" \/>\n<meta name=\"twitter:creator\" content=\"@reporteroshoy\" \/>\n<meta name=\"twitter:site\" content=\"@reporteroshoy\" \/>\n<meta name=\"twitter:label1\" content=\"Escrito por\" \/>\n\t<meta name=\"twitter:data1\" content=\"Reporteros Hoy WP\" \/>\n\t<meta name=\"twitter:label2\" content=\"Tiempo de lectura\" \/>\n\t<meta name=\"twitter:data2\" content=\"3 minutos\" \/>\n<script type=\"application\/ld+json\" class=\"yoast-schema-graph\">{\"@context\":\"https:\\\/\\\/schema.org\",\"@graph\":[{\"@type\":\"Article\",\"@id\":\"https:\\\/\\\/reporteroshoy.mx\\\/noticias\\\/accidentada-sesion-en-f1-se-incendia-auto-de-gasly\\\/#article\",\"isPartOf\":{\"@id\":\"https:\\\/\\\/reporteroshoy.mx\\\/noticias\\\/accidentada-sesion-en-f1-se-incendia-auto-de-gasly\\\/\"},\"author\":{\"name\":\"Reporteros Hoy WP\",\"@id\":\"https:\\\/\\\/reporteroshoy.mx\\\/noticias\\\/#\\\/schema\\\/person\\\/c977527e57c958a62c5cefe8fe47876e\"},\"headline\":\"Accidentada sesi\u00f3n en F1: se incendia auto de Gasly\",\"datePublished\":\"2020-10-23T15:30:49+00:00\",\"dateModified\":\"2020-10-24T10:39:18+00:00\",\"mainEntityOfPage\":{\"@id\":\"https:\\\/\\\/reporteroshoy.mx\\\/noticias\\\/accidentada-sesion-en-f1-se-incendia-auto-de-gasly\\\/\"},\"wordCount\":515,\"commentCount\":0,\"image\":{\"@id\":\"https:\\\/\\\/reporteroshoy.mx\\\/noticias\\\/accidentada-sesion-en-f1-se-incendia-auto-de-gasly\\\/#primaryimage\"},\"thumbnailUrl\":\"https:\\\/\\\/reporteroshoy.mx\\\/noticias\\\/wp-content\\\/uploads\\\/2020\\\/10\\\/F1.jpg\",\"keywords\":[\"F\u00f3rmula 1\",\"Gasly\",\"incendio\",\"Piloto\"],\"articleSection\":[\"Deportes\"],\"inLanguage\":\"es\",\"potentialAction\":[{\"@type\":\"CommentAction\",\"name\":\"Comment\",\"target\":[\"https:\\\/\\\/reporteroshoy.mx\\\/noticias\\\/accidentada-sesion-en-f1-se-incendia-auto-de-gasly\\\/#respond\"]}]},{\"@type\":\"WebPage\",\"@id\":\"https:\\\/\\\/reporteroshoy.mx\\\/noticias\\\/accidentada-sesion-en-f1-se-incendia-auto-de-gasly\\\/\",\"url\":\"https:\\\/\\\/reporteroshoy.mx\\\/noticias\\\/accidentada-sesion-en-f1-se-incendia-auto-de-gasly\\\/\",\"name\":\"Accidentada sesi\u00f3n en F1: se incendia auto de Gasly\",\"isPartOf\":{\"@id\":\"https:\\\/\\\/reporteroshoy.mx\\\/noticias\\\/#website\"},\"primaryImageOfPage\":{\"@id\":\"https:\\\/\\\/reporteroshoy.mx\\\/noticias\\\/accidentada-sesion-en-f1-se-incendia-auto-de-gasly\\\/#primaryimage\"},\"image\":{\"@id\":\"https:\\\/\\\/reporteroshoy.mx\\\/noticias\\\/accidentada-sesion-en-f1-se-incendia-auto-de-gasly\\\/#primaryimage\"},\"thumbnailUrl\":\"https:\\\/\\\/reporteroshoy.mx\\\/noticias\\\/wp-content\\\/uploads\\\/2020\\\/10\\\/F1.jpg\",\"datePublished\":\"2020-10-23T15:30:49+00:00\",\"dateModified\":\"2020-10-24T10:39:18+00:00\",\"author\":{\"@id\":\"https:\\\/\\\/reporteroshoy.mx\\\/noticias\\\/#\\\/schema\\\/person\\\/c977527e57c958a62c5cefe8fe47876e\"},\"description\":\"El monoplaza se incendi\u00f3 sin que hubiera un choque de por medio, el piloto sali\u00f3 ileso.\",\"breadcrumb\":{\"@id\":\"https:\\\/\\\/reporteroshoy.mx\\\/noticias\\\/accidentada-sesion-en-f1-se-incendia-auto-de-gasly\\\/#breadcrumb\"},\"inLanguage\":\"es\",\"potentialAction\":[{\"@type\":\"ReadAction\",\"target\":[\"https:\\\/\\\/reporteroshoy.mx\\\/noticias\\\/accidentada-sesion-en-f1-se-incendia-auto-de-gasly\\\/\"]}]},{\"@type\":\"ImageObject\",\"inLanguage\":\"es\",\"@id\":\"https:\\\/\\\/reporteroshoy.mx\\\/noticias\\\/accidentada-sesion-en-f1-se-incendia-auto-de-gasly\\\/#primaryimage\",\"url\":\"https:\\\/\\\/reporteroshoy.mx\\\/noticias\\\/wp-content\\\/uploads\\\/2020\\\/10\\\/F1.jpg\",\"contentUrl\":\"https:\\\/\\\/reporteroshoy.mx\\\/noticias\\\/wp-content\\\/uploads\\\/2020\\\/10\\\/F1.jpg\",\"width\":768,\"height\":432},{\"@type\":\"BreadcrumbList\",\"@id\":\"https:\\\/\\\/reporteroshoy.mx\\\/noticias\\\/accidentada-sesion-en-f1-se-incendia-auto-de-gasly\\\/#breadcrumb\",\"itemListElement\":[{\"@type\":\"ListItem\",\"position\":1,\"name\":\"Portada\",\"item\":\"https:\\\/\\\/reporteroshoy.mx\\\/noticias\\\/\"},{\"@type\":\"ListItem\",\"position\":2,\"name\":\"Accidentada sesi\u00f3n en F1: se incendia auto de Gasly\"}]},{\"@type\":\"WebSite\",\"@id\":\"https:\\\/\\\/reporteroshoy.mx\\\/noticias\\\/#website\",\"url\":\"https:\\\/\\\/reporteroshoy.mx\\\/noticias\\\/\",\"name\":\"Reporteros Hoy | Noticias de Yucat\u00e1n\",\"description\":\"Peri\u00f3dico digital con noticias diarias desde M\u00e9rida, Yucat\u00e1n para el mundo.\",\"potentialAction\":[{\"@type\":\"SearchAction\",\"target\":{\"@type\":\"EntryPoint\",\"urlTemplate\":\"https:\\\/\\\/reporteroshoy.mx\\\/noticias\\\/?s={search_term_string}\"},\"query-input\":{\"@type\":\"PropertyValueSpecification\",\"valueRequired\":true,\"valueName\":\"search_term_string\"}}],\"inLanguage\":\"es\"},{\"@type\":\"Person\",\"@id\":\"https:\\\/\\\/reporteroshoy.mx\\\/noticias\\\/#\\\/schema\\\/person\\\/c977527e57c958a62c5cefe8fe47876e\",\"name\":\"Reporteros Hoy WP\",\"image\":{\"@type\":\"ImageObject\",\"inLanguage\":\"es\",\"@id\":\"https:\\\/\\\/secure.gravatar.com\\\/avatar\\\/fd2917f79a7dae30f8ac9ddc2f35e1756bb59e25e01d1cd09deaa64df7b2f73e?s=96&d=mm&r=g\",\"url\":\"https:\\\/\\\/secure.gravatar.com\\\/avatar\\\/fd2917f79a7dae30f8ac9ddc2f35e1756bb59e25e01d1cd09deaa64df7b2f73e?s=96&d=mm&r=g\",\"contentUrl\":\"https:\\\/\\\/secure.gravatar.com\\\/avatar\\\/fd2917f79a7dae30f8ac9ddc2f35e1756bb59e25e01d1cd09deaa64df7b2f73e?s=96&d=mm&r=g\",\"caption\":\"Reporteros Hoy WP\"},\"url\":\"https:\\\/\\\/reporteroshoy.mx\\\/noticias\\\/author\\\/walfer\\\/\"}]}<\/script>\n<!-- \/ Yoast SEO plugin. -->","yoast_head_json":{"title":"Accidentada sesi\u00f3n en F1: se incendia auto de Gasly","description":"El monoplaza se incendi\u00f3 sin que hubiera un choque de por medio, el piloto sali\u00f3 ileso.","robots":{"index":"index","follow":"follow","max-snippet":"max-snippet:-1","max-image-preview":"max-image-preview:large","max-video-preview":"max-video-preview:-1"},"canonical":"https:\/\/reporteroshoy.mx\/noticias\/accidentada-sesion-en-f1-se-incendia-auto-de-gasly\/","og_locale":"es_ES","og_type":"article","og_title":"Accidentada sesi\u00f3n en F1: se incendia auto de Gasly","og_description":"El monoplaza se incendi\u00f3 sin que hubiera un choque de por medio, el piloto sali\u00f3 ileso.","og_url":"https:\/\/reporteroshoy.mx\/noticias\/accidentada-sesion-en-f1-se-incendia-auto-de-gasly\/","og_site_name":"Reporteros Hoy | Noticias de Yucat\u00e1n","article_publisher":"http:\/\/www.facebook.com\/reporteroshoymx","article_published_time":"2020-10-23T15:30:49+00:00","article_modified_time":"2020-10-24T10:39:18+00:00","og_image":[{"width":768,"height":432,"url":"https:\/\/reporteroshoy.mx\/noticias\/wp-content\/uploads\/2020\/10\/F1.jpg","type":"image\/jpeg"}],"author":"Reporteros Hoy WP","twitter_card":"summary_large_image","twitter_creator":"@reporteroshoy","twitter_site":"@reporteroshoy","twitter_misc":{"Escrito por":"Reporteros Hoy WP","Tiempo de lectura":"3 minutos"},"schema":{"@context":"https:\/\/schema.org","@graph":[{"@type":"Article","@id":"https:\/\/reporteroshoy.mx\/noticias\/accidentada-sesion-en-f1-se-incendia-auto-de-gasly\/#article","isPartOf":{"@id":"https:\/\/reporteroshoy.mx\/noticias\/accidentada-sesion-en-f1-se-incendia-auto-de-gasly\/"},"author":{"name":"Reporteros Hoy WP","@id":"https:\/\/reporteroshoy.mx\/noticias\/#\/schema\/person\/c977527e57c958a62c5cefe8fe47876e"},"headline":"Accidentada sesi\u00f3n en F1: se incendia auto de Gasly","datePublished":"2020-10-23T15:30:49+00:00","dateModified":"2020-10-24T10:39:18+00:00","mainEntityOfPage":{"@id":"https:\/\/reporteroshoy.mx\/noticias\/accidentada-sesion-en-f1-se-incendia-auto-de-gasly\/"},"wordCount":515,"commentCount":0,"image":{"@id":"https:\/\/reporteroshoy.mx\/noticias\/accidentada-sesion-en-f1-se-incendia-auto-de-gasly\/#primaryimage"},"thumbnailUrl":"https:\/\/reporteroshoy.mx\/noticias\/wp-content\/uploads\/2020\/10\/F1.jpg","keywords":["F\u00f3rmula 1","Gasly","incendio","Piloto"],"articleSection":["Deportes"],"inLanguage":"es","potentialAction":[{"@type":"CommentAction","name":"Comment","target":["https:\/\/reporteroshoy.mx\/noticias\/accidentada-sesion-en-f1-se-incendia-auto-de-gasly\/#respond"]}]},{"@type":"WebPage","@id":"https:\/\/reporteroshoy.mx\/noticias\/accidentada-sesion-en-f1-se-incendia-auto-de-gasly\/","url":"https:\/\/reporteroshoy.mx\/noticias\/accidentada-sesion-en-f1-se-incendia-auto-de-gasly\/","name":"Accidentada sesi\u00f3n en F1: se incendia auto de Gasly","isPartOf":{"@id":"https:\/\/reporteroshoy.mx\/noticias\/#website"},"primaryImageOfPage":{"@id":"https:\/\/reporteroshoy.mx\/noticias\/accidentada-sesion-en-f1-se-incendia-auto-de-gasly\/#primaryimage"},"image":{"@id":"https:\/\/reporteroshoy.mx\/noticias\/accidentada-sesion-en-f1-se-incendia-auto-de-gasly\/#primaryimage"},"thumbnailUrl":"https:\/\/reporteroshoy.mx\/noticias\/wp-content\/uploads\/2020\/10\/F1.jpg","datePublished":"2020-10-23T15:30:49+00:00","dateModified":"2020-10-24T10:39:18+00:00","author":{"@id":"https:\/\/reporteroshoy.mx\/noticias\/#\/schema\/person\/c977527e57c958a62c5cefe8fe47876e"},"description":"El monoplaza se incendi\u00f3 sin que hubiera un choque de por medio, el piloto sali\u00f3 ileso.","breadcrumb":{"@id":"https:\/\/reporteroshoy.mx\/noticias\/accidentada-sesion-en-f1-se-incendia-auto-de-gasly\/#breadcrumb"},"inLanguage":"es","potentialAction":[{"@type":"ReadAction","target":["https:\/\/reporteroshoy.mx\/noticias\/accidentada-sesion-en-f1-se-incendia-auto-de-gasly\/"]}]},{"@type":"ImageObject","inLanguage":"es","@id":"https:\/\/reporteroshoy.mx\/noticias\/accidentada-sesion-en-f1-se-incendia-auto-de-gasly\/#primaryimage","url":"https:\/\/reporteroshoy.mx\/noticias\/wp-content\/uploads\/2020\/10\/F1.jpg","contentUrl":"https:\/\/reporteroshoy.mx\/noticias\/wp-content\/uploads\/2020\/10\/F1.jpg","width":768,"height":432},{"@type":"BreadcrumbList","@id":"https:\/\/reporteroshoy.mx\/noticias\/accidentada-sesion-en-f1-se-incendia-auto-de-gasly\/#breadcrumb","itemListElement":[{"@type":"ListItem","position":1,"name":"Portada","item":"https:\/\/reporteroshoy.mx\/noticias\/"},{"@type":"ListItem","position":2,"name":"Accidentada sesi\u00f3n en F1: se incendia auto de Gasly"}]},{"@type":"WebSite","@id":"https:\/\/reporteroshoy.mx\/noticias\/#website","url":"https:\/\/reporteroshoy.mx\/noticias\/","name":"Reporteros Hoy | Noticias de Yucat\u00e1n","description":"Peri\u00f3dico digital con noticias diarias desde M\u00e9rida, Yucat\u00e1n para el mundo.","potentialAction":[{"@type":"SearchAction","target":{"@type":"EntryPoint","urlTemplate":"https:\/\/reporteroshoy.mx\/noticias\/?s={search_term_string}"},"query-input":{"@type":"PropertyValueSpecification","valueRequired":true,"valueName":"search_term_string"}}],"inLanguage":"es"},{"@type":"Person","@id":"https:\/\/reporteroshoy.mx\/noticias\/#\/schema\/person\/c977527e57c958a62c5cefe8fe47876e","name":"Reporteros Hoy WP","image":{"@type":"ImageObject","inLanguage":"es","@id":"https:\/\/secure.gravatar.com\/avatar\/fd2917f79a7dae30f8ac9ddc2f35e1756bb59e25e01d1cd09deaa64df7b2f73e?s=96&d=mm&r=g","url":"https:\/\/secure.gravatar.com\/avatar\/fd2917f79a7dae30f8ac9ddc2f35e1756bb59e25e01d1cd09deaa64df7b2f73e?s=96&d=mm&r=g","contentUrl":"https:\/\/secure.gravatar.com\/avatar\/fd2917f79a7dae30f8ac9ddc2f35e1756bb59e25e01d1cd09deaa64df7b2f73e?s=96&d=mm&r=g","caption":"Reporteros Hoy WP"},"url":"https:\/\/reporteroshoy.mx\/noticias\/author\/walfer\/"}]}},"_links":{"self":[{"href":"https:\/\/reporteroshoy.mx\/noticias\/wp-json\/wp\/v2\/posts\/49025","targetHints":{"allow":["GET"]}}],"collection":[{"href":"https:\/\/reporteroshoy.mx\/noticias\/wp-json\/wp\/v2\/posts"}],"about":[{"href":"https:\/\/reporteroshoy.mx\/noticias\/wp-json\/wp\/v2\/types\/post"}],"author":[{"embeddable":true,"href":"https:\/\/reporteroshoy.mx\/noticias\/wp-json\/wp\/v2\/users\/9"}],"replies":[{"embeddable":true,"href":"https:\/\/reporteroshoy.mx\/noticias\/wp-json\/wp\/v2\/comments?post=49025"}],"version-history":[{"count":0,"href":"https:\/\/reporteroshoy.mx\/noticias\/wp-json\/wp\/v2\/posts\/49025\/revisions"}],"wp:featuredmedia":[{"embeddable":true,"href":"https:\/\/reporteroshoy.mx\/noticias\/wp-json\/wp\/v2\/media\/49026"}],"wp:attachment":[{"href":"https:\/\/reporteroshoy.mx\/noticias\/wp-json\/wp\/v2\/media?parent=49025"}],"wp:term":[{"taxonomy":"category","embeddable":true,"href":"https:\/\/reporteroshoy.mx\/noticias\/wp-json\/wp\/v2\/categories?post=49025"},{"taxonomy":"post_tag","embeddable":true,"href":"https:\/\/reporteroshoy.mx\/noticias\/wp-json\/wp\/v2\/tags?post=49025"}],"curies":[{"name":"wp","href":"https:\/\/api.w.org\/{rel}","templated":true}]}}