{"id":49242,"date":"2020-10-26T13:00:06","date_gmt":"2020-10-26T19:00:06","guid":{"rendered":"https:\/\/reporteroshoy.mx\/noticias\/?p=49242"},"modified":"2020-10-26T21:58:06","modified_gmt":"2020-10-27T03:58:06","slug":"desalojan-a-familias-en-puertos-del-oriente-del-estado","status":"publish","type":"post","link":"https:\/\/reporteroshoy.mx\/noticias\/desalojan-a-familias-en-puertos-del-oriente-del-estado\/","title":{"rendered":"Desalojan a familias en puertos del oriente del estado"},"content":{"rendered":"<p style=\"text-align: justify;\">Tizim\u00edn, Yucat\u00e1n; 26 de octubre de 2020 (ACOM).- Ante la cercan\u00eda del hurac\u00e1n &#8216;Zeta&#8217; los puertos de R\u00edo Lagartos, Las Coloradas, San Felipe y El Cuyo han comenzado su evacuaci\u00f3n.<\/p>\n<p style=\"text-align: justify;\">Hace unos momentos el gobernador, Mauricio Vila Dosal, acudi\u00f3 a los puertos para supervisar los trabajos de evacuaci\u00f3n.<\/p>\n<p><img loading=\"lazy\" decoding=\"async\" class=\"wp-image-49244 aligncenter\" src=\"https:\/\/reporteroshoy.mx\/noticias\/wp-content\/uploads\/2020\/10\/Evacuacion3.jpg\" alt=\"\" width=\"598\" height=\"337\" \/><\/p>\n<p style=\"text-align: justify;\">En Tizim\u00edn ya se habilitaron varios albergues para hospedar a las familias.<\/p>\n<p style=\"text-align: justify;\">Tizimile\u00f1os acudieron a las tiendas para abastecerse de v\u00edveres, a diferencia del hurac\u00e1n Delta, esta vez parece que las familias est\u00e1n m\u00e1s confiadas.<\/p>\n<p><img loading=\"lazy\" decoding=\"async\" class=\"wp-image-49245 aligncenter\" src=\"https:\/\/reporteroshoy.mx\/noticias\/wp-content\/uploads\/2020\/10\/Evacuacion2.jpg\" alt=\"\" width=\"598\" height=\"336\" \/><\/p>\n<p style=\"text-align: justify;\">En el tramo carretero Tizim\u00edn-R\u00edo Lagartos, que a\u00fan sigue inundando, las familias han tenido complicaciones para salir, en el kil\u00f3metro 91 ocurri\u00f3 un ligero accidente a causa de las inundaciones.<\/p>\n<p style=\"text-align: justify;\">A partir de las 2 de la tarde dejar\u00e1n de trabajar los negocios no esenciales en el oriente del estado.<\/p>\n","protected":false},"excerpt":{"rendered":"<p>Desde muy temprano empezaron a evacuar a familias de El Cuyo, San Felipe, R\u00edo Lagartos y Las Coloradas.<\/p>\n","protected":false},"author":9,"featured_media":49246,"comment_status":"open","ping_status":"closed","sticky":false,"template":"","format":"standard","meta":{"footnotes":""},"categories":[11],"tags":[12201,136,14643],"class_list":["post-49242","post","type-post","status-publish","format-standard","has-post-thumbnail","hentry","category-municipios-de-yucatan","tag-evacuacion","tag-yucatan-oriente","tag-zeta"],"yoast_head":"<!-- This site is optimized with the Yoast SEO plugin v28.4 - https:\/\/yoast.com\/product\/yoast-seo-wordpress\/ -->\n<title>Desalojan a familias en puertos del oriente del estado<\/title>\n<meta name=\"description\" content=\"Desde muy temprano empezaron a evacuar a familias de El Cuyo, San Felipe, R\u00edo Lagartos y Las Coloradas.\" \/>\n<meta name=\"robots\" content=\"index, follow, max-snippet:-1, max-image-preview:large, max-video-preview:-1\" \/>\n<link rel=\"canonical\" href=\"https:\/\/reporteroshoy.mx\/noticias\/desalojan-a-familias-en-puertos-del-oriente-del-estado\/\" \/>\n<meta property=\"og:locale\" content=\"es_ES\" \/>\n<meta property=\"og:type\" content=\"article\" \/>\n<meta property=\"og:title\" content=\"Desalojan a familias en puertos del oriente del estado\" \/>\n<meta property=\"og:description\" content=\"Desde muy temprano empezaron a evacuar a familias de El Cuyo, San Felipe, R\u00edo Lagartos y Las Coloradas.\" \/>\n<meta property=\"og:url\" content=\"https:\/\/reporteroshoy.mx\/noticias\/desalojan-a-familias-en-puertos-del-oriente-del-estado\/\" \/>\n<meta property=\"og:site_name\" content=\"Reporteros Hoy | Noticias de Yucat\u00e1n\" \/>\n<meta property=\"article:publisher\" content=\"http:\/\/www.facebook.com\/reporteroshoymx\" \/>\n<meta property=\"article:published_time\" content=\"2020-10-26T19:00:06+00:00\" \/>\n<meta property=\"article:modified_time\" content=\"2020-10-27T03:58:06+00:00\" \/>\n<meta property=\"og:image\" content=\"https:\/\/reporteroshoy.mx\/noticias\/wp-content\/uploads\/2020\/10\/Evacuacion-zeta.jpg\" \/>\n\t<meta property=\"og:image:width\" content=\"768\" \/>\n\t<meta property=\"og:image:height\" content=\"432\" \/>\n\t<meta property=\"og:image:type\" content=\"image\/jpeg\" \/>\n<meta name=\"author\" content=\"Reporteros Hoy WP\" \/>\n<meta name=\"twitter:card\" content=\"summary_large_image\" \/>\n<meta name=\"twitter:creator\" content=\"@reporteroshoy\" \/>\n<meta name=\"twitter:site\" content=\"@reporteroshoy\" \/>\n<meta name=\"twitter:label1\" content=\"Escrito por\" \/>\n\t<meta name=\"twitter:data1\" content=\"Reporteros Hoy WP\" \/>\n\t<meta name=\"twitter:label2\" content=\"Tiempo de lectura\" \/>\n\t<meta name=\"twitter:data2\" content=\"1 minuto\" \/>\n<script type=\"application\/ld+json\" class=\"yoast-schema-graph\">{\"@context\":\"https:\\\/\\\/schema.org\",\"@graph\":[{\"@type\":\"Article\",\"@id\":\"https:\\\/\\\/reporteroshoy.mx\\\/noticias\\\/desalojan-a-familias-en-puertos-del-oriente-del-estado\\\/#article\",\"isPartOf\":{\"@id\":\"https:\\\/\\\/reporteroshoy.mx\\\/noticias\\\/desalojan-a-familias-en-puertos-del-oriente-del-estado\\\/\"},\"author\":{\"name\":\"Reporteros Hoy WP\",\"@id\":\"https:\\\/\\\/reporteroshoy.mx\\\/noticias\\\/#\\\/schema\\\/person\\\/c977527e57c958a62c5cefe8fe47876e\"},\"headline\":\"Desalojan a familias en puertos del oriente del estado\",\"datePublished\":\"2020-10-26T19:00:06+00:00\",\"dateModified\":\"2020-10-27T03:58:06+00:00\",\"mainEntityOfPage\":{\"@id\":\"https:\\\/\\\/reporteroshoy.mx\\\/noticias\\\/desalojan-a-familias-en-puertos-del-oriente-del-estado\\\/\"},\"wordCount\":157,\"commentCount\":0,\"image\":{\"@id\":\"https:\\\/\\\/reporteroshoy.mx\\\/noticias\\\/desalojan-a-familias-en-puertos-del-oriente-del-estado\\\/#primaryimage\"},\"thumbnailUrl\":\"https:\\\/\\\/reporteroshoy.mx\\\/noticias\\\/wp-content\\\/uploads\\\/2020\\\/10\\\/Evacuacion-zeta.jpg\",\"keywords\":[\"Evacuaci\u00f3n\",\"Yucat\u00e1n Oriente\",\"Zeta\"],\"articleSection\":[\"Municipios\"],\"inLanguage\":\"es\",\"potentialAction\":[{\"@type\":\"CommentAction\",\"name\":\"Comment\",\"target\":[\"https:\\\/\\\/reporteroshoy.mx\\\/noticias\\\/desalojan-a-familias-en-puertos-del-oriente-del-estado\\\/#respond\"]}]},{\"@type\":\"WebPage\",\"@id\":\"https:\\\/\\\/reporteroshoy.mx\\\/noticias\\\/desalojan-a-familias-en-puertos-del-oriente-del-estado\\\/\",\"url\":\"https:\\\/\\\/reporteroshoy.mx\\\/noticias\\\/desalojan-a-familias-en-puertos-del-oriente-del-estado\\\/\",\"name\":\"Desalojan a familias en puertos del oriente del estado\",\"isPartOf\":{\"@id\":\"https:\\\/\\\/reporteroshoy.mx\\\/noticias\\\/#website\"},\"primaryImageOfPage\":{\"@id\":\"https:\\\/\\\/reporteroshoy.mx\\\/noticias\\\/desalojan-a-familias-en-puertos-del-oriente-del-estado\\\/#primaryimage\"},\"image\":{\"@id\":\"https:\\\/\\\/reporteroshoy.mx\\\/noticias\\\/desalojan-a-familias-en-puertos-del-oriente-del-estado\\\/#primaryimage\"},\"thumbnailUrl\":\"https:\\\/\\\/reporteroshoy.mx\\\/noticias\\\/wp-content\\\/uploads\\\/2020\\\/10\\\/Evacuacion-zeta.jpg\",\"datePublished\":\"2020-10-26T19:00:06+00:00\",\"dateModified\":\"2020-10-27T03:58:06+00:00\",\"author\":{\"@id\":\"https:\\\/\\\/reporteroshoy.mx\\\/noticias\\\/#\\\/schema\\\/person\\\/c977527e57c958a62c5cefe8fe47876e\"},\"description\":\"Desde muy temprano empezaron a evacuar a familias de El Cuyo, San Felipe, R\u00edo Lagartos y Las Coloradas.\",\"breadcrumb\":{\"@id\":\"https:\\\/\\\/reporteroshoy.mx\\\/noticias\\\/desalojan-a-familias-en-puertos-del-oriente-del-estado\\\/#breadcrumb\"},\"inLanguage\":\"es\",\"potentialAction\":[{\"@type\":\"ReadAction\",\"target\":[\"https:\\\/\\\/reporteroshoy.mx\\\/noticias\\\/desalojan-a-familias-en-puertos-del-oriente-del-estado\\\/\"]}]},{\"@type\":\"ImageObject\",\"inLanguage\":\"es\",\"@id\":\"https:\\\/\\\/reporteroshoy.mx\\\/noticias\\\/desalojan-a-familias-en-puertos-del-oriente-del-estado\\\/#primaryimage\",\"url\":\"https:\\\/\\\/reporteroshoy.mx\\\/noticias\\\/wp-content\\\/uploads\\\/2020\\\/10\\\/Evacuacion-zeta.jpg\",\"contentUrl\":\"https:\\\/\\\/reporteroshoy.mx\\\/noticias\\\/wp-content\\\/uploads\\\/2020\\\/10\\\/Evacuacion-zeta.jpg\",\"width\":768,\"height\":432},{\"@type\":\"BreadcrumbList\",\"@id\":\"https:\\\/\\\/reporteroshoy.mx\\\/noticias\\\/desalojan-a-familias-en-puertos-del-oriente-del-estado\\\/#breadcrumb\",\"itemListElement\":[{\"@type\":\"ListItem\",\"position\":1,\"name\":\"Portada\",\"item\":\"https:\\\/\\\/reporteroshoy.mx\\\/noticias\\\/\"},{\"@type\":\"ListItem\",\"position\":2,\"name\":\"Desalojan a familias en puertos del oriente del estado\"}]},{\"@type\":\"WebSite\",\"@id\":\"https:\\\/\\\/reporteroshoy.mx\\\/noticias\\\/#website\",\"url\":\"https:\\\/\\\/reporteroshoy.mx\\\/noticias\\\/\",\"name\":\"Reporteros Hoy | Noticias de Yucat\u00e1n\",\"description\":\"Peri\u00f3dico digital con noticias diarias desde M\u00e9rida, Yucat\u00e1n para el mundo.\",\"potentialAction\":[{\"@type\":\"SearchAction\",\"target\":{\"@type\":\"EntryPoint\",\"urlTemplate\":\"https:\\\/\\\/reporteroshoy.mx\\\/noticias\\\/?s={search_term_string}\"},\"query-input\":{\"@type\":\"PropertyValueSpecification\",\"valueRequired\":true,\"valueName\":\"search_term_string\"}}],\"inLanguage\":\"es\"},{\"@type\":\"Person\",\"@id\":\"https:\\\/\\\/reporteroshoy.mx\\\/noticias\\\/#\\\/schema\\\/person\\\/c977527e57c958a62c5cefe8fe47876e\",\"name\":\"Reporteros Hoy WP\",\"image\":{\"@type\":\"ImageObject\",\"inLanguage\":\"es\",\"@id\":\"https:\\\/\\\/secure.gravatar.com\\\/avatar\\\/fd2917f79a7dae30f8ac9ddc2f35e1756bb59e25e01d1cd09deaa64df7b2f73e?s=96&d=mm&r=g\",\"url\":\"https:\\\/\\\/secure.gravatar.com\\\/avatar\\\/fd2917f79a7dae30f8ac9ddc2f35e1756bb59e25e01d1cd09deaa64df7b2f73e?s=96&d=mm&r=g\",\"contentUrl\":\"https:\\\/\\\/secure.gravatar.com\\\/avatar\\\/fd2917f79a7dae30f8ac9ddc2f35e1756bb59e25e01d1cd09deaa64df7b2f73e?s=96&d=mm&r=g\",\"caption\":\"Reporteros Hoy WP\"},\"url\":\"https:\\\/\\\/reporteroshoy.mx\\\/noticias\\\/author\\\/walfer\\\/\"}]}<\/script>\n<!-- \/ Yoast SEO plugin. -->","yoast_head_json":{"title":"Desalojan a familias en puertos del oriente del estado","description":"Desde muy temprano empezaron a evacuar a familias de El Cuyo, San Felipe, R\u00edo Lagartos y Las Coloradas.","robots":{"index":"index","follow":"follow","max-snippet":"max-snippet:-1","max-image-preview":"max-image-preview:large","max-video-preview":"max-video-preview:-1"},"canonical":"https:\/\/reporteroshoy.mx\/noticias\/desalojan-a-familias-en-puertos-del-oriente-del-estado\/","og_locale":"es_ES","og_type":"article","og_title":"Desalojan a familias en puertos del oriente del estado","og_description":"Desde muy temprano empezaron a evacuar a familias de El Cuyo, San Felipe, R\u00edo Lagartos y Las Coloradas.","og_url":"https:\/\/reporteroshoy.mx\/noticias\/desalojan-a-familias-en-puertos-del-oriente-del-estado\/","og_site_name":"Reporteros Hoy | Noticias de Yucat\u00e1n","article_publisher":"http:\/\/www.facebook.com\/reporteroshoymx","article_published_time":"2020-10-26T19:00:06+00:00","article_modified_time":"2020-10-27T03:58:06+00:00","og_image":[{"width":768,"height":432,"url":"https:\/\/reporteroshoy.mx\/noticias\/wp-content\/uploads\/2020\/10\/Evacuacion-zeta.jpg","type":"image\/jpeg"}],"author":"Reporteros Hoy WP","twitter_card":"summary_large_image","twitter_creator":"@reporteroshoy","twitter_site":"@reporteroshoy","twitter_misc":{"Escrito por":"Reporteros Hoy WP","Tiempo de lectura":"1 minuto"},"schema":{"@context":"https:\/\/schema.org","@graph":[{"@type":"Article","@id":"https:\/\/reporteroshoy.mx\/noticias\/desalojan-a-familias-en-puertos-del-oriente-del-estado\/#article","isPartOf":{"@id":"https:\/\/reporteroshoy.mx\/noticias\/desalojan-a-familias-en-puertos-del-oriente-del-estado\/"},"author":{"name":"Reporteros Hoy WP","@id":"https:\/\/reporteroshoy.mx\/noticias\/#\/schema\/person\/c977527e57c958a62c5cefe8fe47876e"},"headline":"Desalojan a familias en puertos del oriente del estado","datePublished":"2020-10-26T19:00:06+00:00","dateModified":"2020-10-27T03:58:06+00:00","mainEntityOfPage":{"@id":"https:\/\/reporteroshoy.mx\/noticias\/desalojan-a-familias-en-puertos-del-oriente-del-estado\/"},"wordCount":157,"commentCount":0,"image":{"@id":"https:\/\/reporteroshoy.mx\/noticias\/desalojan-a-familias-en-puertos-del-oriente-del-estado\/#primaryimage"},"thumbnailUrl":"https:\/\/reporteroshoy.mx\/noticias\/wp-content\/uploads\/2020\/10\/Evacuacion-zeta.jpg","keywords":["Evacuaci\u00f3n","Yucat\u00e1n Oriente","Zeta"],"articleSection":["Municipios"],"inLanguage":"es","potentialAction":[{"@type":"CommentAction","name":"Comment","target":["https:\/\/reporteroshoy.mx\/noticias\/desalojan-a-familias-en-puertos-del-oriente-del-estado\/#respond"]}]},{"@type":"WebPage","@id":"https:\/\/reporteroshoy.mx\/noticias\/desalojan-a-familias-en-puertos-del-oriente-del-estado\/","url":"https:\/\/reporteroshoy.mx\/noticias\/desalojan-a-familias-en-puertos-del-oriente-del-estado\/","name":"Desalojan a familias en puertos del oriente del estado","isPartOf":{"@id":"https:\/\/reporteroshoy.mx\/noticias\/#website"},"primaryImageOfPage":{"@id":"https:\/\/reporteroshoy.mx\/noticias\/desalojan-a-familias-en-puertos-del-oriente-del-estado\/#primaryimage"},"image":{"@id":"https:\/\/reporteroshoy.mx\/noticias\/desalojan-a-familias-en-puertos-del-oriente-del-estado\/#primaryimage"},"thumbnailUrl":"https:\/\/reporteroshoy.mx\/noticias\/wp-content\/uploads\/2020\/10\/Evacuacion-zeta.jpg","datePublished":"2020-10-26T19:00:06+00:00","dateModified":"2020-10-27T03:58:06+00:00","author":{"@id":"https:\/\/reporteroshoy.mx\/noticias\/#\/schema\/person\/c977527e57c958a62c5cefe8fe47876e"},"description":"Desde muy temprano empezaron a evacuar a familias de El Cuyo, San Felipe, R\u00edo Lagartos y Las Coloradas.","breadcrumb":{"@id":"https:\/\/reporteroshoy.mx\/noticias\/desalojan-a-familias-en-puertos-del-oriente-del-estado\/#breadcrumb"},"inLanguage":"es","potentialAction":[{"@type":"ReadAction","target":["https:\/\/reporteroshoy.mx\/noticias\/desalojan-a-familias-en-puertos-del-oriente-del-estado\/"]}]},{"@type":"ImageObject","inLanguage":"es","@id":"https:\/\/reporteroshoy.mx\/noticias\/desalojan-a-familias-en-puertos-del-oriente-del-estado\/#primaryimage","url":"https:\/\/reporteroshoy.mx\/noticias\/wp-content\/uploads\/2020\/10\/Evacuacion-zeta.jpg","contentUrl":"https:\/\/reporteroshoy.mx\/noticias\/wp-content\/uploads\/2020\/10\/Evacuacion-zeta.jpg","width":768,"height":432},{"@type":"BreadcrumbList","@id":"https:\/\/reporteroshoy.mx\/noticias\/desalojan-a-familias-en-puertos-del-oriente-del-estado\/#breadcrumb","itemListElement":[{"@type":"ListItem","position":1,"name":"Portada","item":"https:\/\/reporteroshoy.mx\/noticias\/"},{"@type":"ListItem","position":2,"name":"Desalojan a familias en puertos del oriente del estado"}]},{"@type":"WebSite","@id":"https:\/\/reporteroshoy.mx\/noticias\/#website","url":"https:\/\/reporteroshoy.mx\/noticias\/","name":"Reporteros Hoy | Noticias de Yucat\u00e1n","description":"Peri\u00f3dico digital con noticias diarias desde M\u00e9rida, Yucat\u00e1n para el mundo.","potentialAction":[{"@type":"SearchAction","target":{"@type":"EntryPoint","urlTemplate":"https:\/\/reporteroshoy.mx\/noticias\/?s={search_term_string}"},"query-input":{"@type":"PropertyValueSpecification","valueRequired":true,"valueName":"search_term_string"}}],"inLanguage":"es"},{"@type":"Person","@id":"https:\/\/reporteroshoy.mx\/noticias\/#\/schema\/person\/c977527e57c958a62c5cefe8fe47876e","name":"Reporteros Hoy WP","image":{"@type":"ImageObject","inLanguage":"es","@id":"https:\/\/secure.gravatar.com\/avatar\/fd2917f79a7dae30f8ac9ddc2f35e1756bb59e25e01d1cd09deaa64df7b2f73e?s=96&d=mm&r=g","url":"https:\/\/secure.gravatar.com\/avatar\/fd2917f79a7dae30f8ac9ddc2f35e1756bb59e25e01d1cd09deaa64df7b2f73e?s=96&d=mm&r=g","contentUrl":"https:\/\/secure.gravatar.com\/avatar\/fd2917f79a7dae30f8ac9ddc2f35e1756bb59e25e01d1cd09deaa64df7b2f73e?s=96&d=mm&r=g","caption":"Reporteros Hoy WP"},"url":"https:\/\/reporteroshoy.mx\/noticias\/author\/walfer\/"}]}},"_links":{"self":[{"href":"https:\/\/reporteroshoy.mx\/noticias\/wp-json\/wp\/v2\/posts\/49242","targetHints":{"allow":["GET"]}}],"collection":[{"href":"https:\/\/reporteroshoy.mx\/noticias\/wp-json\/wp\/v2\/posts"}],"about":[{"href":"https:\/\/reporteroshoy.mx\/noticias\/wp-json\/wp\/v2\/types\/post"}],"author":[{"embeddable":true,"href":"https:\/\/reporteroshoy.mx\/noticias\/wp-json\/wp\/v2\/users\/9"}],"replies":[{"embeddable":true,"href":"https:\/\/reporteroshoy.mx\/noticias\/wp-json\/wp\/v2\/comments?post=49242"}],"version-history":[{"count":0,"href":"https:\/\/reporteroshoy.mx\/noticias\/wp-json\/wp\/v2\/posts\/49242\/revisions"}],"wp:featuredmedia":[{"embeddable":true,"href":"https:\/\/reporteroshoy.mx\/noticias\/wp-json\/wp\/v2\/media\/49246"}],"wp:attachment":[{"href":"https:\/\/reporteroshoy.mx\/noticias\/wp-json\/wp\/v2\/media?parent=49242"}],"wp:term":[{"taxonomy":"category","embeddable":true,"href":"https:\/\/reporteroshoy.mx\/noticias\/wp-json\/wp\/v2\/categories?post=49242"},{"taxonomy":"post_tag","embeddable":true,"href":"https:\/\/reporteroshoy.mx\/noticias\/wp-json\/wp\/v2\/tags?post=49242"}],"curies":[{"name":"wp","href":"https:\/\/api.w.org\/{rel}","templated":true}]}}