{"id":49527,"date":"2020-10-29T16:00:48","date_gmt":"2020-10-29T22:00:48","guid":{"rendered":"https:\/\/reporteroshoy.mx\/noticias\/?p=49527"},"modified":"2020-10-30T00:03:49","modified_gmt":"2020-10-30T06:03:49","slug":"genera-dudas-en-diputados-nuevos-impuestos-para-progreso","status":"publish","type":"post","link":"https:\/\/reporteroshoy.mx\/noticias\/genera-dudas-en-diputados-nuevos-impuestos-para-progreso\/","title":{"rendered":"Genera dudas en diputados nuevos impuestos para Progreso"},"content":{"rendered":"<p style=\"text-align: justify;\"><span style=\"color: #000000;\">M\u00e9rida, Yucat\u00e1n, 29 de octubre de 2020.- Diputados yucatecos avalaron en el seno de las comisiones legislativas los dict\u00e1menes de un paquete de cuatro iniciativas que modifican la Constituci\u00f3n Pol\u00edtica del Estado, en materia de fortalecimiento institucional, perspectiva de g\u00e9nero y temporalidad de consejeros del Inaip; as\u00ed como para crear una nueva Ley para la protecci\u00f3n de la maternidad y extinguir el sistema de agua potable del municipio de Dzemul.<\/span><\/p>\n<p style=\"text-align: justify;\"><span style=\"color: #000000;\">En la comisi\u00f3n de Puntos Constitucionales y Gobernaci\u00f3n, aprobaron por unanimidad cuatro dict\u00e1menes para reformar el art\u00edculo 75 de la Carta Magna estatal, as\u00ed como el art\u00edculo 31 de la Ley de Transparencia y Acceso a la Informaci\u00f3n P\u00fablica del Estado, en materia de temporalidad del nombramiento de consejeros, de la fracci\u00f3n Legislativa del Partido Acci\u00f3n Nacional, que plantea que este cargo honorario sea de cuatros a\u00f1os y no de dos, como est\u00e1 actualmente, sin derecho a reelecci\u00f3n.<\/span><\/p>\n<p><span style=\"color: #000000;\"><img loading=\"lazy\" decoding=\"async\" class=\"wp-image-49526 aligncenter\" src=\"https:\/\/reporteroshoy.mx\/noticias\/wp-content\/uploads\/2020\/10\/CONGRESO_COMISIONES_201020_1.jpg\" alt=\"\" width=\"599\" height=\"396\" \/><\/span><\/p>\n<p style=\"text-align: justify;\"><span style=\"color: #000000;\">De la misma manera, avalaron reformar el primer p\u00e1rrafo del art\u00edculo 2 y primer p\u00e1rrafo del art\u00edculo 86, ambos de la Constituci\u00f3n Pol\u00edtica del Estado, en relaci\u00f3n a institucionalizar la perspectiva de g\u00e9nero en el servicio p\u00fablico, signada por la diputada del PRI, Karla Franco.<\/span><\/p>\n<p style=\"text-align: justify;\"><span style=\"color: #000000;\">As\u00ed como reformar el art\u00edculo 64 de la Constituci\u00f3n Pol\u00edtica del Estado, en materia de Impartici\u00f3n de Justicia con Perspectiva de G\u00e9nero, presentada por la diputada del PAN, Kathia Bolio Pinelo; al igual que reformar el art\u00edculo 2 de la Constituci\u00f3n Pol\u00edtica del Estado, en materia de educaci\u00f3n, promovida por el diputado de Nueva Alianza, Luis Aguilar Castillo.<\/span><\/p>\n<p style=\"text-align: justify;\"><span style=\"color: #000000;\">La coordinadora de la fracci\u00f3n de Movimiento Ciudadano, Silvia L\u00f3pez Escoffi\u00e9, y la diputada del PAN, Kathia Bolio Pinelo, reconocieron el trabajo de la Comisi\u00f3n por atender estos temas importantes, en especial, sobre perspectiva de g\u00e9nero.<\/span><\/p>\n<p style=\"text-align: justify;\"><span style=\"color: #000000;\">As\u00ed mismo, el coordinador de la fracci\u00f3n del PRI, Felipe Cervera Hern\u00e1ndez, mencion\u00f3 que, en materia de transparencia y Parlamento Abierto, agrupaciones civiles han reconocido los avances en el Congreso de Yucat\u00e1n.<\/span><\/p>\n<p><span style=\"color: #000000;\"><img loading=\"lazy\" decoding=\"async\" class=\"wp-image-49524 aligncenter\" src=\"https:\/\/reporteroshoy.mx\/noticias\/wp-content\/uploads\/2020\/10\/CONGRESO_FELIPE-CERVERA-ROSA-ADRIANA_201020_.jpg\" alt=\"\" width=\"617\" height=\"369\" \/><\/span><\/p>\n<p style=\"text-align: justify;\"><span style=\"color: #000000;\">Por otro lado, continuar\u00e1 en an\u00e1lisis, al presentarse dos observaciones de las fracciones parlamentarias de\u00a0 MC y Morena, la iniciativa por la que se reforman las fracciones II y III del art\u00edculo 5 de la Constituci\u00f3n Pol\u00edtica del Estado, en materia de residencia, suscrita por el diputado del PAN, Miguel Rodr\u00edguez Baqueiro, para elevar de seis meses a dos a\u00f1os consecutivos, el tiempo de residencia en el estado de los connacionales de otras entidades, as\u00ed como para los extranjeros que se naturalicen con arreglo a las leyes de la Rep\u00fablica Mexicana, para recibir la calidad de ciudadano yucateco.<\/span><\/p>\n<p style=\"text-align: justify;\"><span style=\"color: #000000;\">En otro punto, se distribuy\u00f3 la iniciativa para reformar y adicionar un \u00faltimo p\u00e1rrafo del art\u00edculo 64 H de la Ley de Gobierno de los Municipios del Estado, en materia de paridad de g\u00e9nero y verticalidad en la conformaci\u00f3n de Cabildo, signada por Movimiento Ciudadano; as\u00ed como la iniciativa que modifica el C\u00f3digo de Familia para el Estado, suscrita por el presidente del Tribunal Superior de Justicia del estado, Ricardo \u00c1vila Heredia.<\/span><\/p>\n<p style=\"text-align: justify;\"><span style=\"color: #000000;\">De la \u00faltima propuesta, la diputada de MC, Milagros Romero Bastarrachea, solicit\u00f3 que incluya su iniciativa en materia de matrimonio igualitario, porque la del Poder Judicial estatal contempla este tema y se podr\u00eda analizar en conjunto.<\/span><\/p>\n<p style=\"text-align: justify;\"><span style=\"color: #000000;\">En respuesta, la presidenta de la comisi\u00f3n, Karla Franco Blanco (PRI), indic\u00f3 que la iniciativa en cuesti\u00f3n est\u00e1 en su etapa de distribuci\u00f3n, la cual contiene 13 temas de gran importancia, donde se incluye el antes referido, por lo que en lo subsecuente se har\u00e1 lo propio.<\/span><\/p>\n<h4 style=\"text-align: justify;\"><span style=\"color: #000000;\"><strong>Presupuesto<\/strong><\/span><\/h4>\n<p style=\"text-align: justify;\"><span style=\"color: #000000;\">En la comisi\u00f3n de Presupuesto, Patrimonio Estatal y Municipal, sus integrantes aprobaron por mayor\u00eda el dictamen para la extinci\u00f3n y liquidaci\u00f3n del Organismo P\u00fablico Descentralizado \u201cSistema de Agua Potable y Alcantarillado de Dzemul, Yucat\u00e1n, propuesto por el alcalde de dicho municipio, Jos\u00e9 Graniel Ortega.<\/span><\/p>\n<p style=\"text-align: justify;\"><span style=\"color: #000000;\">Durante su discusi\u00f3n, la diputada de Morena, Leticia Eu\u00e1n Mis, pregunt\u00f3 en qu\u00e9 se mejor\u00f3 y cu\u00e1l fue la infraestructura de dicho organismo, si tiene deudas y qu\u00e9 beneficios dio para los habitantes del municipio.<\/span><\/p>\n<p><span style=\"color: #000000;\"><img loading=\"lazy\" decoding=\"async\" class=\"wp-image-49525 aligncenter\" src=\"https:\/\/reporteroshoy.mx\/noticias\/wp-content\/uploads\/2020\/10\/CONGRESO_COMISIONES_201020_2.jpg\" alt=\"\" width=\"634\" height=\"453\" \/><\/span><\/p>\n<p style=\"text-align: justify;\"><span style=\"color: #000000;\">En respuesta, el presidente de la comisi\u00f3n, V\u00edctor S\u00e1nchez Roca (PAN), aclar\u00f3 que los ayuntamientos son ahora los que se encargan de brindar el servicio de agua potable, por lo que los organismos descentralizados ya no cumplen su funci\u00f3n y por ello se solicita su liquidaci\u00f3n por no tener activos, es decir, empleados, as\u00ed como \u201cen la contabilidad fiscal anual no tenga sentido tener este organismo\u201d.<\/span><\/p>\n<p style=\"text-align: justify;\"><span style=\"color: #000000;\">La coordinadora de la fracci\u00f3n del PAN, Rosa Adriana D\u00edaz Lizama, coment\u00f3 que quienes han sido regidores de municipios, como es su caso, saben que \u201cuno de los problemas que carga el municipio es el sistema de agua potable ya que es dif\u00edcil cobrar a las familias porque no tienen los recursos suficientes y el agua es un derecho humano\u201d.<\/span><\/p>\n<p style=\"text-align: justify;\"><span style=\"color: #000000;\">En la misma sesi\u00f3n, se solicit\u00f3 a la Secretar\u00eda General del Congreso estatal, el proyecto de dictamen de la iniciativa para modificar la Ley de Coordinaci\u00f3n Fiscal del Estado, la Ley General de Hacienda y la Ley de Ingresos para el ejercicio fiscal 2020, suscrita por el Ejecutivo estatal.<\/span><\/p>\n<p style=\"text-align: justify;\"><span style=\"color: #000000;\">Al igual que de la iniciativa para modificar la Ley de Hacienda y la Ley de Ingresos de Progreso, Yucat\u00e1n, para el ejercicio fiscal 2020, presentado por el alcalde de ese municipio, Juli\u00e1n Zacar\u00edas Curi.<\/span><\/p>\n<p style=\"text-align: justify;\"><span style=\"color: #000000;\">De este punto, la diputada del PRI, Lila Fr\u00edas Castillo, se manifest\u00f3 en contra de que se implemente un nuevo derecho, catalogado de vigilancia y seguridad, que pretende cobrar por maniobra de carga y descarga, lo que calific\u00f3 como \u201cinoportuno e imprudente incrementar un derecho cuando estamos a punto de terminar el a\u00f1o y los impactos ser\u00e1 al comercio local del municipio\u201d.<\/span><\/p>\n<p style=\"text-align: justify;\"><span style=\"color: #000000;\">En el mismo sentido, el coordinador de la fracci\u00f3n de Morena, Miguel Candila Noh, tampoco estuvo de acuerdo con implementar nuevos derechos y sugiri\u00f3 que se detengan esas actitudes por parte de los presidentes municipales.<\/span><\/p>\n<p style=\"text-align: justify;\"><span style=\"color: #000000;\">El diputado S\u00e1nchez Roca, expres\u00f3 que la iniciativa plantea cobrar el derecho a quienes hacen negocios en Progreso como las agencias aduanales y los transportistas de carga pesada que llevan las mercanc\u00edas del Puerto de Altura a los destinos y usan las v\u00edas municipales, que han desgastado las calles del municipio, por lo que se refiere a carga y descarga pesada.<\/span><\/p>\n<p style=\"text-align: justify;\"><span style=\"color: #000000;\">En respuesta, la diputada de MC, Milagros Romero, aclar\u00f3 que la iniciativa tambi\u00e9n contempla cobrar por permisos que otorgue la polic\u00eda municipal para ciertos eventos, en los que se podr\u00eda considerar cierre de calles por festividades, trabajos o maniobras, \u201cesta solicitud ni siquiera tiene una forma jur\u00eddica que d\u00e9 solidez a la exposici\u00f3n de motivos\u201d.<\/span><\/p>\n<p style=\"text-align: justify;\"><span style=\"color: #000000;\">El diputado del PRI, Marcos Rodr\u00edguez Ruz, tambi\u00e9n consider\u00f3 que le falta informaci\u00f3n a la iniciativa que igual plantea que el mencionado derecho se va aplicar para camiones y unidades con m\u00e1s de 3.5 toneladas, \u201cy quienes conocen el tonelaje de las unidades para surtir servicios y productos, no es suficiente un cami\u00f3n de 3.5 toneladas\u201d.<\/span><\/p>\n<h4 style=\"text-align: justify;\"><span style=\"color: #000000;\"><strong>Salud<\/strong><\/span><\/h4>\n<p style=\"text-align: justify;\"><span style=\"color: #000000;\">En la comisi\u00f3n de Salud y Seguridad Social, sus integrantes aprobaron por mayor\u00eda el dictamen para expedir la Ley de Protecci\u00f3n a la Maternidad e Infancia Temprana y reformar la Ley para la Protecci\u00f3n de las Ni\u00f1as, Ni\u00f1os y Adolescentes del estado.<\/span><\/p>\n<p style=\"text-align: justify;\"><span style=\"color: #000000;\">Durante su discusi\u00f3n, el diputado Miguel Candila, propuso que no se vote este d\u00eda o lo har\u00eda en contra porque a su criterio, la iniciativa no protege al embri\u00f3n ya que se plantea que la madre puede dar en adopci\u00f3n a su hijo durante el parto.<\/span><\/p>\n<p style=\"text-align: justify;\"><span style=\"color: #000000;\">En respuesta, la promovente de la iniciativa, D\u00edaz Lizama respondi\u00f3 que la iniciativa es clara, porque en ese punto se deja especifica que se realizar\u00eda la adopci\u00f3n del reci\u00e9n nacido en cuanto a las disposiciones aplicables, es decir, los m\u00e9todos y procedimientos para hacerlo efectivo; adem\u00e1s, el diputado Rodr\u00edguez Ruz, manifest\u00f3 que no estaba de acuerdo con el legislador de Morena porque un reci\u00e9n nacido no es un embri\u00f3n.<\/span><\/p>\n<p><span style=\"color: #000000;\"><img loading=\"lazy\" decoding=\"async\" class=\"wp-image-49523 aligncenter\" src=\"https:\/\/reporteroshoy.mx\/noticias\/wp-content\/uploads\/2020\/10\/CONGRESO_SALUD_201020.jpg\" alt=\"\" width=\"621\" height=\"408\" \/><\/span><\/p>\n<p style=\"text-align: justify;\"><span style=\"color: #000000;\">En otro tema, se solicit\u00f3 la elaboraci\u00f3n del proyecto de dictamen de la iniciativa para crear la Ley para la Atenci\u00f3n Integral del C\u00e1ncer de Mama, propuesta por la fracci\u00f3n de Movimiento Ciudadano, de la cual, el presidente de la comisi\u00f3n, Manuel D\u00edaz Su\u00e1rez (PAN), record\u00f3 que se solicit\u00f3 informaci\u00f3n, a la Secretar\u00eda de Salud estatal \u201cen relaci\u00f3n a cu\u00e1les son los programas de atenci\u00f3n, si existe un programa a nivel nacional, estatal, que presupuesto, estudios de tamizaje, datos epidemiol\u00f3gicos\u201d sobre esta enfermedad y apenas se tenga ser\u00e1 distribuida a los diputados.<\/span><\/p>\n<p style=\"text-align: justify;\"><span style=\"color: #000000;\">Para finalizar, se continu\u00f3 con el an\u00e1lisis en conjunto de la iniciativa para modificar la Ley de Nutrici\u00f3n y Combate a la Obesidad del Estado, signada por la diputada del PRI, Mar\u00eda Mois\u00e9s Escalante; y de las reformas a la Ley de Educaci\u00f3n, la de Salud y la de Nutrici\u00f3n y Combate a la Obesidad, de D\u00edaz Su\u00e1rez.<\/span><\/p>\n<p style=\"text-align: justify;\"><span style=\"color: #000000;\">El presidente de la Comisi\u00f3n, inform\u00f3 que se continuar\u00e1n recibiendo propuestas y se analizar\u00e1n las opiniones de quienes participaron en el Foro Virtual y las que se recibieron en el micrositio sobre el tema, a petici\u00f3n del diputado Rodr\u00edguez Ruz.<\/span><\/p>\n","protected":false},"excerpt":{"rendered":"<p>El alcalde Juli\u00e1n Zacar\u00edas pretende cobrar derechos por maniobra de carga y descarga, as\u00ed como por el cierre de calles cuando se realizan eventos. <\/p>\n","protected":false},"author":5,"featured_media":49551,"comment_status":"open","ping_status":"closed","sticky":false,"template":"","format":"standard","meta":{"footnotes":""},"categories":[7],"tags":[3799,321,14702,113],"class_list":["post-49527","post","type-post","status-publish","format-standard","has-post-thumbnail","hentry","category-gobierno","tag-comisiones","tag-congreso-de-yucatan","tag-dictamenes","tag-progreso"],"yoast_head":"<!-- This site is optimized with the Yoast SEO plugin v28.4 - https:\/\/yoast.com\/product\/yoast-seo-wordpress\/ -->\n<title>Genera dudas en diputados nuevos impuestos para Progreso<\/title>\n<meta name=\"description\" content=\"El alcalde Juli\u00e1n Zacar\u00edas pretende cobrar derechos por maniobra de carga y descarga, as\u00ed como por el cierre de calles cuando se realizan eventos.\" \/>\n<meta name=\"robots\" content=\"index, follow, max-snippet:-1, max-image-preview:large, max-video-preview:-1\" \/>\n<link rel=\"canonical\" href=\"https:\/\/reporteroshoy.mx\/noticias\/genera-dudas-en-diputados-nuevos-impuestos-para-progreso\/\" \/>\n<meta property=\"og:locale\" content=\"es_ES\" \/>\n<meta property=\"og:type\" content=\"article\" \/>\n<meta property=\"og:title\" content=\"Genera dudas en diputados nuevos impuestos para Progreso\" \/>\n<meta property=\"og:description\" content=\"El alcalde Juli\u00e1n Zacar\u00edas pretende cobrar derechos por maniobra de carga y descarga, as\u00ed como por el cierre de calles cuando se realizan eventos.\" \/>\n<meta property=\"og:url\" content=\"https:\/\/reporteroshoy.mx\/noticias\/genera-dudas-en-diputados-nuevos-impuestos-para-progreso\/\" \/>\n<meta property=\"og:site_name\" content=\"Reporteros Hoy | Noticias de Yucat\u00e1n\" \/>\n<meta property=\"article:publisher\" content=\"http:\/\/www.facebook.com\/reporteroshoymx\" \/>\n<meta property=\"article:published_time\" content=\"2020-10-29T22:00:48+00:00\" \/>\n<meta property=\"article:modified_time\" content=\"2020-10-30T06:03:49+00:00\" \/>\n<meta property=\"og:image\" content=\"https:\/\/reporteroshoy.mx\/noticias\/wp-content\/uploads\/2020\/10\/Congreso-Yucatan.jpg\" \/>\n\t<meta property=\"og:image:width\" content=\"768\" \/>\n\t<meta property=\"og:image:height\" content=\"447\" \/>\n\t<meta property=\"og:image:type\" content=\"image\/jpeg\" \/>\n<meta name=\"author\" content=\"Reporteros Hoy IM\" \/>\n<meta name=\"twitter:card\" content=\"summary_large_image\" \/>\n<meta name=\"twitter:creator\" content=\"@reporteroshoy\" \/>\n<meta name=\"twitter:site\" content=\"@reporteroshoy\" \/>\n<meta name=\"twitter:label1\" content=\"Escrito por\" \/>\n\t<meta name=\"twitter:data1\" content=\"Reporteros Hoy IM\" \/>\n\t<meta name=\"twitter:label2\" content=\"Tiempo de lectura\" \/>\n\t<meta name=\"twitter:data2\" content=\"8 minutos\" \/>\n<script type=\"application\/ld+json\" class=\"yoast-schema-graph\">{\"@context\":\"https:\\\/\\\/schema.org\",\"@graph\":[{\"@type\":\"Article\",\"@id\":\"https:\\\/\\\/reporteroshoy.mx\\\/noticias\\\/genera-dudas-en-diputados-nuevos-impuestos-para-progreso\\\/#article\",\"isPartOf\":{\"@id\":\"https:\\\/\\\/reporteroshoy.mx\\\/noticias\\\/genera-dudas-en-diputados-nuevos-impuestos-para-progreso\\\/\"},\"author\":{\"name\":\"Reporteros Hoy IM\",\"@id\":\"https:\\\/\\\/reporteroshoy.mx\\\/noticias\\\/#\\\/schema\\\/person\\\/948520f0d88b01be2e5266bc4acbbc15\"},\"headline\":\"Genera dudas en diputados nuevos impuestos para Progreso\",\"datePublished\":\"2020-10-29T22:00:48+00:00\",\"dateModified\":\"2020-10-30T06:03:49+00:00\",\"mainEntityOfPage\":{\"@id\":\"https:\\\/\\\/reporteroshoy.mx\\\/noticias\\\/genera-dudas-en-diputados-nuevos-impuestos-para-progreso\\\/\"},\"wordCount\":1617,\"commentCount\":0,\"image\":{\"@id\":\"https:\\\/\\\/reporteroshoy.mx\\\/noticias\\\/genera-dudas-en-diputados-nuevos-impuestos-para-progreso\\\/#primaryimage\"},\"thumbnailUrl\":\"https:\\\/\\\/reporteroshoy.mx\\\/noticias\\\/wp-content\\\/uploads\\\/2020\\\/10\\\/Congreso-Yucatan.jpg\",\"keywords\":[\"Comisiones\",\"congreso de yucat\u00e1n\",\"Dict\u00e1menes\",\"Progreso\"],\"articleSection\":[\"Gobierno\"],\"inLanguage\":\"es\",\"potentialAction\":[{\"@type\":\"CommentAction\",\"name\":\"Comment\",\"target\":[\"https:\\\/\\\/reporteroshoy.mx\\\/noticias\\\/genera-dudas-en-diputados-nuevos-impuestos-para-progreso\\\/#respond\"]}]},{\"@type\":\"WebPage\",\"@id\":\"https:\\\/\\\/reporteroshoy.mx\\\/noticias\\\/genera-dudas-en-diputados-nuevos-impuestos-para-progreso\\\/\",\"url\":\"https:\\\/\\\/reporteroshoy.mx\\\/noticias\\\/genera-dudas-en-diputados-nuevos-impuestos-para-progreso\\\/\",\"name\":\"Genera dudas en diputados nuevos impuestos para Progreso\",\"isPartOf\":{\"@id\":\"https:\\\/\\\/reporteroshoy.mx\\\/noticias\\\/#website\"},\"primaryImageOfPage\":{\"@id\":\"https:\\\/\\\/reporteroshoy.mx\\\/noticias\\\/genera-dudas-en-diputados-nuevos-impuestos-para-progreso\\\/#primaryimage\"},\"image\":{\"@id\":\"https:\\\/\\\/reporteroshoy.mx\\\/noticias\\\/genera-dudas-en-diputados-nuevos-impuestos-para-progreso\\\/#primaryimage\"},\"thumbnailUrl\":\"https:\\\/\\\/reporteroshoy.mx\\\/noticias\\\/wp-content\\\/uploads\\\/2020\\\/10\\\/Congreso-Yucatan.jpg\",\"datePublished\":\"2020-10-29T22:00:48+00:00\",\"dateModified\":\"2020-10-30T06:03:49+00:00\",\"author\":{\"@id\":\"https:\\\/\\\/reporteroshoy.mx\\\/noticias\\\/#\\\/schema\\\/person\\\/948520f0d88b01be2e5266bc4acbbc15\"},\"description\":\"El alcalde Juli\u00e1n Zacar\u00edas pretende cobrar derechos por maniobra de carga y descarga, as\u00ed como por el cierre de calles cuando se realizan eventos.\",\"breadcrumb\":{\"@id\":\"https:\\\/\\\/reporteroshoy.mx\\\/noticias\\\/genera-dudas-en-diputados-nuevos-impuestos-para-progreso\\\/#breadcrumb\"},\"inLanguage\":\"es\",\"potentialAction\":[{\"@type\":\"ReadAction\",\"target\":[\"https:\\\/\\\/reporteroshoy.mx\\\/noticias\\\/genera-dudas-en-diputados-nuevos-impuestos-para-progreso\\\/\"]}]},{\"@type\":\"ImageObject\",\"inLanguage\":\"es\",\"@id\":\"https:\\\/\\\/reporteroshoy.mx\\\/noticias\\\/genera-dudas-en-diputados-nuevos-impuestos-para-progreso\\\/#primaryimage\",\"url\":\"https:\\\/\\\/reporteroshoy.mx\\\/noticias\\\/wp-content\\\/uploads\\\/2020\\\/10\\\/Congreso-Yucatan.jpg\",\"contentUrl\":\"https:\\\/\\\/reporteroshoy.mx\\\/noticias\\\/wp-content\\\/uploads\\\/2020\\\/10\\\/Congreso-Yucatan.jpg\",\"width\":768,\"height\":447},{\"@type\":\"BreadcrumbList\",\"@id\":\"https:\\\/\\\/reporteroshoy.mx\\\/noticias\\\/genera-dudas-en-diputados-nuevos-impuestos-para-progreso\\\/#breadcrumb\",\"itemListElement\":[{\"@type\":\"ListItem\",\"position\":1,\"name\":\"Portada\",\"item\":\"https:\\\/\\\/reporteroshoy.mx\\\/noticias\\\/\"},{\"@type\":\"ListItem\",\"position\":2,\"name\":\"Genera dudas en diputados nuevos impuestos para Progreso\"}]},{\"@type\":\"WebSite\",\"@id\":\"https:\\\/\\\/reporteroshoy.mx\\\/noticias\\\/#website\",\"url\":\"https:\\\/\\\/reporteroshoy.mx\\\/noticias\\\/\",\"name\":\"Reporteros Hoy | Noticias de Yucat\u00e1n\",\"description\":\"Peri\u00f3dico digital con noticias diarias desde M\u00e9rida, Yucat\u00e1n para el mundo.\",\"potentialAction\":[{\"@type\":\"SearchAction\",\"target\":{\"@type\":\"EntryPoint\",\"urlTemplate\":\"https:\\\/\\\/reporteroshoy.mx\\\/noticias\\\/?s={search_term_string}\"},\"query-input\":{\"@type\":\"PropertyValueSpecification\",\"valueRequired\":true,\"valueName\":\"search_term_string\"}}],\"inLanguage\":\"es\"},{\"@type\":\"Person\",\"@id\":\"https:\\\/\\\/reporteroshoy.mx\\\/noticias\\\/#\\\/schema\\\/person\\\/948520f0d88b01be2e5266bc4acbbc15\",\"name\":\"Reporteros Hoy IM\",\"image\":{\"@type\":\"ImageObject\",\"inLanguage\":\"es\",\"@id\":\"https:\\\/\\\/secure.gravatar.com\\\/avatar\\\/d843030b96552826ac048bdfe26f2895604b800ed0c880ee55765a74d95dfc65?s=96&d=mm&r=g\",\"url\":\"https:\\\/\\\/secure.gravatar.com\\\/avatar\\\/d843030b96552826ac048bdfe26f2895604b800ed0c880ee55765a74d95dfc65?s=96&d=mm&r=g\",\"contentUrl\":\"https:\\\/\\\/secure.gravatar.com\\\/avatar\\\/d843030b96552826ac048bdfe26f2895604b800ed0c880ee55765a74d95dfc65?s=96&d=mm&r=g\",\"caption\":\"Reporteros Hoy IM\"},\"url\":\"https:\\\/\\\/reporteroshoy.mx\\\/noticias\\\/author\\\/israel\\\/\"}]}<\/script>\n<!-- \/ Yoast SEO plugin. -->","yoast_head_json":{"title":"Genera dudas en diputados nuevos impuestos para Progreso","description":"El alcalde Juli\u00e1n Zacar\u00edas pretende cobrar derechos por maniobra de carga y descarga, as\u00ed como por el cierre de calles cuando se realizan eventos.","robots":{"index":"index","follow":"follow","max-snippet":"max-snippet:-1","max-image-preview":"max-image-preview:large","max-video-preview":"max-video-preview:-1"},"canonical":"https:\/\/reporteroshoy.mx\/noticias\/genera-dudas-en-diputados-nuevos-impuestos-para-progreso\/","og_locale":"es_ES","og_type":"article","og_title":"Genera dudas en diputados nuevos impuestos para Progreso","og_description":"El alcalde Juli\u00e1n Zacar\u00edas pretende cobrar derechos por maniobra de carga y descarga, as\u00ed como por el cierre de calles cuando se realizan eventos.","og_url":"https:\/\/reporteroshoy.mx\/noticias\/genera-dudas-en-diputados-nuevos-impuestos-para-progreso\/","og_site_name":"Reporteros Hoy | Noticias de Yucat\u00e1n","article_publisher":"http:\/\/www.facebook.com\/reporteroshoymx","article_published_time":"2020-10-29T22:00:48+00:00","article_modified_time":"2020-10-30T06:03:49+00:00","og_image":[{"width":768,"height":447,"url":"https:\/\/reporteroshoy.mx\/noticias\/wp-content\/uploads\/2020\/10\/Congreso-Yucatan.jpg","type":"image\/jpeg"}],"author":"Reporteros Hoy IM","twitter_card":"summary_large_image","twitter_creator":"@reporteroshoy","twitter_site":"@reporteroshoy","twitter_misc":{"Escrito por":"Reporteros Hoy IM","Tiempo de lectura":"8 minutos"},"schema":{"@context":"https:\/\/schema.org","@graph":[{"@type":"Article","@id":"https:\/\/reporteroshoy.mx\/noticias\/genera-dudas-en-diputados-nuevos-impuestos-para-progreso\/#article","isPartOf":{"@id":"https:\/\/reporteroshoy.mx\/noticias\/genera-dudas-en-diputados-nuevos-impuestos-para-progreso\/"},"author":{"name":"Reporteros Hoy IM","@id":"https:\/\/reporteroshoy.mx\/noticias\/#\/schema\/person\/948520f0d88b01be2e5266bc4acbbc15"},"headline":"Genera dudas en diputados nuevos impuestos para Progreso","datePublished":"2020-10-29T22:00:48+00:00","dateModified":"2020-10-30T06:03:49+00:00","mainEntityOfPage":{"@id":"https:\/\/reporteroshoy.mx\/noticias\/genera-dudas-en-diputados-nuevos-impuestos-para-progreso\/"},"wordCount":1617,"commentCount":0,"image":{"@id":"https:\/\/reporteroshoy.mx\/noticias\/genera-dudas-en-diputados-nuevos-impuestos-para-progreso\/#primaryimage"},"thumbnailUrl":"https:\/\/reporteroshoy.mx\/noticias\/wp-content\/uploads\/2020\/10\/Congreso-Yucatan.jpg","keywords":["Comisiones","congreso de yucat\u00e1n","Dict\u00e1menes","Progreso"],"articleSection":["Gobierno"],"inLanguage":"es","potentialAction":[{"@type":"CommentAction","name":"Comment","target":["https:\/\/reporteroshoy.mx\/noticias\/genera-dudas-en-diputados-nuevos-impuestos-para-progreso\/#respond"]}]},{"@type":"WebPage","@id":"https:\/\/reporteroshoy.mx\/noticias\/genera-dudas-en-diputados-nuevos-impuestos-para-progreso\/","url":"https:\/\/reporteroshoy.mx\/noticias\/genera-dudas-en-diputados-nuevos-impuestos-para-progreso\/","name":"Genera dudas en diputados nuevos impuestos para Progreso","isPartOf":{"@id":"https:\/\/reporteroshoy.mx\/noticias\/#website"},"primaryImageOfPage":{"@id":"https:\/\/reporteroshoy.mx\/noticias\/genera-dudas-en-diputados-nuevos-impuestos-para-progreso\/#primaryimage"},"image":{"@id":"https:\/\/reporteroshoy.mx\/noticias\/genera-dudas-en-diputados-nuevos-impuestos-para-progreso\/#primaryimage"},"thumbnailUrl":"https:\/\/reporteroshoy.mx\/noticias\/wp-content\/uploads\/2020\/10\/Congreso-Yucatan.jpg","datePublished":"2020-10-29T22:00:48+00:00","dateModified":"2020-10-30T06:03:49+00:00","author":{"@id":"https:\/\/reporteroshoy.mx\/noticias\/#\/schema\/person\/948520f0d88b01be2e5266bc4acbbc15"},"description":"El alcalde Juli\u00e1n Zacar\u00edas pretende cobrar derechos por maniobra de carga y descarga, as\u00ed como por el cierre de calles cuando se realizan eventos.","breadcrumb":{"@id":"https:\/\/reporteroshoy.mx\/noticias\/genera-dudas-en-diputados-nuevos-impuestos-para-progreso\/#breadcrumb"},"inLanguage":"es","potentialAction":[{"@type":"ReadAction","target":["https:\/\/reporteroshoy.mx\/noticias\/genera-dudas-en-diputados-nuevos-impuestos-para-progreso\/"]}]},{"@type":"ImageObject","inLanguage":"es","@id":"https:\/\/reporteroshoy.mx\/noticias\/genera-dudas-en-diputados-nuevos-impuestos-para-progreso\/#primaryimage","url":"https:\/\/reporteroshoy.mx\/noticias\/wp-content\/uploads\/2020\/10\/Congreso-Yucatan.jpg","contentUrl":"https:\/\/reporteroshoy.mx\/noticias\/wp-content\/uploads\/2020\/10\/Congreso-Yucatan.jpg","width":768,"height":447},{"@type":"BreadcrumbList","@id":"https:\/\/reporteroshoy.mx\/noticias\/genera-dudas-en-diputados-nuevos-impuestos-para-progreso\/#breadcrumb","itemListElement":[{"@type":"ListItem","position":1,"name":"Portada","item":"https:\/\/reporteroshoy.mx\/noticias\/"},{"@type":"ListItem","position":2,"name":"Genera dudas en diputados nuevos impuestos para Progreso"}]},{"@type":"WebSite","@id":"https:\/\/reporteroshoy.mx\/noticias\/#website","url":"https:\/\/reporteroshoy.mx\/noticias\/","name":"Reporteros Hoy | Noticias de Yucat\u00e1n","description":"Peri\u00f3dico digital con noticias diarias desde M\u00e9rida, Yucat\u00e1n para el mundo.","potentialAction":[{"@type":"SearchAction","target":{"@type":"EntryPoint","urlTemplate":"https:\/\/reporteroshoy.mx\/noticias\/?s={search_term_string}"},"query-input":{"@type":"PropertyValueSpecification","valueRequired":true,"valueName":"search_term_string"}}],"inLanguage":"es"},{"@type":"Person","@id":"https:\/\/reporteroshoy.mx\/noticias\/#\/schema\/person\/948520f0d88b01be2e5266bc4acbbc15","name":"Reporteros Hoy IM","image":{"@type":"ImageObject","inLanguage":"es","@id":"https:\/\/secure.gravatar.com\/avatar\/d843030b96552826ac048bdfe26f2895604b800ed0c880ee55765a74d95dfc65?s=96&d=mm&r=g","url":"https:\/\/secure.gravatar.com\/avatar\/d843030b96552826ac048bdfe26f2895604b800ed0c880ee55765a74d95dfc65?s=96&d=mm&r=g","contentUrl":"https:\/\/secure.gravatar.com\/avatar\/d843030b96552826ac048bdfe26f2895604b800ed0c880ee55765a74d95dfc65?s=96&d=mm&r=g","caption":"Reporteros Hoy IM"},"url":"https:\/\/reporteroshoy.mx\/noticias\/author\/israel\/"}]}},"_links":{"self":[{"href":"https:\/\/reporteroshoy.mx\/noticias\/wp-json\/wp\/v2\/posts\/49527","targetHints":{"allow":["GET"]}}],"collection":[{"href":"https:\/\/reporteroshoy.mx\/noticias\/wp-json\/wp\/v2\/posts"}],"about":[{"href":"https:\/\/reporteroshoy.mx\/noticias\/wp-json\/wp\/v2\/types\/post"}],"author":[{"embeddable":true,"href":"https:\/\/reporteroshoy.mx\/noticias\/wp-json\/wp\/v2\/users\/5"}],"replies":[{"embeddable":true,"href":"https:\/\/reporteroshoy.mx\/noticias\/wp-json\/wp\/v2\/comments?post=49527"}],"version-history":[{"count":0,"href":"https:\/\/reporteroshoy.mx\/noticias\/wp-json\/wp\/v2\/posts\/49527\/revisions"}],"wp:featuredmedia":[{"embeddable":true,"href":"https:\/\/reporteroshoy.mx\/noticias\/wp-json\/wp\/v2\/media\/49551"}],"wp:attachment":[{"href":"https:\/\/reporteroshoy.mx\/noticias\/wp-json\/wp\/v2\/media?parent=49527"}],"wp:term":[{"taxonomy":"category","embeddable":true,"href":"https:\/\/reporteroshoy.mx\/noticias\/wp-json\/wp\/v2\/categories?post=49527"},{"taxonomy":"post_tag","embeddable":true,"href":"https:\/\/reporteroshoy.mx\/noticias\/wp-json\/wp\/v2\/tags?post=49527"}],"curies":[{"name":"wp","href":"https:\/\/api.w.org\/{rel}","templated":true}]}}