{"id":49558,"date":"2020-10-30T10:00:21","date_gmt":"2020-10-30T16:00:21","guid":{"rendered":"https:\/\/reporteroshoy.mx\/noticias\/?p=49558"},"modified":"2020-10-30T20:23:13","modified_gmt":"2020-10-31T02:23:13","slug":"nueva-zelanda-es-el-primer-pais-que-autoriza-la-eutanasia","status":"publish","type":"post","link":"https:\/\/reporteroshoy.mx\/noticias\/nueva-zelanda-es-el-primer-pais-que-autoriza-la-eutanasia\/","title":{"rendered":"Nueva Zelanda es el primer pa\u00eds que autoriza la eutanasia"},"content":{"rendered":"<p style=\"text-align: justify;\">Nueva Zelanda; 30 de octubre de 2020 (adn40).- Nueva Zelanda se convirti\u00f3 en el primer pa\u00eds en autorizar la eutanasia este viernes 30 de octubre tras la aprobaci\u00f3n por mayor\u00eda del\u00a0refer\u00e9ndum\u00a0que planteaba la nueva \u201cLey de elecci\u00f3n al final de la\u00a0vida\u201d.<\/p>\n<p style=\"text-align: justify;\">Esta nueva ley que entrar\u00e1 en vigor a partir del 6 de\u00a0noviembre de 2021, permitir\u00e1 que las personas con\u00a0enfermedades terminales\u00a0tengan la oportunidad de elegir la muerte asistida.<\/p>\n<p style=\"text-align: justify;\">A partir de esta fecha ser\u00e1 legal que los m\u00e9dicos administren una droga letal a los adultos con diagn\u00f3sticos terminales de\u00a06 meses de vida\u00a0siempre y cuando el paciente lo solicite de forma\u00a0consciente y voluntaria.<\/p>\n<p><img loading=\"lazy\" decoding=\"async\" class=\"wp-image-49559 aligncenter\" src=\"https:\/\/reporteroshoy.mx\/noticias\/wp-content\/uploads\/2020\/10\/Eutanasia.jpg\" alt=\"\" width=\"600\" height=\"337\" \/><\/p>\n<p style=\"text-align: justify;\">La aprobaci\u00f3n de la ley provocar\u00e1 una \u201cnueva Zelanda m\u00e1s amable,\u00a0m\u00e1s compasiva\u00a0y una sociedad m\u00e1s humana\u201d, puesto que miles de habitantes que se enfrentan a la muerte \u201cpodr\u00e1n elegir con dignidad, control y autonom\u00eda sobre sus propios cuerpos bajo la protecci\u00f3n de la ley\u201d, mencion\u00f3 el funcionario Matt Vickers quien propuso la\u00a0iniciativa\u00a0de ley luego de que su esposa, la diputada Lecretia Seales, falleciera hace cinco a\u00f1os a causa de una\u00a0enfermedad terminal.<\/p>\n<p style=\"text-align: justify;\">En contraste, un grupo de oposici\u00f3n mencion\u00f3 que el\u00a0refer\u00e9ndum\u00a0de legalizaci\u00f3n de la muerte asistida contradicen las acciones de prevenci\u00f3n del suicidio que se realizan en el pa\u00eds.<\/p>\n<p style=\"text-align: justify;\">Aunque la eutanasia es legal en otros pa\u00edses como Holanda, el primer pa\u00eds en aprobarla en 2002,\u00a0Nueva Zelanda\u00a0es el primero en darle legalidad a trav\u00e9s de un referendo.<\/p>\n<p style=\"text-align: justify;\">Otros pa\u00edses que han despenalizado la eutanasia o el suicidio asistido son Alemania B\u00e9lgica, Colombia,\u00a0Luxemburgo, algunos estados de Australia y EUA.<\/p>\n","protected":false},"excerpt":{"rendered":"<p>La Ley de elecci\u00f3n al final de la vida entrar\u00e1 en vigor en noviembre de 2021 y solo aplicar\u00e1 para personas con enfermedades terminales.<\/p>\n","protected":false},"author":9,"featured_media":49559,"comment_status":"open","ping_status":"closed","sticky":false,"template":"","format":"standard","meta":{"footnotes":""},"categories":[10],"tags":[11184,1629],"class_list":["post-49558","post","type-post","status-publish","format-standard","has-post-thumbnail","hentry","category-internacional","tag-eutanasia","tag-nueva-zelanda"],"yoast_head":"<!-- This site is optimized with the Yoast SEO plugin v28.4 - https:\/\/yoast.com\/product\/yoast-seo-wordpress\/ -->\n<title>Nueva Zelanda es el primer pa\u00eds que autoriza la eutanasia<\/title>\n<meta name=\"description\" content=\"La Ley de elecci\u00f3n al final de la vida entrar\u00e1 en vigor en noviembre de 2021 y solo aplicar\u00e1 para personas con enfermedades terminales.\" \/>\n<meta name=\"robots\" content=\"index, follow, max-snippet:-1, max-image-preview:large, max-video-preview:-1\" \/>\n<link rel=\"canonical\" href=\"https:\/\/reporteroshoy.mx\/noticias\/nueva-zelanda-es-el-primer-pais-que-autoriza-la-eutanasia\/\" \/>\n<meta property=\"og:locale\" content=\"es_ES\" \/>\n<meta property=\"og:type\" content=\"article\" \/>\n<meta property=\"og:title\" content=\"Nueva Zelanda es el primer pa\u00eds que autoriza la eutanasia\" \/>\n<meta property=\"og:description\" content=\"La Ley de elecci\u00f3n al final de la vida entrar\u00e1 en vigor en noviembre de 2021 y solo aplicar\u00e1 para personas con enfermedades terminales.\" \/>\n<meta property=\"og:url\" content=\"https:\/\/reporteroshoy.mx\/noticias\/nueva-zelanda-es-el-primer-pais-que-autoriza-la-eutanasia\/\" \/>\n<meta property=\"og:site_name\" content=\"Reporteros Hoy | Noticias de Yucat\u00e1n\" \/>\n<meta property=\"article:publisher\" content=\"http:\/\/www.facebook.com\/reporteroshoymx\" \/>\n<meta property=\"article:published_time\" content=\"2020-10-30T16:00:21+00:00\" \/>\n<meta property=\"article:modified_time\" content=\"2020-10-31T02:23:13+00:00\" \/>\n<meta property=\"og:image\" content=\"https:\/\/reporteroshoy.mx\/noticias\/wp-content\/uploads\/2020\/10\/Eutanasia.jpg\" \/>\n\t<meta property=\"og:image:width\" content=\"768\" \/>\n\t<meta property=\"og:image:height\" content=\"431\" \/>\n\t<meta property=\"og:image:type\" content=\"image\/jpeg\" \/>\n<meta name=\"author\" content=\"Reporteros Hoy WP\" \/>\n<meta name=\"twitter:card\" content=\"summary_large_image\" \/>\n<meta name=\"twitter:creator\" content=\"@reporteroshoy\" \/>\n<meta name=\"twitter:site\" content=\"@reporteroshoy\" \/>\n<meta name=\"twitter:label1\" content=\"Escrito por\" \/>\n\t<meta name=\"twitter:data1\" content=\"Reporteros Hoy WP\" \/>\n\t<meta name=\"twitter:label2\" content=\"Tiempo de lectura\" \/>\n\t<meta name=\"twitter:data2\" content=\"1 minuto\" \/>\n<script type=\"application\/ld+json\" class=\"yoast-schema-graph\">{\"@context\":\"https:\\\/\\\/schema.org\",\"@graph\":[{\"@type\":\"Article\",\"@id\":\"https:\\\/\\\/reporteroshoy.mx\\\/noticias\\\/nueva-zelanda-es-el-primer-pais-que-autoriza-la-eutanasia\\\/#article\",\"isPartOf\":{\"@id\":\"https:\\\/\\\/reporteroshoy.mx\\\/noticias\\\/nueva-zelanda-es-el-primer-pais-que-autoriza-la-eutanasia\\\/\"},\"author\":{\"name\":\"Reporteros Hoy WP\",\"@id\":\"https:\\\/\\\/reporteroshoy.mx\\\/noticias\\\/#\\\/schema\\\/person\\\/c977527e57c958a62c5cefe8fe47876e\"},\"headline\":\"Nueva Zelanda es el primer pa\u00eds que autoriza la eutanasia\",\"datePublished\":\"2020-10-30T16:00:21+00:00\",\"dateModified\":\"2020-10-31T02:23:13+00:00\",\"mainEntityOfPage\":{\"@id\":\"https:\\\/\\\/reporteroshoy.mx\\\/noticias\\\/nueva-zelanda-es-el-primer-pais-que-autoriza-la-eutanasia\\\/\"},\"wordCount\":298,\"commentCount\":0,\"image\":{\"@id\":\"https:\\\/\\\/reporteroshoy.mx\\\/noticias\\\/nueva-zelanda-es-el-primer-pais-que-autoriza-la-eutanasia\\\/#primaryimage\"},\"thumbnailUrl\":\"https:\\\/\\\/reporteroshoy.mx\\\/noticias\\\/wp-content\\\/uploads\\\/2020\\\/10\\\/Eutanasia.jpg\",\"keywords\":[\"Eutanasia\",\"Nueva Zelanda\"],\"articleSection\":[\"Internacional\"],\"inLanguage\":\"es\",\"potentialAction\":[{\"@type\":\"CommentAction\",\"name\":\"Comment\",\"target\":[\"https:\\\/\\\/reporteroshoy.mx\\\/noticias\\\/nueva-zelanda-es-el-primer-pais-que-autoriza-la-eutanasia\\\/#respond\"]}]},{\"@type\":\"WebPage\",\"@id\":\"https:\\\/\\\/reporteroshoy.mx\\\/noticias\\\/nueva-zelanda-es-el-primer-pais-que-autoriza-la-eutanasia\\\/\",\"url\":\"https:\\\/\\\/reporteroshoy.mx\\\/noticias\\\/nueva-zelanda-es-el-primer-pais-que-autoriza-la-eutanasia\\\/\",\"name\":\"Nueva Zelanda es el primer pa\u00eds que autoriza la eutanasia\",\"isPartOf\":{\"@id\":\"https:\\\/\\\/reporteroshoy.mx\\\/noticias\\\/#website\"},\"primaryImageOfPage\":{\"@id\":\"https:\\\/\\\/reporteroshoy.mx\\\/noticias\\\/nueva-zelanda-es-el-primer-pais-que-autoriza-la-eutanasia\\\/#primaryimage\"},\"image\":{\"@id\":\"https:\\\/\\\/reporteroshoy.mx\\\/noticias\\\/nueva-zelanda-es-el-primer-pais-que-autoriza-la-eutanasia\\\/#primaryimage\"},\"thumbnailUrl\":\"https:\\\/\\\/reporteroshoy.mx\\\/noticias\\\/wp-content\\\/uploads\\\/2020\\\/10\\\/Eutanasia.jpg\",\"datePublished\":\"2020-10-30T16:00:21+00:00\",\"dateModified\":\"2020-10-31T02:23:13+00:00\",\"author\":{\"@id\":\"https:\\\/\\\/reporteroshoy.mx\\\/noticias\\\/#\\\/schema\\\/person\\\/c977527e57c958a62c5cefe8fe47876e\"},\"description\":\"La Ley de elecci\u00f3n al final de la vida entrar\u00e1 en vigor en noviembre de 2021 y solo aplicar\u00e1 para personas con enfermedades terminales.\",\"breadcrumb\":{\"@id\":\"https:\\\/\\\/reporteroshoy.mx\\\/noticias\\\/nueva-zelanda-es-el-primer-pais-que-autoriza-la-eutanasia\\\/#breadcrumb\"},\"inLanguage\":\"es\",\"potentialAction\":[{\"@type\":\"ReadAction\",\"target\":[\"https:\\\/\\\/reporteroshoy.mx\\\/noticias\\\/nueva-zelanda-es-el-primer-pais-que-autoriza-la-eutanasia\\\/\"]}]},{\"@type\":\"ImageObject\",\"inLanguage\":\"es\",\"@id\":\"https:\\\/\\\/reporteroshoy.mx\\\/noticias\\\/nueva-zelanda-es-el-primer-pais-que-autoriza-la-eutanasia\\\/#primaryimage\",\"url\":\"https:\\\/\\\/reporteroshoy.mx\\\/noticias\\\/wp-content\\\/uploads\\\/2020\\\/10\\\/Eutanasia.jpg\",\"contentUrl\":\"https:\\\/\\\/reporteroshoy.mx\\\/noticias\\\/wp-content\\\/uploads\\\/2020\\\/10\\\/Eutanasia.jpg\",\"width\":768,\"height\":431},{\"@type\":\"BreadcrumbList\",\"@id\":\"https:\\\/\\\/reporteroshoy.mx\\\/noticias\\\/nueva-zelanda-es-el-primer-pais-que-autoriza-la-eutanasia\\\/#breadcrumb\",\"itemListElement\":[{\"@type\":\"ListItem\",\"position\":1,\"name\":\"Portada\",\"item\":\"https:\\\/\\\/reporteroshoy.mx\\\/noticias\\\/\"},{\"@type\":\"ListItem\",\"position\":2,\"name\":\"Nueva Zelanda es el primer pa\u00eds que autoriza la eutanasia\"}]},{\"@type\":\"WebSite\",\"@id\":\"https:\\\/\\\/reporteroshoy.mx\\\/noticias\\\/#website\",\"url\":\"https:\\\/\\\/reporteroshoy.mx\\\/noticias\\\/\",\"name\":\"Reporteros Hoy | Noticias de Yucat\u00e1n\",\"description\":\"Peri\u00f3dico digital con noticias diarias desde M\u00e9rida, Yucat\u00e1n para el mundo.\",\"potentialAction\":[{\"@type\":\"SearchAction\",\"target\":{\"@type\":\"EntryPoint\",\"urlTemplate\":\"https:\\\/\\\/reporteroshoy.mx\\\/noticias\\\/?s={search_term_string}\"},\"query-input\":{\"@type\":\"PropertyValueSpecification\",\"valueRequired\":true,\"valueName\":\"search_term_string\"}}],\"inLanguage\":\"es\"},{\"@type\":\"Person\",\"@id\":\"https:\\\/\\\/reporteroshoy.mx\\\/noticias\\\/#\\\/schema\\\/person\\\/c977527e57c958a62c5cefe8fe47876e\",\"name\":\"Reporteros Hoy WP\",\"image\":{\"@type\":\"ImageObject\",\"inLanguage\":\"es\",\"@id\":\"https:\\\/\\\/secure.gravatar.com\\\/avatar\\\/fd2917f79a7dae30f8ac9ddc2f35e1756bb59e25e01d1cd09deaa64df7b2f73e?s=96&d=mm&r=g\",\"url\":\"https:\\\/\\\/secure.gravatar.com\\\/avatar\\\/fd2917f79a7dae30f8ac9ddc2f35e1756bb59e25e01d1cd09deaa64df7b2f73e?s=96&d=mm&r=g\",\"contentUrl\":\"https:\\\/\\\/secure.gravatar.com\\\/avatar\\\/fd2917f79a7dae30f8ac9ddc2f35e1756bb59e25e01d1cd09deaa64df7b2f73e?s=96&d=mm&r=g\",\"caption\":\"Reporteros Hoy WP\"},\"url\":\"https:\\\/\\\/reporteroshoy.mx\\\/noticias\\\/author\\\/walfer\\\/\"}]}<\/script>\n<!-- \/ Yoast SEO plugin. -->","yoast_head_json":{"title":"Nueva Zelanda es el primer pa\u00eds que autoriza la eutanasia","description":"La Ley de elecci\u00f3n al final de la vida entrar\u00e1 en vigor en noviembre de 2021 y solo aplicar\u00e1 para personas con enfermedades terminales.","robots":{"index":"index","follow":"follow","max-snippet":"max-snippet:-1","max-image-preview":"max-image-preview:large","max-video-preview":"max-video-preview:-1"},"canonical":"https:\/\/reporteroshoy.mx\/noticias\/nueva-zelanda-es-el-primer-pais-que-autoriza-la-eutanasia\/","og_locale":"es_ES","og_type":"article","og_title":"Nueva Zelanda es el primer pa\u00eds que autoriza la eutanasia","og_description":"La Ley de elecci\u00f3n al final de la vida entrar\u00e1 en vigor en noviembre de 2021 y solo aplicar\u00e1 para personas con enfermedades terminales.","og_url":"https:\/\/reporteroshoy.mx\/noticias\/nueva-zelanda-es-el-primer-pais-que-autoriza-la-eutanasia\/","og_site_name":"Reporteros Hoy | Noticias de Yucat\u00e1n","article_publisher":"http:\/\/www.facebook.com\/reporteroshoymx","article_published_time":"2020-10-30T16:00:21+00:00","article_modified_time":"2020-10-31T02:23:13+00:00","og_image":[{"width":768,"height":431,"url":"https:\/\/reporteroshoy.mx\/noticias\/wp-content\/uploads\/2020\/10\/Eutanasia.jpg","type":"image\/jpeg"}],"author":"Reporteros Hoy WP","twitter_card":"summary_large_image","twitter_creator":"@reporteroshoy","twitter_site":"@reporteroshoy","twitter_misc":{"Escrito por":"Reporteros Hoy WP","Tiempo de lectura":"1 minuto"},"schema":{"@context":"https:\/\/schema.org","@graph":[{"@type":"Article","@id":"https:\/\/reporteroshoy.mx\/noticias\/nueva-zelanda-es-el-primer-pais-que-autoriza-la-eutanasia\/#article","isPartOf":{"@id":"https:\/\/reporteroshoy.mx\/noticias\/nueva-zelanda-es-el-primer-pais-que-autoriza-la-eutanasia\/"},"author":{"name":"Reporteros Hoy WP","@id":"https:\/\/reporteroshoy.mx\/noticias\/#\/schema\/person\/c977527e57c958a62c5cefe8fe47876e"},"headline":"Nueva Zelanda es el primer pa\u00eds que autoriza la eutanasia","datePublished":"2020-10-30T16:00:21+00:00","dateModified":"2020-10-31T02:23:13+00:00","mainEntityOfPage":{"@id":"https:\/\/reporteroshoy.mx\/noticias\/nueva-zelanda-es-el-primer-pais-que-autoriza-la-eutanasia\/"},"wordCount":298,"commentCount":0,"image":{"@id":"https:\/\/reporteroshoy.mx\/noticias\/nueva-zelanda-es-el-primer-pais-que-autoriza-la-eutanasia\/#primaryimage"},"thumbnailUrl":"https:\/\/reporteroshoy.mx\/noticias\/wp-content\/uploads\/2020\/10\/Eutanasia.jpg","keywords":["Eutanasia","Nueva Zelanda"],"articleSection":["Internacional"],"inLanguage":"es","potentialAction":[{"@type":"CommentAction","name":"Comment","target":["https:\/\/reporteroshoy.mx\/noticias\/nueva-zelanda-es-el-primer-pais-que-autoriza-la-eutanasia\/#respond"]}]},{"@type":"WebPage","@id":"https:\/\/reporteroshoy.mx\/noticias\/nueva-zelanda-es-el-primer-pais-que-autoriza-la-eutanasia\/","url":"https:\/\/reporteroshoy.mx\/noticias\/nueva-zelanda-es-el-primer-pais-que-autoriza-la-eutanasia\/","name":"Nueva Zelanda es el primer pa\u00eds que autoriza la eutanasia","isPartOf":{"@id":"https:\/\/reporteroshoy.mx\/noticias\/#website"},"primaryImageOfPage":{"@id":"https:\/\/reporteroshoy.mx\/noticias\/nueva-zelanda-es-el-primer-pais-que-autoriza-la-eutanasia\/#primaryimage"},"image":{"@id":"https:\/\/reporteroshoy.mx\/noticias\/nueva-zelanda-es-el-primer-pais-que-autoriza-la-eutanasia\/#primaryimage"},"thumbnailUrl":"https:\/\/reporteroshoy.mx\/noticias\/wp-content\/uploads\/2020\/10\/Eutanasia.jpg","datePublished":"2020-10-30T16:00:21+00:00","dateModified":"2020-10-31T02:23:13+00:00","author":{"@id":"https:\/\/reporteroshoy.mx\/noticias\/#\/schema\/person\/c977527e57c958a62c5cefe8fe47876e"},"description":"La Ley de elecci\u00f3n al final de la vida entrar\u00e1 en vigor en noviembre de 2021 y solo aplicar\u00e1 para personas con enfermedades terminales.","breadcrumb":{"@id":"https:\/\/reporteroshoy.mx\/noticias\/nueva-zelanda-es-el-primer-pais-que-autoriza-la-eutanasia\/#breadcrumb"},"inLanguage":"es","potentialAction":[{"@type":"ReadAction","target":["https:\/\/reporteroshoy.mx\/noticias\/nueva-zelanda-es-el-primer-pais-que-autoriza-la-eutanasia\/"]}]},{"@type":"ImageObject","inLanguage":"es","@id":"https:\/\/reporteroshoy.mx\/noticias\/nueva-zelanda-es-el-primer-pais-que-autoriza-la-eutanasia\/#primaryimage","url":"https:\/\/reporteroshoy.mx\/noticias\/wp-content\/uploads\/2020\/10\/Eutanasia.jpg","contentUrl":"https:\/\/reporteroshoy.mx\/noticias\/wp-content\/uploads\/2020\/10\/Eutanasia.jpg","width":768,"height":431},{"@type":"BreadcrumbList","@id":"https:\/\/reporteroshoy.mx\/noticias\/nueva-zelanda-es-el-primer-pais-que-autoriza-la-eutanasia\/#breadcrumb","itemListElement":[{"@type":"ListItem","position":1,"name":"Portada","item":"https:\/\/reporteroshoy.mx\/noticias\/"},{"@type":"ListItem","position":2,"name":"Nueva Zelanda es el primer pa\u00eds que autoriza la eutanasia"}]},{"@type":"WebSite","@id":"https:\/\/reporteroshoy.mx\/noticias\/#website","url":"https:\/\/reporteroshoy.mx\/noticias\/","name":"Reporteros Hoy | Noticias de Yucat\u00e1n","description":"Peri\u00f3dico digital con noticias diarias desde M\u00e9rida, Yucat\u00e1n para el mundo.","potentialAction":[{"@type":"SearchAction","target":{"@type":"EntryPoint","urlTemplate":"https:\/\/reporteroshoy.mx\/noticias\/?s={search_term_string}"},"query-input":{"@type":"PropertyValueSpecification","valueRequired":true,"valueName":"search_term_string"}}],"inLanguage":"es"},{"@type":"Person","@id":"https:\/\/reporteroshoy.mx\/noticias\/#\/schema\/person\/c977527e57c958a62c5cefe8fe47876e","name":"Reporteros Hoy WP","image":{"@type":"ImageObject","inLanguage":"es","@id":"https:\/\/secure.gravatar.com\/avatar\/fd2917f79a7dae30f8ac9ddc2f35e1756bb59e25e01d1cd09deaa64df7b2f73e?s=96&d=mm&r=g","url":"https:\/\/secure.gravatar.com\/avatar\/fd2917f79a7dae30f8ac9ddc2f35e1756bb59e25e01d1cd09deaa64df7b2f73e?s=96&d=mm&r=g","contentUrl":"https:\/\/secure.gravatar.com\/avatar\/fd2917f79a7dae30f8ac9ddc2f35e1756bb59e25e01d1cd09deaa64df7b2f73e?s=96&d=mm&r=g","caption":"Reporteros Hoy WP"},"url":"https:\/\/reporteroshoy.mx\/noticias\/author\/walfer\/"}]}},"_links":{"self":[{"href":"https:\/\/reporteroshoy.mx\/noticias\/wp-json\/wp\/v2\/posts\/49558","targetHints":{"allow":["GET"]}}],"collection":[{"href":"https:\/\/reporteroshoy.mx\/noticias\/wp-json\/wp\/v2\/posts"}],"about":[{"href":"https:\/\/reporteroshoy.mx\/noticias\/wp-json\/wp\/v2\/types\/post"}],"author":[{"embeddable":true,"href":"https:\/\/reporteroshoy.mx\/noticias\/wp-json\/wp\/v2\/users\/9"}],"replies":[{"embeddable":true,"href":"https:\/\/reporteroshoy.mx\/noticias\/wp-json\/wp\/v2\/comments?post=49558"}],"version-history":[{"count":0,"href":"https:\/\/reporteroshoy.mx\/noticias\/wp-json\/wp\/v2\/posts\/49558\/revisions"}],"wp:featuredmedia":[{"embeddable":true,"href":"https:\/\/reporteroshoy.mx\/noticias\/wp-json\/wp\/v2\/media\/49559"}],"wp:attachment":[{"href":"https:\/\/reporteroshoy.mx\/noticias\/wp-json\/wp\/v2\/media?parent=49558"}],"wp:term":[{"taxonomy":"category","embeddable":true,"href":"https:\/\/reporteroshoy.mx\/noticias\/wp-json\/wp\/v2\/categories?post=49558"},{"taxonomy":"post_tag","embeddable":true,"href":"https:\/\/reporteroshoy.mx\/noticias\/wp-json\/wp\/v2\/tags?post=49558"}],"curies":[{"name":"wp","href":"https:\/\/api.w.org\/{rel}","templated":true}]}}