{"id":49664,"date":"2020-10-31T19:00:23","date_gmt":"2020-11-01T01:00:23","guid":{"rendered":"https:\/\/reporteroshoy.mx\/noticias\/?p=49664"},"modified":"2020-11-01T22:09:58","modified_gmt":"2020-11-02T04:09:58","slug":"ciclones-encarecieron-insumos-para-preparar-los-mucbipollos","status":"publish","type":"post","link":"https:\/\/reporteroshoy.mx\/noticias\/ciclones-encarecieron-insumos-para-preparar-los-mucbipollos\/","title":{"rendered":"Ciclones encarecieron insumos para preparar los mucbipollos"},"content":{"rendered":"<p style=\"text-align: justify;\">M\u00e9rida, Yucat\u00e1n, 31 de octubre de 2020 (ACOM).\u00a0 Los fen\u00f3menos climatol\u00f3gicos del \u00faltimo mes tambi\u00e9n impactaron en el precio de insumos b\u00e1sicos para elaboraci\u00f3n de los mucbipollos se elev\u00f3 significativamente, que costar\u00e1 entre 70 y 80 pesos m\u00e1s que el a\u00f1o pasado.<\/p>\n<p style=\"text-align: justify;\">El kilogramo de tomate se increment\u00f3 hasta en 40 pesos en las \u00faltimas tres semanas y el paquete de hoja de pl\u00e1tano cuesta hasta 80 pesos en mercado, indic\u00f3 Mar\u00eda Luisa, ama de casa de 46 a\u00f1os.<\/p>\n<p><img loading=\"lazy\" decoding=\"async\" class=\"wp-image-49665 aligncenter\" src=\"https:\/\/reporteroshoy.mx\/noticias\/wp-content\/uploads\/2020\/10\/mucbipollo1.jpg\" alt=\"\" width=\"595\" height=\"334\" \/><\/p>\n<p style=\"text-align: justify;\">\u201cNo se puede ir al mercado porque no entran los coches, los camiones te dejan lejos y hay que cargar las bolsas con la compra, por eso compramos en Um\u00e1n, pero ah\u00ed tambi\u00e9n subieron los precios\u201d, dijo la entrevistada.<\/p>\n<p style=\"text-align: justify;\">Do\u00f1a Addy, de 62 a\u00f1os, quien tradicionalmente guisa los mucbipollos para su familia dijo desde hace algunos a\u00f1os opt\u00f3 por no cocinar y, en vez ello, adquirirlo, pero este a\u00f1o, le costar\u00e1n hasta 450 pesos.<\/p>\n<p style=\"text-align: justify;\">Uno de los ingredientes m\u00e1s costosos del pib es la carne de cerdo, el precio del kilo va de 78 a 90 pesos. Mientras que el pollo, de momento, est\u00e1 en oferta, pues el kilo cuesta entre 45 a 52 pesos por el rumbo de Ciudad Caucel.<\/p>\n<p style=\"text-align: justify;\">Marlene, vecina del rumbo de Santiago, en el centro de la ciudad explic\u00f3: En el mercado, ya no se pueden comprar tantas cosas como antes, un ramo de flores cuesta hasta 60 pesos y no son flores de gran calidad.<\/p>\n<p style=\"text-align: justify;\">Las frutas y las legumbres normalmente est\u00e1n subiendo por semana, es caro conseguir cosas frescas, a\u00f1ade.<\/p>\n<p style=\"text-align: justify;\">Un mucbipollo con hoja, pollo y puerco que se adquiera en el mercado puede costar cerca de 450 pesos y es para seis personas.<\/p>\n","protected":false},"excerpt":{"rendered":"<p>El tomate y la hoja del pl\u00e1tano variaron sus precios, por lo que elaborar este platillo costar\u00e1 entre 70 y 80 pesos m\u00e1s que el a\u00f1o pasado.<\/p>\n","protected":false},"author":5,"featured_media":49665,"comment_status":"open","ping_status":"closed","sticky":false,"template":"","format":"standard","meta":{"footnotes":""},"categories":[17],"tags":[14724,7514,14725],"class_list":["post-49664","post","type-post","status-publish","format-standard","has-post-thumbnail","hentry","category-yucatan","tag-mucbipollos","tag-pibes","tag-precios-insumos"],"yoast_head":"<!-- This site is optimized with the Yoast SEO plugin v28.4 - https:\/\/yoast.com\/product\/yoast-seo-wordpress\/ -->\n<title>Ciclones encarecieron insumos para preparar los mucbipollos<\/title>\n<meta name=\"description\" content=\"El tomate y la hoja del pl\u00e1tano variaron sus precios, por lo que elaborar este platillo costar\u00e1 entre 70 y 80 pesos m\u00e1s que el a\u00f1o pasado.\" \/>\n<meta name=\"robots\" content=\"index, follow, max-snippet:-1, max-image-preview:large, max-video-preview:-1\" \/>\n<link rel=\"canonical\" href=\"https:\/\/reporteroshoy.mx\/noticias\/ciclones-encarecieron-insumos-para-preparar-los-mucbipollos\/\" \/>\n<meta property=\"og:locale\" content=\"es_ES\" \/>\n<meta property=\"og:type\" content=\"article\" \/>\n<meta property=\"og:title\" content=\"Ciclones encarecieron insumos para preparar los mucbipollos\" \/>\n<meta property=\"og:description\" content=\"El tomate y la hoja del pl\u00e1tano variaron sus precios, por lo que elaborar este platillo costar\u00e1 entre 70 y 80 pesos m\u00e1s que el a\u00f1o pasado.\" \/>\n<meta property=\"og:url\" content=\"https:\/\/reporteroshoy.mx\/noticias\/ciclones-encarecieron-insumos-para-preparar-los-mucbipollos\/\" \/>\n<meta property=\"og:site_name\" content=\"Reporteros Hoy | Noticias de Yucat\u00e1n\" \/>\n<meta property=\"article:publisher\" content=\"http:\/\/www.facebook.com\/reporteroshoymx\" \/>\n<meta property=\"article:published_time\" content=\"2020-11-01T01:00:23+00:00\" \/>\n<meta property=\"article:modified_time\" content=\"2020-11-02T04:09:58+00:00\" \/>\n<meta property=\"og:image\" content=\"https:\/\/reporteroshoy.mx\/noticias\/wp-content\/uploads\/2020\/10\/mucbipollo1.jpg\" \/>\n\t<meta property=\"og:image:width\" content=\"768\" \/>\n\t<meta property=\"og:image:height\" content=\"432\" \/>\n\t<meta property=\"og:image:type\" content=\"image\/jpeg\" \/>\n<meta name=\"author\" content=\"Reporteros Hoy IM\" \/>\n<meta name=\"twitter:card\" content=\"summary_large_image\" \/>\n<meta name=\"twitter:creator\" content=\"@reporteroshoy\" \/>\n<meta name=\"twitter:site\" content=\"@reporteroshoy\" \/>\n<meta name=\"twitter:label1\" content=\"Escrito por\" \/>\n\t<meta name=\"twitter:data1\" content=\"Reporteros Hoy IM\" \/>\n\t<meta name=\"twitter:label2\" content=\"Tiempo de lectura\" \/>\n\t<meta name=\"twitter:data2\" content=\"1 minuto\" \/>\n<script type=\"application\/ld+json\" class=\"yoast-schema-graph\">{\"@context\":\"https:\\\/\\\/schema.org\",\"@graph\":[{\"@type\":\"Article\",\"@id\":\"https:\\\/\\\/reporteroshoy.mx\\\/noticias\\\/ciclones-encarecieron-insumos-para-preparar-los-mucbipollos\\\/#article\",\"isPartOf\":{\"@id\":\"https:\\\/\\\/reporteroshoy.mx\\\/noticias\\\/ciclones-encarecieron-insumos-para-preparar-los-mucbipollos\\\/\"},\"author\":{\"name\":\"Reporteros Hoy IM\",\"@id\":\"https:\\\/\\\/reporteroshoy.mx\\\/noticias\\\/#\\\/schema\\\/person\\\/948520f0d88b01be2e5266bc4acbbc15\"},\"headline\":\"Ciclones encarecieron insumos para preparar los mucbipollos\",\"datePublished\":\"2020-11-01T01:00:23+00:00\",\"dateModified\":\"2020-11-02T04:09:58+00:00\",\"mainEntityOfPage\":{\"@id\":\"https:\\\/\\\/reporteroshoy.mx\\\/noticias\\\/ciclones-encarecieron-insumos-para-preparar-los-mucbipollos\\\/\"},\"wordCount\":294,\"commentCount\":0,\"image\":{\"@id\":\"https:\\\/\\\/reporteroshoy.mx\\\/noticias\\\/ciclones-encarecieron-insumos-para-preparar-los-mucbipollos\\\/#primaryimage\"},\"thumbnailUrl\":\"https:\\\/\\\/reporteroshoy.mx\\\/noticias\\\/wp-content\\\/uploads\\\/2020\\\/10\\\/mucbipollo1.jpg\",\"keywords\":[\"Mucbipollos\",\"pibes\",\"Precios insumos\"],\"articleSection\":[\"Yucat\u00e1n\"],\"inLanguage\":\"es\",\"potentialAction\":[{\"@type\":\"CommentAction\",\"name\":\"Comment\",\"target\":[\"https:\\\/\\\/reporteroshoy.mx\\\/noticias\\\/ciclones-encarecieron-insumos-para-preparar-los-mucbipollos\\\/#respond\"]}]},{\"@type\":\"WebPage\",\"@id\":\"https:\\\/\\\/reporteroshoy.mx\\\/noticias\\\/ciclones-encarecieron-insumos-para-preparar-los-mucbipollos\\\/\",\"url\":\"https:\\\/\\\/reporteroshoy.mx\\\/noticias\\\/ciclones-encarecieron-insumos-para-preparar-los-mucbipollos\\\/\",\"name\":\"Ciclones encarecieron insumos para preparar los mucbipollos\",\"isPartOf\":{\"@id\":\"https:\\\/\\\/reporteroshoy.mx\\\/noticias\\\/#website\"},\"primaryImageOfPage\":{\"@id\":\"https:\\\/\\\/reporteroshoy.mx\\\/noticias\\\/ciclones-encarecieron-insumos-para-preparar-los-mucbipollos\\\/#primaryimage\"},\"image\":{\"@id\":\"https:\\\/\\\/reporteroshoy.mx\\\/noticias\\\/ciclones-encarecieron-insumos-para-preparar-los-mucbipollos\\\/#primaryimage\"},\"thumbnailUrl\":\"https:\\\/\\\/reporteroshoy.mx\\\/noticias\\\/wp-content\\\/uploads\\\/2020\\\/10\\\/mucbipollo1.jpg\",\"datePublished\":\"2020-11-01T01:00:23+00:00\",\"dateModified\":\"2020-11-02T04:09:58+00:00\",\"author\":{\"@id\":\"https:\\\/\\\/reporteroshoy.mx\\\/noticias\\\/#\\\/schema\\\/person\\\/948520f0d88b01be2e5266bc4acbbc15\"},\"description\":\"El tomate y la hoja del pl\u00e1tano variaron sus precios, por lo que elaborar este platillo costar\u00e1 entre 70 y 80 pesos m\u00e1s que el a\u00f1o pasado.\",\"breadcrumb\":{\"@id\":\"https:\\\/\\\/reporteroshoy.mx\\\/noticias\\\/ciclones-encarecieron-insumos-para-preparar-los-mucbipollos\\\/#breadcrumb\"},\"inLanguage\":\"es\",\"potentialAction\":[{\"@type\":\"ReadAction\",\"target\":[\"https:\\\/\\\/reporteroshoy.mx\\\/noticias\\\/ciclones-encarecieron-insumos-para-preparar-los-mucbipollos\\\/\"]}]},{\"@type\":\"ImageObject\",\"inLanguage\":\"es\",\"@id\":\"https:\\\/\\\/reporteroshoy.mx\\\/noticias\\\/ciclones-encarecieron-insumos-para-preparar-los-mucbipollos\\\/#primaryimage\",\"url\":\"https:\\\/\\\/reporteroshoy.mx\\\/noticias\\\/wp-content\\\/uploads\\\/2020\\\/10\\\/mucbipollo1.jpg\",\"contentUrl\":\"https:\\\/\\\/reporteroshoy.mx\\\/noticias\\\/wp-content\\\/uploads\\\/2020\\\/10\\\/mucbipollo1.jpg\",\"width\":768,\"height\":432},{\"@type\":\"BreadcrumbList\",\"@id\":\"https:\\\/\\\/reporteroshoy.mx\\\/noticias\\\/ciclones-encarecieron-insumos-para-preparar-los-mucbipollos\\\/#breadcrumb\",\"itemListElement\":[{\"@type\":\"ListItem\",\"position\":1,\"name\":\"Portada\",\"item\":\"https:\\\/\\\/reporteroshoy.mx\\\/noticias\\\/\"},{\"@type\":\"ListItem\",\"position\":2,\"name\":\"Ciclones encarecieron insumos para preparar los mucbipollos\"}]},{\"@type\":\"WebSite\",\"@id\":\"https:\\\/\\\/reporteroshoy.mx\\\/noticias\\\/#website\",\"url\":\"https:\\\/\\\/reporteroshoy.mx\\\/noticias\\\/\",\"name\":\"Reporteros Hoy | Noticias de Yucat\u00e1n\",\"description\":\"Peri\u00f3dico digital con noticias diarias desde M\u00e9rida, Yucat\u00e1n para el mundo.\",\"potentialAction\":[{\"@type\":\"SearchAction\",\"target\":{\"@type\":\"EntryPoint\",\"urlTemplate\":\"https:\\\/\\\/reporteroshoy.mx\\\/noticias\\\/?s={search_term_string}\"},\"query-input\":{\"@type\":\"PropertyValueSpecification\",\"valueRequired\":true,\"valueName\":\"search_term_string\"}}],\"inLanguage\":\"es\"},{\"@type\":\"Person\",\"@id\":\"https:\\\/\\\/reporteroshoy.mx\\\/noticias\\\/#\\\/schema\\\/person\\\/948520f0d88b01be2e5266bc4acbbc15\",\"name\":\"Reporteros Hoy IM\",\"image\":{\"@type\":\"ImageObject\",\"inLanguage\":\"es\",\"@id\":\"https:\\\/\\\/secure.gravatar.com\\\/avatar\\\/d843030b96552826ac048bdfe26f2895604b800ed0c880ee55765a74d95dfc65?s=96&d=mm&r=g\",\"url\":\"https:\\\/\\\/secure.gravatar.com\\\/avatar\\\/d843030b96552826ac048bdfe26f2895604b800ed0c880ee55765a74d95dfc65?s=96&d=mm&r=g\",\"contentUrl\":\"https:\\\/\\\/secure.gravatar.com\\\/avatar\\\/d843030b96552826ac048bdfe26f2895604b800ed0c880ee55765a74d95dfc65?s=96&d=mm&r=g\",\"caption\":\"Reporteros Hoy IM\"},\"url\":\"https:\\\/\\\/reporteroshoy.mx\\\/noticias\\\/author\\\/israel\\\/\"}]}<\/script>\n<!-- \/ Yoast SEO plugin. -->","yoast_head_json":{"title":"Ciclones encarecieron insumos para preparar los mucbipollos","description":"El tomate y la hoja del pl\u00e1tano variaron sus precios, por lo que elaborar este platillo costar\u00e1 entre 70 y 80 pesos m\u00e1s que el a\u00f1o pasado.","robots":{"index":"index","follow":"follow","max-snippet":"max-snippet:-1","max-image-preview":"max-image-preview:large","max-video-preview":"max-video-preview:-1"},"canonical":"https:\/\/reporteroshoy.mx\/noticias\/ciclones-encarecieron-insumos-para-preparar-los-mucbipollos\/","og_locale":"es_ES","og_type":"article","og_title":"Ciclones encarecieron insumos para preparar los mucbipollos","og_description":"El tomate y la hoja del pl\u00e1tano variaron sus precios, por lo que elaborar este platillo costar\u00e1 entre 70 y 80 pesos m\u00e1s que el a\u00f1o pasado.","og_url":"https:\/\/reporteroshoy.mx\/noticias\/ciclones-encarecieron-insumos-para-preparar-los-mucbipollos\/","og_site_name":"Reporteros Hoy | Noticias de Yucat\u00e1n","article_publisher":"http:\/\/www.facebook.com\/reporteroshoymx","article_published_time":"2020-11-01T01:00:23+00:00","article_modified_time":"2020-11-02T04:09:58+00:00","og_image":[{"width":768,"height":432,"url":"https:\/\/reporteroshoy.mx\/noticias\/wp-content\/uploads\/2020\/10\/mucbipollo1.jpg","type":"image\/jpeg"}],"author":"Reporteros Hoy IM","twitter_card":"summary_large_image","twitter_creator":"@reporteroshoy","twitter_site":"@reporteroshoy","twitter_misc":{"Escrito por":"Reporteros Hoy IM","Tiempo de lectura":"1 minuto"},"schema":{"@context":"https:\/\/schema.org","@graph":[{"@type":"Article","@id":"https:\/\/reporteroshoy.mx\/noticias\/ciclones-encarecieron-insumos-para-preparar-los-mucbipollos\/#article","isPartOf":{"@id":"https:\/\/reporteroshoy.mx\/noticias\/ciclones-encarecieron-insumos-para-preparar-los-mucbipollos\/"},"author":{"name":"Reporteros Hoy IM","@id":"https:\/\/reporteroshoy.mx\/noticias\/#\/schema\/person\/948520f0d88b01be2e5266bc4acbbc15"},"headline":"Ciclones encarecieron insumos para preparar los mucbipollos","datePublished":"2020-11-01T01:00:23+00:00","dateModified":"2020-11-02T04:09:58+00:00","mainEntityOfPage":{"@id":"https:\/\/reporteroshoy.mx\/noticias\/ciclones-encarecieron-insumos-para-preparar-los-mucbipollos\/"},"wordCount":294,"commentCount":0,"image":{"@id":"https:\/\/reporteroshoy.mx\/noticias\/ciclones-encarecieron-insumos-para-preparar-los-mucbipollos\/#primaryimage"},"thumbnailUrl":"https:\/\/reporteroshoy.mx\/noticias\/wp-content\/uploads\/2020\/10\/mucbipollo1.jpg","keywords":["Mucbipollos","pibes","Precios insumos"],"articleSection":["Yucat\u00e1n"],"inLanguage":"es","potentialAction":[{"@type":"CommentAction","name":"Comment","target":["https:\/\/reporteroshoy.mx\/noticias\/ciclones-encarecieron-insumos-para-preparar-los-mucbipollos\/#respond"]}]},{"@type":"WebPage","@id":"https:\/\/reporteroshoy.mx\/noticias\/ciclones-encarecieron-insumos-para-preparar-los-mucbipollos\/","url":"https:\/\/reporteroshoy.mx\/noticias\/ciclones-encarecieron-insumos-para-preparar-los-mucbipollos\/","name":"Ciclones encarecieron insumos para preparar los mucbipollos","isPartOf":{"@id":"https:\/\/reporteroshoy.mx\/noticias\/#website"},"primaryImageOfPage":{"@id":"https:\/\/reporteroshoy.mx\/noticias\/ciclones-encarecieron-insumos-para-preparar-los-mucbipollos\/#primaryimage"},"image":{"@id":"https:\/\/reporteroshoy.mx\/noticias\/ciclones-encarecieron-insumos-para-preparar-los-mucbipollos\/#primaryimage"},"thumbnailUrl":"https:\/\/reporteroshoy.mx\/noticias\/wp-content\/uploads\/2020\/10\/mucbipollo1.jpg","datePublished":"2020-11-01T01:00:23+00:00","dateModified":"2020-11-02T04:09:58+00:00","author":{"@id":"https:\/\/reporteroshoy.mx\/noticias\/#\/schema\/person\/948520f0d88b01be2e5266bc4acbbc15"},"description":"El tomate y la hoja del pl\u00e1tano variaron sus precios, por lo que elaborar este platillo costar\u00e1 entre 70 y 80 pesos m\u00e1s que el a\u00f1o pasado.","breadcrumb":{"@id":"https:\/\/reporteroshoy.mx\/noticias\/ciclones-encarecieron-insumos-para-preparar-los-mucbipollos\/#breadcrumb"},"inLanguage":"es","potentialAction":[{"@type":"ReadAction","target":["https:\/\/reporteroshoy.mx\/noticias\/ciclones-encarecieron-insumos-para-preparar-los-mucbipollos\/"]}]},{"@type":"ImageObject","inLanguage":"es","@id":"https:\/\/reporteroshoy.mx\/noticias\/ciclones-encarecieron-insumos-para-preparar-los-mucbipollos\/#primaryimage","url":"https:\/\/reporteroshoy.mx\/noticias\/wp-content\/uploads\/2020\/10\/mucbipollo1.jpg","contentUrl":"https:\/\/reporteroshoy.mx\/noticias\/wp-content\/uploads\/2020\/10\/mucbipollo1.jpg","width":768,"height":432},{"@type":"BreadcrumbList","@id":"https:\/\/reporteroshoy.mx\/noticias\/ciclones-encarecieron-insumos-para-preparar-los-mucbipollos\/#breadcrumb","itemListElement":[{"@type":"ListItem","position":1,"name":"Portada","item":"https:\/\/reporteroshoy.mx\/noticias\/"},{"@type":"ListItem","position":2,"name":"Ciclones encarecieron insumos para preparar los mucbipollos"}]},{"@type":"WebSite","@id":"https:\/\/reporteroshoy.mx\/noticias\/#website","url":"https:\/\/reporteroshoy.mx\/noticias\/","name":"Reporteros Hoy | Noticias de Yucat\u00e1n","description":"Peri\u00f3dico digital con noticias diarias desde M\u00e9rida, Yucat\u00e1n para el mundo.","potentialAction":[{"@type":"SearchAction","target":{"@type":"EntryPoint","urlTemplate":"https:\/\/reporteroshoy.mx\/noticias\/?s={search_term_string}"},"query-input":{"@type":"PropertyValueSpecification","valueRequired":true,"valueName":"search_term_string"}}],"inLanguage":"es"},{"@type":"Person","@id":"https:\/\/reporteroshoy.mx\/noticias\/#\/schema\/person\/948520f0d88b01be2e5266bc4acbbc15","name":"Reporteros Hoy IM","image":{"@type":"ImageObject","inLanguage":"es","@id":"https:\/\/secure.gravatar.com\/avatar\/d843030b96552826ac048bdfe26f2895604b800ed0c880ee55765a74d95dfc65?s=96&d=mm&r=g","url":"https:\/\/secure.gravatar.com\/avatar\/d843030b96552826ac048bdfe26f2895604b800ed0c880ee55765a74d95dfc65?s=96&d=mm&r=g","contentUrl":"https:\/\/secure.gravatar.com\/avatar\/d843030b96552826ac048bdfe26f2895604b800ed0c880ee55765a74d95dfc65?s=96&d=mm&r=g","caption":"Reporteros Hoy IM"},"url":"https:\/\/reporteroshoy.mx\/noticias\/author\/israel\/"}]}},"_links":{"self":[{"href":"https:\/\/reporteroshoy.mx\/noticias\/wp-json\/wp\/v2\/posts\/49664","targetHints":{"allow":["GET"]}}],"collection":[{"href":"https:\/\/reporteroshoy.mx\/noticias\/wp-json\/wp\/v2\/posts"}],"about":[{"href":"https:\/\/reporteroshoy.mx\/noticias\/wp-json\/wp\/v2\/types\/post"}],"author":[{"embeddable":true,"href":"https:\/\/reporteroshoy.mx\/noticias\/wp-json\/wp\/v2\/users\/5"}],"replies":[{"embeddable":true,"href":"https:\/\/reporteroshoy.mx\/noticias\/wp-json\/wp\/v2\/comments?post=49664"}],"version-history":[{"count":0,"href":"https:\/\/reporteroshoy.mx\/noticias\/wp-json\/wp\/v2\/posts\/49664\/revisions"}],"wp:featuredmedia":[{"embeddable":true,"href":"https:\/\/reporteroshoy.mx\/noticias\/wp-json\/wp\/v2\/media\/49665"}],"wp:attachment":[{"href":"https:\/\/reporteroshoy.mx\/noticias\/wp-json\/wp\/v2\/media?parent=49664"}],"wp:term":[{"taxonomy":"category","embeddable":true,"href":"https:\/\/reporteroshoy.mx\/noticias\/wp-json\/wp\/v2\/categories?post=49664"},{"taxonomy":"post_tag","embeddable":true,"href":"https:\/\/reporteroshoy.mx\/noticias\/wp-json\/wp\/v2\/tags?post=49664"}],"curies":[{"name":"wp","href":"https:\/\/api.w.org\/{rel}","templated":true}]}}