{"id":49807,"date":"2020-11-03T15:00:53","date_gmt":"2020-11-03T21:00:53","guid":{"rendered":"https:\/\/reporteroshoy.mx\/noticias\/?p=49807"},"modified":"2020-11-04T15:57:45","modified_gmt":"2020-11-04T21:57:45","slug":"fallece-el-director-de-policia-de-tixmehuac","status":"publish","type":"post","link":"https:\/\/reporteroshoy.mx\/noticias\/fallece-el-director-de-policia-de-tixmehuac\/","title":{"rendered":"Fallece el director de polic\u00eda de Tixm\u00e9huac"},"content":{"rendered":"<p style=\"text-align: justify;\"><span style=\"color: #000000;\">Tixm\u00e9huac, Yucat\u00e1n; 3 de noviembre de 2020 (ACOM).- A trav\u00e9s de sus redes sociales, el Ayuntamiento de Tixmh\u00e9uac dio a conocer el fallecimiento de Ra\u00fal Uluac Sosa, director de la polic\u00eda municipal.<\/span><\/p>\n<p style=\"text-align: justify;\"><span style=\"color: #000000;\">\u00abNuestras m\u00e1s sinceras condolencias por el sensible fallecimiento del director de nuestro cuerpo polic\u00edaco. Que Dios lo tenga en su santa gloria\u00bb, public\u00f3 la p\u00e1gina la Comuna en su cuenta de Facebook.<\/span><\/p>\n<p><img loading=\"lazy\" decoding=\"async\" class=\"wp-image-49808 aligncenter\" src=\"https:\/\/reporteroshoy.mx\/noticias\/wp-content\/uploads\/2020\/11\/Tix.muerto3.jpg\" alt=\"\" width=\"633\" height=\"369\" \/><\/p>\n<p style=\"text-align: justify;\"><span style=\"color: #000000;\">Acompa\u00f1ado de una esquela, las autoridades locales enviaron condolencias a la familia del jefe policiaco, deseando pronta resignaci\u00f3n por el sensible fallecimiento.<\/span><\/p>\n<p style=\"text-align: justify;\"><span style=\"color: #000000;\">Aunque las autoridades no precisaron las razones del deceso, solamente se averigu\u00f3 que ocurri\u00f3 este martes por la ma\u00f1ana. Descanse en paz, comandante Ra\u00fal Uluac.<\/span><\/p>\n","protected":false},"excerpt":{"rendered":"<p>El Ayuntamiento dio a conocer la triste noticia a trav\u00e9s de redes sociales, sin que se precisaran las causas del deceso. <\/p>\n","protected":false},"author":6,"featured_media":49808,"comment_status":"open","ping_status":"closed","sticky":false,"template":"","format":"standard","meta":{"footnotes":""},"categories":[11],"tags":[14742,1355,128],"class_list":["post-49807","post","type-post","status-publish","format-standard","has-post-thumbnail","hentry","category-municipios-de-yucatan","tag-policia-de-tixmehuac","tag-tixmehuac","tag-yucatan-sur"],"yoast_head":"<!-- This site is optimized with the Yoast SEO plugin v28.4 - https:\/\/yoast.com\/product\/yoast-seo-wordpress\/ -->\n<title>Fallece el director de polic\u00eda de Tixm\u00e9huac<\/title>\n<meta name=\"description\" content=\"El Ayuntamiento dio a conocer la triste noticia a trav\u00e9s de redes sociales, sin que se precisaran las causas del deceso.\" \/>\n<meta name=\"robots\" content=\"index, follow, max-snippet:-1, max-image-preview:large, max-video-preview:-1\" \/>\n<link rel=\"canonical\" href=\"https:\/\/reporteroshoy.mx\/noticias\/fallece-el-director-de-policia-de-tixmehuac\/\" \/>\n<meta property=\"og:locale\" content=\"es_ES\" \/>\n<meta property=\"og:type\" content=\"article\" \/>\n<meta property=\"og:title\" content=\"Fallece el director de polic\u00eda de Tixm\u00e9huac\" \/>\n<meta property=\"og:description\" content=\"El Ayuntamiento dio a conocer la triste noticia a trav\u00e9s de redes sociales, sin que se precisaran las causas del deceso.\" \/>\n<meta property=\"og:url\" content=\"https:\/\/reporteroshoy.mx\/noticias\/fallece-el-director-de-policia-de-tixmehuac\/\" \/>\n<meta property=\"og:site_name\" content=\"Reporteros Hoy | Noticias de Yucat\u00e1n\" \/>\n<meta property=\"article:publisher\" content=\"http:\/\/www.facebook.com\/reporteroshoymx\" \/>\n<meta property=\"article:published_time\" content=\"2020-11-03T21:00:53+00:00\" \/>\n<meta property=\"article:modified_time\" content=\"2020-11-04T21:57:45+00:00\" \/>\n<meta property=\"og:image\" content=\"https:\/\/reporteroshoy.mx\/noticias\/wp-content\/uploads\/2020\/11\/Tix.muerto3.jpg\" \/>\n\t<meta property=\"og:image:width\" content=\"768\" \/>\n\t<meta property=\"og:image:height\" content=\"447\" \/>\n\t<meta property=\"og:image:type\" content=\"image\/jpeg\" \/>\n<meta name=\"author\" content=\"Reporteros Hoy GS\" \/>\n<meta name=\"twitter:card\" content=\"summary_large_image\" \/>\n<meta name=\"twitter:creator\" content=\"@reporteroshoy\" \/>\n<meta name=\"twitter:site\" content=\"@reporteroshoy\" \/>\n<meta name=\"twitter:label1\" content=\"Escrito por\" \/>\n\t<meta name=\"twitter:data1\" content=\"Reporteros Hoy GS\" \/>\n\t<meta name=\"twitter:label2\" content=\"Tiempo de lectura\" \/>\n\t<meta name=\"twitter:data2\" content=\"1 minuto\" \/>\n<script type=\"application\/ld+json\" class=\"yoast-schema-graph\">{\"@context\":\"https:\\\/\\\/schema.org\",\"@graph\":[{\"@type\":\"Article\",\"@id\":\"https:\\\/\\\/reporteroshoy.mx\\\/noticias\\\/fallece-el-director-de-policia-de-tixmehuac\\\/#article\",\"isPartOf\":{\"@id\":\"https:\\\/\\\/reporteroshoy.mx\\\/noticias\\\/fallece-el-director-de-policia-de-tixmehuac\\\/\"},\"author\":{\"name\":\"Reporteros Hoy GS\",\"@id\":\"https:\\\/\\\/reporteroshoy.mx\\\/noticias\\\/#\\\/schema\\\/person\\\/49ae631fc906b44554e4ba3866c505d7\"},\"headline\":\"Fallece el director de polic\u00eda de Tixm\u00e9huac\",\"datePublished\":\"2020-11-03T21:00:53+00:00\",\"dateModified\":\"2020-11-04T21:57:45+00:00\",\"mainEntityOfPage\":{\"@id\":\"https:\\\/\\\/reporteroshoy.mx\\\/noticias\\\/fallece-el-director-de-policia-de-tixmehuac\\\/\"},\"wordCount\":132,\"commentCount\":0,\"image\":{\"@id\":\"https:\\\/\\\/reporteroshoy.mx\\\/noticias\\\/fallece-el-director-de-policia-de-tixmehuac\\\/#primaryimage\"},\"thumbnailUrl\":\"https:\\\/\\\/reporteroshoy.mx\\\/noticias\\\/wp-content\\\/uploads\\\/2020\\\/11\\\/Tix.muerto3.jpg\",\"keywords\":[\"polic\u00eda de Tixm\u00e9huac\",\"Tixm\u00e9huac\",\"Yucat\u00e1n Sur\"],\"articleSection\":[\"Municipios\"],\"inLanguage\":\"es\",\"potentialAction\":[{\"@type\":\"CommentAction\",\"name\":\"Comment\",\"target\":[\"https:\\\/\\\/reporteroshoy.mx\\\/noticias\\\/fallece-el-director-de-policia-de-tixmehuac\\\/#respond\"]}]},{\"@type\":\"WebPage\",\"@id\":\"https:\\\/\\\/reporteroshoy.mx\\\/noticias\\\/fallece-el-director-de-policia-de-tixmehuac\\\/\",\"url\":\"https:\\\/\\\/reporteroshoy.mx\\\/noticias\\\/fallece-el-director-de-policia-de-tixmehuac\\\/\",\"name\":\"Fallece el director de polic\u00eda de Tixm\u00e9huac\",\"isPartOf\":{\"@id\":\"https:\\\/\\\/reporteroshoy.mx\\\/noticias\\\/#website\"},\"primaryImageOfPage\":{\"@id\":\"https:\\\/\\\/reporteroshoy.mx\\\/noticias\\\/fallece-el-director-de-policia-de-tixmehuac\\\/#primaryimage\"},\"image\":{\"@id\":\"https:\\\/\\\/reporteroshoy.mx\\\/noticias\\\/fallece-el-director-de-policia-de-tixmehuac\\\/#primaryimage\"},\"thumbnailUrl\":\"https:\\\/\\\/reporteroshoy.mx\\\/noticias\\\/wp-content\\\/uploads\\\/2020\\\/11\\\/Tix.muerto3.jpg\",\"datePublished\":\"2020-11-03T21:00:53+00:00\",\"dateModified\":\"2020-11-04T21:57:45+00:00\",\"author\":{\"@id\":\"https:\\\/\\\/reporteroshoy.mx\\\/noticias\\\/#\\\/schema\\\/person\\\/49ae631fc906b44554e4ba3866c505d7\"},\"description\":\"El Ayuntamiento dio a conocer la triste noticia a trav\u00e9s de redes sociales, sin que se precisaran las causas del deceso.\",\"breadcrumb\":{\"@id\":\"https:\\\/\\\/reporteroshoy.mx\\\/noticias\\\/fallece-el-director-de-policia-de-tixmehuac\\\/#breadcrumb\"},\"inLanguage\":\"es\",\"potentialAction\":[{\"@type\":\"ReadAction\",\"target\":[\"https:\\\/\\\/reporteroshoy.mx\\\/noticias\\\/fallece-el-director-de-policia-de-tixmehuac\\\/\"]}]},{\"@type\":\"ImageObject\",\"inLanguage\":\"es\",\"@id\":\"https:\\\/\\\/reporteroshoy.mx\\\/noticias\\\/fallece-el-director-de-policia-de-tixmehuac\\\/#primaryimage\",\"url\":\"https:\\\/\\\/reporteroshoy.mx\\\/noticias\\\/wp-content\\\/uploads\\\/2020\\\/11\\\/Tix.muerto3.jpg\",\"contentUrl\":\"https:\\\/\\\/reporteroshoy.mx\\\/noticias\\\/wp-content\\\/uploads\\\/2020\\\/11\\\/Tix.muerto3.jpg\",\"width\":768,\"height\":447},{\"@type\":\"BreadcrumbList\",\"@id\":\"https:\\\/\\\/reporteroshoy.mx\\\/noticias\\\/fallece-el-director-de-policia-de-tixmehuac\\\/#breadcrumb\",\"itemListElement\":[{\"@type\":\"ListItem\",\"position\":1,\"name\":\"Portada\",\"item\":\"https:\\\/\\\/reporteroshoy.mx\\\/noticias\\\/\"},{\"@type\":\"ListItem\",\"position\":2,\"name\":\"Fallece el director de polic\u00eda de Tixm\u00e9huac\"}]},{\"@type\":\"WebSite\",\"@id\":\"https:\\\/\\\/reporteroshoy.mx\\\/noticias\\\/#website\",\"url\":\"https:\\\/\\\/reporteroshoy.mx\\\/noticias\\\/\",\"name\":\"Reporteros Hoy | Noticias de Yucat\u00e1n\",\"description\":\"Peri\u00f3dico digital con noticias diarias desde M\u00e9rida, Yucat\u00e1n para el mundo.\",\"potentialAction\":[{\"@type\":\"SearchAction\",\"target\":{\"@type\":\"EntryPoint\",\"urlTemplate\":\"https:\\\/\\\/reporteroshoy.mx\\\/noticias\\\/?s={search_term_string}\"},\"query-input\":{\"@type\":\"PropertyValueSpecification\",\"valueRequired\":true,\"valueName\":\"search_term_string\"}}],\"inLanguage\":\"es\"},{\"@type\":\"Person\",\"@id\":\"https:\\\/\\\/reporteroshoy.mx\\\/noticias\\\/#\\\/schema\\\/person\\\/49ae631fc906b44554e4ba3866c505d7\",\"name\":\"Reporteros Hoy GS\",\"image\":{\"@type\":\"ImageObject\",\"inLanguage\":\"es\",\"@id\":\"https:\\\/\\\/secure.gravatar.com\\\/avatar\\\/00d32adb620345c3db2cfc175917f65c584e1e338fdc49ad126aa1f9830eb6a9?s=96&d=mm&r=g\",\"url\":\"https:\\\/\\\/secure.gravatar.com\\\/avatar\\\/00d32adb620345c3db2cfc175917f65c584e1e338fdc49ad126aa1f9830eb6a9?s=96&d=mm&r=g\",\"contentUrl\":\"https:\\\/\\\/secure.gravatar.com\\\/avatar\\\/00d32adb620345c3db2cfc175917f65c584e1e338fdc49ad126aa1f9830eb6a9?s=96&d=mm&r=g\",\"caption\":\"Reporteros Hoy GS\"},\"url\":\"https:\\\/\\\/reporteroshoy.mx\\\/noticias\\\/author\\\/lupis\\\/\"}]}<\/script>\n<!-- \/ Yoast SEO plugin. -->","yoast_head_json":{"title":"Fallece el director de polic\u00eda de Tixm\u00e9huac","description":"El Ayuntamiento dio a conocer la triste noticia a trav\u00e9s de redes sociales, sin que se precisaran las causas del deceso.","robots":{"index":"index","follow":"follow","max-snippet":"max-snippet:-1","max-image-preview":"max-image-preview:large","max-video-preview":"max-video-preview:-1"},"canonical":"https:\/\/reporteroshoy.mx\/noticias\/fallece-el-director-de-policia-de-tixmehuac\/","og_locale":"es_ES","og_type":"article","og_title":"Fallece el director de polic\u00eda de Tixm\u00e9huac","og_description":"El Ayuntamiento dio a conocer la triste noticia a trav\u00e9s de redes sociales, sin que se precisaran las causas del deceso.","og_url":"https:\/\/reporteroshoy.mx\/noticias\/fallece-el-director-de-policia-de-tixmehuac\/","og_site_name":"Reporteros Hoy | Noticias de Yucat\u00e1n","article_publisher":"http:\/\/www.facebook.com\/reporteroshoymx","article_published_time":"2020-11-03T21:00:53+00:00","article_modified_time":"2020-11-04T21:57:45+00:00","og_image":[{"width":768,"height":447,"url":"https:\/\/reporteroshoy.mx\/noticias\/wp-content\/uploads\/2020\/11\/Tix.muerto3.jpg","type":"image\/jpeg"}],"author":"Reporteros Hoy GS","twitter_card":"summary_large_image","twitter_creator":"@reporteroshoy","twitter_site":"@reporteroshoy","twitter_misc":{"Escrito por":"Reporteros Hoy GS","Tiempo de lectura":"1 minuto"},"schema":{"@context":"https:\/\/schema.org","@graph":[{"@type":"Article","@id":"https:\/\/reporteroshoy.mx\/noticias\/fallece-el-director-de-policia-de-tixmehuac\/#article","isPartOf":{"@id":"https:\/\/reporteroshoy.mx\/noticias\/fallece-el-director-de-policia-de-tixmehuac\/"},"author":{"name":"Reporteros Hoy GS","@id":"https:\/\/reporteroshoy.mx\/noticias\/#\/schema\/person\/49ae631fc906b44554e4ba3866c505d7"},"headline":"Fallece el director de polic\u00eda de Tixm\u00e9huac","datePublished":"2020-11-03T21:00:53+00:00","dateModified":"2020-11-04T21:57:45+00:00","mainEntityOfPage":{"@id":"https:\/\/reporteroshoy.mx\/noticias\/fallece-el-director-de-policia-de-tixmehuac\/"},"wordCount":132,"commentCount":0,"image":{"@id":"https:\/\/reporteroshoy.mx\/noticias\/fallece-el-director-de-policia-de-tixmehuac\/#primaryimage"},"thumbnailUrl":"https:\/\/reporteroshoy.mx\/noticias\/wp-content\/uploads\/2020\/11\/Tix.muerto3.jpg","keywords":["polic\u00eda de Tixm\u00e9huac","Tixm\u00e9huac","Yucat\u00e1n Sur"],"articleSection":["Municipios"],"inLanguage":"es","potentialAction":[{"@type":"CommentAction","name":"Comment","target":["https:\/\/reporteroshoy.mx\/noticias\/fallece-el-director-de-policia-de-tixmehuac\/#respond"]}]},{"@type":"WebPage","@id":"https:\/\/reporteroshoy.mx\/noticias\/fallece-el-director-de-policia-de-tixmehuac\/","url":"https:\/\/reporteroshoy.mx\/noticias\/fallece-el-director-de-policia-de-tixmehuac\/","name":"Fallece el director de polic\u00eda de Tixm\u00e9huac","isPartOf":{"@id":"https:\/\/reporteroshoy.mx\/noticias\/#website"},"primaryImageOfPage":{"@id":"https:\/\/reporteroshoy.mx\/noticias\/fallece-el-director-de-policia-de-tixmehuac\/#primaryimage"},"image":{"@id":"https:\/\/reporteroshoy.mx\/noticias\/fallece-el-director-de-policia-de-tixmehuac\/#primaryimage"},"thumbnailUrl":"https:\/\/reporteroshoy.mx\/noticias\/wp-content\/uploads\/2020\/11\/Tix.muerto3.jpg","datePublished":"2020-11-03T21:00:53+00:00","dateModified":"2020-11-04T21:57:45+00:00","author":{"@id":"https:\/\/reporteroshoy.mx\/noticias\/#\/schema\/person\/49ae631fc906b44554e4ba3866c505d7"},"description":"El Ayuntamiento dio a conocer la triste noticia a trav\u00e9s de redes sociales, sin que se precisaran las causas del deceso.","breadcrumb":{"@id":"https:\/\/reporteroshoy.mx\/noticias\/fallece-el-director-de-policia-de-tixmehuac\/#breadcrumb"},"inLanguage":"es","potentialAction":[{"@type":"ReadAction","target":["https:\/\/reporteroshoy.mx\/noticias\/fallece-el-director-de-policia-de-tixmehuac\/"]}]},{"@type":"ImageObject","inLanguage":"es","@id":"https:\/\/reporteroshoy.mx\/noticias\/fallece-el-director-de-policia-de-tixmehuac\/#primaryimage","url":"https:\/\/reporteroshoy.mx\/noticias\/wp-content\/uploads\/2020\/11\/Tix.muerto3.jpg","contentUrl":"https:\/\/reporteroshoy.mx\/noticias\/wp-content\/uploads\/2020\/11\/Tix.muerto3.jpg","width":768,"height":447},{"@type":"BreadcrumbList","@id":"https:\/\/reporteroshoy.mx\/noticias\/fallece-el-director-de-policia-de-tixmehuac\/#breadcrumb","itemListElement":[{"@type":"ListItem","position":1,"name":"Portada","item":"https:\/\/reporteroshoy.mx\/noticias\/"},{"@type":"ListItem","position":2,"name":"Fallece el director de polic\u00eda de Tixm\u00e9huac"}]},{"@type":"WebSite","@id":"https:\/\/reporteroshoy.mx\/noticias\/#website","url":"https:\/\/reporteroshoy.mx\/noticias\/","name":"Reporteros Hoy | Noticias de Yucat\u00e1n","description":"Peri\u00f3dico digital con noticias diarias desde M\u00e9rida, Yucat\u00e1n para el mundo.","potentialAction":[{"@type":"SearchAction","target":{"@type":"EntryPoint","urlTemplate":"https:\/\/reporteroshoy.mx\/noticias\/?s={search_term_string}"},"query-input":{"@type":"PropertyValueSpecification","valueRequired":true,"valueName":"search_term_string"}}],"inLanguage":"es"},{"@type":"Person","@id":"https:\/\/reporteroshoy.mx\/noticias\/#\/schema\/person\/49ae631fc906b44554e4ba3866c505d7","name":"Reporteros Hoy GS","image":{"@type":"ImageObject","inLanguage":"es","@id":"https:\/\/secure.gravatar.com\/avatar\/00d32adb620345c3db2cfc175917f65c584e1e338fdc49ad126aa1f9830eb6a9?s=96&d=mm&r=g","url":"https:\/\/secure.gravatar.com\/avatar\/00d32adb620345c3db2cfc175917f65c584e1e338fdc49ad126aa1f9830eb6a9?s=96&d=mm&r=g","contentUrl":"https:\/\/secure.gravatar.com\/avatar\/00d32adb620345c3db2cfc175917f65c584e1e338fdc49ad126aa1f9830eb6a9?s=96&d=mm&r=g","caption":"Reporteros Hoy GS"},"url":"https:\/\/reporteroshoy.mx\/noticias\/author\/lupis\/"}]}},"_links":{"self":[{"href":"https:\/\/reporteroshoy.mx\/noticias\/wp-json\/wp\/v2\/posts\/49807","targetHints":{"allow":["GET"]}}],"collection":[{"href":"https:\/\/reporteroshoy.mx\/noticias\/wp-json\/wp\/v2\/posts"}],"about":[{"href":"https:\/\/reporteroshoy.mx\/noticias\/wp-json\/wp\/v2\/types\/post"}],"author":[{"embeddable":true,"href":"https:\/\/reporteroshoy.mx\/noticias\/wp-json\/wp\/v2\/users\/6"}],"replies":[{"embeddable":true,"href":"https:\/\/reporteroshoy.mx\/noticias\/wp-json\/wp\/v2\/comments?post=49807"}],"version-history":[{"count":0,"href":"https:\/\/reporteroshoy.mx\/noticias\/wp-json\/wp\/v2\/posts\/49807\/revisions"}],"wp:featuredmedia":[{"embeddable":true,"href":"https:\/\/reporteroshoy.mx\/noticias\/wp-json\/wp\/v2\/media\/49808"}],"wp:attachment":[{"href":"https:\/\/reporteroshoy.mx\/noticias\/wp-json\/wp\/v2\/media?parent=49807"}],"wp:term":[{"taxonomy":"category","embeddable":true,"href":"https:\/\/reporteroshoy.mx\/noticias\/wp-json\/wp\/v2\/categories?post=49807"},{"taxonomy":"post_tag","embeddable":true,"href":"https:\/\/reporteroshoy.mx\/noticias\/wp-json\/wp\/v2\/tags?post=49807"}],"curies":[{"name":"wp","href":"https:\/\/api.w.org\/{rel}","templated":true}]}}