{"id":50081,"date":"2020-11-07T13:00:00","date_gmt":"2020-11-07T19:00:00","guid":{"rendered":"https:\/\/reporteroshoy.mx\/noticias\/?p=50081"},"modified":"2020-11-09T15:07:38","modified_gmt":"2020-11-09T21:07:38","slug":"detienen-a-hotdogero-de-ciudad-caucel-por-secuestro-en-veracruz","status":"publish","type":"post","link":"https:\/\/reporteroshoy.mx\/noticias\/detienen-a-hotdogero-de-ciudad-caucel-por-secuestro-en-veracruz\/","title":{"rendered":"Detienen a hotdogero de Ciudad Caucel por secuestro en Veracruz"},"content":{"rendered":"<p style=\"text-align: justify;\"><span style=\"color: #000000;\">M\u00e9rida, Yucat\u00e1n; 7 de noviembre de 2020.- Luego de siete a\u00f1os de evadir la acci\u00f3n de la justicia del estado de Veracruz, por el delito de secuestro agravado, ayer viernes fue detenido en M\u00e9rida Aurelio I. C., de 55 a\u00f1os de edad, por elementos de la Secretar\u00eda de Seguridad P\u00fablica (SSP) adscritos a la Polic\u00eda Estatal de Investigaci\u00f3n (PEI), en conjunto con agentes de aquella entidad.<\/span><\/p>\n<p style=\"text-align: justify;\"><span style=\"color: #000000;\">Con la captura del sujeto se dio cumplimiento a una orden de aprehensi\u00f3n obsequiada por un juez de Veracruz, entidad en donde el imputado habr\u00eda privado de la libertad a un individuo cuyo paradero todav\u00eda se desconoce.<\/span><\/p>\n<p style=\"text-align: justify;\"><span style=\"color: #000000;\">La detenci\u00f3n tuvo lugar Ciudad Caucel, a las puertas de un predio en donde el imputado vend\u00eda \u201chot-dogs\u201d.<\/span><\/p>\n<p style=\"text-align: justify;\"><span style=\"color: #000000;\"><img loading=\"lazy\" decoding=\"async\" class=\" wp-image-50082 aligncenter\" src=\"https:\/\/reporteroshoy.mx\/noticias\/wp-content\/uploads\/2020\/11\/IMG-20201107-WA0044-scaled.jpg\" alt=\"\" width=\"618\" height=\"348\" \/>Los agentes investigadores de Yucat\u00e1n entregaron al sujeto a sus hom\u00f3logos veracruzanos y ayer mismo lo trasladaron a ese estado.<\/span><\/p>\n","protected":false},"excerpt":{"rendered":"<p>Ricos hotdogs vemos, delitos no sabemos. Fue detenido ayer por la SSP y de inmediato a disposici\u00f3n de sus hom\u00f3logos veracruzanos.<\/p>\n","protected":false},"author":6,"featured_media":50082,"comment_status":"open","ping_status":"closed","sticky":false,"template":"","format":"standard","meta":{"footnotes":""},"categories":[14],"tags":[66,2107,14807,3117],"class_list":["post-50081","post","type-post","status-publish","format-standard","has-post-thumbnail","hentry","category-policia","tag-ciudad-caucel","tag-detenido","tag-policia-de-yucatan","tag-secuestro"],"yoast_head":"<!-- This site is optimized with the Yoast SEO plugin v28.3 - https:\/\/yoast.com\/product\/yoast-seo-wordpress\/ -->\n<title>Detienen a hotdogero de Ciudad Caucel por secuestro en Veracruz<\/title>\n<meta name=\"description\" content=\"Ricos hotdogs vemos, delitos no sabemos. Fue detenido ayer por la SSP y de inmediato a disposici\u00f3n de sus hom\u00f3logos veracruzanos.\" \/>\n<meta name=\"robots\" content=\"index, follow, max-snippet:-1, max-image-preview:large, max-video-preview:-1\" \/>\n<link rel=\"canonical\" href=\"https:\/\/reporteroshoy.mx\/noticias\/detienen-a-hotdogero-de-ciudad-caucel-por-secuestro-en-veracruz\/\" \/>\n<meta property=\"og:locale\" content=\"es_ES\" \/>\n<meta property=\"og:type\" content=\"article\" \/>\n<meta property=\"og:title\" content=\"Detienen a hotdogero de Ciudad Caucel por secuestro en Veracruz\" \/>\n<meta property=\"og:description\" content=\"Ricos hotdogs vemos, delitos no sabemos. Fue detenido ayer por la SSP y de inmediato a disposici\u00f3n de sus hom\u00f3logos veracruzanos.\" \/>\n<meta property=\"og:url\" content=\"https:\/\/reporteroshoy.mx\/noticias\/detienen-a-hotdogero-de-ciudad-caucel-por-secuestro-en-veracruz\/\" \/>\n<meta property=\"og:site_name\" content=\"Reporteros Hoy | Noticias de Yucat\u00e1n\" \/>\n<meta property=\"article:publisher\" content=\"http:\/\/www.facebook.com\/reporteroshoymx\" \/>\n<meta property=\"article:published_time\" content=\"2020-11-07T19:00:00+00:00\" \/>\n<meta property=\"article:modified_time\" content=\"2020-11-09T21:07:38+00:00\" \/>\n<meta property=\"og:image\" content=\"https:\/\/reporteroshoy.mx\/noticias\/wp-content\/uploads\/2020\/11\/IMG-20201107-WA0044-scaled.jpg\" \/>\n\t<meta property=\"og:image:width\" content=\"768\" \/>\n\t<meta property=\"og:image:height\" content=\"432\" \/>\n\t<meta property=\"og:image:type\" content=\"image\/jpeg\" \/>\n<meta name=\"author\" content=\"Reporteros Hoy GS\" \/>\n<meta name=\"twitter:card\" content=\"summary_large_image\" \/>\n<meta name=\"twitter:creator\" content=\"@reporteroshoy\" \/>\n<meta name=\"twitter:site\" content=\"@reporteroshoy\" \/>\n<meta name=\"twitter:label1\" content=\"Escrito por\" \/>\n\t<meta name=\"twitter:data1\" content=\"Reporteros Hoy GS\" \/>\n\t<meta name=\"twitter:label2\" content=\"Tiempo de lectura\" \/>\n\t<meta name=\"twitter:data2\" content=\"1 minuto\" \/>\n<script type=\"application\/ld+json\" class=\"yoast-schema-graph\">{\"@context\":\"https:\\\/\\\/schema.org\",\"@graph\":[{\"@type\":\"Article\",\"@id\":\"https:\\\/\\\/reporteroshoy.mx\\\/noticias\\\/detienen-a-hotdogero-de-ciudad-caucel-por-secuestro-en-veracruz\\\/#article\",\"isPartOf\":{\"@id\":\"https:\\\/\\\/reporteroshoy.mx\\\/noticias\\\/detienen-a-hotdogero-de-ciudad-caucel-por-secuestro-en-veracruz\\\/\"},\"author\":{\"name\":\"Reporteros Hoy GS\",\"@id\":\"https:\\\/\\\/reporteroshoy.mx\\\/noticias\\\/#\\\/schema\\\/person\\\/49ae631fc906b44554e4ba3866c505d7\"},\"headline\":\"Detienen a hotdogero de Ciudad Caucel por secuestro en Veracruz\",\"datePublished\":\"2020-11-07T19:00:00+00:00\",\"dateModified\":\"2020-11-09T21:07:38+00:00\",\"mainEntityOfPage\":{\"@id\":\"https:\\\/\\\/reporteroshoy.mx\\\/noticias\\\/detienen-a-hotdogero-de-ciudad-caucel-por-secuestro-en-veracruz\\\/\"},\"wordCount\":166,\"commentCount\":0,\"image\":{\"@id\":\"https:\\\/\\\/reporteroshoy.mx\\\/noticias\\\/detienen-a-hotdogero-de-ciudad-caucel-por-secuestro-en-veracruz\\\/#primaryimage\"},\"thumbnailUrl\":\"https:\\\/\\\/reporteroshoy.mx\\\/noticias\\\/wp-content\\\/uploads\\\/2020\\\/11\\\/IMG-20201107-WA0044-scaled.jpg\",\"keywords\":[\"Ciudad caucel\",\"detenido\",\"Policia de Yucat\u00e1n\",\"Secuestro\"],\"articleSection\":[\"Polic\u00eda\"],\"inLanguage\":\"es\",\"potentialAction\":[{\"@type\":\"CommentAction\",\"name\":\"Comment\",\"target\":[\"https:\\\/\\\/reporteroshoy.mx\\\/noticias\\\/detienen-a-hotdogero-de-ciudad-caucel-por-secuestro-en-veracruz\\\/#respond\"]}]},{\"@type\":\"WebPage\",\"@id\":\"https:\\\/\\\/reporteroshoy.mx\\\/noticias\\\/detienen-a-hotdogero-de-ciudad-caucel-por-secuestro-en-veracruz\\\/\",\"url\":\"https:\\\/\\\/reporteroshoy.mx\\\/noticias\\\/detienen-a-hotdogero-de-ciudad-caucel-por-secuestro-en-veracruz\\\/\",\"name\":\"Detienen a hotdogero de Ciudad Caucel por secuestro en Veracruz\",\"isPartOf\":{\"@id\":\"https:\\\/\\\/reporteroshoy.mx\\\/noticias\\\/#website\"},\"primaryImageOfPage\":{\"@id\":\"https:\\\/\\\/reporteroshoy.mx\\\/noticias\\\/detienen-a-hotdogero-de-ciudad-caucel-por-secuestro-en-veracruz\\\/#primaryimage\"},\"image\":{\"@id\":\"https:\\\/\\\/reporteroshoy.mx\\\/noticias\\\/detienen-a-hotdogero-de-ciudad-caucel-por-secuestro-en-veracruz\\\/#primaryimage\"},\"thumbnailUrl\":\"https:\\\/\\\/reporteroshoy.mx\\\/noticias\\\/wp-content\\\/uploads\\\/2020\\\/11\\\/IMG-20201107-WA0044-scaled.jpg\",\"datePublished\":\"2020-11-07T19:00:00+00:00\",\"dateModified\":\"2020-11-09T21:07:38+00:00\",\"author\":{\"@id\":\"https:\\\/\\\/reporteroshoy.mx\\\/noticias\\\/#\\\/schema\\\/person\\\/49ae631fc906b44554e4ba3866c505d7\"},\"description\":\"Ricos hotdogs vemos, delitos no sabemos. Fue detenido ayer por la SSP y de inmediato a disposici\u00f3n de sus hom\u00f3logos veracruzanos.\",\"breadcrumb\":{\"@id\":\"https:\\\/\\\/reporteroshoy.mx\\\/noticias\\\/detienen-a-hotdogero-de-ciudad-caucel-por-secuestro-en-veracruz\\\/#breadcrumb\"},\"inLanguage\":\"es\",\"potentialAction\":[{\"@type\":\"ReadAction\",\"target\":[\"https:\\\/\\\/reporteroshoy.mx\\\/noticias\\\/detienen-a-hotdogero-de-ciudad-caucel-por-secuestro-en-veracruz\\\/\"]}]},{\"@type\":\"ImageObject\",\"inLanguage\":\"es\",\"@id\":\"https:\\\/\\\/reporteroshoy.mx\\\/noticias\\\/detienen-a-hotdogero-de-ciudad-caucel-por-secuestro-en-veracruz\\\/#primaryimage\",\"url\":\"https:\\\/\\\/reporteroshoy.mx\\\/noticias\\\/wp-content\\\/uploads\\\/2020\\\/11\\\/IMG-20201107-WA0044-scaled.jpg\",\"contentUrl\":\"https:\\\/\\\/reporteroshoy.mx\\\/noticias\\\/wp-content\\\/uploads\\\/2020\\\/11\\\/IMG-20201107-WA0044-scaled.jpg\",\"width\":768,\"height\":432},{\"@type\":\"BreadcrumbList\",\"@id\":\"https:\\\/\\\/reporteroshoy.mx\\\/noticias\\\/detienen-a-hotdogero-de-ciudad-caucel-por-secuestro-en-veracruz\\\/#breadcrumb\",\"itemListElement\":[{\"@type\":\"ListItem\",\"position\":1,\"name\":\"Portada\",\"item\":\"https:\\\/\\\/reporteroshoy.mx\\\/noticias\\\/\"},{\"@type\":\"ListItem\",\"position\":2,\"name\":\"Detienen a hotdogero de Ciudad Caucel por secuestro en Veracruz\"}]},{\"@type\":\"WebSite\",\"@id\":\"https:\\\/\\\/reporteroshoy.mx\\\/noticias\\\/#website\",\"url\":\"https:\\\/\\\/reporteroshoy.mx\\\/noticias\\\/\",\"name\":\"Reporteros Hoy | Noticias de Yucat\u00e1n\",\"description\":\"Peri\u00f3dico digital con noticias diarias desde M\u00e9rida, Yucat\u00e1n para el mundo.\",\"potentialAction\":[{\"@type\":\"SearchAction\",\"target\":{\"@type\":\"EntryPoint\",\"urlTemplate\":\"https:\\\/\\\/reporteroshoy.mx\\\/noticias\\\/?s={search_term_string}\"},\"query-input\":{\"@type\":\"PropertyValueSpecification\",\"valueRequired\":true,\"valueName\":\"search_term_string\"}}],\"inLanguage\":\"es\"},{\"@type\":\"Person\",\"@id\":\"https:\\\/\\\/reporteroshoy.mx\\\/noticias\\\/#\\\/schema\\\/person\\\/49ae631fc906b44554e4ba3866c505d7\",\"name\":\"Reporteros Hoy GS\",\"image\":{\"@type\":\"ImageObject\",\"inLanguage\":\"es\",\"@id\":\"https:\\\/\\\/secure.gravatar.com\\\/avatar\\\/00d32adb620345c3db2cfc175917f65c584e1e338fdc49ad126aa1f9830eb6a9?s=96&d=mm&r=g\",\"url\":\"https:\\\/\\\/secure.gravatar.com\\\/avatar\\\/00d32adb620345c3db2cfc175917f65c584e1e338fdc49ad126aa1f9830eb6a9?s=96&d=mm&r=g\",\"contentUrl\":\"https:\\\/\\\/secure.gravatar.com\\\/avatar\\\/00d32adb620345c3db2cfc175917f65c584e1e338fdc49ad126aa1f9830eb6a9?s=96&d=mm&r=g\",\"caption\":\"Reporteros Hoy GS\"},\"url\":\"https:\\\/\\\/reporteroshoy.mx\\\/noticias\\\/author\\\/lupis\\\/\"}]}<\/script>\n<!-- \/ Yoast SEO plugin. -->","yoast_head_json":{"title":"Detienen a hotdogero de Ciudad Caucel por secuestro en Veracruz","description":"Ricos hotdogs vemos, delitos no sabemos. Fue detenido ayer por la SSP y de inmediato a disposici\u00f3n de sus hom\u00f3logos veracruzanos.","robots":{"index":"index","follow":"follow","max-snippet":"max-snippet:-1","max-image-preview":"max-image-preview:large","max-video-preview":"max-video-preview:-1"},"canonical":"https:\/\/reporteroshoy.mx\/noticias\/detienen-a-hotdogero-de-ciudad-caucel-por-secuestro-en-veracruz\/","og_locale":"es_ES","og_type":"article","og_title":"Detienen a hotdogero de Ciudad Caucel por secuestro en Veracruz","og_description":"Ricos hotdogs vemos, delitos no sabemos. Fue detenido ayer por la SSP y de inmediato a disposici\u00f3n de sus hom\u00f3logos veracruzanos.","og_url":"https:\/\/reporteroshoy.mx\/noticias\/detienen-a-hotdogero-de-ciudad-caucel-por-secuestro-en-veracruz\/","og_site_name":"Reporteros Hoy | Noticias de Yucat\u00e1n","article_publisher":"http:\/\/www.facebook.com\/reporteroshoymx","article_published_time":"2020-11-07T19:00:00+00:00","article_modified_time":"2020-11-09T21:07:38+00:00","og_image":[{"width":768,"height":432,"url":"https:\/\/reporteroshoy.mx\/noticias\/wp-content\/uploads\/2020\/11\/IMG-20201107-WA0044-scaled.jpg","type":"image\/jpeg"}],"author":"Reporteros Hoy GS","twitter_card":"summary_large_image","twitter_creator":"@reporteroshoy","twitter_site":"@reporteroshoy","twitter_misc":{"Escrito por":"Reporteros Hoy GS","Tiempo de lectura":"1 minuto"},"schema":{"@context":"https:\/\/schema.org","@graph":[{"@type":"Article","@id":"https:\/\/reporteroshoy.mx\/noticias\/detienen-a-hotdogero-de-ciudad-caucel-por-secuestro-en-veracruz\/#article","isPartOf":{"@id":"https:\/\/reporteroshoy.mx\/noticias\/detienen-a-hotdogero-de-ciudad-caucel-por-secuestro-en-veracruz\/"},"author":{"name":"Reporteros Hoy GS","@id":"https:\/\/reporteroshoy.mx\/noticias\/#\/schema\/person\/49ae631fc906b44554e4ba3866c505d7"},"headline":"Detienen a hotdogero de Ciudad Caucel por secuestro en Veracruz","datePublished":"2020-11-07T19:00:00+00:00","dateModified":"2020-11-09T21:07:38+00:00","mainEntityOfPage":{"@id":"https:\/\/reporteroshoy.mx\/noticias\/detienen-a-hotdogero-de-ciudad-caucel-por-secuestro-en-veracruz\/"},"wordCount":166,"commentCount":0,"image":{"@id":"https:\/\/reporteroshoy.mx\/noticias\/detienen-a-hotdogero-de-ciudad-caucel-por-secuestro-en-veracruz\/#primaryimage"},"thumbnailUrl":"https:\/\/reporteroshoy.mx\/noticias\/wp-content\/uploads\/2020\/11\/IMG-20201107-WA0044-scaled.jpg","keywords":["Ciudad caucel","detenido","Policia de Yucat\u00e1n","Secuestro"],"articleSection":["Polic\u00eda"],"inLanguage":"es","potentialAction":[{"@type":"CommentAction","name":"Comment","target":["https:\/\/reporteroshoy.mx\/noticias\/detienen-a-hotdogero-de-ciudad-caucel-por-secuestro-en-veracruz\/#respond"]}]},{"@type":"WebPage","@id":"https:\/\/reporteroshoy.mx\/noticias\/detienen-a-hotdogero-de-ciudad-caucel-por-secuestro-en-veracruz\/","url":"https:\/\/reporteroshoy.mx\/noticias\/detienen-a-hotdogero-de-ciudad-caucel-por-secuestro-en-veracruz\/","name":"Detienen a hotdogero de Ciudad Caucel por secuestro en Veracruz","isPartOf":{"@id":"https:\/\/reporteroshoy.mx\/noticias\/#website"},"primaryImageOfPage":{"@id":"https:\/\/reporteroshoy.mx\/noticias\/detienen-a-hotdogero-de-ciudad-caucel-por-secuestro-en-veracruz\/#primaryimage"},"image":{"@id":"https:\/\/reporteroshoy.mx\/noticias\/detienen-a-hotdogero-de-ciudad-caucel-por-secuestro-en-veracruz\/#primaryimage"},"thumbnailUrl":"https:\/\/reporteroshoy.mx\/noticias\/wp-content\/uploads\/2020\/11\/IMG-20201107-WA0044-scaled.jpg","datePublished":"2020-11-07T19:00:00+00:00","dateModified":"2020-11-09T21:07:38+00:00","author":{"@id":"https:\/\/reporteroshoy.mx\/noticias\/#\/schema\/person\/49ae631fc906b44554e4ba3866c505d7"},"description":"Ricos hotdogs vemos, delitos no sabemos. Fue detenido ayer por la SSP y de inmediato a disposici\u00f3n de sus hom\u00f3logos veracruzanos.","breadcrumb":{"@id":"https:\/\/reporteroshoy.mx\/noticias\/detienen-a-hotdogero-de-ciudad-caucel-por-secuestro-en-veracruz\/#breadcrumb"},"inLanguage":"es","potentialAction":[{"@type":"ReadAction","target":["https:\/\/reporteroshoy.mx\/noticias\/detienen-a-hotdogero-de-ciudad-caucel-por-secuestro-en-veracruz\/"]}]},{"@type":"ImageObject","inLanguage":"es","@id":"https:\/\/reporteroshoy.mx\/noticias\/detienen-a-hotdogero-de-ciudad-caucel-por-secuestro-en-veracruz\/#primaryimage","url":"https:\/\/reporteroshoy.mx\/noticias\/wp-content\/uploads\/2020\/11\/IMG-20201107-WA0044-scaled.jpg","contentUrl":"https:\/\/reporteroshoy.mx\/noticias\/wp-content\/uploads\/2020\/11\/IMG-20201107-WA0044-scaled.jpg","width":768,"height":432},{"@type":"BreadcrumbList","@id":"https:\/\/reporteroshoy.mx\/noticias\/detienen-a-hotdogero-de-ciudad-caucel-por-secuestro-en-veracruz\/#breadcrumb","itemListElement":[{"@type":"ListItem","position":1,"name":"Portada","item":"https:\/\/reporteroshoy.mx\/noticias\/"},{"@type":"ListItem","position":2,"name":"Detienen a hotdogero de Ciudad Caucel por secuestro en Veracruz"}]},{"@type":"WebSite","@id":"https:\/\/reporteroshoy.mx\/noticias\/#website","url":"https:\/\/reporteroshoy.mx\/noticias\/","name":"Reporteros Hoy | Noticias de Yucat\u00e1n","description":"Peri\u00f3dico digital con noticias diarias desde M\u00e9rida, Yucat\u00e1n para el mundo.","potentialAction":[{"@type":"SearchAction","target":{"@type":"EntryPoint","urlTemplate":"https:\/\/reporteroshoy.mx\/noticias\/?s={search_term_string}"},"query-input":{"@type":"PropertyValueSpecification","valueRequired":true,"valueName":"search_term_string"}}],"inLanguage":"es"},{"@type":"Person","@id":"https:\/\/reporteroshoy.mx\/noticias\/#\/schema\/person\/49ae631fc906b44554e4ba3866c505d7","name":"Reporteros Hoy GS","image":{"@type":"ImageObject","inLanguage":"es","@id":"https:\/\/secure.gravatar.com\/avatar\/00d32adb620345c3db2cfc175917f65c584e1e338fdc49ad126aa1f9830eb6a9?s=96&d=mm&r=g","url":"https:\/\/secure.gravatar.com\/avatar\/00d32adb620345c3db2cfc175917f65c584e1e338fdc49ad126aa1f9830eb6a9?s=96&d=mm&r=g","contentUrl":"https:\/\/secure.gravatar.com\/avatar\/00d32adb620345c3db2cfc175917f65c584e1e338fdc49ad126aa1f9830eb6a9?s=96&d=mm&r=g","caption":"Reporteros Hoy GS"},"url":"https:\/\/reporteroshoy.mx\/noticias\/author\/lupis\/"}]}},"_links":{"self":[{"href":"https:\/\/reporteroshoy.mx\/noticias\/wp-json\/wp\/v2\/posts\/50081","targetHints":{"allow":["GET"]}}],"collection":[{"href":"https:\/\/reporteroshoy.mx\/noticias\/wp-json\/wp\/v2\/posts"}],"about":[{"href":"https:\/\/reporteroshoy.mx\/noticias\/wp-json\/wp\/v2\/types\/post"}],"author":[{"embeddable":true,"href":"https:\/\/reporteroshoy.mx\/noticias\/wp-json\/wp\/v2\/users\/6"}],"replies":[{"embeddable":true,"href":"https:\/\/reporteroshoy.mx\/noticias\/wp-json\/wp\/v2\/comments?post=50081"}],"version-history":[{"count":0,"href":"https:\/\/reporteroshoy.mx\/noticias\/wp-json\/wp\/v2\/posts\/50081\/revisions"}],"wp:featuredmedia":[{"embeddable":true,"href":"https:\/\/reporteroshoy.mx\/noticias\/wp-json\/wp\/v2\/media\/50082"}],"wp:attachment":[{"href":"https:\/\/reporteroshoy.mx\/noticias\/wp-json\/wp\/v2\/media?parent=50081"}],"wp:term":[{"taxonomy":"category","embeddable":true,"href":"https:\/\/reporteroshoy.mx\/noticias\/wp-json\/wp\/v2\/categories?post=50081"},{"taxonomy":"post_tag","embeddable":true,"href":"https:\/\/reporteroshoy.mx\/noticias\/wp-json\/wp\/v2\/tags?post=50081"}],"curies":[{"name":"wp","href":"https:\/\/api.w.org\/{rel}","templated":true}]}}