{"id":50116,"date":"2020-11-08T13:00:28","date_gmt":"2020-11-08T19:00:28","guid":{"rendered":"https:\/\/reporteroshoy.mx\/noticias\/?p=50116"},"modified":"2020-11-09T15:09:29","modified_gmt":"2020-11-09T21:09:29","slug":"retorna-a-sitilpech-el-cristo-de-la-exaltacion","status":"publish","type":"post","link":"https:\/\/reporteroshoy.mx\/noticias\/retorna-a-sitilpech-el-cristo-de-la-exaltacion\/","title":{"rendered":"Retorna a Sitilpech el Cristo de la Exaltaci\u00f3n"},"content":{"rendered":"<p style=\"text-align: justify;\">Izamal, Yucat\u00e1n; 8 de noviembre de 2020 (ACOM).- Esta ma\u00f1ana la imagen del Cristo de la Exaltaci\u00f3n retorn\u00f3 a la comisar\u00eda luego de la peregrinaci\u00f3n anual a Izamal.<\/p>\n<p style=\"text-align: justify;\">La venerada imagen permaneci\u00f3 21 d\u00edas en la parroquia de \u201cSan Antonio de Padua\u00bb donde los feligreses organizaron gremios y rosarios.<\/p>\n<p><img loading=\"lazy\" decoding=\"async\" class=\"wp-image-50117 aligncenter\" src=\"https:\/\/reporteroshoy.mx\/noticias\/wp-content\/uploads\/2020\/11\/Sitilpech.jpg\" alt=\"\" width=\"600\" height=\"338\" \/><\/p>\n<p style=\"text-align: justify;\">Desde muy temprana hora se prepar\u00f3 la urna de madera que lo resguarda de las inclemencias del tiempo; urna que posteriormente fue depositada en un vehicul\u00f3 que lo traslad\u00f3 hacia Sitilpech.<\/p>\n<p style=\"text-align: justify;\">Despu\u00e9s de la misa de las 5 de la ma\u00f1ana la imagen sali\u00f3 de Izamal acompa\u00f1ado por unas 200 motocicletas que se sumaron a la larga caravana.<\/p>\n<p><img loading=\"lazy\" decoding=\"async\" class=\"wp-image-50118 aligncenter\" src=\"https:\/\/reporteroshoy.mx\/noticias\/wp-content\/uploads\/2020\/11\/Sitilpech1.jpg\" alt=\"\" width=\"598\" height=\"337\" \/><\/p>\n<p style=\"text-align: justify;\">La imagen fue sacada de su urna para que el \u00faltimo tramo del trayecto ,hasta la iglesia se San Jer\u00f3nimo, lo realizara sobre un veh\u00edculo con m\u00fasica de mariachi.<\/p>\n<p style=\"text-align: justify;\">Antes de ingresar a la iglesia la imagen qued\u00f3 orientada ante los cientos de feligreses que lo acompa\u00f1aron a manera de despedida antes de entrar para la misa de bienvenida, que celebr\u00f3 fray Mario Gabriel Moo Chale.<\/p>\n","protected":false},"excerpt":{"rendered":"<p>Luego de 21 d\u00edas en Izamal, la imagen fue trasladada hasta Sitilpech donde se celebr\u00f3 una misa de bienvenida.<\/p>\n","protected":false},"author":9,"featured_media":50118,"comment_status":"open","ping_status":"closed","sticky":false,"template":"","format":"standard","meta":{"footnotes":""},"categories":[11],"tags":[7128,2020,760],"class_list":["post-50116","post","type-post","status-publish","format-standard","has-post-thumbnail","hentry","category-municipios-de-yucatan","tag-cristo-de-la-exaltacion","tag-sitilpech","tag-yucatan-centro"],"yoast_head":"<!-- This site is optimized with the Yoast SEO plugin v28.4 - https:\/\/yoast.com\/product\/yoast-seo-wordpress\/ -->\n<title>Retorna a Sitilpech el Cristo de la Exaltaci\u00f3n<\/title>\n<meta name=\"description\" content=\"Luego de 21 d\u00edas en Izamal, la imagen fue trasladada hasta Sitilpech donde se celebr\u00f3 una misa de bienvenida.\" \/>\n<meta name=\"robots\" content=\"index, follow, max-snippet:-1, max-image-preview:large, max-video-preview:-1\" \/>\n<link rel=\"canonical\" href=\"https:\/\/reporteroshoy.mx\/noticias\/retorna-a-sitilpech-el-cristo-de-la-exaltacion\/\" \/>\n<meta property=\"og:locale\" content=\"es_ES\" \/>\n<meta property=\"og:type\" content=\"article\" \/>\n<meta property=\"og:title\" content=\"Retorna a Sitilpech el Cristo de la Exaltaci\u00f3n\" \/>\n<meta property=\"og:description\" content=\"Luego de 21 d\u00edas en Izamal, la imagen fue trasladada hasta Sitilpech donde se celebr\u00f3 una misa de bienvenida.\" \/>\n<meta property=\"og:url\" content=\"https:\/\/reporteroshoy.mx\/noticias\/retorna-a-sitilpech-el-cristo-de-la-exaltacion\/\" \/>\n<meta property=\"og:site_name\" content=\"Reporteros Hoy | Noticias de Yucat\u00e1n\" \/>\n<meta property=\"article:publisher\" content=\"http:\/\/www.facebook.com\/reporteroshoymx\" \/>\n<meta property=\"article:published_time\" content=\"2020-11-08T19:00:28+00:00\" \/>\n<meta property=\"article:modified_time\" content=\"2020-11-09T21:09:29+00:00\" \/>\n<meta property=\"og:image\" content=\"https:\/\/reporteroshoy.mx\/noticias\/wp-content\/uploads\/2020\/11\/Sitilpech1.jpg\" \/>\n\t<meta property=\"og:image:width\" content=\"768\" \/>\n\t<meta property=\"og:image:height\" content=\"432\" \/>\n\t<meta property=\"og:image:type\" content=\"image\/jpeg\" \/>\n<meta name=\"author\" content=\"Reporteros Hoy WP\" \/>\n<meta name=\"twitter:card\" content=\"summary_large_image\" \/>\n<meta name=\"twitter:creator\" content=\"@reporteroshoy\" \/>\n<meta name=\"twitter:site\" content=\"@reporteroshoy\" \/>\n<meta name=\"twitter:label1\" content=\"Escrito por\" \/>\n\t<meta name=\"twitter:data1\" content=\"Reporteros Hoy WP\" \/>\n\t<meta name=\"twitter:label2\" content=\"Tiempo de lectura\" \/>\n\t<meta name=\"twitter:data2\" content=\"1 minuto\" \/>\n<script type=\"application\/ld+json\" class=\"yoast-schema-graph\">{\"@context\":\"https:\\\/\\\/schema.org\",\"@graph\":[{\"@type\":\"Article\",\"@id\":\"https:\\\/\\\/reporteroshoy.mx\\\/noticias\\\/retorna-a-sitilpech-el-cristo-de-la-exaltacion\\\/#article\",\"isPartOf\":{\"@id\":\"https:\\\/\\\/reporteroshoy.mx\\\/noticias\\\/retorna-a-sitilpech-el-cristo-de-la-exaltacion\\\/\"},\"author\":{\"name\":\"Reporteros Hoy WP\",\"@id\":\"https:\\\/\\\/reporteroshoy.mx\\\/noticias\\\/#\\\/schema\\\/person\\\/c977527e57c958a62c5cefe8fe47876e\"},\"headline\":\"Retorna a Sitilpech el Cristo de la Exaltaci\u00f3n\",\"datePublished\":\"2020-11-08T19:00:28+00:00\",\"dateModified\":\"2020-11-09T21:09:29+00:00\",\"mainEntityOfPage\":{\"@id\":\"https:\\\/\\\/reporteroshoy.mx\\\/noticias\\\/retorna-a-sitilpech-el-cristo-de-la-exaltacion\\\/\"},\"wordCount\":191,\"commentCount\":0,\"image\":{\"@id\":\"https:\\\/\\\/reporteroshoy.mx\\\/noticias\\\/retorna-a-sitilpech-el-cristo-de-la-exaltacion\\\/#primaryimage\"},\"thumbnailUrl\":\"https:\\\/\\\/reporteroshoy.mx\\\/noticias\\\/wp-content\\\/uploads\\\/2020\\\/11\\\/Sitilpech1.jpg\",\"keywords\":[\"Cristo de la Exaltaci\u00f3n\",\"Sitilpech\",\"Yucat\u00e1n Centro\"],\"articleSection\":[\"Municipios\"],\"inLanguage\":\"es\",\"potentialAction\":[{\"@type\":\"CommentAction\",\"name\":\"Comment\",\"target\":[\"https:\\\/\\\/reporteroshoy.mx\\\/noticias\\\/retorna-a-sitilpech-el-cristo-de-la-exaltacion\\\/#respond\"]}]},{\"@type\":\"WebPage\",\"@id\":\"https:\\\/\\\/reporteroshoy.mx\\\/noticias\\\/retorna-a-sitilpech-el-cristo-de-la-exaltacion\\\/\",\"url\":\"https:\\\/\\\/reporteroshoy.mx\\\/noticias\\\/retorna-a-sitilpech-el-cristo-de-la-exaltacion\\\/\",\"name\":\"Retorna a Sitilpech el Cristo de la Exaltaci\u00f3n\",\"isPartOf\":{\"@id\":\"https:\\\/\\\/reporteroshoy.mx\\\/noticias\\\/#website\"},\"primaryImageOfPage\":{\"@id\":\"https:\\\/\\\/reporteroshoy.mx\\\/noticias\\\/retorna-a-sitilpech-el-cristo-de-la-exaltacion\\\/#primaryimage\"},\"image\":{\"@id\":\"https:\\\/\\\/reporteroshoy.mx\\\/noticias\\\/retorna-a-sitilpech-el-cristo-de-la-exaltacion\\\/#primaryimage\"},\"thumbnailUrl\":\"https:\\\/\\\/reporteroshoy.mx\\\/noticias\\\/wp-content\\\/uploads\\\/2020\\\/11\\\/Sitilpech1.jpg\",\"datePublished\":\"2020-11-08T19:00:28+00:00\",\"dateModified\":\"2020-11-09T21:09:29+00:00\",\"author\":{\"@id\":\"https:\\\/\\\/reporteroshoy.mx\\\/noticias\\\/#\\\/schema\\\/person\\\/c977527e57c958a62c5cefe8fe47876e\"},\"description\":\"Luego de 21 d\u00edas en Izamal, la imagen fue trasladada hasta Sitilpech donde se celebr\u00f3 una misa de bienvenida.\",\"breadcrumb\":{\"@id\":\"https:\\\/\\\/reporteroshoy.mx\\\/noticias\\\/retorna-a-sitilpech-el-cristo-de-la-exaltacion\\\/#breadcrumb\"},\"inLanguage\":\"es\",\"potentialAction\":[{\"@type\":\"ReadAction\",\"target\":[\"https:\\\/\\\/reporteroshoy.mx\\\/noticias\\\/retorna-a-sitilpech-el-cristo-de-la-exaltacion\\\/\"]}]},{\"@type\":\"ImageObject\",\"inLanguage\":\"es\",\"@id\":\"https:\\\/\\\/reporteroshoy.mx\\\/noticias\\\/retorna-a-sitilpech-el-cristo-de-la-exaltacion\\\/#primaryimage\",\"url\":\"https:\\\/\\\/reporteroshoy.mx\\\/noticias\\\/wp-content\\\/uploads\\\/2020\\\/11\\\/Sitilpech1.jpg\",\"contentUrl\":\"https:\\\/\\\/reporteroshoy.mx\\\/noticias\\\/wp-content\\\/uploads\\\/2020\\\/11\\\/Sitilpech1.jpg\",\"width\":768,\"height\":432},{\"@type\":\"BreadcrumbList\",\"@id\":\"https:\\\/\\\/reporteroshoy.mx\\\/noticias\\\/retorna-a-sitilpech-el-cristo-de-la-exaltacion\\\/#breadcrumb\",\"itemListElement\":[{\"@type\":\"ListItem\",\"position\":1,\"name\":\"Portada\",\"item\":\"https:\\\/\\\/reporteroshoy.mx\\\/noticias\\\/\"},{\"@type\":\"ListItem\",\"position\":2,\"name\":\"Retorna a Sitilpech el Cristo de la Exaltaci\u00f3n\"}]},{\"@type\":\"WebSite\",\"@id\":\"https:\\\/\\\/reporteroshoy.mx\\\/noticias\\\/#website\",\"url\":\"https:\\\/\\\/reporteroshoy.mx\\\/noticias\\\/\",\"name\":\"Reporteros Hoy | Noticias de Yucat\u00e1n\",\"description\":\"Peri\u00f3dico digital con noticias diarias desde M\u00e9rida, Yucat\u00e1n para el mundo.\",\"potentialAction\":[{\"@type\":\"SearchAction\",\"target\":{\"@type\":\"EntryPoint\",\"urlTemplate\":\"https:\\\/\\\/reporteroshoy.mx\\\/noticias\\\/?s={search_term_string}\"},\"query-input\":{\"@type\":\"PropertyValueSpecification\",\"valueRequired\":true,\"valueName\":\"search_term_string\"}}],\"inLanguage\":\"es\"},{\"@type\":\"Person\",\"@id\":\"https:\\\/\\\/reporteroshoy.mx\\\/noticias\\\/#\\\/schema\\\/person\\\/c977527e57c958a62c5cefe8fe47876e\",\"name\":\"Reporteros Hoy WP\",\"image\":{\"@type\":\"ImageObject\",\"inLanguage\":\"es\",\"@id\":\"https:\\\/\\\/secure.gravatar.com\\\/avatar\\\/fd2917f79a7dae30f8ac9ddc2f35e1756bb59e25e01d1cd09deaa64df7b2f73e?s=96&d=mm&r=g\",\"url\":\"https:\\\/\\\/secure.gravatar.com\\\/avatar\\\/fd2917f79a7dae30f8ac9ddc2f35e1756bb59e25e01d1cd09deaa64df7b2f73e?s=96&d=mm&r=g\",\"contentUrl\":\"https:\\\/\\\/secure.gravatar.com\\\/avatar\\\/fd2917f79a7dae30f8ac9ddc2f35e1756bb59e25e01d1cd09deaa64df7b2f73e?s=96&d=mm&r=g\",\"caption\":\"Reporteros Hoy WP\"},\"url\":\"https:\\\/\\\/reporteroshoy.mx\\\/noticias\\\/author\\\/walfer\\\/\"}]}<\/script>\n<!-- \/ Yoast SEO plugin. -->","yoast_head_json":{"title":"Retorna a Sitilpech el Cristo de la Exaltaci\u00f3n","description":"Luego de 21 d\u00edas en Izamal, la imagen fue trasladada hasta Sitilpech donde se celebr\u00f3 una misa de bienvenida.","robots":{"index":"index","follow":"follow","max-snippet":"max-snippet:-1","max-image-preview":"max-image-preview:large","max-video-preview":"max-video-preview:-1"},"canonical":"https:\/\/reporteroshoy.mx\/noticias\/retorna-a-sitilpech-el-cristo-de-la-exaltacion\/","og_locale":"es_ES","og_type":"article","og_title":"Retorna a Sitilpech el Cristo de la Exaltaci\u00f3n","og_description":"Luego de 21 d\u00edas en Izamal, la imagen fue trasladada hasta Sitilpech donde se celebr\u00f3 una misa de bienvenida.","og_url":"https:\/\/reporteroshoy.mx\/noticias\/retorna-a-sitilpech-el-cristo-de-la-exaltacion\/","og_site_name":"Reporteros Hoy | Noticias de Yucat\u00e1n","article_publisher":"http:\/\/www.facebook.com\/reporteroshoymx","article_published_time":"2020-11-08T19:00:28+00:00","article_modified_time":"2020-11-09T21:09:29+00:00","og_image":[{"width":768,"height":432,"url":"https:\/\/reporteroshoy.mx\/noticias\/wp-content\/uploads\/2020\/11\/Sitilpech1.jpg","type":"image\/jpeg"}],"author":"Reporteros Hoy WP","twitter_card":"summary_large_image","twitter_creator":"@reporteroshoy","twitter_site":"@reporteroshoy","twitter_misc":{"Escrito por":"Reporteros Hoy WP","Tiempo de lectura":"1 minuto"},"schema":{"@context":"https:\/\/schema.org","@graph":[{"@type":"Article","@id":"https:\/\/reporteroshoy.mx\/noticias\/retorna-a-sitilpech-el-cristo-de-la-exaltacion\/#article","isPartOf":{"@id":"https:\/\/reporteroshoy.mx\/noticias\/retorna-a-sitilpech-el-cristo-de-la-exaltacion\/"},"author":{"name":"Reporteros Hoy WP","@id":"https:\/\/reporteroshoy.mx\/noticias\/#\/schema\/person\/c977527e57c958a62c5cefe8fe47876e"},"headline":"Retorna a Sitilpech el Cristo de la Exaltaci\u00f3n","datePublished":"2020-11-08T19:00:28+00:00","dateModified":"2020-11-09T21:09:29+00:00","mainEntityOfPage":{"@id":"https:\/\/reporteroshoy.mx\/noticias\/retorna-a-sitilpech-el-cristo-de-la-exaltacion\/"},"wordCount":191,"commentCount":0,"image":{"@id":"https:\/\/reporteroshoy.mx\/noticias\/retorna-a-sitilpech-el-cristo-de-la-exaltacion\/#primaryimage"},"thumbnailUrl":"https:\/\/reporteroshoy.mx\/noticias\/wp-content\/uploads\/2020\/11\/Sitilpech1.jpg","keywords":["Cristo de la Exaltaci\u00f3n","Sitilpech","Yucat\u00e1n Centro"],"articleSection":["Municipios"],"inLanguage":"es","potentialAction":[{"@type":"CommentAction","name":"Comment","target":["https:\/\/reporteroshoy.mx\/noticias\/retorna-a-sitilpech-el-cristo-de-la-exaltacion\/#respond"]}]},{"@type":"WebPage","@id":"https:\/\/reporteroshoy.mx\/noticias\/retorna-a-sitilpech-el-cristo-de-la-exaltacion\/","url":"https:\/\/reporteroshoy.mx\/noticias\/retorna-a-sitilpech-el-cristo-de-la-exaltacion\/","name":"Retorna a Sitilpech el Cristo de la Exaltaci\u00f3n","isPartOf":{"@id":"https:\/\/reporteroshoy.mx\/noticias\/#website"},"primaryImageOfPage":{"@id":"https:\/\/reporteroshoy.mx\/noticias\/retorna-a-sitilpech-el-cristo-de-la-exaltacion\/#primaryimage"},"image":{"@id":"https:\/\/reporteroshoy.mx\/noticias\/retorna-a-sitilpech-el-cristo-de-la-exaltacion\/#primaryimage"},"thumbnailUrl":"https:\/\/reporteroshoy.mx\/noticias\/wp-content\/uploads\/2020\/11\/Sitilpech1.jpg","datePublished":"2020-11-08T19:00:28+00:00","dateModified":"2020-11-09T21:09:29+00:00","author":{"@id":"https:\/\/reporteroshoy.mx\/noticias\/#\/schema\/person\/c977527e57c958a62c5cefe8fe47876e"},"description":"Luego de 21 d\u00edas en Izamal, la imagen fue trasladada hasta Sitilpech donde se celebr\u00f3 una misa de bienvenida.","breadcrumb":{"@id":"https:\/\/reporteroshoy.mx\/noticias\/retorna-a-sitilpech-el-cristo-de-la-exaltacion\/#breadcrumb"},"inLanguage":"es","potentialAction":[{"@type":"ReadAction","target":["https:\/\/reporteroshoy.mx\/noticias\/retorna-a-sitilpech-el-cristo-de-la-exaltacion\/"]}]},{"@type":"ImageObject","inLanguage":"es","@id":"https:\/\/reporteroshoy.mx\/noticias\/retorna-a-sitilpech-el-cristo-de-la-exaltacion\/#primaryimage","url":"https:\/\/reporteroshoy.mx\/noticias\/wp-content\/uploads\/2020\/11\/Sitilpech1.jpg","contentUrl":"https:\/\/reporteroshoy.mx\/noticias\/wp-content\/uploads\/2020\/11\/Sitilpech1.jpg","width":768,"height":432},{"@type":"BreadcrumbList","@id":"https:\/\/reporteroshoy.mx\/noticias\/retorna-a-sitilpech-el-cristo-de-la-exaltacion\/#breadcrumb","itemListElement":[{"@type":"ListItem","position":1,"name":"Portada","item":"https:\/\/reporteroshoy.mx\/noticias\/"},{"@type":"ListItem","position":2,"name":"Retorna a Sitilpech el Cristo de la Exaltaci\u00f3n"}]},{"@type":"WebSite","@id":"https:\/\/reporteroshoy.mx\/noticias\/#website","url":"https:\/\/reporteroshoy.mx\/noticias\/","name":"Reporteros Hoy | Noticias de Yucat\u00e1n","description":"Peri\u00f3dico digital con noticias diarias desde M\u00e9rida, Yucat\u00e1n para el mundo.","potentialAction":[{"@type":"SearchAction","target":{"@type":"EntryPoint","urlTemplate":"https:\/\/reporteroshoy.mx\/noticias\/?s={search_term_string}"},"query-input":{"@type":"PropertyValueSpecification","valueRequired":true,"valueName":"search_term_string"}}],"inLanguage":"es"},{"@type":"Person","@id":"https:\/\/reporteroshoy.mx\/noticias\/#\/schema\/person\/c977527e57c958a62c5cefe8fe47876e","name":"Reporteros Hoy WP","image":{"@type":"ImageObject","inLanguage":"es","@id":"https:\/\/secure.gravatar.com\/avatar\/fd2917f79a7dae30f8ac9ddc2f35e1756bb59e25e01d1cd09deaa64df7b2f73e?s=96&d=mm&r=g","url":"https:\/\/secure.gravatar.com\/avatar\/fd2917f79a7dae30f8ac9ddc2f35e1756bb59e25e01d1cd09deaa64df7b2f73e?s=96&d=mm&r=g","contentUrl":"https:\/\/secure.gravatar.com\/avatar\/fd2917f79a7dae30f8ac9ddc2f35e1756bb59e25e01d1cd09deaa64df7b2f73e?s=96&d=mm&r=g","caption":"Reporteros Hoy WP"},"url":"https:\/\/reporteroshoy.mx\/noticias\/author\/walfer\/"}]}},"_links":{"self":[{"href":"https:\/\/reporteroshoy.mx\/noticias\/wp-json\/wp\/v2\/posts\/50116","targetHints":{"allow":["GET"]}}],"collection":[{"href":"https:\/\/reporteroshoy.mx\/noticias\/wp-json\/wp\/v2\/posts"}],"about":[{"href":"https:\/\/reporteroshoy.mx\/noticias\/wp-json\/wp\/v2\/types\/post"}],"author":[{"embeddable":true,"href":"https:\/\/reporteroshoy.mx\/noticias\/wp-json\/wp\/v2\/users\/9"}],"replies":[{"embeddable":true,"href":"https:\/\/reporteroshoy.mx\/noticias\/wp-json\/wp\/v2\/comments?post=50116"}],"version-history":[{"count":0,"href":"https:\/\/reporteroshoy.mx\/noticias\/wp-json\/wp\/v2\/posts\/50116\/revisions"}],"wp:featuredmedia":[{"embeddable":true,"href":"https:\/\/reporteroshoy.mx\/noticias\/wp-json\/wp\/v2\/media\/50118"}],"wp:attachment":[{"href":"https:\/\/reporteroshoy.mx\/noticias\/wp-json\/wp\/v2\/media?parent=50116"}],"wp:term":[{"taxonomy":"category","embeddable":true,"href":"https:\/\/reporteroshoy.mx\/noticias\/wp-json\/wp\/v2\/categories?post=50116"},{"taxonomy":"post_tag","embeddable":true,"href":"https:\/\/reporteroshoy.mx\/noticias\/wp-json\/wp\/v2\/tags?post=50116"}],"curies":[{"name":"wp","href":"https:\/\/api.w.org\/{rel}","templated":true}]}}