{"id":50214,"date":"2020-11-09T19:00:32","date_gmt":"2020-11-10T01:00:32","guid":{"rendered":"https:\/\/reporteroshoy.mx\/noticias\/?p=50214"},"modified":"2020-11-10T09:39:32","modified_gmt":"2020-11-10T15:39:32","slug":"prision-preventiva-a-indigente-que-apunalo-a-su-companero-de-parranda","status":"publish","type":"post","link":"https:\/\/reporteroshoy.mx\/noticias\/prision-preventiva-a-indigente-que-apunalo-a-su-companero-de-parranda\/","title":{"rendered":"Prisi\u00f3n preventiva a indigente que apu\u00f1al\u00f3 a su compa\u00f1ero de parranda"},"content":{"rendered":"<p style=\"text-align: justify;\">M\u00e9rida, Yucat\u00e1n, a 09 de noviembre de 2020.- Por su presunta responsabilidad en el delito de lesiones calificadas, cometido con arma blanca, la Fiscal\u00eda General del Estado (FGE) formul\u00f3 la imputaci\u00f3n a F.R.S. denunciado tras los hechos ocurridos el pasado seis de noviembre en la <strong><span style=\"color: #003366;\"><a style=\"color: #003366;\" href=\"https:\/\/reporteroshoy.mx\/noticias\/discuten-por-el-ultimo-trago-de-alcohol-y-lo-apunalan-frente-al-ohoran\/\"><span style=\"text-decoration: underline;\"><span style=\"color: #0000ff; text-decoration: underline;\">avenida Itzaes en la colonia Centro de esta ciudad, por lo que fue detenido y turnado a la Fiscal\u00eda<\/span><\/span>.<\/a><\/span><\/strong><\/p>\n<p style=\"text-align: justify;\">Tras interponerse la denuncia correspondiente, los especialistas de la Fiscal\u00eda comenzaron con la indagatoria, misma que arroj\u00f3 que los hechos ocurrieron en la citada avenida, entre las calles 59a y 59b, donde presuntamente atac\u00f3 a la v\u00edctima, provoc\u00e1ndole lesiones que fueron catalogadas como aquellas que no ponen en peligro la vida, pero tardan m\u00e1s de 15 d\u00edas en sanar, por lo que se present\u00f3 la formal querella que deriv\u00f3 en la causa penal 178\/2020.<\/p>\n<p><img loading=\"lazy\" decoding=\"async\" class=\"wp-image-50215 aligncenter\" src=\"https:\/\/reporteroshoy.mx\/noticias\/wp-content\/uploads\/2020\/11\/indigente.jpeg\" alt=\"\" width=\"595\" height=\"334\" \/><\/p>\n<p style=\"text-align: justify;\">En la audiencia celebrada en el Centro de Justicia Oral de M\u00e9rida, la Juez Primera de Control decret\u00f3 de legal la detenci\u00f3n y a continuaci\u00f3n los fiscales adscritos formularon la imputaci\u00f3n del delito y presentaron los datos de prueba para pedir la vinculaci\u00f3n a proceso del imputado, quien solicit\u00f3 la duplicidad del t\u00e9rmino constitucional, por lo que la Juez estableci\u00f3 que la audiencia contin\u00fae el pr\u00f3ximo 13 de noviembre.<\/p>\n<p style=\"text-align: justify;\">Por \u00faltimo, antes de concluir la diligencia judicial, los fiscales presentaron el argumento para solicitar la medida cautelar de prisi\u00f3n preventiva justificada, misma que fue concedida por la Juez de Control por todo el tiempo que dure el proceso, por lo que el imputado permanecer\u00e1 privado de su libertad hasta que se defina su participaci\u00f3n en los hechos denunciados.<\/p>\n","protected":false},"excerpt":{"rendered":"<p>Pas\u00f3 el s\u00e1bado, intoxicados, ambos empezaron a discutir por \u201cqui\u00e9n dar\u00eda el \u00faltimo trago de alcohol\u201d, y acto seguido se liaron a golpes. Uno de los sujetos, sac\u00f3 una navaja y apu\u00f1al\u00f3 en tres ocasiones a su compa\u00f1ero de parranda.<\/p>\n","protected":false},"author":6,"featured_media":50215,"comment_status":"open","ping_status":"closed","sticky":false,"template":"","format":"standard","meta":{"footnotes":""},"categories":[14],"tags":[9208,14823],"class_list":["post-50214","post","type-post","status-publish","format-standard","has-post-thumbnail","hentry","category-policia","tag-apunalado","tag-parranda"],"yoast_head":"<!-- This site is optimized with the Yoast SEO plugin v28.4 - https:\/\/yoast.com\/product\/yoast-seo-wordpress\/ -->\n<title>Prisi\u00f3n preventiva a indigente que apu\u00f1al\u00f3 a su compa\u00f1ero de parranda<\/title>\n<meta name=\"description\" content=\"Pas\u00f3 el s\u00e1bado, intoxicados, ambos empezaron a discutir por \u201cqui\u00e9n dar\u00eda el \u00faltimo trago de alcohol\u201d, y acto seguido se liaron a golpes. Uno de los sujetos, sac\u00f3 una navaja y apu\u00f1al\u00f3 en tres ocasiones a su compa\u00f1ero de parranda.\" \/>\n<meta name=\"robots\" content=\"index, follow, max-snippet:-1, max-image-preview:large, max-video-preview:-1\" \/>\n<link rel=\"canonical\" href=\"https:\/\/reporteroshoy.mx\/noticias\/prision-preventiva-a-indigente-que-apunalo-a-su-companero-de-parranda\/\" \/>\n<meta property=\"og:locale\" content=\"es_ES\" \/>\n<meta property=\"og:type\" content=\"article\" \/>\n<meta property=\"og:title\" content=\"Prisi\u00f3n preventiva a indigente que apu\u00f1al\u00f3 a su compa\u00f1ero de parranda\" \/>\n<meta property=\"og:description\" content=\"Pas\u00f3 el s\u00e1bado, intoxicados, ambos empezaron a discutir por \u201cqui\u00e9n dar\u00eda el \u00faltimo trago de alcohol\u201d, y acto seguido se liaron a golpes. Uno de los sujetos, sac\u00f3 una navaja y apu\u00f1al\u00f3 en tres ocasiones a su compa\u00f1ero de parranda.\" \/>\n<meta property=\"og:url\" content=\"https:\/\/reporteroshoy.mx\/noticias\/prision-preventiva-a-indigente-que-apunalo-a-su-companero-de-parranda\/\" \/>\n<meta property=\"og:site_name\" content=\"Reporteros Hoy | Noticias de Yucat\u00e1n\" \/>\n<meta property=\"article:publisher\" content=\"http:\/\/www.facebook.com\/reporteroshoymx\" \/>\n<meta property=\"article:published_time\" content=\"2020-11-10T01:00:32+00:00\" \/>\n<meta property=\"article:modified_time\" content=\"2020-11-10T15:39:32+00:00\" \/>\n<meta property=\"og:image\" content=\"https:\/\/reporteroshoy.mx\/noticias\/wp-content\/uploads\/2020\/11\/indigente.jpeg\" \/>\n\t<meta property=\"og:image:width\" content=\"768\" \/>\n\t<meta property=\"og:image:height\" content=\"432\" \/>\n\t<meta property=\"og:image:type\" content=\"image\/jpeg\" \/>\n<meta name=\"author\" content=\"Reporteros Hoy GS\" \/>\n<meta name=\"twitter:card\" content=\"summary_large_image\" \/>\n<meta name=\"twitter:creator\" content=\"@reporteroshoy\" \/>\n<meta name=\"twitter:site\" content=\"@reporteroshoy\" \/>\n<meta name=\"twitter:label1\" content=\"Escrito por\" \/>\n\t<meta name=\"twitter:data1\" content=\"Reporteros Hoy GS\" \/>\n\t<meta name=\"twitter:label2\" content=\"Tiempo de lectura\" \/>\n\t<meta name=\"twitter:data2\" content=\"1 minuto\" \/>\n<script type=\"application\/ld+json\" class=\"yoast-schema-graph\">{\"@context\":\"https:\\\/\\\/schema.org\",\"@graph\":[{\"@type\":\"Article\",\"@id\":\"https:\\\/\\\/reporteroshoy.mx\\\/noticias\\\/prision-preventiva-a-indigente-que-apunalo-a-su-companero-de-parranda\\\/#article\",\"isPartOf\":{\"@id\":\"https:\\\/\\\/reporteroshoy.mx\\\/noticias\\\/prision-preventiva-a-indigente-que-apunalo-a-su-companero-de-parranda\\\/\"},\"author\":{\"name\":\"Reporteros Hoy GS\",\"@id\":\"https:\\\/\\\/reporteroshoy.mx\\\/noticias\\\/#\\\/schema\\\/person\\\/49ae631fc906b44554e4ba3866c505d7\"},\"headline\":\"Prisi\u00f3n preventiva a indigente que apu\u00f1al\u00f3 a su compa\u00f1ero de parranda\",\"datePublished\":\"2020-11-10T01:00:32+00:00\",\"dateModified\":\"2020-11-10T15:39:32+00:00\",\"mainEntityOfPage\":{\"@id\":\"https:\\\/\\\/reporteroshoy.mx\\\/noticias\\\/prision-preventiva-a-indigente-que-apunalo-a-su-companero-de-parranda\\\/\"},\"wordCount\":298,\"commentCount\":0,\"image\":{\"@id\":\"https:\\\/\\\/reporteroshoy.mx\\\/noticias\\\/prision-preventiva-a-indigente-que-apunalo-a-su-companero-de-parranda\\\/#primaryimage\"},\"thumbnailUrl\":\"https:\\\/\\\/reporteroshoy.mx\\\/noticias\\\/wp-content\\\/uploads\\\/2020\\\/11\\\/indigente.jpeg\",\"keywords\":[\"apu\u00f1alado\",\"parranda\"],\"articleSection\":[\"Polic\u00eda\"],\"inLanguage\":\"es\",\"potentialAction\":[{\"@type\":\"CommentAction\",\"name\":\"Comment\",\"target\":[\"https:\\\/\\\/reporteroshoy.mx\\\/noticias\\\/prision-preventiva-a-indigente-que-apunalo-a-su-companero-de-parranda\\\/#respond\"]}]},{\"@type\":\"WebPage\",\"@id\":\"https:\\\/\\\/reporteroshoy.mx\\\/noticias\\\/prision-preventiva-a-indigente-que-apunalo-a-su-companero-de-parranda\\\/\",\"url\":\"https:\\\/\\\/reporteroshoy.mx\\\/noticias\\\/prision-preventiva-a-indigente-que-apunalo-a-su-companero-de-parranda\\\/\",\"name\":\"Prisi\u00f3n preventiva a indigente que apu\u00f1al\u00f3 a su compa\u00f1ero de parranda\",\"isPartOf\":{\"@id\":\"https:\\\/\\\/reporteroshoy.mx\\\/noticias\\\/#website\"},\"primaryImageOfPage\":{\"@id\":\"https:\\\/\\\/reporteroshoy.mx\\\/noticias\\\/prision-preventiva-a-indigente-que-apunalo-a-su-companero-de-parranda\\\/#primaryimage\"},\"image\":{\"@id\":\"https:\\\/\\\/reporteroshoy.mx\\\/noticias\\\/prision-preventiva-a-indigente-que-apunalo-a-su-companero-de-parranda\\\/#primaryimage\"},\"thumbnailUrl\":\"https:\\\/\\\/reporteroshoy.mx\\\/noticias\\\/wp-content\\\/uploads\\\/2020\\\/11\\\/indigente.jpeg\",\"datePublished\":\"2020-11-10T01:00:32+00:00\",\"dateModified\":\"2020-11-10T15:39:32+00:00\",\"author\":{\"@id\":\"https:\\\/\\\/reporteroshoy.mx\\\/noticias\\\/#\\\/schema\\\/person\\\/49ae631fc906b44554e4ba3866c505d7\"},\"description\":\"Pas\u00f3 el s\u00e1bado, intoxicados, ambos empezaron a discutir por \u201cqui\u00e9n dar\u00eda el \u00faltimo trago de alcohol\u201d, y acto seguido se liaron a golpes. Uno de los sujetos, sac\u00f3 una navaja y apu\u00f1al\u00f3 en tres ocasiones a su compa\u00f1ero de parranda.\",\"breadcrumb\":{\"@id\":\"https:\\\/\\\/reporteroshoy.mx\\\/noticias\\\/prision-preventiva-a-indigente-que-apunalo-a-su-companero-de-parranda\\\/#breadcrumb\"},\"inLanguage\":\"es\",\"potentialAction\":[{\"@type\":\"ReadAction\",\"target\":[\"https:\\\/\\\/reporteroshoy.mx\\\/noticias\\\/prision-preventiva-a-indigente-que-apunalo-a-su-companero-de-parranda\\\/\"]}]},{\"@type\":\"ImageObject\",\"inLanguage\":\"es\",\"@id\":\"https:\\\/\\\/reporteroshoy.mx\\\/noticias\\\/prision-preventiva-a-indigente-que-apunalo-a-su-companero-de-parranda\\\/#primaryimage\",\"url\":\"https:\\\/\\\/reporteroshoy.mx\\\/noticias\\\/wp-content\\\/uploads\\\/2020\\\/11\\\/indigente.jpeg\",\"contentUrl\":\"https:\\\/\\\/reporteroshoy.mx\\\/noticias\\\/wp-content\\\/uploads\\\/2020\\\/11\\\/indigente.jpeg\",\"width\":768,\"height\":432},{\"@type\":\"BreadcrumbList\",\"@id\":\"https:\\\/\\\/reporteroshoy.mx\\\/noticias\\\/prision-preventiva-a-indigente-que-apunalo-a-su-companero-de-parranda\\\/#breadcrumb\",\"itemListElement\":[{\"@type\":\"ListItem\",\"position\":1,\"name\":\"Portada\",\"item\":\"https:\\\/\\\/reporteroshoy.mx\\\/noticias\\\/\"},{\"@type\":\"ListItem\",\"position\":2,\"name\":\"Prisi\u00f3n preventiva a indigente que apu\u00f1al\u00f3 a su compa\u00f1ero de parranda\"}]},{\"@type\":\"WebSite\",\"@id\":\"https:\\\/\\\/reporteroshoy.mx\\\/noticias\\\/#website\",\"url\":\"https:\\\/\\\/reporteroshoy.mx\\\/noticias\\\/\",\"name\":\"Reporteros Hoy | Noticias de Yucat\u00e1n\",\"description\":\"Peri\u00f3dico digital con noticias diarias desde M\u00e9rida, Yucat\u00e1n para el mundo.\",\"potentialAction\":[{\"@type\":\"SearchAction\",\"target\":{\"@type\":\"EntryPoint\",\"urlTemplate\":\"https:\\\/\\\/reporteroshoy.mx\\\/noticias\\\/?s={search_term_string}\"},\"query-input\":{\"@type\":\"PropertyValueSpecification\",\"valueRequired\":true,\"valueName\":\"search_term_string\"}}],\"inLanguage\":\"es\"},{\"@type\":\"Person\",\"@id\":\"https:\\\/\\\/reporteroshoy.mx\\\/noticias\\\/#\\\/schema\\\/person\\\/49ae631fc906b44554e4ba3866c505d7\",\"name\":\"Reporteros Hoy GS\",\"image\":{\"@type\":\"ImageObject\",\"inLanguage\":\"es\",\"@id\":\"https:\\\/\\\/secure.gravatar.com\\\/avatar\\\/00d32adb620345c3db2cfc175917f65c584e1e338fdc49ad126aa1f9830eb6a9?s=96&d=mm&r=g\",\"url\":\"https:\\\/\\\/secure.gravatar.com\\\/avatar\\\/00d32adb620345c3db2cfc175917f65c584e1e338fdc49ad126aa1f9830eb6a9?s=96&d=mm&r=g\",\"contentUrl\":\"https:\\\/\\\/secure.gravatar.com\\\/avatar\\\/00d32adb620345c3db2cfc175917f65c584e1e338fdc49ad126aa1f9830eb6a9?s=96&d=mm&r=g\",\"caption\":\"Reporteros Hoy GS\"},\"url\":\"https:\\\/\\\/reporteroshoy.mx\\\/noticias\\\/author\\\/lupis\\\/\"}]}<\/script>\n<!-- \/ Yoast SEO plugin. -->","yoast_head_json":{"title":"Prisi\u00f3n preventiva a indigente que apu\u00f1al\u00f3 a su compa\u00f1ero de parranda","description":"Pas\u00f3 el s\u00e1bado, intoxicados, ambos empezaron a discutir por \u201cqui\u00e9n dar\u00eda el \u00faltimo trago de alcohol\u201d, y acto seguido se liaron a golpes. Uno de los sujetos, sac\u00f3 una navaja y apu\u00f1al\u00f3 en tres ocasiones a su compa\u00f1ero de parranda.","robots":{"index":"index","follow":"follow","max-snippet":"max-snippet:-1","max-image-preview":"max-image-preview:large","max-video-preview":"max-video-preview:-1"},"canonical":"https:\/\/reporteroshoy.mx\/noticias\/prision-preventiva-a-indigente-que-apunalo-a-su-companero-de-parranda\/","og_locale":"es_ES","og_type":"article","og_title":"Prisi\u00f3n preventiva a indigente que apu\u00f1al\u00f3 a su compa\u00f1ero de parranda","og_description":"Pas\u00f3 el s\u00e1bado, intoxicados, ambos empezaron a discutir por \u201cqui\u00e9n dar\u00eda el \u00faltimo trago de alcohol\u201d, y acto seguido se liaron a golpes. Uno de los sujetos, sac\u00f3 una navaja y apu\u00f1al\u00f3 en tres ocasiones a su compa\u00f1ero de parranda.","og_url":"https:\/\/reporteroshoy.mx\/noticias\/prision-preventiva-a-indigente-que-apunalo-a-su-companero-de-parranda\/","og_site_name":"Reporteros Hoy | Noticias de Yucat\u00e1n","article_publisher":"http:\/\/www.facebook.com\/reporteroshoymx","article_published_time":"2020-11-10T01:00:32+00:00","article_modified_time":"2020-11-10T15:39:32+00:00","og_image":[{"width":768,"height":432,"url":"https:\/\/reporteroshoy.mx\/noticias\/wp-content\/uploads\/2020\/11\/indigente.jpeg","type":"image\/jpeg"}],"author":"Reporteros Hoy GS","twitter_card":"summary_large_image","twitter_creator":"@reporteroshoy","twitter_site":"@reporteroshoy","twitter_misc":{"Escrito por":"Reporteros Hoy GS","Tiempo de lectura":"1 minuto"},"schema":{"@context":"https:\/\/schema.org","@graph":[{"@type":"Article","@id":"https:\/\/reporteroshoy.mx\/noticias\/prision-preventiva-a-indigente-que-apunalo-a-su-companero-de-parranda\/#article","isPartOf":{"@id":"https:\/\/reporteroshoy.mx\/noticias\/prision-preventiva-a-indigente-que-apunalo-a-su-companero-de-parranda\/"},"author":{"name":"Reporteros Hoy GS","@id":"https:\/\/reporteroshoy.mx\/noticias\/#\/schema\/person\/49ae631fc906b44554e4ba3866c505d7"},"headline":"Prisi\u00f3n preventiva a indigente que apu\u00f1al\u00f3 a su compa\u00f1ero de parranda","datePublished":"2020-11-10T01:00:32+00:00","dateModified":"2020-11-10T15:39:32+00:00","mainEntityOfPage":{"@id":"https:\/\/reporteroshoy.mx\/noticias\/prision-preventiva-a-indigente-que-apunalo-a-su-companero-de-parranda\/"},"wordCount":298,"commentCount":0,"image":{"@id":"https:\/\/reporteroshoy.mx\/noticias\/prision-preventiva-a-indigente-que-apunalo-a-su-companero-de-parranda\/#primaryimage"},"thumbnailUrl":"https:\/\/reporteroshoy.mx\/noticias\/wp-content\/uploads\/2020\/11\/indigente.jpeg","keywords":["apu\u00f1alado","parranda"],"articleSection":["Polic\u00eda"],"inLanguage":"es","potentialAction":[{"@type":"CommentAction","name":"Comment","target":["https:\/\/reporteroshoy.mx\/noticias\/prision-preventiva-a-indigente-que-apunalo-a-su-companero-de-parranda\/#respond"]}]},{"@type":"WebPage","@id":"https:\/\/reporteroshoy.mx\/noticias\/prision-preventiva-a-indigente-que-apunalo-a-su-companero-de-parranda\/","url":"https:\/\/reporteroshoy.mx\/noticias\/prision-preventiva-a-indigente-que-apunalo-a-su-companero-de-parranda\/","name":"Prisi\u00f3n preventiva a indigente que apu\u00f1al\u00f3 a su compa\u00f1ero de parranda","isPartOf":{"@id":"https:\/\/reporteroshoy.mx\/noticias\/#website"},"primaryImageOfPage":{"@id":"https:\/\/reporteroshoy.mx\/noticias\/prision-preventiva-a-indigente-que-apunalo-a-su-companero-de-parranda\/#primaryimage"},"image":{"@id":"https:\/\/reporteroshoy.mx\/noticias\/prision-preventiva-a-indigente-que-apunalo-a-su-companero-de-parranda\/#primaryimage"},"thumbnailUrl":"https:\/\/reporteroshoy.mx\/noticias\/wp-content\/uploads\/2020\/11\/indigente.jpeg","datePublished":"2020-11-10T01:00:32+00:00","dateModified":"2020-11-10T15:39:32+00:00","author":{"@id":"https:\/\/reporteroshoy.mx\/noticias\/#\/schema\/person\/49ae631fc906b44554e4ba3866c505d7"},"description":"Pas\u00f3 el s\u00e1bado, intoxicados, ambos empezaron a discutir por \u201cqui\u00e9n dar\u00eda el \u00faltimo trago de alcohol\u201d, y acto seguido se liaron a golpes. Uno de los sujetos, sac\u00f3 una navaja y apu\u00f1al\u00f3 en tres ocasiones a su compa\u00f1ero de parranda.","breadcrumb":{"@id":"https:\/\/reporteroshoy.mx\/noticias\/prision-preventiva-a-indigente-que-apunalo-a-su-companero-de-parranda\/#breadcrumb"},"inLanguage":"es","potentialAction":[{"@type":"ReadAction","target":["https:\/\/reporteroshoy.mx\/noticias\/prision-preventiva-a-indigente-que-apunalo-a-su-companero-de-parranda\/"]}]},{"@type":"ImageObject","inLanguage":"es","@id":"https:\/\/reporteroshoy.mx\/noticias\/prision-preventiva-a-indigente-que-apunalo-a-su-companero-de-parranda\/#primaryimage","url":"https:\/\/reporteroshoy.mx\/noticias\/wp-content\/uploads\/2020\/11\/indigente.jpeg","contentUrl":"https:\/\/reporteroshoy.mx\/noticias\/wp-content\/uploads\/2020\/11\/indigente.jpeg","width":768,"height":432},{"@type":"BreadcrumbList","@id":"https:\/\/reporteroshoy.mx\/noticias\/prision-preventiva-a-indigente-que-apunalo-a-su-companero-de-parranda\/#breadcrumb","itemListElement":[{"@type":"ListItem","position":1,"name":"Portada","item":"https:\/\/reporteroshoy.mx\/noticias\/"},{"@type":"ListItem","position":2,"name":"Prisi\u00f3n preventiva a indigente que apu\u00f1al\u00f3 a su compa\u00f1ero de parranda"}]},{"@type":"WebSite","@id":"https:\/\/reporteroshoy.mx\/noticias\/#website","url":"https:\/\/reporteroshoy.mx\/noticias\/","name":"Reporteros Hoy | Noticias de Yucat\u00e1n","description":"Peri\u00f3dico digital con noticias diarias desde M\u00e9rida, Yucat\u00e1n para el mundo.","potentialAction":[{"@type":"SearchAction","target":{"@type":"EntryPoint","urlTemplate":"https:\/\/reporteroshoy.mx\/noticias\/?s={search_term_string}"},"query-input":{"@type":"PropertyValueSpecification","valueRequired":true,"valueName":"search_term_string"}}],"inLanguage":"es"},{"@type":"Person","@id":"https:\/\/reporteroshoy.mx\/noticias\/#\/schema\/person\/49ae631fc906b44554e4ba3866c505d7","name":"Reporteros Hoy GS","image":{"@type":"ImageObject","inLanguage":"es","@id":"https:\/\/secure.gravatar.com\/avatar\/00d32adb620345c3db2cfc175917f65c584e1e338fdc49ad126aa1f9830eb6a9?s=96&d=mm&r=g","url":"https:\/\/secure.gravatar.com\/avatar\/00d32adb620345c3db2cfc175917f65c584e1e338fdc49ad126aa1f9830eb6a9?s=96&d=mm&r=g","contentUrl":"https:\/\/secure.gravatar.com\/avatar\/00d32adb620345c3db2cfc175917f65c584e1e338fdc49ad126aa1f9830eb6a9?s=96&d=mm&r=g","caption":"Reporteros Hoy GS"},"url":"https:\/\/reporteroshoy.mx\/noticias\/author\/lupis\/"}]}},"_links":{"self":[{"href":"https:\/\/reporteroshoy.mx\/noticias\/wp-json\/wp\/v2\/posts\/50214","targetHints":{"allow":["GET"]}}],"collection":[{"href":"https:\/\/reporteroshoy.mx\/noticias\/wp-json\/wp\/v2\/posts"}],"about":[{"href":"https:\/\/reporteroshoy.mx\/noticias\/wp-json\/wp\/v2\/types\/post"}],"author":[{"embeddable":true,"href":"https:\/\/reporteroshoy.mx\/noticias\/wp-json\/wp\/v2\/users\/6"}],"replies":[{"embeddable":true,"href":"https:\/\/reporteroshoy.mx\/noticias\/wp-json\/wp\/v2\/comments?post=50214"}],"version-history":[{"count":0,"href":"https:\/\/reporteroshoy.mx\/noticias\/wp-json\/wp\/v2\/posts\/50214\/revisions"}],"wp:featuredmedia":[{"embeddable":true,"href":"https:\/\/reporteroshoy.mx\/noticias\/wp-json\/wp\/v2\/media\/50215"}],"wp:attachment":[{"href":"https:\/\/reporteroshoy.mx\/noticias\/wp-json\/wp\/v2\/media?parent=50214"}],"wp:term":[{"taxonomy":"category","embeddable":true,"href":"https:\/\/reporteroshoy.mx\/noticias\/wp-json\/wp\/v2\/categories?post=50214"},{"taxonomy":"post_tag","embeddable":true,"href":"https:\/\/reporteroshoy.mx\/noticias\/wp-json\/wp\/v2\/tags?post=50214"}],"curies":[{"name":"wp","href":"https:\/\/api.w.org\/{rel}","templated":true}]}}