{"id":50590,"date":"2020-11-14T10:30:36","date_gmt":"2020-11-14T16:30:36","guid":{"rendered":"https:\/\/reporteroshoy.mx\/noticias\/?p=50590"},"modified":"2020-11-15T04:06:02","modified_gmt":"2020-11-15T10:06:02","slug":"cree-yucatan-prepara-apertura-sera-en-semaforo-amarillo","status":"publish","type":"post","link":"https:\/\/reporteroshoy.mx\/noticias\/cree-yucatan-prepara-apertura-sera-en-semaforo-amarillo\/","title":{"rendered":"CREE Yucat\u00e1n prepara apertura, ser\u00e1 en sem\u00e1foro amarillo"},"content":{"rendered":"<p dir=\"ltr\" style=\"text-align: justify;\">M\u00e9rida, Yucat\u00e1n; 14 de noviembre de 2020 (ACOM).- El Centro de Rehabilitaci\u00f3n y Educaci\u00f3n Especial (CREE) del DIF estatal trabaja en unas estrategias para brindar sesiones de atenci\u00f3n a pacientes con discapacidad de manera presencial, una vez que las autoridades de salud lo permitan.<\/p>\n<p dir=\"ltr\" style=\"text-align: justify;\">Mar\u00eda Cristina Castillo Espinosa, directora del DIF Yucat\u00e1n, explic\u00f3 que ser\u00e1 hasta que el sem\u00e1foro estatal del COVID-19 baje a color amarillo, cuando se podr\u00e1 efectuar terapias presenciales a los pacientes que acuden a este sitio, por lo que ahora se trabaja en integrar una estrategia de salud para desinfecci\u00f3n de espacios y medidas de distanciamiento social.<\/p>\n<p dir=\"ltr\" style=\"text-align: justify;\">\u00abEstamos trabajando en el acondicionamiento del gimnasio y los consultorios para mayor comodidad de los usuarios. Cuando el sem\u00e1foro marque amarillo, estos ya podr\u00e1n regresar\u00bb, dijo.<\/p>\n<p dir=\"ltr\"><img loading=\"lazy\" decoding=\"async\" class=\"wp-image-50591 aligncenter\" src=\"https:\/\/reporteroshoy.mx\/noticias\/wp-content\/uploads\/2020\/11\/Cree.jpg\" alt=\"\" width=\"598\" height=\"337\" \/><\/p>\n<p dir=\"ltr\" style=\"text-align: justify;\">Coment\u00f3 que el CREE ha desarrollado una estrategia para seguir atendiendo a sus pacientes, pues asegur\u00f3 que las terapias tienen que ser constantes para que los ni\u00f1os y j\u00f3venes con discapacidad puedan avanzar en su tratamiento.<\/p>\n<p dir=\"ltr\" style=\"text-align: justify;\">Castillo Espinosa record\u00f3 que este sitio atiende a unos 700 pacientes de M\u00e9rida y unos 14 mil de los dem\u00e1s municipios yucatecos.<\/p>\n<p style=\"text-align: justify;\">Por otro lado, mencion\u00f3 que tanto el DIF como la Procuradur\u00eda de Defensa del Menor y la Familia han estado atendiendo diversos casos de violencia que se han suscitado durante la contingencia por coronavirus, aunque no precis\u00f3 las cifras exactas.<\/p>\n","protected":false},"excerpt":{"rendered":"<p>Cuando el sem\u00e1foro est\u00e9 en amarillo ya se podr\u00e1n efectuar terapias de manera presencial, dijo Mar\u00eda Castillo Espinosa, directora del DIF Yucat\u00e1n.<\/p>\n","protected":false},"author":9,"featured_media":50591,"comment_status":"open","ping_status":"closed","sticky":false,"template":"","format":"standard","meta":{"footnotes":""},"categories":[17],"tags":[4849,12657,13793],"class_list":["post-50590","post","type-post","status-publish","format-standard","has-post-thumbnail","hentry","category-yucatan","tag-cree","tag-semaforo-amarillo","tag-terapias"],"yoast_head":"<!-- This site is optimized with the Yoast SEO plugin v28.3 - https:\/\/yoast.com\/product\/yoast-seo-wordpress\/ -->\n<title>CREE Yucat\u00e1n prepara apertura, ser\u00e1 en sem\u00e1foro amarillo<\/title>\n<meta name=\"description\" content=\"Cuando el sem\u00e1foro est\u00e9 en amarillo ya se podr\u00e1n efectuar terapias de manera presencial, dijo Mar\u00eda Castillo Espinosa, directora del DIF Yucat\u00e1n.\" \/>\n<meta name=\"robots\" content=\"index, follow, max-snippet:-1, max-image-preview:large, max-video-preview:-1\" \/>\n<link rel=\"canonical\" href=\"https:\/\/reporteroshoy.mx\/noticias\/cree-yucatan-prepara-apertura-sera-en-semaforo-amarillo\/\" \/>\n<meta property=\"og:locale\" content=\"es_ES\" \/>\n<meta property=\"og:type\" content=\"article\" \/>\n<meta property=\"og:title\" content=\"CREE Yucat\u00e1n prepara apertura, ser\u00e1 en sem\u00e1foro amarillo\" \/>\n<meta property=\"og:description\" content=\"Cuando el sem\u00e1foro est\u00e9 en amarillo ya se podr\u00e1n efectuar terapias de manera presencial, dijo Mar\u00eda Castillo Espinosa, directora del DIF Yucat\u00e1n.\" \/>\n<meta property=\"og:url\" content=\"https:\/\/reporteroshoy.mx\/noticias\/cree-yucatan-prepara-apertura-sera-en-semaforo-amarillo\/\" \/>\n<meta property=\"og:site_name\" content=\"Reporteros Hoy | Noticias de Yucat\u00e1n\" \/>\n<meta property=\"article:publisher\" content=\"http:\/\/www.facebook.com\/reporteroshoymx\" \/>\n<meta property=\"article:published_time\" content=\"2020-11-14T16:30:36+00:00\" \/>\n<meta property=\"article:modified_time\" content=\"2020-11-15T10:06:02+00:00\" \/>\n<meta property=\"og:image\" content=\"https:\/\/reporteroshoy.mx\/noticias\/wp-content\/uploads\/2020\/11\/Cree.jpg\" \/>\n\t<meta property=\"og:image:width\" content=\"768\" \/>\n\t<meta property=\"og:image:height\" content=\"432\" \/>\n\t<meta property=\"og:image:type\" content=\"image\/jpeg\" \/>\n<meta name=\"author\" content=\"Reporteros Hoy WP\" \/>\n<meta name=\"twitter:card\" content=\"summary_large_image\" \/>\n<meta name=\"twitter:creator\" content=\"@reporteroshoy\" \/>\n<meta name=\"twitter:site\" content=\"@reporteroshoy\" \/>\n<meta name=\"twitter:label1\" content=\"Escrito por\" \/>\n\t<meta name=\"twitter:data1\" content=\"Reporteros Hoy WP\" \/>\n\t<meta name=\"twitter:label2\" content=\"Tiempo de lectura\" \/>\n\t<meta name=\"twitter:data2\" content=\"1 minuto\" \/>\n<script type=\"application\/ld+json\" class=\"yoast-schema-graph\">{\"@context\":\"https:\\\/\\\/schema.org\",\"@graph\":[{\"@type\":\"Article\",\"@id\":\"https:\\\/\\\/reporteroshoy.mx\\\/noticias\\\/cree-yucatan-prepara-apertura-sera-en-semaforo-amarillo\\\/#article\",\"isPartOf\":{\"@id\":\"https:\\\/\\\/reporteroshoy.mx\\\/noticias\\\/cree-yucatan-prepara-apertura-sera-en-semaforo-amarillo\\\/\"},\"author\":{\"name\":\"Reporteros Hoy WP\",\"@id\":\"https:\\\/\\\/reporteroshoy.mx\\\/noticias\\\/#\\\/schema\\\/person\\\/c977527e57c958a62c5cefe8fe47876e\"},\"headline\":\"CREE Yucat\u00e1n prepara apertura, ser\u00e1 en sem\u00e1foro amarillo\",\"datePublished\":\"2020-11-14T16:30:36+00:00\",\"dateModified\":\"2020-11-15T10:06:02+00:00\",\"mainEntityOfPage\":{\"@id\":\"https:\\\/\\\/reporteroshoy.mx\\\/noticias\\\/cree-yucatan-prepara-apertura-sera-en-semaforo-amarillo\\\/\"},\"wordCount\":248,\"commentCount\":0,\"image\":{\"@id\":\"https:\\\/\\\/reporteroshoy.mx\\\/noticias\\\/cree-yucatan-prepara-apertura-sera-en-semaforo-amarillo\\\/#primaryimage\"},\"thumbnailUrl\":\"https:\\\/\\\/reporteroshoy.mx\\\/noticias\\\/wp-content\\\/uploads\\\/2020\\\/11\\\/Cree.jpg\",\"keywords\":[\"cree\",\"Sem\u00e1foro Amarillo\",\"Terapias\"],\"articleSection\":[\"Yucat\u00e1n\"],\"inLanguage\":\"es\",\"potentialAction\":[{\"@type\":\"CommentAction\",\"name\":\"Comment\",\"target\":[\"https:\\\/\\\/reporteroshoy.mx\\\/noticias\\\/cree-yucatan-prepara-apertura-sera-en-semaforo-amarillo\\\/#respond\"]}]},{\"@type\":\"WebPage\",\"@id\":\"https:\\\/\\\/reporteroshoy.mx\\\/noticias\\\/cree-yucatan-prepara-apertura-sera-en-semaforo-amarillo\\\/\",\"url\":\"https:\\\/\\\/reporteroshoy.mx\\\/noticias\\\/cree-yucatan-prepara-apertura-sera-en-semaforo-amarillo\\\/\",\"name\":\"CREE Yucat\u00e1n prepara apertura, ser\u00e1 en sem\u00e1foro amarillo\",\"isPartOf\":{\"@id\":\"https:\\\/\\\/reporteroshoy.mx\\\/noticias\\\/#website\"},\"primaryImageOfPage\":{\"@id\":\"https:\\\/\\\/reporteroshoy.mx\\\/noticias\\\/cree-yucatan-prepara-apertura-sera-en-semaforo-amarillo\\\/#primaryimage\"},\"image\":{\"@id\":\"https:\\\/\\\/reporteroshoy.mx\\\/noticias\\\/cree-yucatan-prepara-apertura-sera-en-semaforo-amarillo\\\/#primaryimage\"},\"thumbnailUrl\":\"https:\\\/\\\/reporteroshoy.mx\\\/noticias\\\/wp-content\\\/uploads\\\/2020\\\/11\\\/Cree.jpg\",\"datePublished\":\"2020-11-14T16:30:36+00:00\",\"dateModified\":\"2020-11-15T10:06:02+00:00\",\"author\":{\"@id\":\"https:\\\/\\\/reporteroshoy.mx\\\/noticias\\\/#\\\/schema\\\/person\\\/c977527e57c958a62c5cefe8fe47876e\"},\"description\":\"Cuando el sem\u00e1foro est\u00e9 en amarillo ya se podr\u00e1n efectuar terapias de manera presencial, dijo Mar\u00eda Castillo Espinosa, directora del DIF Yucat\u00e1n.\",\"breadcrumb\":{\"@id\":\"https:\\\/\\\/reporteroshoy.mx\\\/noticias\\\/cree-yucatan-prepara-apertura-sera-en-semaforo-amarillo\\\/#breadcrumb\"},\"inLanguage\":\"es\",\"potentialAction\":[{\"@type\":\"ReadAction\",\"target\":[\"https:\\\/\\\/reporteroshoy.mx\\\/noticias\\\/cree-yucatan-prepara-apertura-sera-en-semaforo-amarillo\\\/\"]}]},{\"@type\":\"ImageObject\",\"inLanguage\":\"es\",\"@id\":\"https:\\\/\\\/reporteroshoy.mx\\\/noticias\\\/cree-yucatan-prepara-apertura-sera-en-semaforo-amarillo\\\/#primaryimage\",\"url\":\"https:\\\/\\\/reporteroshoy.mx\\\/noticias\\\/wp-content\\\/uploads\\\/2020\\\/11\\\/Cree.jpg\",\"contentUrl\":\"https:\\\/\\\/reporteroshoy.mx\\\/noticias\\\/wp-content\\\/uploads\\\/2020\\\/11\\\/Cree.jpg\",\"width\":768,\"height\":432},{\"@type\":\"BreadcrumbList\",\"@id\":\"https:\\\/\\\/reporteroshoy.mx\\\/noticias\\\/cree-yucatan-prepara-apertura-sera-en-semaforo-amarillo\\\/#breadcrumb\",\"itemListElement\":[{\"@type\":\"ListItem\",\"position\":1,\"name\":\"Portada\",\"item\":\"https:\\\/\\\/reporteroshoy.mx\\\/noticias\\\/\"},{\"@type\":\"ListItem\",\"position\":2,\"name\":\"CREE Yucat\u00e1n prepara apertura, ser\u00e1 en sem\u00e1foro amarillo\"}]},{\"@type\":\"WebSite\",\"@id\":\"https:\\\/\\\/reporteroshoy.mx\\\/noticias\\\/#website\",\"url\":\"https:\\\/\\\/reporteroshoy.mx\\\/noticias\\\/\",\"name\":\"Reporteros Hoy | Noticias de Yucat\u00e1n\",\"description\":\"Peri\u00f3dico digital con noticias diarias desde M\u00e9rida, Yucat\u00e1n para el mundo.\",\"potentialAction\":[{\"@type\":\"SearchAction\",\"target\":{\"@type\":\"EntryPoint\",\"urlTemplate\":\"https:\\\/\\\/reporteroshoy.mx\\\/noticias\\\/?s={search_term_string}\"},\"query-input\":{\"@type\":\"PropertyValueSpecification\",\"valueRequired\":true,\"valueName\":\"search_term_string\"}}],\"inLanguage\":\"es\"},{\"@type\":\"Person\",\"@id\":\"https:\\\/\\\/reporteroshoy.mx\\\/noticias\\\/#\\\/schema\\\/person\\\/c977527e57c958a62c5cefe8fe47876e\",\"name\":\"Reporteros Hoy WP\",\"image\":{\"@type\":\"ImageObject\",\"inLanguage\":\"es\",\"@id\":\"https:\\\/\\\/secure.gravatar.com\\\/avatar\\\/fd2917f79a7dae30f8ac9ddc2f35e1756bb59e25e01d1cd09deaa64df7b2f73e?s=96&d=mm&r=g\",\"url\":\"https:\\\/\\\/secure.gravatar.com\\\/avatar\\\/fd2917f79a7dae30f8ac9ddc2f35e1756bb59e25e01d1cd09deaa64df7b2f73e?s=96&d=mm&r=g\",\"contentUrl\":\"https:\\\/\\\/secure.gravatar.com\\\/avatar\\\/fd2917f79a7dae30f8ac9ddc2f35e1756bb59e25e01d1cd09deaa64df7b2f73e?s=96&d=mm&r=g\",\"caption\":\"Reporteros Hoy WP\"},\"url\":\"https:\\\/\\\/reporteroshoy.mx\\\/noticias\\\/author\\\/walfer\\\/\"}]}<\/script>\n<!-- \/ Yoast SEO plugin. -->","yoast_head_json":{"title":"CREE Yucat\u00e1n prepara apertura, ser\u00e1 en sem\u00e1foro amarillo","description":"Cuando el sem\u00e1foro est\u00e9 en amarillo ya se podr\u00e1n efectuar terapias de manera presencial, dijo Mar\u00eda Castillo Espinosa, directora del DIF Yucat\u00e1n.","robots":{"index":"index","follow":"follow","max-snippet":"max-snippet:-1","max-image-preview":"max-image-preview:large","max-video-preview":"max-video-preview:-1"},"canonical":"https:\/\/reporteroshoy.mx\/noticias\/cree-yucatan-prepara-apertura-sera-en-semaforo-amarillo\/","og_locale":"es_ES","og_type":"article","og_title":"CREE Yucat\u00e1n prepara apertura, ser\u00e1 en sem\u00e1foro amarillo","og_description":"Cuando el sem\u00e1foro est\u00e9 en amarillo ya se podr\u00e1n efectuar terapias de manera presencial, dijo Mar\u00eda Castillo Espinosa, directora del DIF Yucat\u00e1n.","og_url":"https:\/\/reporteroshoy.mx\/noticias\/cree-yucatan-prepara-apertura-sera-en-semaforo-amarillo\/","og_site_name":"Reporteros Hoy | Noticias de Yucat\u00e1n","article_publisher":"http:\/\/www.facebook.com\/reporteroshoymx","article_published_time":"2020-11-14T16:30:36+00:00","article_modified_time":"2020-11-15T10:06:02+00:00","og_image":[{"width":768,"height":432,"url":"https:\/\/reporteroshoy.mx\/noticias\/wp-content\/uploads\/2020\/11\/Cree.jpg","type":"image\/jpeg"}],"author":"Reporteros Hoy WP","twitter_card":"summary_large_image","twitter_creator":"@reporteroshoy","twitter_site":"@reporteroshoy","twitter_misc":{"Escrito por":"Reporteros Hoy WP","Tiempo de lectura":"1 minuto"},"schema":{"@context":"https:\/\/schema.org","@graph":[{"@type":"Article","@id":"https:\/\/reporteroshoy.mx\/noticias\/cree-yucatan-prepara-apertura-sera-en-semaforo-amarillo\/#article","isPartOf":{"@id":"https:\/\/reporteroshoy.mx\/noticias\/cree-yucatan-prepara-apertura-sera-en-semaforo-amarillo\/"},"author":{"name":"Reporteros Hoy WP","@id":"https:\/\/reporteroshoy.mx\/noticias\/#\/schema\/person\/c977527e57c958a62c5cefe8fe47876e"},"headline":"CREE Yucat\u00e1n prepara apertura, ser\u00e1 en sem\u00e1foro amarillo","datePublished":"2020-11-14T16:30:36+00:00","dateModified":"2020-11-15T10:06:02+00:00","mainEntityOfPage":{"@id":"https:\/\/reporteroshoy.mx\/noticias\/cree-yucatan-prepara-apertura-sera-en-semaforo-amarillo\/"},"wordCount":248,"commentCount":0,"image":{"@id":"https:\/\/reporteroshoy.mx\/noticias\/cree-yucatan-prepara-apertura-sera-en-semaforo-amarillo\/#primaryimage"},"thumbnailUrl":"https:\/\/reporteroshoy.mx\/noticias\/wp-content\/uploads\/2020\/11\/Cree.jpg","keywords":["cree","Sem\u00e1foro Amarillo","Terapias"],"articleSection":["Yucat\u00e1n"],"inLanguage":"es","potentialAction":[{"@type":"CommentAction","name":"Comment","target":["https:\/\/reporteroshoy.mx\/noticias\/cree-yucatan-prepara-apertura-sera-en-semaforo-amarillo\/#respond"]}]},{"@type":"WebPage","@id":"https:\/\/reporteroshoy.mx\/noticias\/cree-yucatan-prepara-apertura-sera-en-semaforo-amarillo\/","url":"https:\/\/reporteroshoy.mx\/noticias\/cree-yucatan-prepara-apertura-sera-en-semaforo-amarillo\/","name":"CREE Yucat\u00e1n prepara apertura, ser\u00e1 en sem\u00e1foro amarillo","isPartOf":{"@id":"https:\/\/reporteroshoy.mx\/noticias\/#website"},"primaryImageOfPage":{"@id":"https:\/\/reporteroshoy.mx\/noticias\/cree-yucatan-prepara-apertura-sera-en-semaforo-amarillo\/#primaryimage"},"image":{"@id":"https:\/\/reporteroshoy.mx\/noticias\/cree-yucatan-prepara-apertura-sera-en-semaforo-amarillo\/#primaryimage"},"thumbnailUrl":"https:\/\/reporteroshoy.mx\/noticias\/wp-content\/uploads\/2020\/11\/Cree.jpg","datePublished":"2020-11-14T16:30:36+00:00","dateModified":"2020-11-15T10:06:02+00:00","author":{"@id":"https:\/\/reporteroshoy.mx\/noticias\/#\/schema\/person\/c977527e57c958a62c5cefe8fe47876e"},"description":"Cuando el sem\u00e1foro est\u00e9 en amarillo ya se podr\u00e1n efectuar terapias de manera presencial, dijo Mar\u00eda Castillo Espinosa, directora del DIF Yucat\u00e1n.","breadcrumb":{"@id":"https:\/\/reporteroshoy.mx\/noticias\/cree-yucatan-prepara-apertura-sera-en-semaforo-amarillo\/#breadcrumb"},"inLanguage":"es","potentialAction":[{"@type":"ReadAction","target":["https:\/\/reporteroshoy.mx\/noticias\/cree-yucatan-prepara-apertura-sera-en-semaforo-amarillo\/"]}]},{"@type":"ImageObject","inLanguage":"es","@id":"https:\/\/reporteroshoy.mx\/noticias\/cree-yucatan-prepara-apertura-sera-en-semaforo-amarillo\/#primaryimage","url":"https:\/\/reporteroshoy.mx\/noticias\/wp-content\/uploads\/2020\/11\/Cree.jpg","contentUrl":"https:\/\/reporteroshoy.mx\/noticias\/wp-content\/uploads\/2020\/11\/Cree.jpg","width":768,"height":432},{"@type":"BreadcrumbList","@id":"https:\/\/reporteroshoy.mx\/noticias\/cree-yucatan-prepara-apertura-sera-en-semaforo-amarillo\/#breadcrumb","itemListElement":[{"@type":"ListItem","position":1,"name":"Portada","item":"https:\/\/reporteroshoy.mx\/noticias\/"},{"@type":"ListItem","position":2,"name":"CREE Yucat\u00e1n prepara apertura, ser\u00e1 en sem\u00e1foro amarillo"}]},{"@type":"WebSite","@id":"https:\/\/reporteroshoy.mx\/noticias\/#website","url":"https:\/\/reporteroshoy.mx\/noticias\/","name":"Reporteros Hoy | Noticias de Yucat\u00e1n","description":"Peri\u00f3dico digital con noticias diarias desde M\u00e9rida, Yucat\u00e1n para el mundo.","potentialAction":[{"@type":"SearchAction","target":{"@type":"EntryPoint","urlTemplate":"https:\/\/reporteroshoy.mx\/noticias\/?s={search_term_string}"},"query-input":{"@type":"PropertyValueSpecification","valueRequired":true,"valueName":"search_term_string"}}],"inLanguage":"es"},{"@type":"Person","@id":"https:\/\/reporteroshoy.mx\/noticias\/#\/schema\/person\/c977527e57c958a62c5cefe8fe47876e","name":"Reporteros Hoy WP","image":{"@type":"ImageObject","inLanguage":"es","@id":"https:\/\/secure.gravatar.com\/avatar\/fd2917f79a7dae30f8ac9ddc2f35e1756bb59e25e01d1cd09deaa64df7b2f73e?s=96&d=mm&r=g","url":"https:\/\/secure.gravatar.com\/avatar\/fd2917f79a7dae30f8ac9ddc2f35e1756bb59e25e01d1cd09deaa64df7b2f73e?s=96&d=mm&r=g","contentUrl":"https:\/\/secure.gravatar.com\/avatar\/fd2917f79a7dae30f8ac9ddc2f35e1756bb59e25e01d1cd09deaa64df7b2f73e?s=96&d=mm&r=g","caption":"Reporteros Hoy WP"},"url":"https:\/\/reporteroshoy.mx\/noticias\/author\/walfer\/"}]}},"_links":{"self":[{"href":"https:\/\/reporteroshoy.mx\/noticias\/wp-json\/wp\/v2\/posts\/50590","targetHints":{"allow":["GET"]}}],"collection":[{"href":"https:\/\/reporteroshoy.mx\/noticias\/wp-json\/wp\/v2\/posts"}],"about":[{"href":"https:\/\/reporteroshoy.mx\/noticias\/wp-json\/wp\/v2\/types\/post"}],"author":[{"embeddable":true,"href":"https:\/\/reporteroshoy.mx\/noticias\/wp-json\/wp\/v2\/users\/9"}],"replies":[{"embeddable":true,"href":"https:\/\/reporteroshoy.mx\/noticias\/wp-json\/wp\/v2\/comments?post=50590"}],"version-history":[{"count":0,"href":"https:\/\/reporteroshoy.mx\/noticias\/wp-json\/wp\/v2\/posts\/50590\/revisions"}],"wp:featuredmedia":[{"embeddable":true,"href":"https:\/\/reporteroshoy.mx\/noticias\/wp-json\/wp\/v2\/media\/50591"}],"wp:attachment":[{"href":"https:\/\/reporteroshoy.mx\/noticias\/wp-json\/wp\/v2\/media?parent=50590"}],"wp:term":[{"taxonomy":"category","embeddable":true,"href":"https:\/\/reporteroshoy.mx\/noticias\/wp-json\/wp\/v2\/categories?post=50590"},{"taxonomy":"post_tag","embeddable":true,"href":"https:\/\/reporteroshoy.mx\/noticias\/wp-json\/wp\/v2\/tags?post=50590"}],"curies":[{"name":"wp","href":"https:\/\/api.w.org\/{rel}","templated":true}]}}