{"id":50651,"date":"2020-11-15T12:00:52","date_gmt":"2020-11-15T18:00:52","guid":{"rendered":"https:\/\/reporteroshoy.mx\/noticias\/?p=50651"},"modified":"2020-11-17T12:28:27","modified_gmt":"2020-11-17T18:28:27","slug":"despiden-al-cristo-de-la-exaltacion-con-discreta-peregrinacion","status":"publish","type":"post","link":"https:\/\/reporteroshoy.mx\/noticias\/despiden-al-cristo-de-la-exaltacion-con-discreta-peregrinacion\/","title":{"rendered":"Despiden al Cristo de la Exaltaci\u00f3n con discreta peregrinaci\u00f3n"},"content":{"rendered":"<p style=\"text-align: justify;\"><span style=\"color: #000000;\">Izamal, Yucat\u00e1n, 15 de noviembre de 2020 (ACOM).- La misa de despedida en honor al santo Cristo de la Exaltaci\u00f3n de Citilcum antes de partir a Tekant\u00f3 se celebr\u00f3 a puertas cerradas y con un reducido n\u00famero de fieles.<\/span><\/p>\n<p style=\"text-align: justify;\"><span style=\"color: #000000;\">La parroquia transmiti\u00f3 la ceremonia a trav\u00e9s de su cuenta de Facebook, en la cual muchos cat\u00f3licos pudieron vivir su fe.<\/span><\/p>\n<p><span style=\"color: #000000;\"><img loading=\"lazy\" decoding=\"async\" class=\"wp-image-50654 aligncenter\" src=\"https:\/\/reporteroshoy.mx\/noticias\/wp-content\/uploads\/2020\/11\/CITILCUM_CRISTO-2.jpg\" alt=\"\" width=\"632\" height=\"573\" \/><\/span><\/p>\n<p style=\"text-align: justify;\"><span style=\"color: #000000;\">Durante la homil\u00eda, el presb\u00edtero, Roger Antonio Mukul Cen, destac\u00f3 que, como muchas cosas, la peregrinaci\u00f3n ha cambiado para evitar contagios de coronavirus, pero la convicci\u00f3n se mantiene intacta.<\/span><\/p>\n<p style=\"text-align: justify;\"><span style=\"color: #000000;\">\u00abSeamos como ese trabajador que supo multiplicar los recursos que le fueron confiados por su se\u00f1or y no como aquel que, por temor a perderlos, los guard\u00f3 sin multiplicar su valor, hagamos buenas obras y seamos multiplicadores de las bendiciones de Cristo\u00bb, expres\u00f3.<\/span><\/p>\n<p><span style=\"color: #000000;\"><img loading=\"lazy\" decoding=\"async\" class=\"wp-image-50653 aligncenter\" src=\"https:\/\/reporteroshoy.mx\/noticias\/wp-content\/uploads\/2020\/11\/CITILCUM_CRISTO-3.jpg\" alt=\"\" width=\"627\" height=\"352\" \/><\/span><\/p>\n<p style=\"text-align: justify;\"><span style=\"color: #000000;\">En el momento en que fue sacada la imagen no hab\u00edan m\u00e1s de 100 feligreses en los alrededores de la iglesia y la comitiva que arrib\u00f3 de Tekant\u00f3 subi\u00f3 la urna de madera a una camioneta acondicionada para el traslado.<\/span><\/p>\n<p style=\"text-align: justify;\"><span style=\"color: #000000;\">La comitiva, de poco m\u00e1s de 20 veh\u00edculos, sali\u00f3 en caravana a unos hasta cruzar la plaza principal que luci\u00f3 semivac\u00eda ya que, contrario a a\u00f1os anteriores, el bullicio del centro llen\u00f3 de vendedores de tacos de cochinita o tamales era la viva imagen de una comunidad llena de vida y que celebraban la peregrinaci\u00f3n de su santo patrono.<\/span><\/p>\n","protected":false},"excerpt":{"rendered":"<p>La misa de despedida en Citilcum, antes de partir a Tekant\u00f3, se celebr\u00f3 a puertas cerradas y con un reducido n\u00famero de fieles.<\/p>\n","protected":false},"author":5,"featured_media":50652,"comment_status":"open","ping_status":"closed","sticky":false,"template":"","format":"standard","meta":{"footnotes":""},"categories":[11],"tags":[242,7128,1212],"class_list":["post-50651","post","type-post","status-publish","format-standard","has-post-thumbnail","hentry","category-municipios-de-yucatan","tag-citilcum","tag-cristo-de-la-exaltacion","tag-tekanto"],"yoast_head":"<!-- This site is optimized with the Yoast SEO plugin v28.4 - https:\/\/yoast.com\/product\/yoast-seo-wordpress\/ -->\n<title>Despiden al Cristo de la Exaltaci\u00f3n con discreta peregrinaci\u00f3n<\/title>\n<meta name=\"description\" content=\"La misa de despedida en Citilcum, antes de partir a Tekant\u00f3, se celebr\u00f3 a puertas cerradas y con un reducido n\u00famero de fieles.\" \/>\n<meta name=\"robots\" content=\"index, follow, max-snippet:-1, max-image-preview:large, max-video-preview:-1\" \/>\n<link rel=\"canonical\" href=\"https:\/\/reporteroshoy.mx\/noticias\/despiden-al-cristo-de-la-exaltacion-con-discreta-peregrinacion\/\" \/>\n<meta property=\"og:locale\" content=\"es_ES\" \/>\n<meta property=\"og:type\" content=\"article\" \/>\n<meta property=\"og:title\" content=\"Despiden al Cristo de la Exaltaci\u00f3n con discreta peregrinaci\u00f3n\" \/>\n<meta property=\"og:description\" content=\"La misa de despedida en Citilcum, antes de partir a Tekant\u00f3, se celebr\u00f3 a puertas cerradas y con un reducido n\u00famero de fieles.\" \/>\n<meta property=\"og:url\" content=\"https:\/\/reporteroshoy.mx\/noticias\/despiden-al-cristo-de-la-exaltacion-con-discreta-peregrinacion\/\" \/>\n<meta property=\"og:site_name\" content=\"Reporteros Hoy | Noticias de Yucat\u00e1n\" \/>\n<meta property=\"article:publisher\" content=\"http:\/\/www.facebook.com\/reporteroshoymx\" \/>\n<meta property=\"article:published_time\" content=\"2020-11-15T18:00:52+00:00\" \/>\n<meta property=\"article:modified_time\" content=\"2020-11-17T18:28:27+00:00\" \/>\n<meta property=\"og:image\" content=\"https:\/\/reporteroshoy.mx\/noticias\/wp-content\/uploads\/2020\/11\/CITILCUM_CRISTO-1.jpg\" \/>\n\t<meta property=\"og:image:width\" content=\"768\" \/>\n\t<meta property=\"og:image:height\" content=\"511\" \/>\n\t<meta property=\"og:image:type\" content=\"image\/jpeg\" \/>\n<meta name=\"author\" content=\"Reporteros Hoy IM\" \/>\n<meta name=\"twitter:card\" content=\"summary_large_image\" \/>\n<meta name=\"twitter:creator\" content=\"@reporteroshoy\" \/>\n<meta name=\"twitter:site\" content=\"@reporteroshoy\" \/>\n<meta name=\"twitter:label1\" content=\"Escrito por\" \/>\n\t<meta name=\"twitter:data1\" content=\"Reporteros Hoy IM\" \/>\n\t<meta name=\"twitter:label2\" content=\"Tiempo de lectura\" \/>\n\t<meta name=\"twitter:data2\" content=\"1 minuto\" \/>\n<script type=\"application\/ld+json\" class=\"yoast-schema-graph\">{\"@context\":\"https:\\\/\\\/schema.org\",\"@graph\":[{\"@type\":\"Article\",\"@id\":\"https:\\\/\\\/reporteroshoy.mx\\\/noticias\\\/despiden-al-cristo-de-la-exaltacion-con-discreta-peregrinacion\\\/#article\",\"isPartOf\":{\"@id\":\"https:\\\/\\\/reporteroshoy.mx\\\/noticias\\\/despiden-al-cristo-de-la-exaltacion-con-discreta-peregrinacion\\\/\"},\"author\":{\"name\":\"Reporteros Hoy IM\",\"@id\":\"https:\\\/\\\/reporteroshoy.mx\\\/noticias\\\/#\\\/schema\\\/person\\\/948520f0d88b01be2e5266bc4acbbc15\"},\"headline\":\"Despiden al Cristo de la Exaltaci\u00f3n con discreta peregrinaci\u00f3n\",\"datePublished\":\"2020-11-15T18:00:52+00:00\",\"dateModified\":\"2020-11-17T18:28:27+00:00\",\"mainEntityOfPage\":{\"@id\":\"https:\\\/\\\/reporteroshoy.mx\\\/noticias\\\/despiden-al-cristo-de-la-exaltacion-con-discreta-peregrinacion\\\/\"},\"wordCount\":256,\"commentCount\":0,\"image\":{\"@id\":\"https:\\\/\\\/reporteroshoy.mx\\\/noticias\\\/despiden-al-cristo-de-la-exaltacion-con-discreta-peregrinacion\\\/#primaryimage\"},\"thumbnailUrl\":\"https:\\\/\\\/reporteroshoy.mx\\\/noticias\\\/wp-content\\\/uploads\\\/2020\\\/11\\\/CITILCUM_CRISTO-1.jpg\",\"keywords\":[\"citilcum\",\"Cristo de la Exaltaci\u00f3n\",\"Tekant\u00f3\"],\"articleSection\":[\"Municipios\"],\"inLanguage\":\"es\",\"potentialAction\":[{\"@type\":\"CommentAction\",\"name\":\"Comment\",\"target\":[\"https:\\\/\\\/reporteroshoy.mx\\\/noticias\\\/despiden-al-cristo-de-la-exaltacion-con-discreta-peregrinacion\\\/#respond\"]}]},{\"@type\":\"WebPage\",\"@id\":\"https:\\\/\\\/reporteroshoy.mx\\\/noticias\\\/despiden-al-cristo-de-la-exaltacion-con-discreta-peregrinacion\\\/\",\"url\":\"https:\\\/\\\/reporteroshoy.mx\\\/noticias\\\/despiden-al-cristo-de-la-exaltacion-con-discreta-peregrinacion\\\/\",\"name\":\"Despiden al Cristo de la Exaltaci\u00f3n con discreta peregrinaci\u00f3n\",\"isPartOf\":{\"@id\":\"https:\\\/\\\/reporteroshoy.mx\\\/noticias\\\/#website\"},\"primaryImageOfPage\":{\"@id\":\"https:\\\/\\\/reporteroshoy.mx\\\/noticias\\\/despiden-al-cristo-de-la-exaltacion-con-discreta-peregrinacion\\\/#primaryimage\"},\"image\":{\"@id\":\"https:\\\/\\\/reporteroshoy.mx\\\/noticias\\\/despiden-al-cristo-de-la-exaltacion-con-discreta-peregrinacion\\\/#primaryimage\"},\"thumbnailUrl\":\"https:\\\/\\\/reporteroshoy.mx\\\/noticias\\\/wp-content\\\/uploads\\\/2020\\\/11\\\/CITILCUM_CRISTO-1.jpg\",\"datePublished\":\"2020-11-15T18:00:52+00:00\",\"dateModified\":\"2020-11-17T18:28:27+00:00\",\"author\":{\"@id\":\"https:\\\/\\\/reporteroshoy.mx\\\/noticias\\\/#\\\/schema\\\/person\\\/948520f0d88b01be2e5266bc4acbbc15\"},\"description\":\"La misa de despedida en Citilcum, antes de partir a Tekant\u00f3, se celebr\u00f3 a puertas cerradas y con un reducido n\u00famero de fieles.\",\"breadcrumb\":{\"@id\":\"https:\\\/\\\/reporteroshoy.mx\\\/noticias\\\/despiden-al-cristo-de-la-exaltacion-con-discreta-peregrinacion\\\/#breadcrumb\"},\"inLanguage\":\"es\",\"potentialAction\":[{\"@type\":\"ReadAction\",\"target\":[\"https:\\\/\\\/reporteroshoy.mx\\\/noticias\\\/despiden-al-cristo-de-la-exaltacion-con-discreta-peregrinacion\\\/\"]}]},{\"@type\":\"ImageObject\",\"inLanguage\":\"es\",\"@id\":\"https:\\\/\\\/reporteroshoy.mx\\\/noticias\\\/despiden-al-cristo-de-la-exaltacion-con-discreta-peregrinacion\\\/#primaryimage\",\"url\":\"https:\\\/\\\/reporteroshoy.mx\\\/noticias\\\/wp-content\\\/uploads\\\/2020\\\/11\\\/CITILCUM_CRISTO-1.jpg\",\"contentUrl\":\"https:\\\/\\\/reporteroshoy.mx\\\/noticias\\\/wp-content\\\/uploads\\\/2020\\\/11\\\/CITILCUM_CRISTO-1.jpg\",\"width\":768,\"height\":511},{\"@type\":\"BreadcrumbList\",\"@id\":\"https:\\\/\\\/reporteroshoy.mx\\\/noticias\\\/despiden-al-cristo-de-la-exaltacion-con-discreta-peregrinacion\\\/#breadcrumb\",\"itemListElement\":[{\"@type\":\"ListItem\",\"position\":1,\"name\":\"Portada\",\"item\":\"https:\\\/\\\/reporteroshoy.mx\\\/noticias\\\/\"},{\"@type\":\"ListItem\",\"position\":2,\"name\":\"Despiden al Cristo de la Exaltaci\u00f3n con discreta peregrinaci\u00f3n\"}]},{\"@type\":\"WebSite\",\"@id\":\"https:\\\/\\\/reporteroshoy.mx\\\/noticias\\\/#website\",\"url\":\"https:\\\/\\\/reporteroshoy.mx\\\/noticias\\\/\",\"name\":\"Reporteros Hoy | Noticias de Yucat\u00e1n\",\"description\":\"Peri\u00f3dico digital con noticias diarias desde M\u00e9rida, Yucat\u00e1n para el mundo.\",\"potentialAction\":[{\"@type\":\"SearchAction\",\"target\":{\"@type\":\"EntryPoint\",\"urlTemplate\":\"https:\\\/\\\/reporteroshoy.mx\\\/noticias\\\/?s={search_term_string}\"},\"query-input\":{\"@type\":\"PropertyValueSpecification\",\"valueRequired\":true,\"valueName\":\"search_term_string\"}}],\"inLanguage\":\"es\"},{\"@type\":\"Person\",\"@id\":\"https:\\\/\\\/reporteroshoy.mx\\\/noticias\\\/#\\\/schema\\\/person\\\/948520f0d88b01be2e5266bc4acbbc15\",\"name\":\"Reporteros Hoy IM\",\"image\":{\"@type\":\"ImageObject\",\"inLanguage\":\"es\",\"@id\":\"https:\\\/\\\/secure.gravatar.com\\\/avatar\\\/d843030b96552826ac048bdfe26f2895604b800ed0c880ee55765a74d95dfc65?s=96&d=mm&r=g\",\"url\":\"https:\\\/\\\/secure.gravatar.com\\\/avatar\\\/d843030b96552826ac048bdfe26f2895604b800ed0c880ee55765a74d95dfc65?s=96&d=mm&r=g\",\"contentUrl\":\"https:\\\/\\\/secure.gravatar.com\\\/avatar\\\/d843030b96552826ac048bdfe26f2895604b800ed0c880ee55765a74d95dfc65?s=96&d=mm&r=g\",\"caption\":\"Reporteros Hoy IM\"},\"url\":\"https:\\\/\\\/reporteroshoy.mx\\\/noticias\\\/author\\\/israel\\\/\"}]}<\/script>\n<!-- \/ Yoast SEO plugin. -->","yoast_head_json":{"title":"Despiden al Cristo de la Exaltaci\u00f3n con discreta peregrinaci\u00f3n","description":"La misa de despedida en Citilcum, antes de partir a Tekant\u00f3, se celebr\u00f3 a puertas cerradas y con un reducido n\u00famero de fieles.","robots":{"index":"index","follow":"follow","max-snippet":"max-snippet:-1","max-image-preview":"max-image-preview:large","max-video-preview":"max-video-preview:-1"},"canonical":"https:\/\/reporteroshoy.mx\/noticias\/despiden-al-cristo-de-la-exaltacion-con-discreta-peregrinacion\/","og_locale":"es_ES","og_type":"article","og_title":"Despiden al Cristo de la Exaltaci\u00f3n con discreta peregrinaci\u00f3n","og_description":"La misa de despedida en Citilcum, antes de partir a Tekant\u00f3, se celebr\u00f3 a puertas cerradas y con un reducido n\u00famero de fieles.","og_url":"https:\/\/reporteroshoy.mx\/noticias\/despiden-al-cristo-de-la-exaltacion-con-discreta-peregrinacion\/","og_site_name":"Reporteros Hoy | Noticias de Yucat\u00e1n","article_publisher":"http:\/\/www.facebook.com\/reporteroshoymx","article_published_time":"2020-11-15T18:00:52+00:00","article_modified_time":"2020-11-17T18:28:27+00:00","og_image":[{"width":768,"height":511,"url":"https:\/\/reporteroshoy.mx\/noticias\/wp-content\/uploads\/2020\/11\/CITILCUM_CRISTO-1.jpg","type":"image\/jpeg"}],"author":"Reporteros Hoy IM","twitter_card":"summary_large_image","twitter_creator":"@reporteroshoy","twitter_site":"@reporteroshoy","twitter_misc":{"Escrito por":"Reporteros Hoy IM","Tiempo de lectura":"1 minuto"},"schema":{"@context":"https:\/\/schema.org","@graph":[{"@type":"Article","@id":"https:\/\/reporteroshoy.mx\/noticias\/despiden-al-cristo-de-la-exaltacion-con-discreta-peregrinacion\/#article","isPartOf":{"@id":"https:\/\/reporteroshoy.mx\/noticias\/despiden-al-cristo-de-la-exaltacion-con-discreta-peregrinacion\/"},"author":{"name":"Reporteros Hoy IM","@id":"https:\/\/reporteroshoy.mx\/noticias\/#\/schema\/person\/948520f0d88b01be2e5266bc4acbbc15"},"headline":"Despiden al Cristo de la Exaltaci\u00f3n con discreta peregrinaci\u00f3n","datePublished":"2020-11-15T18:00:52+00:00","dateModified":"2020-11-17T18:28:27+00:00","mainEntityOfPage":{"@id":"https:\/\/reporteroshoy.mx\/noticias\/despiden-al-cristo-de-la-exaltacion-con-discreta-peregrinacion\/"},"wordCount":256,"commentCount":0,"image":{"@id":"https:\/\/reporteroshoy.mx\/noticias\/despiden-al-cristo-de-la-exaltacion-con-discreta-peregrinacion\/#primaryimage"},"thumbnailUrl":"https:\/\/reporteroshoy.mx\/noticias\/wp-content\/uploads\/2020\/11\/CITILCUM_CRISTO-1.jpg","keywords":["citilcum","Cristo de la Exaltaci\u00f3n","Tekant\u00f3"],"articleSection":["Municipios"],"inLanguage":"es","potentialAction":[{"@type":"CommentAction","name":"Comment","target":["https:\/\/reporteroshoy.mx\/noticias\/despiden-al-cristo-de-la-exaltacion-con-discreta-peregrinacion\/#respond"]}]},{"@type":"WebPage","@id":"https:\/\/reporteroshoy.mx\/noticias\/despiden-al-cristo-de-la-exaltacion-con-discreta-peregrinacion\/","url":"https:\/\/reporteroshoy.mx\/noticias\/despiden-al-cristo-de-la-exaltacion-con-discreta-peregrinacion\/","name":"Despiden al Cristo de la Exaltaci\u00f3n con discreta peregrinaci\u00f3n","isPartOf":{"@id":"https:\/\/reporteroshoy.mx\/noticias\/#website"},"primaryImageOfPage":{"@id":"https:\/\/reporteroshoy.mx\/noticias\/despiden-al-cristo-de-la-exaltacion-con-discreta-peregrinacion\/#primaryimage"},"image":{"@id":"https:\/\/reporteroshoy.mx\/noticias\/despiden-al-cristo-de-la-exaltacion-con-discreta-peregrinacion\/#primaryimage"},"thumbnailUrl":"https:\/\/reporteroshoy.mx\/noticias\/wp-content\/uploads\/2020\/11\/CITILCUM_CRISTO-1.jpg","datePublished":"2020-11-15T18:00:52+00:00","dateModified":"2020-11-17T18:28:27+00:00","author":{"@id":"https:\/\/reporteroshoy.mx\/noticias\/#\/schema\/person\/948520f0d88b01be2e5266bc4acbbc15"},"description":"La misa de despedida en Citilcum, antes de partir a Tekant\u00f3, se celebr\u00f3 a puertas cerradas y con un reducido n\u00famero de fieles.","breadcrumb":{"@id":"https:\/\/reporteroshoy.mx\/noticias\/despiden-al-cristo-de-la-exaltacion-con-discreta-peregrinacion\/#breadcrumb"},"inLanguage":"es","potentialAction":[{"@type":"ReadAction","target":["https:\/\/reporteroshoy.mx\/noticias\/despiden-al-cristo-de-la-exaltacion-con-discreta-peregrinacion\/"]}]},{"@type":"ImageObject","inLanguage":"es","@id":"https:\/\/reporteroshoy.mx\/noticias\/despiden-al-cristo-de-la-exaltacion-con-discreta-peregrinacion\/#primaryimage","url":"https:\/\/reporteroshoy.mx\/noticias\/wp-content\/uploads\/2020\/11\/CITILCUM_CRISTO-1.jpg","contentUrl":"https:\/\/reporteroshoy.mx\/noticias\/wp-content\/uploads\/2020\/11\/CITILCUM_CRISTO-1.jpg","width":768,"height":511},{"@type":"BreadcrumbList","@id":"https:\/\/reporteroshoy.mx\/noticias\/despiden-al-cristo-de-la-exaltacion-con-discreta-peregrinacion\/#breadcrumb","itemListElement":[{"@type":"ListItem","position":1,"name":"Portada","item":"https:\/\/reporteroshoy.mx\/noticias\/"},{"@type":"ListItem","position":2,"name":"Despiden al Cristo de la Exaltaci\u00f3n con discreta peregrinaci\u00f3n"}]},{"@type":"WebSite","@id":"https:\/\/reporteroshoy.mx\/noticias\/#website","url":"https:\/\/reporteroshoy.mx\/noticias\/","name":"Reporteros Hoy | Noticias de Yucat\u00e1n","description":"Peri\u00f3dico digital con noticias diarias desde M\u00e9rida, Yucat\u00e1n para el mundo.","potentialAction":[{"@type":"SearchAction","target":{"@type":"EntryPoint","urlTemplate":"https:\/\/reporteroshoy.mx\/noticias\/?s={search_term_string}"},"query-input":{"@type":"PropertyValueSpecification","valueRequired":true,"valueName":"search_term_string"}}],"inLanguage":"es"},{"@type":"Person","@id":"https:\/\/reporteroshoy.mx\/noticias\/#\/schema\/person\/948520f0d88b01be2e5266bc4acbbc15","name":"Reporteros Hoy IM","image":{"@type":"ImageObject","inLanguage":"es","@id":"https:\/\/secure.gravatar.com\/avatar\/d843030b96552826ac048bdfe26f2895604b800ed0c880ee55765a74d95dfc65?s=96&d=mm&r=g","url":"https:\/\/secure.gravatar.com\/avatar\/d843030b96552826ac048bdfe26f2895604b800ed0c880ee55765a74d95dfc65?s=96&d=mm&r=g","contentUrl":"https:\/\/secure.gravatar.com\/avatar\/d843030b96552826ac048bdfe26f2895604b800ed0c880ee55765a74d95dfc65?s=96&d=mm&r=g","caption":"Reporteros Hoy IM"},"url":"https:\/\/reporteroshoy.mx\/noticias\/author\/israel\/"}]}},"_links":{"self":[{"href":"https:\/\/reporteroshoy.mx\/noticias\/wp-json\/wp\/v2\/posts\/50651","targetHints":{"allow":["GET"]}}],"collection":[{"href":"https:\/\/reporteroshoy.mx\/noticias\/wp-json\/wp\/v2\/posts"}],"about":[{"href":"https:\/\/reporteroshoy.mx\/noticias\/wp-json\/wp\/v2\/types\/post"}],"author":[{"embeddable":true,"href":"https:\/\/reporteroshoy.mx\/noticias\/wp-json\/wp\/v2\/users\/5"}],"replies":[{"embeddable":true,"href":"https:\/\/reporteroshoy.mx\/noticias\/wp-json\/wp\/v2\/comments?post=50651"}],"version-history":[{"count":0,"href":"https:\/\/reporteroshoy.mx\/noticias\/wp-json\/wp\/v2\/posts\/50651\/revisions"}],"wp:featuredmedia":[{"embeddable":true,"href":"https:\/\/reporteroshoy.mx\/noticias\/wp-json\/wp\/v2\/media\/50652"}],"wp:attachment":[{"href":"https:\/\/reporteroshoy.mx\/noticias\/wp-json\/wp\/v2\/media?parent=50651"}],"wp:term":[{"taxonomy":"category","embeddable":true,"href":"https:\/\/reporteroshoy.mx\/noticias\/wp-json\/wp\/v2\/categories?post=50651"},{"taxonomy":"post_tag","embeddable":true,"href":"https:\/\/reporteroshoy.mx\/noticias\/wp-json\/wp\/v2\/tags?post=50651"}],"curies":[{"name":"wp","href":"https:\/\/api.w.org\/{rel}","templated":true}]}}