{"id":50697,"date":"2020-11-16T09:30:19","date_gmt":"2020-11-16T15:30:19","guid":{"rendered":"https:\/\/reporteroshoy.mx\/noticias\/?p=50697"},"modified":"2020-11-17T12:17:48","modified_gmt":"2020-11-17T18:17:48","slug":"temen-catastrofe-en-nicaragua-por-poderoso-huracan-iota","status":"publish","type":"post","link":"https:\/\/reporteroshoy.mx\/noticias\/temen-catastrofe-en-nicaragua-por-poderoso-huracan-iota\/","title":{"rendered":"Temen cat\u00e1strofe en Nicaragua por poderoso hurac\u00e1n &#8216;Iota&#8217;"},"content":{"rendered":"<p style=\"text-align: justify;\">Nicaragua; 16 de noviembre de 2020 (AFP).- El hurac\u00e1n\u00a0Iota\u00a0se convirti\u00f3 en un\u00a0potente cicl\u00f3n\u00a0de\u00a0categor\u00eda cinco, la\u00a0m\u00e1xima, al acercarse este lunes al\u00a0Caribe\u00a0de\u00a0Nicaragua, donde\u00a0pobladores\u00a0fueron\u00a0evacuados\u00a0y albergados ante esta nueva\u00a0amenaza\u00a0para\u00a0Centroam\u00e9rica, dos semanas despu\u00e9s del\u00a0devastador paso\u00a0de\u00a0Eta.<\/p>\n<p style=\"text-align: justify;\">Afectar\u00e1 la misma regi\u00f3n que dos semanas atr\u00e1s sufri\u00f3 el violento embate del hurac\u00e1n\u00a0Eta, que dej\u00f3 m\u00e1s de 200 muertos y 2.5 millones de afectados en el istmo.<\/p>\n<p style=\"text-align: justify;\">El\u00a0Centro Nacional de Huracanes de Estados Unidos (NHC)\u00a0revel\u00f3 que Iota alcanz\u00f3\u00a0vientos m\u00e1ximos de 260 km\/h\u00a0horas antes de que arremeta contra el\u00a0Caribe centroamericano, entre\u00a0Nicaragua\u00a0y\u00a0Honduras.<\/p>\n<p style=\"text-align: justify;\">\u00abSe espera que Iota se mantenga como un catastr\u00f3fico hurac\u00e1n categor\u00eda 5 al acercarse esta noche (del lunes) a la costa noreste de Nicaragua\u00bb, indic\u00f3 el NHC en un reporte.<\/p>\n<p style=\"text-align: justify;\">Advirti\u00f3 que se esperan \u00abfuertes lluvias, inundaciones repentinas y crecidas de r\u00edos que amenazan la vida\u00bb a lo largo de partes de Centroam\u00e9rica.<\/p>\n<p style=\"text-align: justify;\">El impacto ser\u00eda mayor en el noreste de Nicaragua y el este de Honduras, zonas a\u00fan devastadas por\u00a0Eta.<\/p>\n<p style=\"text-align: justify;\">La evacuaci\u00f3n masiva de las comunidades nicarag\u00fcenses de Karat\u00e1, Wonta, Wawabar, golpeadas por\u00a0Eta, satur\u00f3 los refugios, que el domingo recibieron a\u00fan m\u00e1s personas ante la amenaza de\u00a0Iota, dijo Eufemia Hern\u00e1ndez, coordinadora de uno de los albergues en la universidad Uraccan.<\/p>\n<p style=\"text-align: justify;\">\u00abSon muchas familias grandes (\u2026.) este albergue est\u00e1 demasiado lleno, no tienen platos, vasos, cucharas, ni alimentos. No cocinamos nada porque es demasiada gente\u00bb, admiti\u00f3 Hern\u00e1ndez.<\/p>\n<p style=\"text-align: justify;\">El director del Sistema Nacional de Prevenci\u00f3n, Mitigaci\u00f3n y Atenci\u00f3n de Desastres (Sinapred) de Nicaragua, Guillermo Gonz\u00e1lez, inform\u00f3 que se prev\u00e9n inundaciones y deslaves en el Caribe Norte y en los departamentos de Chinandega, principalmente en los alrededores del Volc\u00e1n Casitas, donde el hurac\u00e1n\u00a0Mitch\u00a0de 1998 sepult\u00f3 a miles de personas tras un derrumbe.<\/p>\n<p style=\"text-align: justify;\">El noreste de Nicaragua, una regi\u00f3n extensa y poco poblada, con habitantes de las etnias miskito, sumos, gar\u00edfonas, creole y mestizos, recibi\u00f3 el 3 de noviembre el impacto del hurac\u00e1n\u00a0Eta, cuyos efectos a\u00fan no terminaban de ser asimilados cuando surgi\u00f3 Iota, la tormenta 31 de la temporada.<\/p>\n<p><img loading=\"lazy\" decoding=\"async\" class=\"wp-image-50698 aligncenter\" src=\"https:\/\/reporteroshoy.mx\/noticias\/wp-content\/uploads\/2020\/11\/Iota.jpg\" alt=\"\" width=\"600\" height=\"338\" \/><\/p>\n<h4 style=\"text-align: justify;\"><strong>INCERTIDUMBRE<\/strong><\/h4>\n<p style=\"text-align: justify;\">Prinsila Glaso, una miskito de 80 a\u00f1os, dijo que en su comunidad al sur de Bilwi, \u00abtodo est\u00e1 destruido\u00bb por el paso de\u00a0Eta, y ante la inminente llega de\u00a0Iota, tuvo que dejar el lugar.<\/p>\n<p style=\"text-align: justify;\">\u00abNo he comido, no s\u00e9 d\u00f3nde voy a dormir aqu\u00ed. Estoy muy triste\u00bb, cont\u00f3.<\/p>\n<p style=\"text-align: justify;\">\u00abSiento mucho nervio porque Eta destruy\u00f3 mi casa, mi coco, mi palo (\u00e1rbol), todo qued\u00f3 destruido. Ahora (con Iota) que pase lo que sea, solo quiero salvar la vida\u00bb, dijo Zoila Jacobi, tambi\u00e9n de la etnia miskita, junto a su hija de unos ocho a\u00f1os, reci\u00e9n evacuadas de la comunidad costera de Wonta.<\/p>\n<p style=\"text-align: justify;\">En Honduras,\u00a0Iota\u00a0ya provocaba este lunes rachas de vientos y fuertes lluvias en los departamentos orientales de Gracias a Dios -habitado por ind\u00edgenas miskitos-, Col\u00f3n, norte de Olancho y parte de Atl\u00e1ntida, seg\u00fan la estatal Comisi\u00f3n Permanente de Contingencias (Copeco).<\/p>\n<p style=\"text-align: justify;\">Seg\u00fan medios locales, m\u00e1s de 175 mil personas hab\u00edan sido evacuadas desde el s\u00e1bado, especialmente en zonas inundadas durante el azote de\u00a0Eta\u00a0en el Valle de Sula, cerca de San Pedro Sula, la capital industrial del pa\u00eds, 180 km al norte de Tegucigalpa.<\/p>\n<p style=\"text-align: justify;\">Las evacuaciones preventivas de pobladores fueron ejecutadas en 10 de los 18 departamentos del pa\u00eds, inclusive en barriadas cercanas a r\u00edos en Tegucigalpa, la ciudad m\u00e1s vulnerable por los cerros poblados como cinturones de miseria propensos a derrumbes.<\/p>\n<p style=\"text-align: justify;\">El Salvador, que sufri\u00f3 poco con el paso de\u00a0Eta, declar\u00f3 alerta naranja (alto grado de riesgo) en todo el pa\u00eds ante la posible necesidad de evacuar pobladores, seg\u00fan el ministro de Gobernaci\u00f3n, Mario Dur\u00e1n.<\/p>\n<p style=\"text-align: justify;\">Panam\u00e1, afectado por las bandas del hurac\u00e1n\u00a0Iota, declar\u00f3 en tanto alerta roja en las provincias occidentales de Chiriqu\u00ed y Boca del Toro, y en la comarca ind\u00edgena Ng\u00e4be-Bugl\u00e9.<\/p>\n<p style=\"text-align: justify;\">En la localidad de Bilwi, en Nicaragua, pobladores se apresuraban a proteger techos y ventanas con restos de lo que dej\u00f3\u00a0Eta\u00a0y otros buscaban un refugio porque sus viviendas no tienen condiciones de resistir la embestida de\u00a0Iota.<\/p>\n<p style=\"text-align: justify;\">El gobierno y organismos de socorro se apresuraban a enviar por tierra alimentos y otros v\u00edveres para socorrer a los damnificados en el Caribe de Nicaragua, antes de que la regi\u00f3n quede incomunicada por la crecida de los caudalosos r\u00edos que la atraviesan.<\/p>\n","protected":false},"excerpt":{"rendered":"<p>El hurac\u00e1n alcanz\u00f3 la m\u00e1xima categor\u00eda posible poco antes de tocar tierra en zonas de Honduras y Nicaragua ya devastadas por el cicl\u00f3n &#8216;Eta&#8217;.<\/p>\n","protected":false},"author":9,"featured_media":50698,"comment_status":"open","ping_status":"closed","sticky":false,"template":"","format":"standard","meta":{"footnotes":""},"categories":[10],"tags":[13301,10397,14918,2633],"class_list":["post-50697","post","type-post","status-publish","format-standard","has-post-thumbnail","hentry","category-internacional","tag-catastrofe","tag-huracan","tag-iota","tag-nicaragua"],"yoast_head":"<!-- This site is optimized with the Yoast SEO plugin v28.4 - https:\/\/yoast.com\/product\/yoast-seo-wordpress\/ -->\n<title>Temen cat\u00e1strofe en Nicaragua por poderoso hurac\u00e1n &#039;Iota&#039;<\/title>\n<meta name=\"description\" content=\"El hurac\u00e1n alcanz\u00f3 la m\u00e1xima categor\u00eda posible poco antes de tocar tierra en zonas de Honduras y Nicaragua ya devastadas por el cicl\u00f3n &#039;Eta&#039;.\" \/>\n<meta name=\"robots\" content=\"index, follow, max-snippet:-1, max-image-preview:large, max-video-preview:-1\" \/>\n<link rel=\"canonical\" href=\"https:\/\/reporteroshoy.mx\/noticias\/temen-catastrofe-en-nicaragua-por-poderoso-huracan-iota\/\" \/>\n<meta property=\"og:locale\" content=\"es_ES\" \/>\n<meta property=\"og:type\" content=\"article\" \/>\n<meta property=\"og:title\" content=\"Temen cat\u00e1strofe en Nicaragua por poderoso hurac\u00e1n &#039;Iota&#039;\" \/>\n<meta property=\"og:description\" content=\"El hurac\u00e1n alcanz\u00f3 la m\u00e1xima categor\u00eda posible poco antes de tocar tierra en zonas de Honduras y Nicaragua ya devastadas por el cicl\u00f3n &#039;Eta&#039;.\" \/>\n<meta property=\"og:url\" content=\"https:\/\/reporteroshoy.mx\/noticias\/temen-catastrofe-en-nicaragua-por-poderoso-huracan-iota\/\" \/>\n<meta property=\"og:site_name\" content=\"Reporteros Hoy | Noticias de Yucat\u00e1n\" \/>\n<meta property=\"article:publisher\" content=\"http:\/\/www.facebook.com\/reporteroshoymx\" \/>\n<meta property=\"article:published_time\" content=\"2020-11-16T15:30:19+00:00\" \/>\n<meta property=\"article:modified_time\" content=\"2020-11-17T18:17:48+00:00\" \/>\n<meta property=\"og:image\" content=\"https:\/\/reporteroshoy.mx\/noticias\/wp-content\/uploads\/2020\/11\/Iota.jpg\" \/>\n\t<meta property=\"og:image:width\" content=\"768\" \/>\n\t<meta property=\"og:image:height\" content=\"432\" \/>\n\t<meta property=\"og:image:type\" content=\"image\/jpeg\" \/>\n<meta name=\"author\" content=\"Reporteros Hoy WP\" \/>\n<meta name=\"twitter:card\" content=\"summary_large_image\" \/>\n<meta name=\"twitter:creator\" content=\"@reporteroshoy\" \/>\n<meta name=\"twitter:site\" content=\"@reporteroshoy\" \/>\n<meta name=\"twitter:label1\" content=\"Escrito por\" \/>\n\t<meta name=\"twitter:data1\" content=\"Reporteros Hoy WP\" \/>\n\t<meta name=\"twitter:label2\" content=\"Tiempo de lectura\" \/>\n\t<meta name=\"twitter:data2\" content=\"4 minutos\" \/>\n<script type=\"application\/ld+json\" class=\"yoast-schema-graph\">{\"@context\":\"https:\\\/\\\/schema.org\",\"@graph\":[{\"@type\":\"Article\",\"@id\":\"https:\\\/\\\/reporteroshoy.mx\\\/noticias\\\/temen-catastrofe-en-nicaragua-por-poderoso-huracan-iota\\\/#article\",\"isPartOf\":{\"@id\":\"https:\\\/\\\/reporteroshoy.mx\\\/noticias\\\/temen-catastrofe-en-nicaragua-por-poderoso-huracan-iota\\\/\"},\"author\":{\"name\":\"Reporteros Hoy WP\",\"@id\":\"https:\\\/\\\/reporteroshoy.mx\\\/noticias\\\/#\\\/schema\\\/person\\\/c977527e57c958a62c5cefe8fe47876e\"},\"headline\":\"Temen cat\u00e1strofe en Nicaragua por poderoso hurac\u00e1n &#8216;Iota&#8217;\",\"datePublished\":\"2020-11-16T15:30:19+00:00\",\"dateModified\":\"2020-11-17T18:17:48+00:00\",\"mainEntityOfPage\":{\"@id\":\"https:\\\/\\\/reporteroshoy.mx\\\/noticias\\\/temen-catastrofe-en-nicaragua-por-poderoso-huracan-iota\\\/\"},\"wordCount\":785,\"commentCount\":0,\"image\":{\"@id\":\"https:\\\/\\\/reporteroshoy.mx\\\/noticias\\\/temen-catastrofe-en-nicaragua-por-poderoso-huracan-iota\\\/#primaryimage\"},\"thumbnailUrl\":\"https:\\\/\\\/reporteroshoy.mx\\\/noticias\\\/wp-content\\\/uploads\\\/2020\\\/11\\\/Iota.jpg\",\"keywords\":[\"Cat\u00e1strofe\",\"hurac\u00e1n\",\"Iota\",\"Nicaragua\"],\"articleSection\":[\"Internacional\"],\"inLanguage\":\"es\",\"potentialAction\":[{\"@type\":\"CommentAction\",\"name\":\"Comment\",\"target\":[\"https:\\\/\\\/reporteroshoy.mx\\\/noticias\\\/temen-catastrofe-en-nicaragua-por-poderoso-huracan-iota\\\/#respond\"]}]},{\"@type\":\"WebPage\",\"@id\":\"https:\\\/\\\/reporteroshoy.mx\\\/noticias\\\/temen-catastrofe-en-nicaragua-por-poderoso-huracan-iota\\\/\",\"url\":\"https:\\\/\\\/reporteroshoy.mx\\\/noticias\\\/temen-catastrofe-en-nicaragua-por-poderoso-huracan-iota\\\/\",\"name\":\"Temen cat\u00e1strofe en Nicaragua por poderoso hurac\u00e1n 'Iota'\",\"isPartOf\":{\"@id\":\"https:\\\/\\\/reporteroshoy.mx\\\/noticias\\\/#website\"},\"primaryImageOfPage\":{\"@id\":\"https:\\\/\\\/reporteroshoy.mx\\\/noticias\\\/temen-catastrofe-en-nicaragua-por-poderoso-huracan-iota\\\/#primaryimage\"},\"image\":{\"@id\":\"https:\\\/\\\/reporteroshoy.mx\\\/noticias\\\/temen-catastrofe-en-nicaragua-por-poderoso-huracan-iota\\\/#primaryimage\"},\"thumbnailUrl\":\"https:\\\/\\\/reporteroshoy.mx\\\/noticias\\\/wp-content\\\/uploads\\\/2020\\\/11\\\/Iota.jpg\",\"datePublished\":\"2020-11-16T15:30:19+00:00\",\"dateModified\":\"2020-11-17T18:17:48+00:00\",\"author\":{\"@id\":\"https:\\\/\\\/reporteroshoy.mx\\\/noticias\\\/#\\\/schema\\\/person\\\/c977527e57c958a62c5cefe8fe47876e\"},\"description\":\"El hurac\u00e1n alcanz\u00f3 la m\u00e1xima categor\u00eda posible poco antes de tocar tierra en zonas de Honduras y Nicaragua ya devastadas por el cicl\u00f3n 'Eta'.\",\"breadcrumb\":{\"@id\":\"https:\\\/\\\/reporteroshoy.mx\\\/noticias\\\/temen-catastrofe-en-nicaragua-por-poderoso-huracan-iota\\\/#breadcrumb\"},\"inLanguage\":\"es\",\"potentialAction\":[{\"@type\":\"ReadAction\",\"target\":[\"https:\\\/\\\/reporteroshoy.mx\\\/noticias\\\/temen-catastrofe-en-nicaragua-por-poderoso-huracan-iota\\\/\"]}]},{\"@type\":\"ImageObject\",\"inLanguage\":\"es\",\"@id\":\"https:\\\/\\\/reporteroshoy.mx\\\/noticias\\\/temen-catastrofe-en-nicaragua-por-poderoso-huracan-iota\\\/#primaryimage\",\"url\":\"https:\\\/\\\/reporteroshoy.mx\\\/noticias\\\/wp-content\\\/uploads\\\/2020\\\/11\\\/Iota.jpg\",\"contentUrl\":\"https:\\\/\\\/reporteroshoy.mx\\\/noticias\\\/wp-content\\\/uploads\\\/2020\\\/11\\\/Iota.jpg\",\"width\":768,\"height\":432},{\"@type\":\"BreadcrumbList\",\"@id\":\"https:\\\/\\\/reporteroshoy.mx\\\/noticias\\\/temen-catastrofe-en-nicaragua-por-poderoso-huracan-iota\\\/#breadcrumb\",\"itemListElement\":[{\"@type\":\"ListItem\",\"position\":1,\"name\":\"Portada\",\"item\":\"https:\\\/\\\/reporteroshoy.mx\\\/noticias\\\/\"},{\"@type\":\"ListItem\",\"position\":2,\"name\":\"Temen cat\u00e1strofe en Nicaragua por poderoso hurac\u00e1n &#8216;Iota&#8217;\"}]},{\"@type\":\"WebSite\",\"@id\":\"https:\\\/\\\/reporteroshoy.mx\\\/noticias\\\/#website\",\"url\":\"https:\\\/\\\/reporteroshoy.mx\\\/noticias\\\/\",\"name\":\"Reporteros Hoy | Noticias de Yucat\u00e1n\",\"description\":\"Peri\u00f3dico digital con noticias diarias desde M\u00e9rida, Yucat\u00e1n para el mundo.\",\"potentialAction\":[{\"@type\":\"SearchAction\",\"target\":{\"@type\":\"EntryPoint\",\"urlTemplate\":\"https:\\\/\\\/reporteroshoy.mx\\\/noticias\\\/?s={search_term_string}\"},\"query-input\":{\"@type\":\"PropertyValueSpecification\",\"valueRequired\":true,\"valueName\":\"search_term_string\"}}],\"inLanguage\":\"es\"},{\"@type\":\"Person\",\"@id\":\"https:\\\/\\\/reporteroshoy.mx\\\/noticias\\\/#\\\/schema\\\/person\\\/c977527e57c958a62c5cefe8fe47876e\",\"name\":\"Reporteros Hoy WP\",\"image\":{\"@type\":\"ImageObject\",\"inLanguage\":\"es\",\"@id\":\"https:\\\/\\\/secure.gravatar.com\\\/avatar\\\/fd2917f79a7dae30f8ac9ddc2f35e1756bb59e25e01d1cd09deaa64df7b2f73e?s=96&d=mm&r=g\",\"url\":\"https:\\\/\\\/secure.gravatar.com\\\/avatar\\\/fd2917f79a7dae30f8ac9ddc2f35e1756bb59e25e01d1cd09deaa64df7b2f73e?s=96&d=mm&r=g\",\"contentUrl\":\"https:\\\/\\\/secure.gravatar.com\\\/avatar\\\/fd2917f79a7dae30f8ac9ddc2f35e1756bb59e25e01d1cd09deaa64df7b2f73e?s=96&d=mm&r=g\",\"caption\":\"Reporteros Hoy WP\"},\"url\":\"https:\\\/\\\/reporteroshoy.mx\\\/noticias\\\/author\\\/walfer\\\/\"}]}<\/script>\n<!-- \/ Yoast SEO plugin. -->","yoast_head_json":{"title":"Temen cat\u00e1strofe en Nicaragua por poderoso hurac\u00e1n 'Iota'","description":"El hurac\u00e1n alcanz\u00f3 la m\u00e1xima categor\u00eda posible poco antes de tocar tierra en zonas de Honduras y Nicaragua ya devastadas por el cicl\u00f3n 'Eta'.","robots":{"index":"index","follow":"follow","max-snippet":"max-snippet:-1","max-image-preview":"max-image-preview:large","max-video-preview":"max-video-preview:-1"},"canonical":"https:\/\/reporteroshoy.mx\/noticias\/temen-catastrofe-en-nicaragua-por-poderoso-huracan-iota\/","og_locale":"es_ES","og_type":"article","og_title":"Temen cat\u00e1strofe en Nicaragua por poderoso hurac\u00e1n 'Iota'","og_description":"El hurac\u00e1n alcanz\u00f3 la m\u00e1xima categor\u00eda posible poco antes de tocar tierra en zonas de Honduras y Nicaragua ya devastadas por el cicl\u00f3n 'Eta'.","og_url":"https:\/\/reporteroshoy.mx\/noticias\/temen-catastrofe-en-nicaragua-por-poderoso-huracan-iota\/","og_site_name":"Reporteros Hoy | Noticias de Yucat\u00e1n","article_publisher":"http:\/\/www.facebook.com\/reporteroshoymx","article_published_time":"2020-11-16T15:30:19+00:00","article_modified_time":"2020-11-17T18:17:48+00:00","og_image":[{"width":768,"height":432,"url":"https:\/\/reporteroshoy.mx\/noticias\/wp-content\/uploads\/2020\/11\/Iota.jpg","type":"image\/jpeg"}],"author":"Reporteros Hoy WP","twitter_card":"summary_large_image","twitter_creator":"@reporteroshoy","twitter_site":"@reporteroshoy","twitter_misc":{"Escrito por":"Reporteros Hoy WP","Tiempo de lectura":"4 minutos"},"schema":{"@context":"https:\/\/schema.org","@graph":[{"@type":"Article","@id":"https:\/\/reporteroshoy.mx\/noticias\/temen-catastrofe-en-nicaragua-por-poderoso-huracan-iota\/#article","isPartOf":{"@id":"https:\/\/reporteroshoy.mx\/noticias\/temen-catastrofe-en-nicaragua-por-poderoso-huracan-iota\/"},"author":{"name":"Reporteros Hoy WP","@id":"https:\/\/reporteroshoy.mx\/noticias\/#\/schema\/person\/c977527e57c958a62c5cefe8fe47876e"},"headline":"Temen cat\u00e1strofe en Nicaragua por poderoso hurac\u00e1n &#8216;Iota&#8217;","datePublished":"2020-11-16T15:30:19+00:00","dateModified":"2020-11-17T18:17:48+00:00","mainEntityOfPage":{"@id":"https:\/\/reporteroshoy.mx\/noticias\/temen-catastrofe-en-nicaragua-por-poderoso-huracan-iota\/"},"wordCount":785,"commentCount":0,"image":{"@id":"https:\/\/reporteroshoy.mx\/noticias\/temen-catastrofe-en-nicaragua-por-poderoso-huracan-iota\/#primaryimage"},"thumbnailUrl":"https:\/\/reporteroshoy.mx\/noticias\/wp-content\/uploads\/2020\/11\/Iota.jpg","keywords":["Cat\u00e1strofe","hurac\u00e1n","Iota","Nicaragua"],"articleSection":["Internacional"],"inLanguage":"es","potentialAction":[{"@type":"CommentAction","name":"Comment","target":["https:\/\/reporteroshoy.mx\/noticias\/temen-catastrofe-en-nicaragua-por-poderoso-huracan-iota\/#respond"]}]},{"@type":"WebPage","@id":"https:\/\/reporteroshoy.mx\/noticias\/temen-catastrofe-en-nicaragua-por-poderoso-huracan-iota\/","url":"https:\/\/reporteroshoy.mx\/noticias\/temen-catastrofe-en-nicaragua-por-poderoso-huracan-iota\/","name":"Temen cat\u00e1strofe en Nicaragua por poderoso hurac\u00e1n 'Iota'","isPartOf":{"@id":"https:\/\/reporteroshoy.mx\/noticias\/#website"},"primaryImageOfPage":{"@id":"https:\/\/reporteroshoy.mx\/noticias\/temen-catastrofe-en-nicaragua-por-poderoso-huracan-iota\/#primaryimage"},"image":{"@id":"https:\/\/reporteroshoy.mx\/noticias\/temen-catastrofe-en-nicaragua-por-poderoso-huracan-iota\/#primaryimage"},"thumbnailUrl":"https:\/\/reporteroshoy.mx\/noticias\/wp-content\/uploads\/2020\/11\/Iota.jpg","datePublished":"2020-11-16T15:30:19+00:00","dateModified":"2020-11-17T18:17:48+00:00","author":{"@id":"https:\/\/reporteroshoy.mx\/noticias\/#\/schema\/person\/c977527e57c958a62c5cefe8fe47876e"},"description":"El hurac\u00e1n alcanz\u00f3 la m\u00e1xima categor\u00eda posible poco antes de tocar tierra en zonas de Honduras y Nicaragua ya devastadas por el cicl\u00f3n 'Eta'.","breadcrumb":{"@id":"https:\/\/reporteroshoy.mx\/noticias\/temen-catastrofe-en-nicaragua-por-poderoso-huracan-iota\/#breadcrumb"},"inLanguage":"es","potentialAction":[{"@type":"ReadAction","target":["https:\/\/reporteroshoy.mx\/noticias\/temen-catastrofe-en-nicaragua-por-poderoso-huracan-iota\/"]}]},{"@type":"ImageObject","inLanguage":"es","@id":"https:\/\/reporteroshoy.mx\/noticias\/temen-catastrofe-en-nicaragua-por-poderoso-huracan-iota\/#primaryimage","url":"https:\/\/reporteroshoy.mx\/noticias\/wp-content\/uploads\/2020\/11\/Iota.jpg","contentUrl":"https:\/\/reporteroshoy.mx\/noticias\/wp-content\/uploads\/2020\/11\/Iota.jpg","width":768,"height":432},{"@type":"BreadcrumbList","@id":"https:\/\/reporteroshoy.mx\/noticias\/temen-catastrofe-en-nicaragua-por-poderoso-huracan-iota\/#breadcrumb","itemListElement":[{"@type":"ListItem","position":1,"name":"Portada","item":"https:\/\/reporteroshoy.mx\/noticias\/"},{"@type":"ListItem","position":2,"name":"Temen cat\u00e1strofe en Nicaragua por poderoso hurac\u00e1n &#8216;Iota&#8217;"}]},{"@type":"WebSite","@id":"https:\/\/reporteroshoy.mx\/noticias\/#website","url":"https:\/\/reporteroshoy.mx\/noticias\/","name":"Reporteros Hoy | Noticias de Yucat\u00e1n","description":"Peri\u00f3dico digital con noticias diarias desde M\u00e9rida, Yucat\u00e1n para el mundo.","potentialAction":[{"@type":"SearchAction","target":{"@type":"EntryPoint","urlTemplate":"https:\/\/reporteroshoy.mx\/noticias\/?s={search_term_string}"},"query-input":{"@type":"PropertyValueSpecification","valueRequired":true,"valueName":"search_term_string"}}],"inLanguage":"es"},{"@type":"Person","@id":"https:\/\/reporteroshoy.mx\/noticias\/#\/schema\/person\/c977527e57c958a62c5cefe8fe47876e","name":"Reporteros Hoy WP","image":{"@type":"ImageObject","inLanguage":"es","@id":"https:\/\/secure.gravatar.com\/avatar\/fd2917f79a7dae30f8ac9ddc2f35e1756bb59e25e01d1cd09deaa64df7b2f73e?s=96&d=mm&r=g","url":"https:\/\/secure.gravatar.com\/avatar\/fd2917f79a7dae30f8ac9ddc2f35e1756bb59e25e01d1cd09deaa64df7b2f73e?s=96&d=mm&r=g","contentUrl":"https:\/\/secure.gravatar.com\/avatar\/fd2917f79a7dae30f8ac9ddc2f35e1756bb59e25e01d1cd09deaa64df7b2f73e?s=96&d=mm&r=g","caption":"Reporteros Hoy WP"},"url":"https:\/\/reporteroshoy.mx\/noticias\/author\/walfer\/"}]}},"_links":{"self":[{"href":"https:\/\/reporteroshoy.mx\/noticias\/wp-json\/wp\/v2\/posts\/50697","targetHints":{"allow":["GET"]}}],"collection":[{"href":"https:\/\/reporteroshoy.mx\/noticias\/wp-json\/wp\/v2\/posts"}],"about":[{"href":"https:\/\/reporteroshoy.mx\/noticias\/wp-json\/wp\/v2\/types\/post"}],"author":[{"embeddable":true,"href":"https:\/\/reporteroshoy.mx\/noticias\/wp-json\/wp\/v2\/users\/9"}],"replies":[{"embeddable":true,"href":"https:\/\/reporteroshoy.mx\/noticias\/wp-json\/wp\/v2\/comments?post=50697"}],"version-history":[{"count":0,"href":"https:\/\/reporteroshoy.mx\/noticias\/wp-json\/wp\/v2\/posts\/50697\/revisions"}],"wp:featuredmedia":[{"embeddable":true,"href":"https:\/\/reporteroshoy.mx\/noticias\/wp-json\/wp\/v2\/media\/50698"}],"wp:attachment":[{"href":"https:\/\/reporteroshoy.mx\/noticias\/wp-json\/wp\/v2\/media?parent=50697"}],"wp:term":[{"taxonomy":"category","embeddable":true,"href":"https:\/\/reporteroshoy.mx\/noticias\/wp-json\/wp\/v2\/categories?post=50697"},{"taxonomy":"post_tag","embeddable":true,"href":"https:\/\/reporteroshoy.mx\/noticias\/wp-json\/wp\/v2\/tags?post=50697"}],"curies":[{"name":"wp","href":"https:\/\/api.w.org\/{rel}","templated":true}]}}